{"id":85211,"date":"2025-10-30T08:57:01","date_gmt":"2025-10-30T08:57:01","guid":{"rendered":"https:\/\/www.ull.es\/portal\/noticias\/?p=85211"},"modified":"2025-10-30T08:57:01","modified_gmt":"2025-10-30T08:57:01","slug":"paraninfo-arranca-noviembre-musica-humor","status":"publish","type":"post","link":"https:\/\/www.ull.es\/portal\/noticias\/2025\/paraninfo-arranca-noviembre-musica-humor\/","title":{"rendered":"El Paraninfo arranca su programaci\u00f3n de noviembre con m\u00fasica de fusi\u00f3n y humor"},"content":{"rendered":"<p>El Paraninfo de la Universidad de La Laguna sigue ofreciendo una programaci\u00f3n cultural variada y, as\u00ed, en este primer fin de semana de noviembre, el s\u00e1bado d\u00eda 1 ofrecer\u00e1 una velada de m\u00fasica de fusi\u00f3n a cargo del pianista Ernesto Alem\u00e1n y el timplista David Duque, mientras que el domingo 2 ocupar\u00e1 la escena el nuevo mon\u00f3logo del humorista \u00c1ngel Mart\u00edn.<\/p>\n<p>Bajo el t\u00edtulo \u201c<a href=\"https:\/\/www.ull.es\/portal\/agenda\/evento\/pulso-y-martillo-david-duque-y-ernesto-aleman-timple-y-piano\/\" target=\"_blank\" rel=\"noopener\" target=\"_blank\" rel=\"noopener\">Pulso y martillo<\/a>\u201d, Ernesto Alem\u00e1n (piano) y David Duque (timple) presentan el s\u00e1bado 1 de noviembre a las 20:00 horas una propuesta musical que, a trav\u00e9s de una cuidadosa selecci\u00f3n de piezas, explora la conexi\u00f3n entre lo cl\u00e1sico y lo contempor\u00e1neo, lo popular y lo experimental, creando una experiencia musical fresca y profunda. El espect\u00e1culo da espacio al repertorio barroco con adaptaciones \u00fanicas y al repertorio popular canario con arreglos innovadores. Las <a href=\"https:\/\/www.ecoentradas.com\/elegirsesion\/2850\" target=\"_blank\" rel=\"noopener\" target=\"_blank\" rel=\"noopener\">entradas<\/a> est\u00e1n disponibles a 10 euros en tarifa general y 8 para estudiantes.<\/p>\n<p>Tambi\u00e9n rinde homenaje a los timplistas m\u00e1s influyentes de la historia, adaptando sus obras al formato de timple y piano, lo que refleja la evoluci\u00f3n y la importancia del instrumento, as\u00ed como las posibilidades de esta formaci\u00f3n. Finalmente, se presentan composiciones originales del pianista, que exploran nuevas sonoridades y estilos, empujando los l\u00edmites de la instrumentaci\u00f3n y llevando al d\u00fao hacia nuevos horizontes musicales.<\/p>\n<p><a href=\"https:\/\/www.ull.es\/portal\/noticias\/wp-content\/uploads\/sites\/13\/2025\/10\/750x370_Agenda.jpg\" target=\"_blank\" rel=\"noopener\" target=\"_blank\" rel=\"noopener\"><img decoding=\"async\" loading=\"lazy\" class=\"alignleft wp-image-85213 size-medium\" src=\"https:\/\/www.ull.es\/portal\/noticias\/wp-content\/uploads\/sites\/13\/2025\/10\/750x370_Agenda-300x148.jpg\" alt=\"Banner somos monos \u00e1ngel mart\u00edn\" width=\"300\" height=\"148\" srcset=\"https:\/\/www.ull.es\/portal\/noticias\/wp-content\/uploads\/sites\/13\/2025\/10\/750x370_Agenda-300x148.jpg 300w, https:\/\/www.ull.es\/portal\/noticias\/wp-content\/uploads\/sites\/13\/2025\/10\/750x370_Agenda-375x185.jpg 375w, https:\/\/www.ull.es\/portal\/noticias\/wp-content\/uploads\/sites\/13\/2025\/10\/750x370_Agenda.jpg 750w\" sizes=\"(max-width: 300px) 100vw, 300px\" \/><\/a>El domingo 2 de noviembre a las 18:00 horas \u00c1ngel Mart\u00edn presenta su \u00faltimo espect\u00e1culo, \u201c<a href=\"https:\/\/www.ull.es\/portal\/agenda\/evento\/angel-martin-somos-monos\/\" target=\"_blank\" rel=\"noopener\" target=\"_blank\" rel=\"noopener\">Somo monos<\/a>\u201d, cuyas localidades <a href=\"https:\/\/www.ecoentradas.com\/elegirsesion\/2670\" target=\"_blank\" rel=\"noopener\" target=\"_blank\" rel=\"noopener\">pueden adquirirse<\/a> al precio \u00fanico de 24 euros. El popular humorista parte de la famosa premisa de que el ser humano solamente utiliza el 10% de su cerebro. Aunque se ha descubierto que tal afirmaci\u00f3n es falsa, Mart\u00edn es m\u00e1s radical y cree que, realmente, hay gente que incluso utiliza el 0%. \u201cIgual que hay cervezas 0,0, tambi\u00e9n hay cerebros 0,0%\u201d.<\/p>\n<p>El c\u00f3mico culpa a internet, pues desde que existe, la gente cae por barrancos a cambio de un selfi, no sabe hacer un huevo frito sin un tutorial y hasta les da miedo opinar por si alguien que vive a 10.000 kil\u00f3metros les insulta. \u201cPoco a poco, hemos ido apagando el motor del cerebro. Afortunadamente, tengo una soluci\u00f3n para reactivarlo. Eso s\u00ed, habr\u00e1 que pisar alg\u00fan que otro charco\u201d, se\u00f1ala como punto de partida para este show.<\/p>\n","protected":false},"excerpt":{"rendered":"<p>El Paraninfo de la Universidad de La Laguna sigue ofreciendo una programaci\u00f3n cultural variada y, as\u00ed, en este primer fin&#8230;<\/p>\n","protected":false},"author":21,"featured_media":85212,"comment_status":"closed","ping_status":"closed","sticky":false,"template":"","format":"standard","meta":{"inline_featured_image":false,"footnotes":""},"categories":[344,345,2765],"tags":[10780,7651,12034,1453,2725,1942,2047,2097,6883],"acf":[],"yoast_head":"<!-- This site is optimized with the Yoast SEO plugin v21.3 - https:\/\/yoast.com\/wordpress\/plugins\/seo\/ -->\n<title>El Paraninfo abre su cartelera de noviembre con m\u00fasica y humor<\/title>\n<meta name=\"description\" content=\"El s\u00e1bado 1 act\u00faan el pianista Ernesto Alem\u00e1n y el timplista David Duque, mientras que el domingo 2 lo har\u00e1 el humorista \u00c1ngel Mart\u00edn.\" \/>\n<meta name=\"robots\" content=\"index, follow, max-snippet:-1, max-image-preview:large, max-video-preview:-1\" \/>\n<link rel=\"canonical\" href=\"https:\/\/www.ull.es\/portal\/noticias\/2025\/paraninfo-arranca-noviembre-musica-humor\/\" \/>\n<meta property=\"og:locale\" content=\"es_ES\" \/>\n<meta property=\"og:type\" content=\"article\" \/>\n<meta property=\"og:title\" content=\"El Paraninfo abre su cartelera de noviembre con m\u00fasica y humor\" \/>\n<meta property=\"og:description\" content=\"El s\u00e1bado 1 act\u00faan el pianista Ernesto Alem\u00e1n y el timplista David Duque, mientras que el domingo 2 lo har\u00e1 el humorista \u00c1ngel Mart\u00edn.\" \/>\n<meta property=\"og:url\" content=\"https:\/\/www.ull.es\/portal\/noticias\/2025\/paraninfo-arranca-noviembre-musica-humor\/\" \/>\n<meta property=\"og:site_name\" content=\"ULL - Noticias\" \/>\n<meta property=\"article:publisher\" content=\"https:\/\/www.facebook.com\/universidaddelalaguna\/\" \/>\n<meta property=\"article:published_time\" content=\"2025-10-30T08:57:01+00:00\" \/>\n<meta property=\"og:image\" content=\"https:\/\/www.ull.es\/portal\/noticias\/wp-content\/uploads\/sites\/13\/2025\/10\/Timple-y-piano-Paraninfo-750-x-370-px.png\" \/>\n\t<meta property=\"og:image:width\" content=\"750\" \/>\n\t<meta property=\"og:image:height\" content=\"370\" \/>\n\t<meta property=\"og:image:type\" content=\"image\/png\" \/>\n<meta name=\"author\" content=\"prensa2\" \/>\n<meta name=\"twitter:card\" content=\"summary_large_image\" \/>\n<meta name=\"twitter:creator\" content=\"@CanalULL\" \/>\n<meta name=\"twitter:site\" content=\"@CanalULL\" \/>\n<meta name=\"twitter:label1\" content=\"Escrito por\" \/>\n\t<meta name=\"twitter:data1\" content=\"prensa2\" \/>\n\t<meta name=\"twitter:label2\" content=\"Tiempo de lectura\" \/>\n\t<meta name=\"twitter:data2\" content=\"2 minutos\" \/>\n<script type=\"application\/ld+json\" class=\"yoast-schema-graph\">{\"@context\":\"https:\/\/schema.org\",\"@graph\":[{\"@type\":\"WebPage\",\"@id\":\"https:\/\/www.ull.es\/portal\/noticias\/2025\/paraninfo-arranca-noviembre-musica-humor\/\",\"url\":\"https:\/\/www.ull.es\/portal\/noticias\/2025\/paraninfo-arranca-noviembre-musica-humor\/\",\"name\":\"El Paraninfo abre su cartelera de noviembre con m\u00fasica y humor\",\"isPartOf\":{\"@id\":\"https:\/\/www.ull.es\/portal\/noticias\/#website\"},\"datePublished\":\"2025-10-30T08:57:01+00:00\",\"dateModified\":\"2025-10-30T08:57:01+00:00\",\"author\":{\"@id\":\"https:\/\/www.ull.es\/portal\/noticias\/#\/schema\/person\/c3b2aa857797592927a03740d6664376\"},\"description\":\"El s\u00e1bado 1 act\u00faan el pianista Ernesto Alem\u00e1n y el timplista David Duque, mientras que el domingo 2 lo har\u00e1 el humorista \u00c1ngel Mart\u00edn.\",\"breadcrumb\":{\"@id\":\"https:\/\/www.ull.es\/portal\/noticias\/2025\/paraninfo-arranca-noviembre-musica-humor\/#breadcrumb\"},\"inLanguage\":\"es\",\"potentialAction\":[{\"@type\":\"ReadAction\",\"target\":[\"https:\/\/www.ull.es\/portal\/noticias\/2025\/paraninfo-arranca-noviembre-musica-humor\/\"]}]},{\"@type\":\"BreadcrumbList\",\"@id\":\"https:\/\/www.ull.es\/portal\/noticias\/2025\/paraninfo-arranca-noviembre-musica-humor\/#breadcrumb\",\"itemListElement\":[{\"@type\":\"ListItem\",\"position\":1,\"name\":\"Portada\",\"item\":\"https:\/\/www.ull.es\/portal\/noticias\/\"},{\"@type\":\"ListItem\",\"position\":2,\"name\":\"El Paraninfo arranca su programaci\u00f3n de noviembre con m\u00fasica de fusi\u00f3n y humor\"}]},{\"@type\":\"WebSite\",\"@id\":\"https:\/\/www.ull.es\/portal\/noticias\/#website\",\"url\":\"https:\/\/www.ull.es\/portal\/noticias\/\",\"name\":\"ULL - Noticias\",\"description\":\"\",\"potentialAction\":[{\"@type\":\"SearchAction\",\"target\":{\"@type\":\"EntryPoint\",\"urlTemplate\":\"https:\/\/www.ull.es\/portal\/noticias\/?s={search_term_string}\"},\"query-input\":\"required name=search_term_string\"}],\"inLanguage\":\"es\"},{\"@type\":\"Person\",\"@id\":\"https:\/\/www.ull.es\/portal\/noticias\/#\/schema\/person\/c3b2aa857797592927a03740d6664376\",\"name\":\"prensa2\",\"image\":{\"@type\":\"ImageObject\",\"inLanguage\":\"es\",\"@id\":\"https:\/\/www.ull.es\/portal\/noticias\/#\/schema\/person\/image\/\",\"url\":\"https:\/\/secure.gravatar.com\/avatar\/b58f310a5de5feb33d1e026d2493f23c?s=96&d=mm&r=g\",\"contentUrl\":\"https:\/\/secure.gravatar.com\/avatar\/b58f310a5de5feb33d1e026d2493f23c?s=96&d=mm&r=g\",\"caption\":\"prensa2\"},\"url\":\"https:\/\/www.ull.es\/portal\/noticias\/author\/prensa2\/\"}]}<\/script>\n<!-- \/ Yoast SEO plugin. -->","yoast_head_json":{"title":"El Paraninfo abre su cartelera de noviembre con m\u00fasica y humor","description":"El s\u00e1bado 1 act\u00faan el pianista Ernesto Alem\u00e1n y el timplista David Duque, mientras que el domingo 2 lo har\u00e1 el humorista \u00c1ngel Mart\u00edn.","robots":{"index":"index","follow":"follow","max-snippet":"max-snippet:-1","max-image-preview":"max-image-preview:large","max-video-preview":"max-video-preview:-1"},"canonical":"https:\/\/www.ull.es\/portal\/noticias\/2025\/paraninfo-arranca-noviembre-musica-humor\/","og_locale":"es_ES","og_type":"article","og_title":"El Paraninfo abre su cartelera de noviembre con m\u00fasica y humor","og_description":"El s\u00e1bado 1 act\u00faan el pianista Ernesto Alem\u00e1n y el timplista David Duque, mientras que el domingo 2 lo har\u00e1 el humorista \u00c1ngel Mart\u00edn.","og_url":"https:\/\/www.ull.es\/portal\/noticias\/2025\/paraninfo-arranca-noviembre-musica-humor\/","og_site_name":"ULL - Noticias","article_publisher":"https:\/\/www.facebook.com\/universidaddelalaguna\/","article_published_time":"2025-10-30T08:57:01+00:00","og_image":[{"width":750,"height":370,"url":"https:\/\/www.ull.es\/portal\/noticias\/wp-content\/uploads\/sites\/13\/2025\/10\/Timple-y-piano-Paraninfo-750-x-370-px.png","type":"image\/png"}],"author":"prensa2","twitter_card":"summary_large_image","twitter_creator":"@CanalULL","twitter_site":"@CanalULL","twitter_misc":{"Escrito por":"prensa2","Tiempo de lectura":"2 minutos"},"schema":{"@context":"https:\/\/schema.org","@graph":[{"@type":"WebPage","@id":"https:\/\/www.ull.es\/portal\/noticias\/2025\/paraninfo-arranca-noviembre-musica-humor\/","url":"https:\/\/www.ull.es\/portal\/noticias\/2025\/paraninfo-arranca-noviembre-musica-humor\/","name":"El Paraninfo abre su cartelera de noviembre con m\u00fasica y humor","isPartOf":{"@id":"https:\/\/www.ull.es\/portal\/noticias\/#website"},"datePublished":"2025-10-30T08:57:01+00:00","dateModified":"2025-10-30T08:57:01+00:00","author":{"@id":"https:\/\/www.ull.es\/portal\/noticias\/#\/schema\/person\/c3b2aa857797592927a03740d6664376"},"description":"El s\u00e1bado 1 act\u00faan el pianista Ernesto Alem\u00e1n y el timplista David Duque, mientras que el domingo 2 lo har\u00e1 el humorista \u00c1ngel Mart\u00edn.","breadcrumb":{"@id":"https:\/\/www.ull.es\/portal\/noticias\/2025\/paraninfo-arranca-noviembre-musica-humor\/#breadcrumb"},"inLanguage":"es","potentialAction":[{"@type":"ReadAction","target":["https:\/\/www.ull.es\/portal\/noticias\/2025\/paraninfo-arranca-noviembre-musica-humor\/"]}]},{"@type":"BreadcrumbList","@id":"https:\/\/www.ull.es\/portal\/noticias\/2025\/paraninfo-arranca-noviembre-musica-humor\/#breadcrumb","itemListElement":[{"@type":"ListItem","position":1,"name":"Portada","item":"https:\/\/www.ull.es\/portal\/noticias\/"},{"@type":"ListItem","position":2,"name":"El Paraninfo arranca su programaci\u00f3n de noviembre con m\u00fasica de fusi\u00f3n y humor"}]},{"@type":"WebSite","@id":"https:\/\/www.ull.es\/portal\/noticias\/#website","url":"https:\/\/www.ull.es\/portal\/noticias\/","name":"ULL - Noticias","description":"","potentialAction":[{"@type":"SearchAction","target":{"@type":"EntryPoint","urlTemplate":"https:\/\/www.ull.es\/portal\/noticias\/?s={search_term_string}"},"query-input":"required name=search_term_string"}],"inLanguage":"es"},{"@type":"Person","@id":"https:\/\/www.ull.es\/portal\/noticias\/#\/schema\/person\/c3b2aa857797592927a03740d6664376","name":"prensa2","image":{"@type":"ImageObject","inLanguage":"es","@id":"https:\/\/www.ull.es\/portal\/noticias\/#\/schema\/person\/image\/","url":"https:\/\/secure.gravatar.com\/avatar\/b58f310a5de5feb33d1e026d2493f23c?s=96&d=mm&r=g","contentUrl":"https:\/\/secure.gravatar.com\/avatar\/b58f310a5de5feb33d1e026d2493f23c?s=96&d=mm&r=g","caption":"prensa2"},"url":"https:\/\/www.ull.es\/portal\/noticias\/author\/prensa2\/"}]}},"primary_category":{"id":345,"name":"Destacado","slug":"destacado","link":"https:\/\/www.ull.es\/portal\/noticias\/category\/destacado\/"},"featured_image_thumbnail_url":"https:\/\/www.ull.es\/portal\/noticias\/wp-content\/uploads\/sites\/13\/2025\/10\/Timple-y-piano-Paraninfo-750-x-370-px-300x148.png","_links":{"self":[{"href":"https:\/\/www.ull.es\/portal\/noticias\/wp-json\/wp\/v2\/posts\/85211"}],"collection":[{"href":"https:\/\/www.ull.es\/portal\/noticias\/wp-json\/wp\/v2\/posts"}],"about":[{"href":"https:\/\/www.ull.es\/portal\/noticias\/wp-json\/wp\/v2\/types\/post"}],"author":[{"embeddable":true,"href":"https:\/\/www.ull.es\/portal\/noticias\/wp-json\/wp\/v2\/users\/21"}],"replies":[{"embeddable":true,"href":"https:\/\/www.ull.es\/portal\/noticias\/wp-json\/wp\/v2\/comments?post=85211"}],"version-history":[{"count":1,"href":"https:\/\/www.ull.es\/portal\/noticias\/wp-json\/wp\/v2\/posts\/85211\/revisions"}],"predecessor-version":[{"id":85214,"href":"https:\/\/www.ull.es\/portal\/noticias\/wp-json\/wp\/v2\/posts\/85211\/revisions\/85214"}],"wp:featuredmedia":[{"embeddable":true,"href":"https:\/\/www.ull.es\/portal\/noticias\/wp-json\/wp\/v2\/media\/85212"}],"wp:attachment":[{"href":"https:\/\/www.ull.es\/portal\/noticias\/wp-json\/wp\/v2\/media?parent=85211"}],"wp:term":[{"taxonomy":"category","embeddable":true,"href":"https:\/\/www.ull.es\/portal\/noticias\/wp-json\/wp\/v2\/categories?post=85211"},{"taxonomy":"post_tag","embeddable":true,"href":"https:\/\/www.ull.es\/portal\/noticias\/wp-json\/wp\/v2\/tags?post=85211"}],"curies":[{"name":"wp","href":"https:\/\/api.w.org\/{rel}","templated":true}]}}