{"id":85458,"date":"2025-11-11T11:14:56","date_gmt":"2025-11-11T11:14:56","guid":{"rendered":"https:\/\/www.ull.es\/portal\/noticias\/?p=85458"},"modified":"2025-11-11T11:18:39","modified_gmt":"2025-11-11T11:18:39","slug":"un-doctor-por-la-ull-gana-el-premio-a-la-mejor-tesis-doctoral-del-mundo-sobre-educacion-en-ingenieria","status":"publish","type":"post","link":"https:\/\/www.ull.es\/portal\/noticias\/2025\/un-doctor-por-la-ull-gana-el-premio-a-la-mejor-tesis-doctoral-del-mundo-sobre-educacion-en-ingenieria\/","title":{"rendered":"Un doctor por la ULL gana el premio a la mejor tesis sobre educaci\u00f3n en ingenier\u00eda"},"content":{"rendered":"<p>Rub\u00e9n Lij\u00f3 S\u00e1nchez, doctor por la Universidad de La Laguna, ha sido galardonado con el Premio a la Mejor Tesis Doctoral en el campo de la Educaci\u00f3n en Ingenier\u00eda otorgado por el <a href=\"https:\/\/www.ieee.org\/\" target=\"_blank\" rel=\"noopener\" target=\"_blank\" rel=\"noopener\">Institute of Electrical and Electronics Engineers (IEEE)<\/a>, la mayor organizaci\u00f3n profesional t\u00e9cnica del mundo (m\u00e1s de 400.000 miembros). El acto oficial de entrega ha tenido lugar en Nashville (EE. UU.), durante la Frontiers in Education Conference 2025, entre los d\u00edas 3 y 5 de noviembre de 2025.<\/p>\n<p>La tesis ganadora, <a href=\"https:\/\/riull.ull.es\/xmlui\/handle\/915\/38547\" target=\"_blank\" rel=\"noopener\" target=\"_blank\" rel=\"noopener\">Implications of Using Dissemination Videos as a Didactic Resource in STEM Education<\/a> \u2014Implicaciones del uso de v\u00eddeos de divulgaci\u00f3n como recurso did\u00e1ctico en Educaci\u00f3n STEM\u2014 demuestra, con evidencia emp\u00edrica, que los v\u00eddeos de divulgaci\u00f3n cient\u00edfica pueden integrarse con \u00e9xito en la ense\u00f1anza formal para mejorar la comprensi\u00f3n, la motivaci\u00f3n y la retenci\u00f3n del alumnado en disciplinas cient\u00edficas y tecnol\u00f3gicas. La investigaci\u00f3n valida un modelo de \u201cv\u00eddeo con prop\u00f3sito dual\u201d (divulgaci\u00f3n + docencia) y propone m\u00e9tricas pedag\u00f3gicas para dise\u00f1ar y evaluar materiales audiovisuales de calidad educativa.<\/p>\n<p>El trabajo, fruto de la colaboraci\u00f3n entre la ULL, ULPGC y Universitat Polit\u00e8cnica de Catalunya (UPC), sit\u00faa a las universidades p\u00fablicas canarias como referentes internacionales en educaci\u00f3n en ingenier\u00eda y retorno de talento formado en las islas. Adem\u00e1s, impulsa los ODS 4 (Educaci\u00f3n de calidad) y 5 (Igualdad de g\u00e9nero), alineado con las estrategias institucionales de innovaci\u00f3n docente.<\/p>\n<p>\u201cEste reconocimiento del IEEE avala que innovar en educaci\u00f3n desde Canarias es posible y tiene impacto global. Nuestra propuesta acerca la divulgaci\u00f3n cient\u00edfica al curr\u00edculo universitario para mejorar la comprensi\u00f3n de las ciencias, y fomentar las vocaciones STEM; disciplinas que sufren elevadas tasas de abandono y una importante brecha de g\u00e9nero\u201d, se\u00f1ala Rub\u00e9n Lij\u00f3.<\/p>\n","protected":false},"excerpt":{"rendered":"<p>Rub\u00e9n Lij\u00f3 S\u00e1nchez, doctor por la Universidad de La Laguna, ha sido galardonado con el Premio a la Mejor Tesis&#8230;<\/p>\n","protected":false},"author":67,"featured_media":85459,"comment_status":"closed","ping_status":"closed","sticky":false,"template":"","format":"standard","meta":{"inline_featured_image":false,"footnotes":""},"categories":[343,345,2765],"tags":[12078,12080,12079,2478],"acf":[],"yoast_head":"<!-- This site is optimized with the Yoast SEO plugin v21.3 - https:\/\/yoast.com\/wordpress\/plugins\/seo\/ -->\n<title>Un doctor por la ULL gana el premio a la mejor tesis sobre educaci\u00f3n en ingenier\u00eda - ULL - Noticias<\/title>\n<meta name=\"robots\" content=\"index, follow, max-snippet:-1, max-image-preview:large, max-video-preview:-1\" \/>\n<link rel=\"canonical\" href=\"https:\/\/www.ull.es\/portal\/noticias\/2025\/un-doctor-por-la-ull-gana-el-premio-a-la-mejor-tesis-doctoral-del-mundo-sobre-educacion-en-ingenieria\/\" \/>\n<meta property=\"og:locale\" content=\"es_ES\" \/>\n<meta property=\"og:type\" content=\"article\" \/>\n<meta property=\"og:title\" content=\"Un doctor por la ULL gana el premio a la mejor tesis sobre educaci\u00f3n en ingenier\u00eda - ULL - Noticias\" \/>\n<meta property=\"og:description\" content=\"Rub\u00e9n Lij\u00f3 S\u00e1nchez, doctor por la Universidad de La Laguna, ha sido galardonado con el Premio a la Mejor Tesis...\" \/>\n<meta property=\"og:url\" content=\"https:\/\/www.ull.es\/portal\/noticias\/2025\/un-doctor-por-la-ull-gana-el-premio-a-la-mejor-tesis-doctoral-del-mundo-sobre-educacion-en-ingenieria\/\" \/>\n<meta property=\"og:site_name\" content=\"ULL - Noticias\" \/>\n<meta property=\"article:publisher\" content=\"https:\/\/www.facebook.com\/universidaddelalaguna\/\" \/>\n<meta property=\"article:published_time\" content=\"2025-11-11T11:14:56+00:00\" \/>\n<meta property=\"article:modified_time\" content=\"2025-11-11T11:18:39+00:00\" \/>\n<meta property=\"og:image\" content=\"https:\/\/www.ull.es\/portal\/noticias\/wp-content\/uploads\/sites\/13\/2025\/11\/doctorado-por-la-ULL-Nashville-premio.jpg\" \/>\n\t<meta property=\"og:image:width\" content=\"1200\" \/>\n\t<meta property=\"og:image:height\" content=\"800\" \/>\n\t<meta property=\"og:image:type\" content=\"image\/jpeg\" \/>\n<meta name=\"author\" content=\"gcom5\" \/>\n<meta name=\"twitter:card\" content=\"summary_large_image\" \/>\n<meta name=\"twitter:creator\" content=\"@CanalULL\" \/>\n<meta name=\"twitter:site\" content=\"@CanalULL\" \/>\n<meta name=\"twitter:label1\" content=\"Escrito por\" \/>\n\t<meta name=\"twitter:data1\" content=\"gcom5\" \/>\n\t<meta name=\"twitter:label2\" content=\"Tiempo de lectura\" \/>\n\t<meta name=\"twitter:data2\" content=\"2 minutos\" \/>\n<script type=\"application\/ld+json\" class=\"yoast-schema-graph\">{\"@context\":\"https:\/\/schema.org\",\"@graph\":[{\"@type\":\"WebPage\",\"@id\":\"https:\/\/www.ull.es\/portal\/noticias\/2025\/un-doctor-por-la-ull-gana-el-premio-a-la-mejor-tesis-doctoral-del-mundo-sobre-educacion-en-ingenieria\/\",\"url\":\"https:\/\/www.ull.es\/portal\/noticias\/2025\/un-doctor-por-la-ull-gana-el-premio-a-la-mejor-tesis-doctoral-del-mundo-sobre-educacion-en-ingenieria\/\",\"name\":\"Un doctor por la ULL gana el premio a la mejor tesis sobre educaci\u00f3n en ingenier\u00eda - ULL - Noticias\",\"isPartOf\":{\"@id\":\"https:\/\/www.ull.es\/portal\/noticias\/#website\"},\"datePublished\":\"2025-11-11T11:14:56+00:00\",\"dateModified\":\"2025-11-11T11:18:39+00:00\",\"author\":{\"@id\":\"https:\/\/www.ull.es\/portal\/noticias\/#\/schema\/person\/8027c6c4687adc2c90dc1532715d34df\"},\"breadcrumb\":{\"@id\":\"https:\/\/www.ull.es\/portal\/noticias\/2025\/un-doctor-por-la-ull-gana-el-premio-a-la-mejor-tesis-doctoral-del-mundo-sobre-educacion-en-ingenieria\/#breadcrumb\"},\"inLanguage\":\"es\",\"potentialAction\":[{\"@type\":\"ReadAction\",\"target\":[\"https:\/\/www.ull.es\/portal\/noticias\/2025\/un-doctor-por-la-ull-gana-el-premio-a-la-mejor-tesis-doctoral-del-mundo-sobre-educacion-en-ingenieria\/\"]}]},{\"@type\":\"BreadcrumbList\",\"@id\":\"https:\/\/www.ull.es\/portal\/noticias\/2025\/un-doctor-por-la-ull-gana-el-premio-a-la-mejor-tesis-doctoral-del-mundo-sobre-educacion-en-ingenieria\/#breadcrumb\",\"itemListElement\":[{\"@type\":\"ListItem\",\"position\":1,\"name\":\"Portada\",\"item\":\"https:\/\/www.ull.es\/portal\/noticias\/\"},{\"@type\":\"ListItem\",\"position\":2,\"name\":\"Un doctor por la ULL gana el premio a la mejor tesis sobre educaci\u00f3n en ingenier\u00eda\"}]},{\"@type\":\"WebSite\",\"@id\":\"https:\/\/www.ull.es\/portal\/noticias\/#website\",\"url\":\"https:\/\/www.ull.es\/portal\/noticias\/\",\"name\":\"ULL - Noticias\",\"description\":\"\",\"potentialAction\":[{\"@type\":\"SearchAction\",\"target\":{\"@type\":\"EntryPoint\",\"urlTemplate\":\"https:\/\/www.ull.es\/portal\/noticias\/?s={search_term_string}\"},\"query-input\":\"required name=search_term_string\"}],\"inLanguage\":\"es\"},{\"@type\":\"Person\",\"@id\":\"https:\/\/www.ull.es\/portal\/noticias\/#\/schema\/person\/8027c6c4687adc2c90dc1532715d34df\",\"name\":\"gcom5\",\"image\":{\"@type\":\"ImageObject\",\"inLanguage\":\"es\",\"@id\":\"https:\/\/www.ull.es\/portal\/noticias\/#\/schema\/person\/image\/\",\"url\":\"https:\/\/secure.gravatar.com\/avatar\/8b3777f8048001fa57b88338ce5605b9?s=96&d=mm&r=g\",\"contentUrl\":\"https:\/\/secure.gravatar.com\/avatar\/8b3777f8048001fa57b88338ce5605b9?s=96&d=mm&r=g\",\"caption\":\"gcom5\"},\"url\":\"https:\/\/www.ull.es\/portal\/noticias\/author\/gcom5\/\"}]}<\/script>\n<!-- \/ Yoast SEO plugin. -->","yoast_head_json":{"title":"Un doctor por la ULL gana el premio a la mejor tesis sobre educaci\u00f3n en ingenier\u00eda - ULL - Noticias","robots":{"index":"index","follow":"follow","max-snippet":"max-snippet:-1","max-image-preview":"max-image-preview:large","max-video-preview":"max-video-preview:-1"},"canonical":"https:\/\/www.ull.es\/portal\/noticias\/2025\/un-doctor-por-la-ull-gana-el-premio-a-la-mejor-tesis-doctoral-del-mundo-sobre-educacion-en-ingenieria\/","og_locale":"es_ES","og_type":"article","og_title":"Un doctor por la ULL gana el premio a la mejor tesis sobre educaci\u00f3n en ingenier\u00eda - ULL - Noticias","og_description":"Rub\u00e9n Lij\u00f3 S\u00e1nchez, doctor por la Universidad de La Laguna, ha sido galardonado con el Premio a la Mejor Tesis...","og_url":"https:\/\/www.ull.es\/portal\/noticias\/2025\/un-doctor-por-la-ull-gana-el-premio-a-la-mejor-tesis-doctoral-del-mundo-sobre-educacion-en-ingenieria\/","og_site_name":"ULL - Noticias","article_publisher":"https:\/\/www.facebook.com\/universidaddelalaguna\/","article_published_time":"2025-11-11T11:14:56+00:00","article_modified_time":"2025-11-11T11:18:39+00:00","og_image":[{"width":1200,"height":800,"url":"https:\/\/www.ull.es\/portal\/noticias\/wp-content\/uploads\/sites\/13\/2025\/11\/doctorado-por-la-ULL-Nashville-premio.jpg","type":"image\/jpeg"}],"author":"gcom5","twitter_card":"summary_large_image","twitter_creator":"@CanalULL","twitter_site":"@CanalULL","twitter_misc":{"Escrito por":"gcom5","Tiempo de lectura":"2 minutos"},"schema":{"@context":"https:\/\/schema.org","@graph":[{"@type":"WebPage","@id":"https:\/\/www.ull.es\/portal\/noticias\/2025\/un-doctor-por-la-ull-gana-el-premio-a-la-mejor-tesis-doctoral-del-mundo-sobre-educacion-en-ingenieria\/","url":"https:\/\/www.ull.es\/portal\/noticias\/2025\/un-doctor-por-la-ull-gana-el-premio-a-la-mejor-tesis-doctoral-del-mundo-sobre-educacion-en-ingenieria\/","name":"Un doctor por la ULL gana el premio a la mejor tesis sobre educaci\u00f3n en ingenier\u00eda - ULL - Noticias","isPartOf":{"@id":"https:\/\/www.ull.es\/portal\/noticias\/#website"},"datePublished":"2025-11-11T11:14:56+00:00","dateModified":"2025-11-11T11:18:39+00:00","author":{"@id":"https:\/\/www.ull.es\/portal\/noticias\/#\/schema\/person\/8027c6c4687adc2c90dc1532715d34df"},"breadcrumb":{"@id":"https:\/\/www.ull.es\/portal\/noticias\/2025\/un-doctor-por-la-ull-gana-el-premio-a-la-mejor-tesis-doctoral-del-mundo-sobre-educacion-en-ingenieria\/#breadcrumb"},"inLanguage":"es","potentialAction":[{"@type":"ReadAction","target":["https:\/\/www.ull.es\/portal\/noticias\/2025\/un-doctor-por-la-ull-gana-el-premio-a-la-mejor-tesis-doctoral-del-mundo-sobre-educacion-en-ingenieria\/"]}]},{"@type":"BreadcrumbList","@id":"https:\/\/www.ull.es\/portal\/noticias\/2025\/un-doctor-por-la-ull-gana-el-premio-a-la-mejor-tesis-doctoral-del-mundo-sobre-educacion-en-ingenieria\/#breadcrumb","itemListElement":[{"@type":"ListItem","position":1,"name":"Portada","item":"https:\/\/www.ull.es\/portal\/noticias\/"},{"@type":"ListItem","position":2,"name":"Un doctor por la ULL gana el premio a la mejor tesis sobre educaci\u00f3n en ingenier\u00eda"}]},{"@type":"WebSite","@id":"https:\/\/www.ull.es\/portal\/noticias\/#website","url":"https:\/\/www.ull.es\/portal\/noticias\/","name":"ULL - Noticias","description":"","potentialAction":[{"@type":"SearchAction","target":{"@type":"EntryPoint","urlTemplate":"https:\/\/www.ull.es\/portal\/noticias\/?s={search_term_string}"},"query-input":"required name=search_term_string"}],"inLanguage":"es"},{"@type":"Person","@id":"https:\/\/www.ull.es\/portal\/noticias\/#\/schema\/person\/8027c6c4687adc2c90dc1532715d34df","name":"gcom5","image":{"@type":"ImageObject","inLanguage":"es","@id":"https:\/\/www.ull.es\/portal\/noticias\/#\/schema\/person\/image\/","url":"https:\/\/secure.gravatar.com\/avatar\/8b3777f8048001fa57b88338ce5605b9?s=96&d=mm&r=g","contentUrl":"https:\/\/secure.gravatar.com\/avatar\/8b3777f8048001fa57b88338ce5605b9?s=96&d=mm&r=g","caption":"gcom5"},"url":"https:\/\/www.ull.es\/portal\/noticias\/author\/gcom5\/"}]}},"primary_category":{"id":345,"name":"Destacado","slug":"destacado","link":"https:\/\/www.ull.es\/portal\/noticias\/category\/destacado\/"},"featured_image_thumbnail_url":"https:\/\/www.ull.es\/portal\/noticias\/wp-content\/uploads\/sites\/13\/2025\/11\/doctorado-por-la-ULL-Nashville-premio-300x200.jpg","_links":{"self":[{"href":"https:\/\/www.ull.es\/portal\/noticias\/wp-json\/wp\/v2\/posts\/85458"}],"collection":[{"href":"https:\/\/www.ull.es\/portal\/noticias\/wp-json\/wp\/v2\/posts"}],"about":[{"href":"https:\/\/www.ull.es\/portal\/noticias\/wp-json\/wp\/v2\/types\/post"}],"author":[{"embeddable":true,"href":"https:\/\/www.ull.es\/portal\/noticias\/wp-json\/wp\/v2\/users\/67"}],"replies":[{"embeddable":true,"href":"https:\/\/www.ull.es\/portal\/noticias\/wp-json\/wp\/v2\/comments?post=85458"}],"version-history":[{"count":2,"href":"https:\/\/www.ull.es\/portal\/noticias\/wp-json\/wp\/v2\/posts\/85458\/revisions"}],"predecessor-version":[{"id":85461,"href":"https:\/\/www.ull.es\/portal\/noticias\/wp-json\/wp\/v2\/posts\/85458\/revisions\/85461"}],"wp:featuredmedia":[{"embeddable":true,"href":"https:\/\/www.ull.es\/portal\/noticias\/wp-json\/wp\/v2\/media\/85459"}],"wp:attachment":[{"href":"https:\/\/www.ull.es\/portal\/noticias\/wp-json\/wp\/v2\/media?parent=85458"}],"wp:term":[{"taxonomy":"category","embeddable":true,"href":"https:\/\/www.ull.es\/portal\/noticias\/wp-json\/wp\/v2\/categories?post=85458"},{"taxonomy":"post_tag","embeddable":true,"href":"https:\/\/www.ull.es\/portal\/noticias\/wp-json\/wp\/v2\/tags?post=85458"}],"curies":[{"name":"wp","href":"https:\/\/api.w.org\/{rel}","templated":true}]}}