{"id":85479,"date":"2025-11-11T14:25:08","date_gmt":"2025-11-11T14:25:08","guid":{"rendered":"https:\/\/www.ull.es\/portal\/noticias\/?p=85479"},"modified":"2025-12-30T09:18:44","modified_gmt":"2025-12-30T09:18:44","slug":"una-democracia-polarizada","status":"publish","type":"post","link":"https:\/\/www.ull.es\/portal\/noticias\/2025\/una-democracia-polarizada\/","title":{"rendered":"Una democracia polarizada"},"content":{"rendered":"<p>I\u00f1aki Gabilondo ha sido durante m\u00e1s de seis d\u00e9cadas una figura de referencia en los medios de comunicaci\u00f3n espa\u00f1oles, ya sea como directivo o, sobre todo, como director y presentador de programas de m\u00e1xima audiencia. Aunque ha tocado pr\u00e1cticamente todos los g\u00e9neros y su rostro sigue siendo muy popular, sin duda el entorno con el que m\u00e1s se lo relaciona es la radio.<\/p>\n<p>Su vasta trayectoria comenz\u00f3 en 1963 en Radio Popular en San Sebsti\u00e1n, por lo que sabe perfectamente qu\u00e9 supone convivir -o acaso sobrevivir- con la falta de libertad. Fue testigo de excepci\u00f3n de la Transici\u00f3n y protagonista de uno de sus momentos m\u00e1s tristemente ic\u00f3nicos, cuando el 23 de febrero de 1981 se puso por primera vez en su vida ante las c\u00e1maras de televisi\u00f3n para informar, en calidad de director de TVE, sobre el golpe de estado afortunadamente infructuoso.<\/p>\n<p>Gabilondo particip\u00f3 a principios de noviembre en el programa de actos \u201c<a href=\"https:\/\/www.ull.es\/paralalibertad\/\" target=\"_blank\" rel=\"noopener\">Para la libertad. Espa\u00f1a de 1975<\/a>\u201d con el que la Universidad de La Laguna conmemora el cincuentenario de la Transici\u00f3n democr\u00e1tica. Protagoniz\u00f3 un fluido <a href=\"https:\/\/www.ull.es\/portal\/noticias\/2025\/inaki-gabilondo-espana-voluntad-convivir-diferentes-miradas\/\" target=\"_blank\" rel=\"noopener\">di\u00e1logo p\u00fablico<\/a> con estudiantes de Periodismo y tambi\u00e9n tuvo tiempo para reflexionar sobre aquel pasado, pero tambi\u00e9n sobre el inestable presente, con este Gabinete de comunicaci\u00f3n.<\/p>\n<p><strong>\u00a0<\/strong><\/p>\n<p><strong>Hace unos pocos d\u00edas sali\u00f3 una entrevista en el Peri\u00f3dico de Catalu\u00f1a en la cual usted se\u00f1alaba: \u201cque el franquismo muriera en la cama fue una deshonra y una verg\u00fcenza generacional\u201d. \u00bfQu\u00e9 cree que se podr\u00eda haber hecho mejor?<\/strong><\/p>\n<p>S\u00ed, queda como una verg\u00fcenza hist\u00f3rica y generacional porque no debi\u00f3 ser as\u00ed. Pero las cosas fueron porque se produjeron los hechos como se produjeron. El franquismo tuvo un salto en el a\u00f1o 60 con el Plan de Estabilizaci\u00f3n que dio a la sociedad espa\u00f1ola un impulso importante, consolid\u00f3 una clase media que no exist\u00eda, hubo un crecimiento econ\u00f3mico muy espectacular en los siguientes d\u00edas, etc. Y eso relaj\u00f3 mucho a la sociedad, aunque estaba habiendo por debajo una corriente transformadora formidable, porque era cada vez m\u00e1s dif\u00edcil soportar la falta de libertad -porque la gente no sabe qu\u00e9 quiere decir la falta de libertad- y entonces las circunstancias hicieron que eso acabara como acabara. Hubiera debido ser posible otra cosa.<\/p>\n<p>&nbsp;<\/p>\n<p><strong>\u00bfY qu\u00e9 hubiera preferido usted?<\/strong><\/p>\n<p>Hubiera preferido que el franquismo hubiera terminado sus d\u00edas de otra manera.<\/p>\n<p>&nbsp;<\/p>\n<p><strong><a href=\"https:\/\/www.ull.es\/portal\/noticias\/wp-content\/uploads\/sites\/13\/2025\/11\/Entrev-Inaki-Gabilondo-33.jpg\" target=\"_blank\" rel=\"noopener\" target=\"_blank\" rel=\"noopener\"><img decoding=\"async\" loading=\"lazy\" class=\"alignleft wp-image-85481 size-medium\" src=\"https:\/\/www.ull.es\/portal\/noticias\/wp-content\/uploads\/sites\/13\/2025\/11\/Entrev-Inaki-Gabilondo-33-300x200.jpg\" alt=\"I\u00f1aki Gabilondo\" width=\"300\" height=\"200\" srcset=\"https:\/\/www.ull.es\/portal\/noticias\/wp-content\/uploads\/sites\/13\/2025\/11\/Entrev-Inaki-Gabilondo-33-300x200.jpg 300w, https:\/\/www.ull.es\/portal\/noticias\/wp-content\/uploads\/sites\/13\/2025\/11\/Entrev-Inaki-Gabilondo-33-1024x683.jpg 1024w, https:\/\/www.ull.es\/portal\/noticias\/wp-content\/uploads\/sites\/13\/2025\/11\/Entrev-Inaki-Gabilondo-33-768x512.jpg 768w, https:\/\/www.ull.es\/portal\/noticias\/wp-content\/uploads\/sites\/13\/2025\/11\/Entrev-Inaki-Gabilondo-33-375x250.jpg 375w, https:\/\/www.ull.es\/portal\/noticias\/wp-content\/uploads\/sites\/13\/2025\/11\/Entrev-Inaki-Gabilondo-33-750x500.jpg 750w, https:\/\/www.ull.es\/portal\/noticias\/wp-content\/uploads\/sites\/13\/2025\/11\/Entrev-Inaki-Gabilondo-33-1140x760.jpg 1140w, https:\/\/www.ull.es\/portal\/noticias\/wp-content\/uploads\/sites\/13\/2025\/11\/Entrev-Inaki-Gabilondo-33.jpg 1200w\" sizes=\"(max-width: 300px) 100vw, 300px\" \/><\/a>Hablando de esa \u00e9poca, usted empez\u00f3 como periodista en 1963. \u00bfC\u00f3mo era trabajar en una profesi\u00f3n que busca la verdad en una situaci\u00f3n de control total y censura?<\/strong><\/p>\n<p>Yo trabajaba en la radio y la gente no conoce esto, pero la radio en Espa\u00f1a solo pudo empezar a dar informaci\u00f3n sin conectar con Radio Nacional de Espa\u00f1a en 1977. Hasta ese d\u00eda de octubre de 1977, todas las emisoras de Espa\u00f1a conectaban obligatoriamente a las dos y media de la tarde y a las diez de la noche con Radio Nacional, que daba el \u00fanico informativo que se emit\u00eda en Espa\u00f1a.<\/p>\n<p>En las radios hac\u00edamos reportajes, programas \u201cde color\u201d, deportes, temas locales, hechos de actualidad, se iban abriendo caminos. Ya se hab\u00eda montado Hora 25, pero se consideraba un programa de \u201ccuestiones actuales\u201d, no se pod\u00eda llamar informativo.<\/p>\n<p>La prensa fue cambiando pero hab\u00eda procesos de censura. Para que veas, en Radio Madrid hac\u00edamos noticias locales y se pasaba por censura de la siguiente manera. (<em>A continuaci\u00f3n, Gabilondo interpreta una conversaci\u00f3n<\/em>):<\/p>\n<p>\u201c-Ministerio de Informaci\u00f3n y Turismo, buenos d\u00edas.<\/p>\n<p>-Hola, buenos d\u00edas, le llamo de Radio Madrid.<\/p>\n<p>-S\u00ed, le paso con censura, un momento\u2026 Censura, buenos d\u00edas.<\/p>\n<p>-Hola, mire, le quiero decir lo que vamos a contar a las 12. Que ha habido un robo en la joyer\u00eda\u2026<\/p>\n<p>-\u00a1No!<\/p>\n<p>-Que hay fiestas\u2026<\/p>\n<p>-\u00a1S\u00ed!\u201d.<\/p>\n<p>As\u00ed era como se hac\u00edan estos programas, con ninguna libertad y vetada la informaci\u00f3n pol\u00edtica nacional e internacional, que solo la daba Radio Nacional.<\/p>\n<p>&nbsp;<\/p>\n<p><strong>Y directos tampoco habr\u00eda, porque eran incontrolables, \u00bfno?<\/strong><\/p>\n<p>S\u00ed: las fiestas de Tomelloso, el partido de f\u00fatbol del Real Madrid, el concierto de Perico el de los Palotes\u2026 Era una mesa con una pata menos, un organismo amputado. Y est\u00e1bamos a la espera de que llegara el d\u00eda en el que la radio espa\u00f1ola, que era muy buena y hac\u00eda cosas creativas muy brillantes, pudiera tambi\u00e9n hacer informaci\u00f3n como hac\u00edan los franceses, los belgas, los italianos y los franceses. Era una situaci\u00f3n tremenda.<\/p>\n<p>Hacer alusiones al tiempo pasado es una injusticia absoluta, porque lo entiendo como una impugnaci\u00f3n a las carencias de la democracia, que est\u00e1 demostrando que no acierta con la soluci\u00f3n de los problemas que afectan a la sociedad. Est\u00e1 perdi\u00e9ndose en grandes ret\u00f3ricas y no se est\u00e1 dando cuenta de que maneja un recetario desbordado por la complejidad de la actual realidad. Y entonces, la gente impugna este modelo abrazando las ideas m\u00e1s chocantes aunque no le est\u00e1n ofreciendo soluciones: le est\u00e1n denunciando cosas. A la gente le gusta o\u00edr que se denuncian cosas, pero no le han dicho c\u00f3mo las van a resolver.<\/p>\n<p>Pero que quieras impugnar la actualidad no modifica la realidad del tiempo pasado. Por eso suelo decir a la gente m\u00e1s joven que la democracia no es lo mismo que lo que hay ahora pero sin partidos pol\u00edticos, que parece que es lo que creen los que a\u00f1oran este tiempo. O un se\u00f1or que manda mucho. No: es un se\u00f1or que manda tanto que decide tu vida. No pod\u00edamos reunirnos con quien quisi\u00e9ramos, no pod\u00edamos ver las pel\u00edculas que quer\u00edamos, no pod\u00edamos leer los libros que quer\u00edamos, no pod\u00edamos profesar la religi\u00f3n o la no religi\u00f3n, no pod\u00edamos tener la identidad sexual que ten\u00edamos. La gente joven no sabe que eso pasa cuando un r\u00e9gimen autoritario empieza a limitar cosas.<\/p>\n<p>Estamos viendo ahora, por ejemplo, que Donald Trump en Estados Unidos est\u00e1 tomando decisiones que liquidan cosas. D\u00edgame usted si le apetece mucho ese modelo, aunque se quede con la parte vistosa de un hombre con mucho poder que hace y ejecuta las cosas que dice que va a ejecutar.<\/p>\n<p>La democracia deber\u00eda mirarse con much\u00edsimo cuidado las carencias colosales que est\u00e1 evidenciando ante la sociedad m\u00e1s joven. Este anhelo de la gente joven tiene un car\u00e1cter m\u00e1s de invocaci\u00f3n a lo m\u00e1s alborotador que de verdadero deseo de que eso se haga. Est\u00e1n diciendo: \u201c\u00a1Estos s\u00ed que dicen las verdades!\u201d. Y estos partidos dir\u00e1n las verdades que quieran, pero no est\u00e1n diciendo c\u00f3mo piensan resolver los problemas que denuncian.<\/p>\n<p>Pero, como digo, hay en el mundo entero una contestaci\u00f3n muy clara a las democracias que est\u00e1n dando muestras de no dar con las teclas en los temas fundamentales, y eso est\u00e1 llevando a la gente a esta gran impugnaci\u00f3n. M\u00e1s otros que, evidentemente, s\u00ed anhelan el retorno a unos planteamientos pol\u00edticos de ese tipo.<\/p>\n<p>&nbsp;<\/p>\n<p><strong><a href=\"https:\/\/www.ull.es\/portal\/noticias\/wp-content\/uploads\/sites\/13\/2025\/11\/Entrev-Inaki-Gabilondo-15.jpg\" target=\"_blank\" rel=\"noopener\"><img decoding=\"async\" loading=\"lazy\" class=\"alignright wp-image-85483 size-medium\" src=\"https:\/\/www.ull.es\/portal\/noticias\/wp-content\/uploads\/sites\/13\/2025\/11\/Entrev-Inaki-Gabilondo-15-300x201.jpg\" alt=\"I\u00f1aki Gabilondo\" width=\"300\" height=\"201\" srcset=\"https:\/\/www.ull.es\/portal\/noticias\/wp-content\/uploads\/sites\/13\/2025\/11\/Entrev-Inaki-Gabilondo-15-300x201.jpg 300w, https:\/\/www.ull.es\/portal\/noticias\/wp-content\/uploads\/sites\/13\/2025\/11\/Entrev-Inaki-Gabilondo-15-1024x684.jpg 1024w, https:\/\/www.ull.es\/portal\/noticias\/wp-content\/uploads\/sites\/13\/2025\/11\/Entrev-Inaki-Gabilondo-15-768x513.jpg 768w, https:\/\/www.ull.es\/portal\/noticias\/wp-content\/uploads\/sites\/13\/2025\/11\/Entrev-Inaki-Gabilondo-15-375x251.jpg 375w, https:\/\/www.ull.es\/portal\/noticias\/wp-content\/uploads\/sites\/13\/2025\/11\/Entrev-Inaki-Gabilondo-15-750x501.jpg 750w, https:\/\/www.ull.es\/portal\/noticias\/wp-content\/uploads\/sites\/13\/2025\/11\/Entrev-Inaki-Gabilondo-15-1140x762.jpg 1140w, https:\/\/www.ull.es\/portal\/noticias\/wp-content\/uploads\/sites\/13\/2025\/11\/Entrev-Inaki-Gabilondo-15.jpg 1200w\" sizes=\"(max-width: 300px) 100vw, 300px\" \/><\/a>Es descorazonador que los m\u00e1s j\u00f3venes est\u00e9n defendiendo el franquismo.<\/strong><\/p>\n<p>S\u00ed, porque impugnan lo m\u00e1s revent\u00f3n. En cada momento hay una alternativa. El d\u00eda del 15M hab\u00eda una propuesta radical de otro estilo que arrastraba a la gente insatisfecha con el bipartidismo. Ahora la gente mira la referencia al hombre fuerte, que ha sido un viejo anhelo cuando hab\u00eda problemas: el hombre de hierro, el <em>Deus ex Machina<\/em>, el hombre que resuelve los grandes problemas de la humanidad\u2026 Es una tendencia muy humana. Ah\u00ed estamos y, adem\u00e1s, va muy fuerte en todos los sitios.<\/p>\n<p>&nbsp;<\/p>\n<p><strong>Con el 15M surgi\u00f3 lo que se llam\u00f3 la \u201cnueva pol\u00edtica\u201d, pero en seguida parece que los poderes fuertes de la sociedad acabaron por apagarla. Sin embargo, ahora estamos hablando de un movimiento internacional, porque no es solamente Trump.<\/strong><\/p>\n<p>S\u00ed, se est\u00e1 creando una internacional del nacionalismo, que es lo m\u00e1s parad\u00f3jico que nunca ha existido. Ahora los Patriots for Europe -la agrupaci\u00f3n de partidos europeos en la que se integra el partido de Abascal- forman en cada pa\u00eds europeo una especie de quintacolumnismo infiltrado que est\u00e1 funcionando. Estamos en un momento de cambio tan profundo, tan total y tan absoluto que resulta muy dif\u00edcil vaticinar nada ni analizar con claridad. Estamos en medio de un terremoto muy grande.<\/p>\n<p><strong>\u00a0<\/strong><\/p>\n<p><strong>Y m\u00e1s con la situaci\u00f3n de los medios de comunicaci\u00f3n, que parece que ya no pueden ejercer ese supuesto papel de cuarto poder, de moderador.<\/strong><\/p>\n<p>Eso tambi\u00e9n ha cambiado por completo. Para empezar, los peri\u00f3dicos ya no son medios de comunicaci\u00f3n de masas: de masas es TikTok, es Instagram. Los medios de comunicaci\u00f3n est\u00e1n cambiando completamente el sentido de su tarea, se est\u00e1n transformando y viviendo como pueden.<\/p>\n<p>Cada vez que hablamos de informaci\u00f3n, debemos colocar antes que nada en el frontispicio un lema: \u201cLos medios de comunicaci\u00f3n viven en p\u00e1nico financiero\u201d. Porque el modelo que los sosten\u00eda se ha ido abajo y est\u00e1n tanteando, buscando otro. Unos avanzan m\u00e1s, otros menos, y viven en esta situaci\u00f3n de descolocaci\u00f3n grande que les est\u00e1 haciendo parar. En este momento no se puede analizar con severidad ni con fijeza lo que est\u00e1n haciendo, porque est\u00e1n defendi\u00e9ndose de un cambio colosal, buscando la salida.<\/p>\n<p>Que, por otra parte, est\u00e1 ocurriendo con otras much\u00edsimas cosas en el mundo. Est\u00e1 absolutamente todo sacudido, y los medios de comunicaci\u00f3n, efectivamente, ya no pueden en modo alguno jugar el papel que jugaban y est\u00e1n tratando de colocarse como puedan. Sobre todo, tratando de buscar los mecanismos de consolidaci\u00f3n y estabilizaci\u00f3n econ\u00f3mica que sujeten el negocio. Porque ahora mismo el periodismo no est\u00e1 en crisis: est\u00e1 en crisis la estructura que sostiene al periodismo.<\/p>\n<p>Por eso se dice muy en broma -pero no tan en broma- que no ha habido mejor \u00e9poca que esta para trabajar en periodismo, ni peor \u00e9poca que esta para vivir del periodismo. Porque es un momento en el que los cimientos que sosten\u00edan el negocio est\u00e1n temblando. Los medios est\u00e1n buscando atajos para alcanzar al lector, al oyente, al espectador\u2026 a trav\u00e9s de superficializaciones, banalizaci\u00f3n, caramelitos, likes, no likes, jueguecitos, moviendo espejitos y colorines porque est\u00e1n en una caza desesperada del cliente que no saben d\u00f3nde est\u00e1.<\/p>\n<p>&nbsp;<\/p>\n<p><strong>En esta situaci\u00f3n, \u00bfqu\u00e9 mensaje se le puede dar ahora a alguien que est\u00e9 estudiando la carrera y se quiera dedicar al periodismo? \u00bfCu\u00e1l es su porvenir? <\/strong><\/p>\n<p>\u00bfEl porvenir? \u00bfQui\u00e9n sabe cu\u00e1l es el porvenir? \u00bfQu\u00e9 es el porvenir? \u00a1El porvenir de nada! Dime una carrera cuyo porvenir conozcas. O una actividad. O un pa\u00eds. El mundo est\u00e1 temblando. Pero eso no puede constituir la madre del cordero en la decisi\u00f3n de vida de nadie. Tienes que vivir haciendo lo que crees que tienes que hacer, con la mayor decencia y claridad posibles, sin estar haciendo vaticinios y profec\u00edas respecto a d\u00f3nde va a conducirte esto. El mundo ser\u00e1 lo que quieras.<\/p>\n<p>El mundo ahora mismo est\u00e1 lleno de delincuencia, redes mafiosas, contrabandistas, narcotraficantes\u2026 \u00bfEs, por tanto, imposible vivir una vida decente? No. Hay un mont\u00f3n de gente que, en ese paisaje, constituye burbujas de vida decente y las elabora, las desarrolla y lleva adelante. Pues con el periodismo igual: tiene que recordar en qu\u00e9 consiste su oficio, cu\u00e1l es la tarea que le compete, tratar de no equivocarse con los se\u00f1uelitos de los likes y los no-likes, y hacerse fuerte en el mantenimiento de un oficio en el que cree que jugar\u00e1 un papel y que encontrar\u00e1 caminos con seguridad. Pero tendr\u00e1 que apretarse los dientes.<\/p>\n<p>Yo he sido director de emisora cuando no hab\u00eda libertad de informaci\u00f3n. Y la gente me dec\u00eda, \u201c\u00bfpara qu\u00e9 has estudiado periodismo si est\u00e1s trabajando en un sitio donde no te dejan hacer informaci\u00f3n?\u201d. Pues porque yo espero que un d\u00eda pueda hacerla. Mientras tanto, me preparo.<\/p>\n<p>No hay que hacer este tipo de vaticinios pesimistas. En los a\u00f1os que llevo en esto, que son no s\u00e9 cu\u00e1ntos, cualquier oficio -el nuestro, por ejemplo- lo he visto ser el oficio que nadie quer\u00eda, el oficio que todos quer\u00edan, el oficio m\u00e1s envidiado, el oficio m\u00e1s repudiado\u2026 Los ciclos de la vida son muy cambiantes. Y lo que no puede nadie en la vida, ni en el periodismo, es detenerse en la coyuntura. Uno no puede evitar que le afecte la coyuntura, pero uno no puede vivir para ella coyuntura, y mucho menos creerse que la coyuntura es ya lo establecido para siempre.<\/p>\n<p>Es el pecado t\u00edpico de la gente joven: sabe que la vida va cambiando, que el siglo XIII es una cosa, el siglo XIV otra, cree que el mundo va cambiando, pero solo hasta el momento en que han nacido ellos y, entonces, ya se queda todo quieto. Pero es que esto tampoco est\u00e1 quieto, tambi\u00e9n est\u00e1 cambiando. Y tambi\u00e9n va a pasar. Y a lo mejor va a pasar para ir a peor. O a mejor. Pero no te quedes como si esto ya fuera el resultado final del largo viaje de la humanidad; este no es el resultado final del largo viaje de nada. En este tramo del viaje que te toca tienes que vivir con mayor consistencia, solidez y decencia, sin perderla la confianza en que podr\u00e1s mover las cosas en una direcci\u00f3n adecuada.<\/p>\n<p>&nbsp;<\/p>\n<p><strong><a href=\"https:\/\/www.ull.es\/portal\/noticias\/wp-content\/uploads\/sites\/13\/2025\/11\/Entrev-Inaki-Gabilondo-34.jpg\" target=\"_blank\" rel=\"noopener\" target=\"_blank\" rel=\"noopener\"><img decoding=\"async\" loading=\"lazy\" class=\"alignleft wp-image-85484 size-medium\" src=\"https:\/\/www.ull.es\/portal\/noticias\/wp-content\/uploads\/sites\/13\/2025\/11\/Entrev-Inaki-Gabilondo-34-300x200.jpg\" alt=\"I\u00f1aki Gabilondo\" width=\"300\" height=\"200\" srcset=\"https:\/\/www.ull.es\/portal\/noticias\/wp-content\/uploads\/sites\/13\/2025\/11\/Entrev-Inaki-Gabilondo-34-300x200.jpg 300w, https:\/\/www.ull.es\/portal\/noticias\/wp-content\/uploads\/sites\/13\/2025\/11\/Entrev-Inaki-Gabilondo-34-1024x683.jpg 1024w, https:\/\/www.ull.es\/portal\/noticias\/wp-content\/uploads\/sites\/13\/2025\/11\/Entrev-Inaki-Gabilondo-34-768x512.jpg 768w, https:\/\/www.ull.es\/portal\/noticias\/wp-content\/uploads\/sites\/13\/2025\/11\/Entrev-Inaki-Gabilondo-34-375x250.jpg 375w, https:\/\/www.ull.es\/portal\/noticias\/wp-content\/uploads\/sites\/13\/2025\/11\/Entrev-Inaki-Gabilondo-34-750x500.jpg 750w, https:\/\/www.ull.es\/portal\/noticias\/wp-content\/uploads\/sites\/13\/2025\/11\/Entrev-Inaki-Gabilondo-34-1140x760.jpg 1140w, https:\/\/www.ull.es\/portal\/noticias\/wp-content\/uploads\/sites\/13\/2025\/11\/Entrev-Inaki-Gabilondo-34.jpg 1200w\" sizes=\"(max-width: 300px) 100vw, 300px\" \/><\/a>Conectando la Transici\u00f3n con esto que est\u00e1 comentando ahora acerca de la decepci\u00f3n que tienen los j\u00f3venes, despu\u00e9s de 50 a\u00f1os de democracia, \u00bfcu\u00e1l es el balance que hace de c\u00f3mo ha resultado ser el producto de aquel proceso?<\/strong><\/p>\n<p>La democracia es un \u00e9xito muy grande, lo que ocurre es que est\u00e1, como todo, necesitada de una fuerte sacudida y no est\u00e1 siendo muy consciente de esto. Hay una cierta soberbia en la pol\u00edtica, que cree que todo tiene que cambiar, sabe que cada ser humano y cada empresa est\u00e1n tratando de adaptarse, pero la pol\u00edtica no cree que ella tenga tambi\u00e9n que hacerlo. Como gestiona algo tan sagrado como la libertad, le parece que eso va solo. No: eso tambi\u00e9n tiene que estudiarse, que reflexionarse y que actualizarse, y no lo est\u00e1 haciendo. La sociedad es mucho m\u00e1s compleja que antes, los problemas han adquirido otra dimensi\u00f3n. No es f\u00e1cil resolverlos y se est\u00e1n aplicando viejas recetas de cuando la sociedad no era tan compleja.<\/p>\n<p>El PSOE no tiene una soluci\u00f3n para la vivienda. El PP no tiene una soluci\u00f3n para la vivienda. Vox no tiene una soluci\u00f3n para la vivienda. Nadie tiene una soluci\u00f3n para la vivienda. Con las recetas tradicionales no se resuelve un problema de esa magnitud. Se necesita una acci\u00f3n concertada. Sin la administraci\u00f3n local, la administraci\u00f3n auton\u00f3mica, la administraci\u00f3n general del Estado, los sindicatos, la patronal\u2026 no se puede abordar un tema con tantos millones de esquinas.<\/p>\n<p>Est\u00e1 libr\u00e1ndose esta polarizaci\u00f3n del \u201cyo soy listo, t\u00fa eres tonto; yo soy bueno, t\u00fa eres malo\u201d. Ofrecen soluciones que solo pueden avanzar un poquito: se expresa satisfacci\u00f3n porque los j\u00f3venes han pasado de tener un 30% de paro a un 29,7. Y el otro dice: \u201cCuando est\u00e9 yo, tendr\u00e1 un 28,2\u201d. Y as\u00ed la gente entiende que la pelea pol\u00edtica libra una batalla que mueve las cosas un poco en el tablero, pero que no las aborda de fondo porque han adquirido una dimensi\u00f3n y una profundidad muy gordas. Entonces, se busca que venga aqu\u00ed el santo Trump y que lo arregle.<\/p>\n<p><strong>\u00a0<\/strong><\/p>\n<p><strong>Dijo hace un momento que los pol\u00edticos tienen que gestionar la libertad, que es una palabra que se ha prostituido mucho \u00faltimamente.<\/strong><\/p>\n<p>A todo el mundo le gusta mucho jugar a la libertad. Si quieres saber qu\u00e9 tal es un hombre respecto a la libertad, mide c\u00f3mo aborda la libertad ajena. Y lo que observo es que hay unos grandes adalides de la libertad que est\u00e1n irrit\u00e1ndose much\u00edsimo con cada comportamiento de libertad de los dem\u00e1s. Libertad, pero para m\u00ed. La democracia ha llegado hasta aqu\u00ed haciendo muchas cosas y ahora est\u00e1, como todo, cansada, gastada, hay fatiga de materiales en casi todo en la actual sociedad. Hay que revisar, refrescar, renovar todo esto. Y estoy un poco triste porque no veo a la pol\u00edtica y a los partidos analizar el momento actual de otra manera.<\/p>\n<p>El enfrentamiento para todo es rid\u00edculo porque hay un mont\u00f3n enorme de problemas que no se pueden resolver si no es pactando y concertando de alguna manera. No se trata de acabar con los partidos ni con la leg\u00edtima mirada de cada uno de ellos, pero hay que entender que determinados asuntos necesitan otra actitud. La actitud es de \u201cte odio tanto que quiero acabar contigo porque es m\u00e1s importante es que t\u00fa pierdas a que yo gane\u201d. Una actitud de \u201cm\u00e1s que contar lo que voy a hacer, voy a denunciar lo mal que t\u00fa lo haces\u201d. Ese es un juego que no resuelve los problemas.<\/p>\n<p>Con lo cual, estamos viviendo en un tiempo de profund\u00edsimo cambio y la pol\u00edtica lo est\u00e1 acusando muy seriamente sin que vea una actitud de cambio. En Estados Unidos hay mucho enfado con la actitud de Trump, pero al Partido Dem\u00f3crata no se le ha visto avanzar ni un mil\u00edmetro ni proponer nada alternativo. El Partido Republicano, el viejo Old Party, est\u00e1 aceptando, humillado, a donde le conduce Trump. No est\u00e1 habiendo respuestas pol\u00edticas de nada. En todos los sitios es igual: en Francia la socialdem\u00f3crata se ha venido abajo, la derecha tradicional tambi\u00e9n, la Quinta Rep\u00fablica est\u00e1 hecha papilla\u2026<\/p>\n<p>&nbsp;<\/p>\n<p><strong>Milei acaba de ser refrendado, acaba de ganar las elecciones legislativas.<\/strong><\/p>\n<p>Milei acaba de ganar las elecciones, las ha perdido el Peronismo\u2026 Est\u00e1 todo el mundo perdido.<\/p>\n<p>&nbsp;<\/p>\n<p><strong>A lo mejor sueno un poco a teor\u00eda de la conspiraci\u00f3n, pero \u00bfno le parece que la pol\u00edtica realmente no hace nada porque est\u00e1 secuestrada por poderes mayores? Ahora que se habla de estas multinacionales tipo Amazon, que est\u00e1n por encima de las legislaciones.<\/strong><\/p>\n<p>Est\u00e1n por encima de la democracia, es un hecho. Pero no est\u00e1n dominando los medios de comunicaci\u00f3n como la gente se cree que los domina. No es que Amazon te diga lo que tienes que hacer; es que en este momento, desde hace ya alg\u00fan tiempo, los grandes poderes financieros han adquirido un poder que est\u00e1 muy por encima del de las democracias. Por encima de ti y de m\u00ed y del partido A y de la democracia B. Millones y millones y millones de yenes y de d\u00f3lares flotan por el \u00e9ter 24 horas sobre 24 sin parar ni una d\u00e9cima de segundo, movi\u00e9ndose de aqu\u00ed para all\u00e1 a un click de los brokers.<\/p>\n<p>Eso ha cambiado completamente. Antes, los ricos lo eran porque hac\u00edan cosas. Uno hac\u00eda coches, otro petr\u00f3leo, otro casas, otro lo que sea\u2026 Esos ricos de antes son muy pobres frente a los ricos de hoy. Los ricos de hoy no hacen nada, no ofrecen un producto y se hacen ricos por eso; los verdaderamente ricos pulsan una tecla y con un click mueven una nube de miles de millones de d\u00f3lares que van de aqu\u00ed para all\u00e1. Y esta es una circunstancia que ha alterado por completo la realidad del mundo. Los medios de comunicaci\u00f3n viven ah\u00ed, en ese sitio.<\/p>\n<p>Pero bueno, yo creo profundamente en la pol\u00edtica, es la \u00fanica herramienta capaz de cambiar eso, pero no est\u00e1. Una pol\u00edtica consciente de su musculatura, que coloque las cosas en su sitio, deje de pelear por la batalla simple del poder y entienda la capacidad que tiene. No hay ninguna capacidad por encima de la pol\u00edtica capaz de alterarlo absolutamente todo. O sea: la pol\u00edtica cambia una ley y pone patas arriba el poder de estas inmensas multinacionales; le mete ma\u00f1ana un 27% [de impuestos] y las deja turulatas. Solo la pol\u00edtica puede reaccionar ante esto, pero para hacerlo, tiene que empezar a sustituir su actual concepci\u00f3n.<\/p>\n<p><a href=\"https:\/\/www.ull.es\/portal\/noticias\/wp-content\/uploads\/sites\/13\/2025\/11\/Entrev-Inaki-Gabilondo-30.jpg\" target=\"_blank\" rel=\"noopener\" target=\"_blank\" rel=\"noopener\"><img decoding=\"async\" loading=\"lazy\" class=\"alignright wp-image-85485 size-medium\" src=\"https:\/\/www.ull.es\/portal\/noticias\/wp-content\/uploads\/sites\/13\/2025\/11\/Entrev-Inaki-Gabilondo-30-300x200.jpg\" alt=\"I\u00f1aki Gabilondo\" width=\"300\" height=\"200\" srcset=\"https:\/\/www.ull.es\/portal\/noticias\/wp-content\/uploads\/sites\/13\/2025\/11\/Entrev-Inaki-Gabilondo-30-300x200.jpg 300w, https:\/\/www.ull.es\/portal\/noticias\/wp-content\/uploads\/sites\/13\/2025\/11\/Entrev-Inaki-Gabilondo-30-1024x683.jpg 1024w, https:\/\/www.ull.es\/portal\/noticias\/wp-content\/uploads\/sites\/13\/2025\/11\/Entrev-Inaki-Gabilondo-30-768x512.jpg 768w, https:\/\/www.ull.es\/portal\/noticias\/wp-content\/uploads\/sites\/13\/2025\/11\/Entrev-Inaki-Gabilondo-30-375x250.jpg 375w, https:\/\/www.ull.es\/portal\/noticias\/wp-content\/uploads\/sites\/13\/2025\/11\/Entrev-Inaki-Gabilondo-30-750x500.jpg 750w, https:\/\/www.ull.es\/portal\/noticias\/wp-content\/uploads\/sites\/13\/2025\/11\/Entrev-Inaki-Gabilondo-30-1140x760.jpg 1140w, https:\/\/www.ull.es\/portal\/noticias\/wp-content\/uploads\/sites\/13\/2025\/11\/Entrev-Inaki-Gabilondo-30.jpg 1200w\" sizes=\"(max-width: 300px) 100vw, 300px\" \/><\/a>La pol\u00edtica es un mecanismo. El primer cap\u00edtulo es la lucha por conquistar el poder. El segundo cap\u00edtulo es conquistarlo para hacer las cosas que quiera hacer. Pero cuando la lucha por el poder se convierte en toda la pol\u00edtica, cuando toda la energ\u00eda se juega en tener o no tener el poder, es cuando las cosas que hay que hacer pasan al segundo plano. Importa la demoscopia porque no tienes un objetivo claro de transformaci\u00f3n de la sociedad, sino que tu objetivo claro es conseguir el poder, que no te echen, o quit\u00e1rselo al que est\u00e1. Y las cosas que haya que hacer ya nos las ir\u00e1 diciendo la demoscopia.<\/p>\n<p>Un caso verdaderamente escandaloso es el del Partido Popular con el aborto, es lo m\u00e1s c\u00f3mico que ha habido nunca en la vida. El Partido Popular est\u00e1 en contra del aborto por principios. Entonces llega Alberto Ruiz Gallard\u00f3n, ministro de Justicia, y como est\u00e1 en contra del aborto por principios, monta una ley prohibiendo el aborto. El Partido Popular hace una encuesta, descubre que no le sale\u2026 y echa a Alberto Ruiz Gallard\u00f3n. \u00a1Y eso que era un asunto de principios, no un asunto t\u00e1ctico! No hay principios. Hay demoscopia. Y si la demoscopia te dice que por aqu\u00ed no tires, no tiras. Ahora, otra vez han vuelto con el aborto, le ha salido la demoscopia que no, y han dado otra vez marcha atr\u00e1s. Hablo del PP, pero podr\u00eda hablar de otro.<\/p>\n<p>Los problemas han adquirido mucha envergadura, y hay muchos que no se pueden resolver si no es a trav\u00e9s de acuerdos. Ya no se habla de la Ley de Educaci\u00f3n porque, como se sabe que solo se puede hacer con un acuerdo y no puede haber acuerdo, al desv\u00e1n con la educaci\u00f3n. Al desv\u00e1n con la reforma constitucional. Al desv\u00e1n con la reforma de administraci\u00f3n p\u00fablica. Al desv\u00e1n con todos los asuntos que necesitan ser tratados de una manera cruzada, porque no se acepta la posibilidad de hacer nada cruzado. Se nos est\u00e1 llenando el desv\u00e1n de reformas. Y esto es lo que la gente huele.<\/p>\n<p>La polarizaci\u00f3n es lo que me est\u00e1 pareciendo lo peor de todo, ya no solo porque es desagradable, est\u00e9ticamente horrible y deplorable, y es por lo que generalmente se critica la polarizaci\u00f3n. Yo la critico, adem\u00e1s de por eso, y m\u00e1s que por eso, porque hace imposible la soluci\u00f3n de los problemas. Y hace que mucha gente -sobre todo j\u00f3venes- observe que no se pueden resolver y que las f\u00f3rmulas que se brindan los mejoran solo un poquito. Y abrazan al Cid Campeador que venga montado en un brioso caballo blanco, aunque todav\u00eda no le han hecho la pregunta que hay que hacerle: \u201cYa s\u00e9 todo lo que usted est\u00e1 contando. Ya ha ganado usted y ya tiene mayor\u00eda absoluta. \u00bfAhora qu\u00e9 hacemos? \u00bfC\u00f3mo lo vamos a hacer?\u201d. No han dedicado ni una d\u00e9cima de segundo a explicar c\u00f3mo van a hacer nada. Es desalentador.<\/p>\n<p>Porque diga lo que es verdad puedes seguir a un periodista, a un profesor, a un cura, a un soci\u00f3logo, pero no puedes seguir a un pol\u00edtico. A un pol\u00edtico hay que seguirlo porque aporte soluciones. Recuerdo hablar con Felipe Gonz\u00e1lez cuando era presidente y comentarle que cuando por la ma\u00f1ana yo observaba la actualidad, y me pasaba el d\u00eda pensando en lo que yo dir\u00eda. Y \u00e9l me respondi\u00f3: \u201cPues yo tengo que estar pensando en lo que yo har\u00eda\u201d. Y en este cap\u00edtulo del hacer es donde parece que la sociedad se ha detenido. Y a la gente joven, con lo lista que es, no se le ha ocurrido decir: \u201cOye, a partir de ahora vamos a pedir que nos den la receta que han previsto, porque estamos sigui\u00e9ndoles como borregos sin que todav\u00eda sepamos muy bien porqu\u00e9\u201d.<\/p>\n<p style=\"text-align: right;\"><strong>Gabinete de Comunicaci\u00f3n<\/strong><\/p>\n","protected":false},"excerpt":{"rendered":"<p>I\u00f1aki Gabilondo ha sido durante m\u00e1s de seis d\u00e9cadas una figura de referencia en los medios de comunicaci\u00f3n espa\u00f1oles, ya&#8230;<\/p>\n","protected":false},"author":21,"featured_media":85480,"comment_status":"closed","ping_status":"closed","sticky":false,"template":"","format":"standard","meta":{"inline_featured_image":false,"footnotes":""},"categories":[348,2750],"tags":[11955,11954,12081,12082,11997],"acf":[],"yoast_head":"<!-- This site is optimized with the Yoast SEO plugin v21.3 - https:\/\/yoast.com\/wordpress\/plugins\/seo\/ -->\n<title>Una democracia polarizada<\/title>\n<meta name=\"description\" content=\"I\u00f1aki Gabilondo nos habl\u00f3 sobre la Transici\u00f3n espa\u00f1ola y tambi\u00e9n sobre la polarizada democracia actual, amenazada por los populismos.\" \/>\n<meta name=\"robots\" content=\"index, follow, max-snippet:-1, max-image-preview:large, max-video-preview:-1\" \/>\n<link rel=\"canonical\" href=\"https:\/\/www.ull.es\/portal\/noticias\/2025\/una-democracia-polarizada\/\" \/>\n<meta property=\"og:locale\" content=\"es_ES\" \/>\n<meta property=\"og:type\" content=\"article\" \/>\n<meta property=\"og:title\" content=\"Una democracia polarizada\" \/>\n<meta property=\"og:description\" content=\"I\u00f1aki Gabilondo nos habl\u00f3 sobre la Transici\u00f3n espa\u00f1ola y tambi\u00e9n sobre la polarizada democracia actual, amenazada por los populismos.\" \/>\n<meta property=\"og:url\" content=\"https:\/\/www.ull.es\/portal\/noticias\/2025\/una-democracia-polarizada\/\" \/>\n<meta property=\"og:site_name\" content=\"ULL - Noticias\" \/>\n<meta property=\"article:publisher\" content=\"https:\/\/www.facebook.com\/universidaddelalaguna\/\" \/>\n<meta property=\"article:published_time\" content=\"2025-11-11T14:25:08+00:00\" \/>\n<meta property=\"article:modified_time\" content=\"2025-12-30T09:18:44+00:00\" \/>\n<meta property=\"og:image\" content=\"https:\/\/www.ull.es\/portal\/noticias\/wp-content\/uploads\/sites\/13\/2025\/11\/Entrev-Inaki-Gabilondo-12.jpg\" \/>\n\t<meta property=\"og:image:width\" content=\"1200\" \/>\n\t<meta property=\"og:image:height\" content=\"800\" \/>\n\t<meta property=\"og:image:type\" content=\"image\/jpeg\" \/>\n<meta name=\"author\" content=\"prensa2\" \/>\n<meta name=\"twitter:card\" content=\"summary_large_image\" \/>\n<meta name=\"twitter:creator\" content=\"@CanalULL\" \/>\n<meta name=\"twitter:site\" content=\"@CanalULL\" \/>\n<meta name=\"twitter:label1\" content=\"Escrito por\" \/>\n\t<meta name=\"twitter:data1\" content=\"prensa2\" \/>\n\t<meta name=\"twitter:label2\" content=\"Tiempo de lectura\" \/>\n\t<meta name=\"twitter:data2\" content=\"19 minutos\" \/>\n<script type=\"application\/ld+json\" class=\"yoast-schema-graph\">{\"@context\":\"https:\/\/schema.org\",\"@graph\":[{\"@type\":\"WebPage\",\"@id\":\"https:\/\/www.ull.es\/portal\/noticias\/2025\/una-democracia-polarizada\/\",\"url\":\"https:\/\/www.ull.es\/portal\/noticias\/2025\/una-democracia-polarizada\/\",\"name\":\"Una democracia polarizada\",\"isPartOf\":{\"@id\":\"https:\/\/www.ull.es\/portal\/noticias\/#website\"},\"datePublished\":\"2025-11-11T14:25:08+00:00\",\"dateModified\":\"2025-12-30T09:18:44+00:00\",\"author\":{\"@id\":\"https:\/\/www.ull.es\/portal\/noticias\/#\/schema\/person\/c3b2aa857797592927a03740d6664376\"},\"description\":\"I\u00f1aki Gabilondo nos habl\u00f3 sobre la Transici\u00f3n espa\u00f1ola y tambi\u00e9n sobre la polarizada democracia actual, amenazada por los populismos.\",\"breadcrumb\":{\"@id\":\"https:\/\/www.ull.es\/portal\/noticias\/2025\/una-democracia-polarizada\/#breadcrumb\"},\"inLanguage\":\"es\",\"potentialAction\":[{\"@type\":\"ReadAction\",\"target\":[\"https:\/\/www.ull.es\/portal\/noticias\/2025\/una-democracia-polarizada\/\"]}]},{\"@type\":\"BreadcrumbList\",\"@id\":\"https:\/\/www.ull.es\/portal\/noticias\/2025\/una-democracia-polarizada\/#breadcrumb\",\"itemListElement\":[{\"@type\":\"ListItem\",\"position\":1,\"name\":\"Portada\",\"item\":\"https:\/\/www.ull.es\/portal\/noticias\/\"},{\"@type\":\"ListItem\",\"position\":2,\"name\":\"Una democracia polarizada\"}]},{\"@type\":\"WebSite\",\"@id\":\"https:\/\/www.ull.es\/portal\/noticias\/#website\",\"url\":\"https:\/\/www.ull.es\/portal\/noticias\/\",\"name\":\"ULL - Noticias\",\"description\":\"\",\"potentialAction\":[{\"@type\":\"SearchAction\",\"target\":{\"@type\":\"EntryPoint\",\"urlTemplate\":\"https:\/\/www.ull.es\/portal\/noticias\/?s={search_term_string}\"},\"query-input\":\"required name=search_term_string\"}],\"inLanguage\":\"es\"},{\"@type\":\"Person\",\"@id\":\"https:\/\/www.ull.es\/portal\/noticias\/#\/schema\/person\/c3b2aa857797592927a03740d6664376\",\"name\":\"prensa2\",\"image\":{\"@type\":\"ImageObject\",\"inLanguage\":\"es\",\"@id\":\"https:\/\/www.ull.es\/portal\/noticias\/#\/schema\/person\/image\/\",\"url\":\"https:\/\/secure.gravatar.com\/avatar\/b58f310a5de5feb33d1e026d2493f23c?s=96&d=mm&r=g\",\"contentUrl\":\"https:\/\/secure.gravatar.com\/avatar\/b58f310a5de5feb33d1e026d2493f23c?s=96&d=mm&r=g\",\"caption\":\"prensa2\"},\"url\":\"https:\/\/www.ull.es\/portal\/noticias\/author\/prensa2\/\"}]}<\/script>\n<!-- \/ Yoast SEO plugin. -->","yoast_head_json":{"title":"Una democracia polarizada","description":"I\u00f1aki Gabilondo nos habl\u00f3 sobre la Transici\u00f3n espa\u00f1ola y tambi\u00e9n sobre la polarizada democracia actual, amenazada por los populismos.","robots":{"index":"index","follow":"follow","max-snippet":"max-snippet:-1","max-image-preview":"max-image-preview:large","max-video-preview":"max-video-preview:-1"},"canonical":"https:\/\/www.ull.es\/portal\/noticias\/2025\/una-democracia-polarizada\/","og_locale":"es_ES","og_type":"article","og_title":"Una democracia polarizada","og_description":"I\u00f1aki Gabilondo nos habl\u00f3 sobre la Transici\u00f3n espa\u00f1ola y tambi\u00e9n sobre la polarizada democracia actual, amenazada por los populismos.","og_url":"https:\/\/www.ull.es\/portal\/noticias\/2025\/una-democracia-polarizada\/","og_site_name":"ULL - Noticias","article_publisher":"https:\/\/www.facebook.com\/universidaddelalaguna\/","article_published_time":"2025-11-11T14:25:08+00:00","article_modified_time":"2025-12-30T09:18:44+00:00","og_image":[{"width":1200,"height":800,"url":"https:\/\/www.ull.es\/portal\/noticias\/wp-content\/uploads\/sites\/13\/2025\/11\/Entrev-Inaki-Gabilondo-12.jpg","type":"image\/jpeg"}],"author":"prensa2","twitter_card":"summary_large_image","twitter_creator":"@CanalULL","twitter_site":"@CanalULL","twitter_misc":{"Escrito por":"prensa2","Tiempo de lectura":"19 minutos"},"schema":{"@context":"https:\/\/schema.org","@graph":[{"@type":"WebPage","@id":"https:\/\/www.ull.es\/portal\/noticias\/2025\/una-democracia-polarizada\/","url":"https:\/\/www.ull.es\/portal\/noticias\/2025\/una-democracia-polarizada\/","name":"Una democracia polarizada","isPartOf":{"@id":"https:\/\/www.ull.es\/portal\/noticias\/#website"},"datePublished":"2025-11-11T14:25:08+00:00","dateModified":"2025-12-30T09:18:44+00:00","author":{"@id":"https:\/\/www.ull.es\/portal\/noticias\/#\/schema\/person\/c3b2aa857797592927a03740d6664376"},"description":"I\u00f1aki Gabilondo nos habl\u00f3 sobre la Transici\u00f3n espa\u00f1ola y tambi\u00e9n sobre la polarizada democracia actual, amenazada por los populismos.","breadcrumb":{"@id":"https:\/\/www.ull.es\/portal\/noticias\/2025\/una-democracia-polarizada\/#breadcrumb"},"inLanguage":"es","potentialAction":[{"@type":"ReadAction","target":["https:\/\/www.ull.es\/portal\/noticias\/2025\/una-democracia-polarizada\/"]}]},{"@type":"BreadcrumbList","@id":"https:\/\/www.ull.es\/portal\/noticias\/2025\/una-democracia-polarizada\/#breadcrumb","itemListElement":[{"@type":"ListItem","position":1,"name":"Portada","item":"https:\/\/www.ull.es\/portal\/noticias\/"},{"@type":"ListItem","position":2,"name":"Una democracia polarizada"}]},{"@type":"WebSite","@id":"https:\/\/www.ull.es\/portal\/noticias\/#website","url":"https:\/\/www.ull.es\/portal\/noticias\/","name":"ULL - Noticias","description":"","potentialAction":[{"@type":"SearchAction","target":{"@type":"EntryPoint","urlTemplate":"https:\/\/www.ull.es\/portal\/noticias\/?s={search_term_string}"},"query-input":"required name=search_term_string"}],"inLanguage":"es"},{"@type":"Person","@id":"https:\/\/www.ull.es\/portal\/noticias\/#\/schema\/person\/c3b2aa857797592927a03740d6664376","name":"prensa2","image":{"@type":"ImageObject","inLanguage":"es","@id":"https:\/\/www.ull.es\/portal\/noticias\/#\/schema\/person\/image\/","url":"https:\/\/secure.gravatar.com\/avatar\/b58f310a5de5feb33d1e026d2493f23c?s=96&d=mm&r=g","contentUrl":"https:\/\/secure.gravatar.com\/avatar\/b58f310a5de5feb33d1e026d2493f23c?s=96&d=mm&r=g","caption":"prensa2"},"url":"https:\/\/www.ull.es\/portal\/noticias\/author\/prensa2\/"}]}},"primary_category":{"id":348,"name":"Instituci\u00f3n","slug":"institucion","link":"https:\/\/www.ull.es\/portal\/noticias\/category\/institucion\/"},"featured_image_thumbnail_url":"https:\/\/www.ull.es\/portal\/noticias\/wp-content\/uploads\/sites\/13\/2025\/11\/Entrev-Inaki-Gabilondo-12-300x200.jpg","_links":{"self":[{"href":"https:\/\/www.ull.es\/portal\/noticias\/wp-json\/wp\/v2\/posts\/85479"}],"collection":[{"href":"https:\/\/www.ull.es\/portal\/noticias\/wp-json\/wp\/v2\/posts"}],"about":[{"href":"https:\/\/www.ull.es\/portal\/noticias\/wp-json\/wp\/v2\/types\/post"}],"author":[{"embeddable":true,"href":"https:\/\/www.ull.es\/portal\/noticias\/wp-json\/wp\/v2\/users\/21"}],"replies":[{"embeddable":true,"href":"https:\/\/www.ull.es\/portal\/noticias\/wp-json\/wp\/v2\/comments?post=85479"}],"version-history":[{"count":3,"href":"https:\/\/www.ull.es\/portal\/noticias\/wp-json\/wp\/v2\/posts\/85479\/revisions"}],"predecessor-version":[{"id":86319,"href":"https:\/\/www.ull.es\/portal\/noticias\/wp-json\/wp\/v2\/posts\/85479\/revisions\/86319"}],"wp:featuredmedia":[{"embeddable":true,"href":"https:\/\/www.ull.es\/portal\/noticias\/wp-json\/wp\/v2\/media\/85480"}],"wp:attachment":[{"href":"https:\/\/www.ull.es\/portal\/noticias\/wp-json\/wp\/v2\/media?parent=85479"}],"wp:term":[{"taxonomy":"category","embeddable":true,"href":"https:\/\/www.ull.es\/portal\/noticias\/wp-json\/wp\/v2\/categories?post=85479"},{"taxonomy":"post_tag","embeddable":true,"href":"https:\/\/www.ull.es\/portal\/noticias\/wp-json\/wp\/v2\/tags?post=85479"}],"curies":[{"name":"wp","href":"https:\/\/api.w.org\/{rel}","templated":true}]}}