{"id":85496,"date":"2025-11-12T10:37:33","date_gmt":"2025-11-12T10:37:33","guid":{"rendered":"https:\/\/www.ull.es\/portal\/noticias\/?p=85496"},"modified":"2025-11-12T10:43:48","modified_gmt":"2025-11-12T10:43:48","slug":"la-catedra-tecnoedu-celebra-las-primeras-jornadas-de-experiencias-escolares-con-tecnologia-educativa","status":"publish","type":"post","link":"https:\/\/www.ull.es\/portal\/noticias\/2025\/la-catedra-tecnoedu-celebra-las-primeras-jornadas-de-experiencias-escolares-con-tecnologia-educativa\/","title":{"rendered":"La C\u00e1tedra TECNOEDU celebra las primeras jornadas de experiencias escolares con Tecnolog\u00eda Educativa"},"content":{"rendered":"<p>La <a href=\"https:\/\/tecnoedu.webs.ull.es\/\" target=\"_blank\" rel=\"noopener\" target=\"_blank\" rel=\"noopener\">C\u00e1tedra Fundaci\u00f3n MAPFRE Canarias de Tecnolog\u00eda y Educaci\u00f3n (TECNOEDU) de la Universidad de La Laguna<\/a> celebrar\u00e1 el jueves 20 y el viernes 21 de noviembre, en horario de 16:30 a 20:00 horas y en la Facultad de Educaci\u00f3n, las I Jornadas TECNOEDU 2025 de Experiencias Escolares con Tecnolog\u00eda Educativa. El encuentro nace con el objetivo de compartir y difundir pr\u00e1cticas reales desarrolladas en centros de Canarias y de formaci\u00f3n profesional, as\u00ed como propiciar un debate informado sobre el uso de pantallas y el impacto de la inteligencia artificial en la ense\u00f1anza y el aprendizaje. La inscripci\u00f3n es gratuita y con plazas limitadas, por lo que se requiere reserva previa.<\/p>\n<p>La sesi\u00f3n inaugural del jueves 20, a las 16:30 horas, contar\u00e1 con la intervenci\u00f3n de Lilibeth Fuentes, directora del Secretariado de C\u00e1tedras Institucionales y de Empresa de la instituci\u00f3n acad\u00e9mica; Desir\u00e9e Gonz\u00e1lez Gonz\u00e1lez, vicedecana del grado de Educaci\u00f3n Infantil; Joel Ramos Ojeda, Fundaci\u00f3n MAPFRE Canarias; y Manuel Area Moreira, director de la C\u00e1tedra TECNOEDU. A las 17:00 horas tendr\u00e1 lugar la conferencia \u201cLa IA en las aulas. Algunas lecciones aprendidas\u201d, a cargo de Miquel \u00c1ngel Prats, profesor titular de Tecnolog\u00eda Educativa en la Universitat Ramon Llull, quien abordar\u00e1 tendencias, oportunidades y l\u00edmites de la IA desde la pr\u00e1ctica docente.<\/p>\n<p>A partir de las 18:30 horas se desarrollar\u00e1n tres propuestas en paralelo: la muestra \u201cC\u00f3digo Escuela 4.0\u201d. Se llevar\u00e1 a cabo en colaboraci\u00f3n con el \u00c1rea de Tecnolog\u00eda Educativa de la Direcci\u00f3n General de Ordenaci\u00f3n de las Ense\u00f1anzas, Inclusi\u00f3n e Innovaci\u00f3n de la Consejer\u00eda de Educaci\u00f3n, Formaci\u00f3n Profesional, Actividad F\u00edsica y Deportes del Gobierno de Canarias, con experiencias de pensamiento computacional, rob\u00f3tica e IA procedentes de aulas de Canarias; la primera muestra TECNOEDU, con los proyectos \u201cLa vida en corto\u201d, \u201cLegoGenius\u201d y \u201cDe \u2018Aisla2+\u2019 a \u2018Somos \u00c1frica\u2019\u201d, que ejemplifican enfoques STEAM y aprendizaje por proyectos; y un taller pr\u00e1ctico de creaci\u00f3n de <em>escape rooms<\/em> virtuales para el aula, que presentar\u00e1 herramientas concretas y la integraci\u00f3n de IA para creaci\u00f3n de contenidos educativos.<\/p>\n<p>El viernes 21, desde las 16:30 horas, se celebrar\u00e1 la mesa de debate \u201cUso de las pantallas. C\u00f3mo educar desde el \u00e1mbito educativo y familiar\u201d, moderada por Ar\u00e1nzazu Calzadilla, directora de la C\u00e1tedra Institucional de Infancia y Adolescencia de la Universidad de La Laguna. Adem\u00e1s, participar\u00e1n docentes y representantes del \u00e1mbito familiar; entre ellos, Cristina Alonso, profesora titular del Departamento de Did\u00e1ctica y Organizaci\u00f3n Educativa, UB, M\u00f3nica Montesdeoca, del CEIP Camino Largo y Sergio Garc\u00eda de Paz, del Colegio Salesiano San Juan Bosco-La Cuesta, para contrastar evidencias, pr\u00e1cticas y orientaciones de uso responsable en contextos escolares y del hogar.<\/p>\n<p>A partir de las 18:30 horas, continuar\u00e1 el programa con una segunda muestra TECNOEDU que incluir\u00e1 \u201cEl cine en la escuela\u201d, \u201cLa maleta cient\u00edfica\u201d, \u201cPardeluz\u201d y \u201cGranSat: del aula al espacio\u201d, una propuesta de rob\u00f3tica aeroespacial en Bachillerato. En paralelo, se presentar\u00e1 un espacio dedicado a proyectos de la Universidad de La Laguna con impacto en centros educativos, como \u201cPiensa ComputacionaULLmente\u201d, centrado en pensamiento computacional y formaci\u00f3n docente en ciencias, y \u201cProyecto FARO\u201d, orientado al bienestar digital y a la prevenci\u00f3n de la adicci\u00f3n tecnol\u00f3gica en escolares.<\/p>\n<p>Las actividades se desarrollar\u00e1n de forma presencial en la Facultad de Educaci\u00f3n (M\u00f3dulo A), en horario de tarde ambos d\u00edas. La participaci\u00f3n en las I Jornadas TECNOEDU 2025 es gratuita, con inscripci\u00f3n previa obligatoria para garantizar el aforo y la correcta asignaci\u00f3n a las sesiones en paralelo. Puede ampliarse la informaci\u00f3n y formalizar el registro en la web de la C\u00e1tedra TECNOEDU.<\/p>\n","protected":false},"excerpt":{"rendered":"<p>La C\u00e1tedra Fundaci\u00f3n MAPFRE Canarias de Tecnolog\u00eda y Educaci\u00f3n (TECNOEDU) de la Universidad de La Laguna celebrar\u00e1 el jueves 20&#8230;<\/p>\n","protected":false},"author":67,"featured_media":85502,"comment_status":"closed","ping_status":"closed","sticky":false,"template":"","format":"standard","meta":{"inline_featured_image":false,"footnotes":""},"categories":[345,346,2765],"tags":[7868,12083,7528],"acf":[],"yoast_head":"<!-- This site is optimized with the Yoast SEO plugin v21.3 - https:\/\/yoast.com\/wordpress\/plugins\/seo\/ -->\n<title>La C\u00e1tedra TECNOEDU celebra las primeras jornadas de experiencias escolares con Tecnolog\u00eda Educativa - ULL - Noticias<\/title>\n<meta name=\"description\" content=\"La C\u00e1tedra Fundaci\u00f3n MAPFRE Canarias de Tecnolog\u00eda y Educaci\u00f3n (TECNOEDU) de la Universidad de La Laguna celebrar\u00e1 el jueves 20 y el viernes 21 de noviembre, en horario de 16:30 a 20:00 horas y en la Facultad de Educaci\u00f3n, las I Jornadas TECNOEDU 2025 de Experiencias Escolares con Tecnolog\u00eda Educativa.\" \/>\n<meta name=\"robots\" content=\"index, follow, max-snippet:-1, max-image-preview:large, max-video-preview:-1\" \/>\n<link rel=\"canonical\" href=\"https:\/\/www.ull.es\/portal\/noticias\/2025\/la-catedra-tecnoedu-celebra-las-primeras-jornadas-de-experiencias-escolares-con-tecnologia-educativa\/\" \/>\n<meta property=\"og:locale\" content=\"es_ES\" \/>\n<meta property=\"og:type\" content=\"article\" \/>\n<meta property=\"og:title\" content=\"La C\u00e1tedra TECNOEDU celebra las primeras jornadas de experiencias escolares con Tecnolog\u00eda Educativa - ULL - Noticias\" \/>\n<meta property=\"og:description\" content=\"La C\u00e1tedra Fundaci\u00f3n MAPFRE Canarias de Tecnolog\u00eda y Educaci\u00f3n (TECNOEDU) de la Universidad de La Laguna celebrar\u00e1 el jueves 20 y el viernes 21 de noviembre, en horario de 16:30 a 20:00 horas y en la Facultad de Educaci\u00f3n, las I Jornadas TECNOEDU 2025 de Experiencias Escolares con Tecnolog\u00eda Educativa.\" \/>\n<meta property=\"og:url\" content=\"https:\/\/www.ull.es\/portal\/noticias\/2025\/la-catedra-tecnoedu-celebra-las-primeras-jornadas-de-experiencias-escolares-con-tecnologia-educativa\/\" \/>\n<meta property=\"og:site_name\" content=\"ULL - Noticias\" \/>\n<meta property=\"article:publisher\" content=\"https:\/\/www.facebook.com\/universidaddelalaguna\/\" \/>\n<meta property=\"article:published_time\" content=\"2025-11-12T10:37:33+00:00\" \/>\n<meta property=\"article:modified_time\" content=\"2025-11-12T10:43:48+00:00\" \/>\n<meta property=\"og:image\" content=\"https:\/\/www.ull.es\/portal\/noticias\/wp-content\/uploads\/sites\/13\/2025\/11\/Cartel-principal_-1.jpg\" \/>\n\t<meta property=\"og:image:width\" content=\"1600\" \/>\n\t<meta property=\"og:image:height\" content=\"900\" \/>\n\t<meta property=\"og:image:type\" content=\"image\/jpeg\" \/>\n<meta name=\"author\" content=\"gcom5\" \/>\n<meta name=\"twitter:card\" content=\"summary_large_image\" \/>\n<meta name=\"twitter:creator\" content=\"@CanalULL\" \/>\n<meta name=\"twitter:site\" content=\"@CanalULL\" \/>\n<meta name=\"twitter:label1\" content=\"Escrito por\" \/>\n\t<meta name=\"twitter:data1\" content=\"gcom5\" \/>\n\t<meta name=\"twitter:label2\" content=\"Tiempo de lectura\" \/>\n\t<meta name=\"twitter:data2\" content=\"3 minutos\" \/>\n<script type=\"application\/ld+json\" class=\"yoast-schema-graph\">{\"@context\":\"https:\/\/schema.org\",\"@graph\":[{\"@type\":\"WebPage\",\"@id\":\"https:\/\/www.ull.es\/portal\/noticias\/2025\/la-catedra-tecnoedu-celebra-las-primeras-jornadas-de-experiencias-escolares-con-tecnologia-educativa\/\",\"url\":\"https:\/\/www.ull.es\/portal\/noticias\/2025\/la-catedra-tecnoedu-celebra-las-primeras-jornadas-de-experiencias-escolares-con-tecnologia-educativa\/\",\"name\":\"La C\u00e1tedra TECNOEDU celebra las primeras jornadas de experiencias escolares con Tecnolog\u00eda Educativa - ULL - Noticias\",\"isPartOf\":{\"@id\":\"https:\/\/www.ull.es\/portal\/noticias\/#website\"},\"datePublished\":\"2025-11-12T10:37:33+00:00\",\"dateModified\":\"2025-11-12T10:43:48+00:00\",\"author\":{\"@id\":\"https:\/\/www.ull.es\/portal\/noticias\/#\/schema\/person\/8027c6c4687adc2c90dc1532715d34df\"},\"description\":\"La C\u00e1tedra Fundaci\u00f3n MAPFRE Canarias de Tecnolog\u00eda y Educaci\u00f3n (TECNOEDU) de la Universidad de La Laguna celebrar\u00e1 el jueves 20 y el viernes 21 de noviembre, en horario de 16:30 a 20:00 horas y en la Facultad de Educaci\u00f3n, las I Jornadas TECNOEDU 2025 de Experiencias Escolares con Tecnolog\u00eda Educativa.\",\"breadcrumb\":{\"@id\":\"https:\/\/www.ull.es\/portal\/noticias\/2025\/la-catedra-tecnoedu-celebra-las-primeras-jornadas-de-experiencias-escolares-con-tecnologia-educativa\/#breadcrumb\"},\"inLanguage\":\"es\",\"potentialAction\":[{\"@type\":\"ReadAction\",\"target\":[\"https:\/\/www.ull.es\/portal\/noticias\/2025\/la-catedra-tecnoedu-celebra-las-primeras-jornadas-de-experiencias-escolares-con-tecnologia-educativa\/\"]}]},{\"@type\":\"BreadcrumbList\",\"@id\":\"https:\/\/www.ull.es\/portal\/noticias\/2025\/la-catedra-tecnoedu-celebra-las-primeras-jornadas-de-experiencias-escolares-con-tecnologia-educativa\/#breadcrumb\",\"itemListElement\":[{\"@type\":\"ListItem\",\"position\":1,\"name\":\"Portada\",\"item\":\"https:\/\/www.ull.es\/portal\/noticias\/\"},{\"@type\":\"ListItem\",\"position\":2,\"name\":\"La C\u00e1tedra TECNOEDU celebra las primeras jornadas de experiencias escolares con Tecnolog\u00eda Educativa\"}]},{\"@type\":\"WebSite\",\"@id\":\"https:\/\/www.ull.es\/portal\/noticias\/#website\",\"url\":\"https:\/\/www.ull.es\/portal\/noticias\/\",\"name\":\"ULL - Noticias\",\"description\":\"\",\"potentialAction\":[{\"@type\":\"SearchAction\",\"target\":{\"@type\":\"EntryPoint\",\"urlTemplate\":\"https:\/\/www.ull.es\/portal\/noticias\/?s={search_term_string}\"},\"query-input\":\"required name=search_term_string\"}],\"inLanguage\":\"es\"},{\"@type\":\"Person\",\"@id\":\"https:\/\/www.ull.es\/portal\/noticias\/#\/schema\/person\/8027c6c4687adc2c90dc1532715d34df\",\"name\":\"gcom5\",\"image\":{\"@type\":\"ImageObject\",\"inLanguage\":\"es\",\"@id\":\"https:\/\/www.ull.es\/portal\/noticias\/#\/schema\/person\/image\/\",\"url\":\"https:\/\/secure.gravatar.com\/avatar\/8b3777f8048001fa57b88338ce5605b9?s=96&d=mm&r=g\",\"contentUrl\":\"https:\/\/secure.gravatar.com\/avatar\/8b3777f8048001fa57b88338ce5605b9?s=96&d=mm&r=g\",\"caption\":\"gcom5\"},\"url\":\"https:\/\/www.ull.es\/portal\/noticias\/author\/gcom5\/\"}]}<\/script>\n<!-- \/ Yoast SEO plugin. -->","yoast_head_json":{"title":"La C\u00e1tedra TECNOEDU celebra las primeras jornadas de experiencias escolares con Tecnolog\u00eda Educativa - ULL - Noticias","description":"La C\u00e1tedra Fundaci\u00f3n MAPFRE Canarias de Tecnolog\u00eda y Educaci\u00f3n (TECNOEDU) de la Universidad de La Laguna celebrar\u00e1 el jueves 20 y el viernes 21 de noviembre, en horario de 16:30 a 20:00 horas y en la Facultad de Educaci\u00f3n, las I Jornadas TECNOEDU 2025 de Experiencias Escolares con Tecnolog\u00eda Educativa.","robots":{"index":"index","follow":"follow","max-snippet":"max-snippet:-1","max-image-preview":"max-image-preview:large","max-video-preview":"max-video-preview:-1"},"canonical":"https:\/\/www.ull.es\/portal\/noticias\/2025\/la-catedra-tecnoedu-celebra-las-primeras-jornadas-de-experiencias-escolares-con-tecnologia-educativa\/","og_locale":"es_ES","og_type":"article","og_title":"La C\u00e1tedra TECNOEDU celebra las primeras jornadas de experiencias escolares con Tecnolog\u00eda Educativa - ULL - Noticias","og_description":"La C\u00e1tedra Fundaci\u00f3n MAPFRE Canarias de Tecnolog\u00eda y Educaci\u00f3n (TECNOEDU) de la Universidad de La Laguna celebrar\u00e1 el jueves 20 y el viernes 21 de noviembre, en horario de 16:30 a 20:00 horas y en la Facultad de Educaci\u00f3n, las I Jornadas TECNOEDU 2025 de Experiencias Escolares con Tecnolog\u00eda Educativa.","og_url":"https:\/\/www.ull.es\/portal\/noticias\/2025\/la-catedra-tecnoedu-celebra-las-primeras-jornadas-de-experiencias-escolares-con-tecnologia-educativa\/","og_site_name":"ULL - Noticias","article_publisher":"https:\/\/www.facebook.com\/universidaddelalaguna\/","article_published_time":"2025-11-12T10:37:33+00:00","article_modified_time":"2025-11-12T10:43:48+00:00","og_image":[{"width":1600,"height":900,"url":"https:\/\/www.ull.es\/portal\/noticias\/wp-content\/uploads\/sites\/13\/2025\/11\/Cartel-principal_-1.jpg","type":"image\/jpeg"}],"author":"gcom5","twitter_card":"summary_large_image","twitter_creator":"@CanalULL","twitter_site":"@CanalULL","twitter_misc":{"Escrito por":"gcom5","Tiempo de lectura":"3 minutos"},"schema":{"@context":"https:\/\/schema.org","@graph":[{"@type":"WebPage","@id":"https:\/\/www.ull.es\/portal\/noticias\/2025\/la-catedra-tecnoedu-celebra-las-primeras-jornadas-de-experiencias-escolares-con-tecnologia-educativa\/","url":"https:\/\/www.ull.es\/portal\/noticias\/2025\/la-catedra-tecnoedu-celebra-las-primeras-jornadas-de-experiencias-escolares-con-tecnologia-educativa\/","name":"La C\u00e1tedra TECNOEDU celebra las primeras jornadas de experiencias escolares con Tecnolog\u00eda Educativa - ULL - Noticias","isPartOf":{"@id":"https:\/\/www.ull.es\/portal\/noticias\/#website"},"datePublished":"2025-11-12T10:37:33+00:00","dateModified":"2025-11-12T10:43:48+00:00","author":{"@id":"https:\/\/www.ull.es\/portal\/noticias\/#\/schema\/person\/8027c6c4687adc2c90dc1532715d34df"},"description":"La C\u00e1tedra Fundaci\u00f3n MAPFRE Canarias de Tecnolog\u00eda y Educaci\u00f3n (TECNOEDU) de la Universidad de La Laguna celebrar\u00e1 el jueves 20 y el viernes 21 de noviembre, en horario de 16:30 a 20:00 horas y en la Facultad de Educaci\u00f3n, las I Jornadas TECNOEDU 2025 de Experiencias Escolares con Tecnolog\u00eda Educativa.","breadcrumb":{"@id":"https:\/\/www.ull.es\/portal\/noticias\/2025\/la-catedra-tecnoedu-celebra-las-primeras-jornadas-de-experiencias-escolares-con-tecnologia-educativa\/#breadcrumb"},"inLanguage":"es","potentialAction":[{"@type":"ReadAction","target":["https:\/\/www.ull.es\/portal\/noticias\/2025\/la-catedra-tecnoedu-celebra-las-primeras-jornadas-de-experiencias-escolares-con-tecnologia-educativa\/"]}]},{"@type":"BreadcrumbList","@id":"https:\/\/www.ull.es\/portal\/noticias\/2025\/la-catedra-tecnoedu-celebra-las-primeras-jornadas-de-experiencias-escolares-con-tecnologia-educativa\/#breadcrumb","itemListElement":[{"@type":"ListItem","position":1,"name":"Portada","item":"https:\/\/www.ull.es\/portal\/noticias\/"},{"@type":"ListItem","position":2,"name":"La C\u00e1tedra TECNOEDU celebra las primeras jornadas de experiencias escolares con Tecnolog\u00eda Educativa"}]},{"@type":"WebSite","@id":"https:\/\/www.ull.es\/portal\/noticias\/#website","url":"https:\/\/www.ull.es\/portal\/noticias\/","name":"ULL - Noticias","description":"","potentialAction":[{"@type":"SearchAction","target":{"@type":"EntryPoint","urlTemplate":"https:\/\/www.ull.es\/portal\/noticias\/?s={search_term_string}"},"query-input":"required name=search_term_string"}],"inLanguage":"es"},{"@type":"Person","@id":"https:\/\/www.ull.es\/portal\/noticias\/#\/schema\/person\/8027c6c4687adc2c90dc1532715d34df","name":"gcom5","image":{"@type":"ImageObject","inLanguage":"es","@id":"https:\/\/www.ull.es\/portal\/noticias\/#\/schema\/person\/image\/","url":"https:\/\/secure.gravatar.com\/avatar\/8b3777f8048001fa57b88338ce5605b9?s=96&d=mm&r=g","contentUrl":"https:\/\/secure.gravatar.com\/avatar\/8b3777f8048001fa57b88338ce5605b9?s=96&d=mm&r=g","caption":"gcom5"},"url":"https:\/\/www.ull.es\/portal\/noticias\/author\/gcom5\/"}]}},"primary_category":{"id":345,"name":"Destacado","slug":"destacado","link":"https:\/\/www.ull.es\/portal\/noticias\/category\/destacado\/"},"featured_image_thumbnail_url":"https:\/\/www.ull.es\/portal\/noticias\/wp-content\/uploads\/sites\/13\/2025\/11\/Cartel-principal_-1-300x169.jpg","_links":{"self":[{"href":"https:\/\/www.ull.es\/portal\/noticias\/wp-json\/wp\/v2\/posts\/85496"}],"collection":[{"href":"https:\/\/www.ull.es\/portal\/noticias\/wp-json\/wp\/v2\/posts"}],"about":[{"href":"https:\/\/www.ull.es\/portal\/noticias\/wp-json\/wp\/v2\/types\/post"}],"author":[{"embeddable":true,"href":"https:\/\/www.ull.es\/portal\/noticias\/wp-json\/wp\/v2\/users\/67"}],"replies":[{"embeddable":true,"href":"https:\/\/www.ull.es\/portal\/noticias\/wp-json\/wp\/v2\/comments?post=85496"}],"version-history":[{"count":2,"href":"https:\/\/www.ull.es\/portal\/noticias\/wp-json\/wp\/v2\/posts\/85496\/revisions"}],"predecessor-version":[{"id":85501,"href":"https:\/\/www.ull.es\/portal\/noticias\/wp-json\/wp\/v2\/posts\/85496\/revisions\/85501"}],"wp:featuredmedia":[{"embeddable":true,"href":"https:\/\/www.ull.es\/portal\/noticias\/wp-json\/wp\/v2\/media\/85502"}],"wp:attachment":[{"href":"https:\/\/www.ull.es\/portal\/noticias\/wp-json\/wp\/v2\/media?parent=85496"}],"wp:term":[{"taxonomy":"category","embeddable":true,"href":"https:\/\/www.ull.es\/portal\/noticias\/wp-json\/wp\/v2\/categories?post=85496"},{"taxonomy":"post_tag","embeddable":true,"href":"https:\/\/www.ull.es\/portal\/noticias\/wp-json\/wp\/v2\/tags?post=85496"}],"curies":[{"name":"wp","href":"https:\/\/api.w.org\/{rel}","templated":true}]}}