{"id":85535,"date":"2025-11-13T11:53:55","date_gmt":"2025-11-13T11:53:55","guid":{"rendered":"https:\/\/www.ull.es\/portal\/noticias\/?p=85535"},"modified":"2025-11-14T08:57:00","modified_gmt":"2025-11-14T08:57:00","slug":"stars-eu-curso-economia-circular","status":"publish","type":"post","link":"https:\/\/www.ull.es\/portal\/noticias\/2025\/stars-eu-curso-economia-circular\/","title":{"rendered":"Estudiantes de la alianza STARS EU realizan en la ULL parte de un curso sobre econom\u00eda circular"},"content":{"rendered":"<p class=\"p3\">La Universidad de La Laguna acoge esta semana la parte presencial de un <i>Blended Intensive Program<\/i> (BIP) desarrollado en el marco de la alianza de universidades <a href=\"https:\/\/starseu.org\/\" target=\"_blank\" rel=\"noopener\" target=\"_blank\" rel=\"noopener\"><span class=\"s1\">STARS EU<\/span><\/a>. Este tipo de formaci\u00f3n combina varias semanas de clases telem\u00e1ticas con una presencial, que es la que se est\u00e1 desarrollando en el centro tinerfe\u00f1o. El curso aborda la econom\u00eda circular y en \u00e9l est\u00e1 participando una treintena de estudiantes de grado y posgrado de Alemania, Albania, Lituania, Portugal y Espa\u00f1a de diferentes especialidades: negocio internacional, ciencias ambientales, ingenier\u00eda y econom\u00eda.<\/p>\n<p class=\"p3\">El rector de la Universidad de de La Laguna, Francisco, J. Garcia, salud\u00f3 ayer, mi\u00e9rcoles, 12 de noviembre, a este alumnado internacional, resaltando la importancia que para la Universidad de La Laguna tiene la implicaci\u00f3n en la alianza universitaria STARS EU, que aspira a crear titulaciones conjuntas y a normalizar la presencia for\u00e1nea en los campos. Adem\u00e1s, destac\u00f3 que esta formaci\u00f3n sobre econom\u00eda circular entronca directamente con el inter\u00e9s institucional en la sostenibilidad, un principio transversal en todas las actuaciones del centro acad\u00e9mico.<\/p>\n<p class=\"p3\"><a href=\"https:\/\/www.ull.es\/portal\/noticias\/wp-content\/uploads\/sites\/13\/2025\/11\/Rector-visita-Stars-EU-03.jpg\" target=\"_blank\" rel=\"noopener\" target=\"_blank\" rel=\"noopener\"><img decoding=\"async\" loading=\"lazy\" class=\"alignleft wp-image-85537 size-medium\" src=\"https:\/\/www.ull.es\/portal\/noticias\/wp-content\/uploads\/sites\/13\/2025\/11\/Rector-visita-Stars-EU-03-300x200.jpg\" alt=\"\" width=\"300\" height=\"200\" srcset=\"https:\/\/www.ull.es\/portal\/noticias\/wp-content\/uploads\/sites\/13\/2025\/11\/Rector-visita-Stars-EU-03-300x200.jpg 300w, https:\/\/www.ull.es\/portal\/noticias\/wp-content\/uploads\/sites\/13\/2025\/11\/Rector-visita-Stars-EU-03-1024x683.jpg 1024w, https:\/\/www.ull.es\/portal\/noticias\/wp-content\/uploads\/sites\/13\/2025\/11\/Rector-visita-Stars-EU-03-768x512.jpg 768w, https:\/\/www.ull.es\/portal\/noticias\/wp-content\/uploads\/sites\/13\/2025\/11\/Rector-visita-Stars-EU-03-375x250.jpg 375w, https:\/\/www.ull.es\/portal\/noticias\/wp-content\/uploads\/sites\/13\/2025\/11\/Rector-visita-Stars-EU-03-750x500.jpg 750w, https:\/\/www.ull.es\/portal\/noticias\/wp-content\/uploads\/sites\/13\/2025\/11\/Rector-visita-Stars-EU-03-1140x760.jpg 1140w, https:\/\/www.ull.es\/portal\/noticias\/wp-content\/uploads\/sites\/13\/2025\/11\/Rector-visita-Stars-EU-03.jpg 1200w\" sizes=\"(max-width: 300px) 100vw, 300px\" \/><\/a>Adem\u00e1s de por la Universidad de La Laguna, el curso est\u00e1 auspiciado por otras dos entidades adscritas a STARS EU, la Universidad Polit\u00e9cnica de Braganza (Portugal) y la Universidad Aleksand\u00ebr Moisiu en Durr\u00ebs (Albania), adem\u00e1s de otras dos externas, la Universidad de Ciencias Aplicadas de Kempten (Alemania) y la Universidad Tecnol\u00f3gica de Kaunas (Lituania). El curso tiene tanto alumnado como profesorado de todas ellas y, adem\u00e1s, se han desplazado a hasta La Laguna cuatro docentes portugueses, alemanes y lituanos.<\/p>\n<p class=\"p3\">El profesor del Departamento de An\u00e1lisis Matem\u00e1tico <a href=\"https:\/\/portalciencia.ull.es\/investigadores\/82004\/detalle\" target=\"_blank\" rel=\"noopener\" target=\"_blank\" rel=\"noopener\"><span class=\"s1\">Rodrigo Trujillo<\/span><\/a> es el coordinador de este curso en la Universidad de La Laguna, y explica que en la primera fase online el alumnado ha sido formado y orientado en el an\u00e1lisis de modelos de negocio y desarrollo en econom\u00eda circular. \u201cEl elemento fundamental de esta semana presencial es ir a trabajar directamente con empresas que fueron seleccionadas con antelaci\u00f3n. El alumnado ya ha contactado con ellas y unas empresas le plantearon problemas relacionados con la sostenibilidad que desean resolver. Otras est\u00e1n abiertas a que sea el alumnado quien proponga propuestas de mejora, siempre orientadas a sostenibilidad e integraci\u00f3n en econom\u00eda circular\u201d.<\/p>\n<div id=\"attachment_85538\" style=\"width: 310px\" class=\"wp-caption alignright\"><a href=\"https:\/\/www.ull.es\/portal\/noticias\/wp-content\/uploads\/sites\/13\/2025\/11\/Rector-visita-Stars-EU-23.jpg\" target=\"_blank\" rel=\"noopener\" target=\"_blank\" rel=\"noopener\"><img aria-describedby=\"caption-attachment-85538\" decoding=\"async\" loading=\"lazy\" class=\"wp-image-85538 size-medium\" src=\"https:\/\/www.ull.es\/portal\/noticias\/wp-content\/uploads\/sites\/13\/2025\/11\/Rector-visita-Stars-EU-23-300x200.jpg\" alt=\"Una de las din\u00e1micas de grupo del curso.\" width=\"300\" height=\"200\" srcset=\"https:\/\/www.ull.es\/portal\/noticias\/wp-content\/uploads\/sites\/13\/2025\/11\/Rector-visita-Stars-EU-23-300x200.jpg 300w, https:\/\/www.ull.es\/portal\/noticias\/wp-content\/uploads\/sites\/13\/2025\/11\/Rector-visita-Stars-EU-23-1024x683.jpg 1024w, https:\/\/www.ull.es\/portal\/noticias\/wp-content\/uploads\/sites\/13\/2025\/11\/Rector-visita-Stars-EU-23-768x512.jpg 768w, https:\/\/www.ull.es\/portal\/noticias\/wp-content\/uploads\/sites\/13\/2025\/11\/Rector-visita-Stars-EU-23-375x250.jpg 375w, https:\/\/www.ull.es\/portal\/noticias\/wp-content\/uploads\/sites\/13\/2025\/11\/Rector-visita-Stars-EU-23-750x500.jpg 750w, https:\/\/www.ull.es\/portal\/noticias\/wp-content\/uploads\/sites\/13\/2025\/11\/Rector-visita-Stars-EU-23-1140x760.jpg 1140w, https:\/\/www.ull.es\/portal\/noticias\/wp-content\/uploads\/sites\/13\/2025\/11\/Rector-visita-Stars-EU-23.jpg 1200w\" sizes=\"(max-width: 300px) 100vw, 300px\" \/><\/a><p id=\"caption-attachment-85538\" class=\"wp-caption-text\">Una de las din\u00e1micas de grupo del curso.<\/p><\/div>\n<p class=\"p3\">Las empresas colaboradoras son Teidagua, Balten, Tagua, Hotel Tigaiga, Wooptix y Loro Parque. Trujillo aclara que, \u201caunque haya tres compa\u00f1\u00edas de tratamiento de agua, cada una ha enfocado su reto a aspectos distintos: almacenaje y aprovechamiento de energ\u00eda, distribuci\u00f3n de lodos y usos en sector de agricultura, y desalaci\u00f3n\u201d. La emergencia meteorol\u00f3gica declarada el mi\u00e9rcoles trastoc\u00f3 un poco estos planes, si bien el coordinador acad\u00e9mico destaca la r\u00e1pida respuesta de las empresas colaboradoras, que no tuvieron ning\u00fan problema en organizar reuniones de manera telem\u00e1ticas esa misma tarde para no perder tiempo de trabajo.<\/p>\n<p class=\"p3\">En la sesi\u00f3n del lunes, el alumnado tambi\u00e9n recibi\u00f3 dos charlas telem\u00e1ticas internacionales a cargo de James Ellsmoor, presidente de Island Innovation que se conect\u00f3 desde Irlanda, y Rafael Perini, uno de los organizadores de la COP3 que se celebrara en Belem (Brasil). Asimismo, ma\u00f1ana viernes el alumnado realizar\u00e1 la presentaci\u00f3n de los proyectos desarrollados, a la que<span class=\"Apple-converted-space\">\u00a0 <\/span>est\u00e1n invitadas las empresas. El curso culminar\u00e1 de manera telem\u00e1tica hasta final de mes, periodo en el que los y las estudiantes recoger\u00e1n sus conclusiones y propuestas en un un documento final m\u00e1s elaborado.<\/p>\n","protected":false},"excerpt":{"rendered":"<p>La Universidad de La Laguna acoge esta semana la parte presencial de un Blended Intensive Program (BIP) desarrollado en el&#8230;<\/p>\n","protected":false},"author":21,"featured_media":85536,"comment_status":"closed","ping_status":"closed","sticky":false,"template":"","format":"standard","meta":{"inline_featured_image":false,"footnotes":""},"categories":[345,349,2765,8764],"tags":[9929,1082,2286,3672,8684],"acf":[],"yoast_head":"<!-- This site is optimized with the Yoast SEO plugin v21.3 - https:\/\/yoast.com\/wordpress\/plugins\/seo\/ -->\n<title>Estudiantes STARS EU realizan un curso sobre econom\u00eda circular<\/title>\n<meta name=\"description\" content=\"Alumnado de Alemania, Albania, Lituania, Portugal y Espa\u00f1a realizan en la ULL la parte presencial de este BIP de la alianza universitaria.\" \/>\n<meta name=\"robots\" content=\"index, follow, max-snippet:-1, max-image-preview:large, max-video-preview:-1\" \/>\n<link rel=\"canonical\" href=\"https:\/\/www.ull.es\/portal\/noticias\/2025\/stars-eu-curso-economia-circular\/\" \/>\n<meta property=\"og:locale\" content=\"es_ES\" \/>\n<meta property=\"og:type\" content=\"article\" \/>\n<meta property=\"og:title\" content=\"Estudiantes STARS EU realizan un curso sobre econom\u00eda circular\" \/>\n<meta property=\"og:description\" content=\"Alumnado de Alemania, Albania, Lituania, Portugal y Espa\u00f1a realizan en la ULL la parte presencial de este BIP de la alianza universitaria.\" \/>\n<meta property=\"og:url\" content=\"https:\/\/www.ull.es\/portal\/noticias\/2025\/stars-eu-curso-economia-circular\/\" \/>\n<meta property=\"og:site_name\" content=\"ULL - Noticias\" \/>\n<meta property=\"article:publisher\" content=\"https:\/\/www.facebook.com\/universidaddelalaguna\/\" \/>\n<meta property=\"article:published_time\" content=\"2025-11-13T11:53:55+00:00\" \/>\n<meta property=\"article:modified_time\" content=\"2025-11-14T08:57:00+00:00\" \/>\n<meta property=\"og:image\" content=\"https:\/\/www.ull.es\/portal\/noticias\/wp-content\/uploads\/sites\/13\/2025\/11\/Rector-visita-Stars-EU-14.jpg\" \/>\n\t<meta property=\"og:image:width\" content=\"1200\" \/>\n\t<meta property=\"og:image:height\" content=\"795\" \/>\n\t<meta property=\"og:image:type\" content=\"image\/jpeg\" \/>\n<meta name=\"author\" content=\"prensa2\" \/>\n<meta name=\"twitter:card\" content=\"summary_large_image\" \/>\n<meta name=\"twitter:creator\" content=\"@CanalULL\" \/>\n<meta name=\"twitter:site\" content=\"@CanalULL\" \/>\n<meta name=\"twitter:label1\" content=\"Escrito por\" \/>\n\t<meta name=\"twitter:data1\" content=\"prensa2\" \/>\n\t<meta name=\"twitter:label2\" content=\"Tiempo de lectura\" \/>\n\t<meta name=\"twitter:data2\" content=\"3 minutos\" \/>\n<script type=\"application\/ld+json\" class=\"yoast-schema-graph\">{\"@context\":\"https:\/\/schema.org\",\"@graph\":[{\"@type\":\"WebPage\",\"@id\":\"https:\/\/www.ull.es\/portal\/noticias\/2025\/stars-eu-curso-economia-circular\/\",\"url\":\"https:\/\/www.ull.es\/portal\/noticias\/2025\/stars-eu-curso-economia-circular\/\",\"name\":\"Estudiantes STARS EU realizan un curso sobre econom\u00eda circular\",\"isPartOf\":{\"@id\":\"https:\/\/www.ull.es\/portal\/noticias\/#website\"},\"datePublished\":\"2025-11-13T11:53:55+00:00\",\"dateModified\":\"2025-11-14T08:57:00+00:00\",\"author\":{\"@id\":\"https:\/\/www.ull.es\/portal\/noticias\/#\/schema\/person\/c3b2aa857797592927a03740d6664376\"},\"description\":\"Alumnado de Alemania, Albania, Lituania, Portugal y Espa\u00f1a realizan en la ULL la parte presencial de este BIP de la alianza universitaria.\",\"breadcrumb\":{\"@id\":\"https:\/\/www.ull.es\/portal\/noticias\/2025\/stars-eu-curso-economia-circular\/#breadcrumb\"},\"inLanguage\":\"es\",\"potentialAction\":[{\"@type\":\"ReadAction\",\"target\":[\"https:\/\/www.ull.es\/portal\/noticias\/2025\/stars-eu-curso-economia-circular\/\"]}]},{\"@type\":\"BreadcrumbList\",\"@id\":\"https:\/\/www.ull.es\/portal\/noticias\/2025\/stars-eu-curso-economia-circular\/#breadcrumb\",\"itemListElement\":[{\"@type\":\"ListItem\",\"position\":1,\"name\":\"Portada\",\"item\":\"https:\/\/www.ull.es\/portal\/noticias\/\"},{\"@type\":\"ListItem\",\"position\":2,\"name\":\"Estudiantes de la alianza STARS EU realizan en la ULL parte de un curso sobre econom\u00eda circular\"}]},{\"@type\":\"WebSite\",\"@id\":\"https:\/\/www.ull.es\/portal\/noticias\/#website\",\"url\":\"https:\/\/www.ull.es\/portal\/noticias\/\",\"name\":\"ULL - Noticias\",\"description\":\"\",\"potentialAction\":[{\"@type\":\"SearchAction\",\"target\":{\"@type\":\"EntryPoint\",\"urlTemplate\":\"https:\/\/www.ull.es\/portal\/noticias\/?s={search_term_string}\"},\"query-input\":\"required name=search_term_string\"}],\"inLanguage\":\"es\"},{\"@type\":\"Person\",\"@id\":\"https:\/\/www.ull.es\/portal\/noticias\/#\/schema\/person\/c3b2aa857797592927a03740d6664376\",\"name\":\"prensa2\",\"image\":{\"@type\":\"ImageObject\",\"inLanguage\":\"es\",\"@id\":\"https:\/\/www.ull.es\/portal\/noticias\/#\/schema\/person\/image\/\",\"url\":\"https:\/\/secure.gravatar.com\/avatar\/b58f310a5de5feb33d1e026d2493f23c?s=96&d=mm&r=g\",\"contentUrl\":\"https:\/\/secure.gravatar.com\/avatar\/b58f310a5de5feb33d1e026d2493f23c?s=96&d=mm&r=g\",\"caption\":\"prensa2\"},\"url\":\"https:\/\/www.ull.es\/portal\/noticias\/author\/prensa2\/\"}]}<\/script>\n<!-- \/ Yoast SEO plugin. -->","yoast_head_json":{"title":"Estudiantes STARS EU realizan un curso sobre econom\u00eda circular","description":"Alumnado de Alemania, Albania, Lituania, Portugal y Espa\u00f1a realizan en la ULL la parte presencial de este BIP de la alianza universitaria.","robots":{"index":"index","follow":"follow","max-snippet":"max-snippet:-1","max-image-preview":"max-image-preview:large","max-video-preview":"max-video-preview:-1"},"canonical":"https:\/\/www.ull.es\/portal\/noticias\/2025\/stars-eu-curso-economia-circular\/","og_locale":"es_ES","og_type":"article","og_title":"Estudiantes STARS EU realizan un curso sobre econom\u00eda circular","og_description":"Alumnado de Alemania, Albania, Lituania, Portugal y Espa\u00f1a realizan en la ULL la parte presencial de este BIP de la alianza universitaria.","og_url":"https:\/\/www.ull.es\/portal\/noticias\/2025\/stars-eu-curso-economia-circular\/","og_site_name":"ULL - Noticias","article_publisher":"https:\/\/www.facebook.com\/universidaddelalaguna\/","article_published_time":"2025-11-13T11:53:55+00:00","article_modified_time":"2025-11-14T08:57:00+00:00","og_image":[{"width":1200,"height":795,"url":"https:\/\/www.ull.es\/portal\/noticias\/wp-content\/uploads\/sites\/13\/2025\/11\/Rector-visita-Stars-EU-14.jpg","type":"image\/jpeg"}],"author":"prensa2","twitter_card":"summary_large_image","twitter_creator":"@CanalULL","twitter_site":"@CanalULL","twitter_misc":{"Escrito por":"prensa2","Tiempo de lectura":"3 minutos"},"schema":{"@context":"https:\/\/schema.org","@graph":[{"@type":"WebPage","@id":"https:\/\/www.ull.es\/portal\/noticias\/2025\/stars-eu-curso-economia-circular\/","url":"https:\/\/www.ull.es\/portal\/noticias\/2025\/stars-eu-curso-economia-circular\/","name":"Estudiantes STARS EU realizan un curso sobre econom\u00eda circular","isPartOf":{"@id":"https:\/\/www.ull.es\/portal\/noticias\/#website"},"datePublished":"2025-11-13T11:53:55+00:00","dateModified":"2025-11-14T08:57:00+00:00","author":{"@id":"https:\/\/www.ull.es\/portal\/noticias\/#\/schema\/person\/c3b2aa857797592927a03740d6664376"},"description":"Alumnado de Alemania, Albania, Lituania, Portugal y Espa\u00f1a realizan en la ULL la parte presencial de este BIP de la alianza universitaria.","breadcrumb":{"@id":"https:\/\/www.ull.es\/portal\/noticias\/2025\/stars-eu-curso-economia-circular\/#breadcrumb"},"inLanguage":"es","potentialAction":[{"@type":"ReadAction","target":["https:\/\/www.ull.es\/portal\/noticias\/2025\/stars-eu-curso-economia-circular\/"]}]},{"@type":"BreadcrumbList","@id":"https:\/\/www.ull.es\/portal\/noticias\/2025\/stars-eu-curso-economia-circular\/#breadcrumb","itemListElement":[{"@type":"ListItem","position":1,"name":"Portada","item":"https:\/\/www.ull.es\/portal\/noticias\/"},{"@type":"ListItem","position":2,"name":"Estudiantes de la alianza STARS EU realizan en la ULL parte de un curso sobre econom\u00eda circular"}]},{"@type":"WebSite","@id":"https:\/\/www.ull.es\/portal\/noticias\/#website","url":"https:\/\/www.ull.es\/portal\/noticias\/","name":"ULL - Noticias","description":"","potentialAction":[{"@type":"SearchAction","target":{"@type":"EntryPoint","urlTemplate":"https:\/\/www.ull.es\/portal\/noticias\/?s={search_term_string}"},"query-input":"required name=search_term_string"}],"inLanguage":"es"},{"@type":"Person","@id":"https:\/\/www.ull.es\/portal\/noticias\/#\/schema\/person\/c3b2aa857797592927a03740d6664376","name":"prensa2","image":{"@type":"ImageObject","inLanguage":"es","@id":"https:\/\/www.ull.es\/portal\/noticias\/#\/schema\/person\/image\/","url":"https:\/\/secure.gravatar.com\/avatar\/b58f310a5de5feb33d1e026d2493f23c?s=96&d=mm&r=g","contentUrl":"https:\/\/secure.gravatar.com\/avatar\/b58f310a5de5feb33d1e026d2493f23c?s=96&d=mm&r=g","caption":"prensa2"},"url":"https:\/\/www.ull.es\/portal\/noticias\/author\/prensa2\/"}]}},"primary_category":{"id":345,"name":"Destacado","slug":"destacado","link":"https:\/\/www.ull.es\/portal\/noticias\/category\/destacado\/"},"featured_image_thumbnail_url":"https:\/\/www.ull.es\/portal\/noticias\/wp-content\/uploads\/sites\/13\/2025\/11\/Rector-visita-Stars-EU-14-300x199.jpg","_links":{"self":[{"href":"https:\/\/www.ull.es\/portal\/noticias\/wp-json\/wp\/v2\/posts\/85535"}],"collection":[{"href":"https:\/\/www.ull.es\/portal\/noticias\/wp-json\/wp\/v2\/posts"}],"about":[{"href":"https:\/\/www.ull.es\/portal\/noticias\/wp-json\/wp\/v2\/types\/post"}],"author":[{"embeddable":true,"href":"https:\/\/www.ull.es\/portal\/noticias\/wp-json\/wp\/v2\/users\/21"}],"replies":[{"embeddable":true,"href":"https:\/\/www.ull.es\/portal\/noticias\/wp-json\/wp\/v2\/comments?post=85535"}],"version-history":[{"count":2,"href":"https:\/\/www.ull.es\/portal\/noticias\/wp-json\/wp\/v2\/posts\/85535\/revisions"}],"predecessor-version":[{"id":85546,"href":"https:\/\/www.ull.es\/portal\/noticias\/wp-json\/wp\/v2\/posts\/85535\/revisions\/85546"}],"wp:featuredmedia":[{"embeddable":true,"href":"https:\/\/www.ull.es\/portal\/noticias\/wp-json\/wp\/v2\/media\/85536"}],"wp:attachment":[{"href":"https:\/\/www.ull.es\/portal\/noticias\/wp-json\/wp\/v2\/media?parent=85535"}],"wp:term":[{"taxonomy":"category","embeddable":true,"href":"https:\/\/www.ull.es\/portal\/noticias\/wp-json\/wp\/v2\/categories?post=85535"},{"taxonomy":"post_tag","embeddable":true,"href":"https:\/\/www.ull.es\/portal\/noticias\/wp-json\/wp\/v2\/tags?post=85535"}],"curies":[{"name":"wp","href":"https:\/\/api.w.org\/{rel}","templated":true}]}}