{"id":85626,"date":"2025-11-20T14:52:55","date_gmt":"2025-11-20T14:52:55","guid":{"rendered":"https:\/\/www.ull.es\/portal\/noticias\/?p=85626"},"modified":"2025-11-20T14:52:55","modified_gmt":"2025-11-20T14:52:55","slug":"consejo-gobierno-creacion-trece-plazas-profesorado","status":"publish","type":"post","link":"https:\/\/www.ull.es\/portal\/noticias\/2025\/consejo-gobierno-creacion-trece-plazas-profesorado\/","title":{"rendered":"El Consejo de Gobierno aprueba la creaci\u00f3n de trece plazas de profesorado"},"content":{"rendered":"<p>La Universidad de La Laguna ha celebrado hoy, jueves 20 de noviembre, una breve sesi\u00f3n de su Consejo de Gobierno en la cual el vicerrector de Personal Docente e Investigador, Alfonso Ruiz Rallo, llev\u00f3 a la consideraci\u00f3n del \u00f3rgano una propuesta de modificaci\u00f3n de la Relaci\u00f3n de Puestos de Trabajo de profesorado para convocar treces nuevas plazas, correspondientes a la Oferta de Empleo P\u00fablico (OEP) de 2023 y la Provisi\u00f3n y Planificaci\u00f3n de Plazas (PPP) de 2024.<\/p>\n<p>La propuesta fue aprobada por asentimiento y se sustancia, m\u00e1s concretamente, en la creaci\u00f3n de once plazas de Profesorado Permanente Laboral de la OEP de 2023 adscritas a las \u00e1reas de conocimiento de Bioqu\u00edmica y Biolog\u00eda Molecular, Bot\u00e1nica, Ciencias y T\u00e9cnicas de la Navegaci\u00f3n, Derecho Civil, Enfermer\u00eda (dos plazas), Filolog\u00eda Inglesa, Fisioterapia, Ingenier\u00eda de Sistemas y Autom\u00e1tica, Medicina Preventiva y Salud P\u00fablica, y Psicolog\u00eda B\u00e1sica.<\/p>\n<p>Las dos plazas restantes son de Profesorado Ayudante Doctor de la PPP 2024, adscritas a las \u00e1reas de Derecho Constitucional, y de Derecho Internacional P\u00fablico y Relaciones Internacionales.<\/p>\n<p>En la sesi\u00f3n tambi\u00e9n fue aprobada la convocatoria ordinaria de tres puestos de profesor titular de turno libre. Las plazas hab\u00edan sido convocadas en julio para el cupo de personal investigador y tras la resoluci\u00f3n del concurso de acceso en octubre hab\u00edan quedado desiertas, raz\u00f3n por la cual ahora pasan al turno libre.<\/p>\n<p>Por su parte, la gerenta de la Universidad de La Laguna, Lidia Pereira, llev\u00f3 al Consejo de Gobierno la aprobaci\u00f3n de gasto plurianual relativo al encargo general a la Fundaci\u00f3n General de la Universidad de la Laguna correspondiente al periodo entre finales de 2025 y 2027, con un cr\u00e9dito de 6,3 millones de euros para cubrir 23 tipos de actividades, que se ir\u00e1n facturando a medida que se vayan realizando las tareas encomendadas. Fue aprobado por 26 votos favorables, 4 negativos y 5 abstenciones.<\/p>\n","protected":false},"excerpt":{"rendered":"<p>La Universidad de La Laguna ha celebrado hoy, jueves 20 de noviembre, una breve sesi\u00f3n de su Consejo de Gobierno&#8230;<\/p>\n","protected":false},"author":21,"featured_media":85627,"comment_status":"closed","ping_status":"closed","sticky":false,"template":"","format":"standard","meta":{"inline_featured_image":false,"footnotes":""},"categories":[345,347,2765],"tags":[903,1331,12108,5133,6721],"acf":[],"yoast_head":"<!-- This site is optimized with the Yoast SEO plugin v21.3 - https:\/\/yoast.com\/wordpress\/plugins\/seo\/ -->\n<title>El Consejo de Gobierno aprueba la creaci\u00f3n de 13 plazas de PDI<\/title>\n<meta name=\"description\" content=\"La propuesta aprobada por asentimiento se sustancia en 11 plazas de Profesorado Permanente Laboral y 2 de Profesorado Ayudante Doctor.\" \/>\n<meta name=\"robots\" content=\"index, follow, max-snippet:-1, max-image-preview:large, max-video-preview:-1\" \/>\n<link rel=\"canonical\" href=\"https:\/\/www.ull.es\/portal\/noticias\/2025\/consejo-gobierno-creacion-trece-plazas-profesorado\/\" \/>\n<meta property=\"og:locale\" content=\"es_ES\" \/>\n<meta property=\"og:type\" content=\"article\" \/>\n<meta property=\"og:title\" content=\"El Consejo de Gobierno aprueba la creaci\u00f3n de 13 plazas de PDI\" \/>\n<meta property=\"og:description\" content=\"La propuesta aprobada por asentimiento se sustancia en 11 plazas de Profesorado Permanente Laboral y 2 de Profesorado Ayudante Doctor.\" \/>\n<meta property=\"og:url\" content=\"https:\/\/www.ull.es\/portal\/noticias\/2025\/consejo-gobierno-creacion-trece-plazas-profesorado\/\" \/>\n<meta property=\"og:site_name\" content=\"ULL - Noticias\" \/>\n<meta property=\"article:publisher\" content=\"https:\/\/www.facebook.com\/universidaddelalaguna\/\" \/>\n<meta property=\"article:published_time\" content=\"2025-11-20T14:52:55+00:00\" \/>\n<meta property=\"og:image\" content=\"https:\/\/www.ull.es\/portal\/noticias\/wp-content\/uploads\/sites\/13\/2025\/11\/Cons-Gobierno-20-11.jpg\" \/>\n\t<meta property=\"og:image:width\" content=\"1600\" \/>\n\t<meta property=\"og:image:height\" content=\"1066\" \/>\n\t<meta property=\"og:image:type\" content=\"image\/jpeg\" \/>\n<meta name=\"author\" content=\"prensa2\" \/>\n<meta name=\"twitter:card\" content=\"summary_large_image\" \/>\n<meta name=\"twitter:creator\" content=\"@CanalULL\" \/>\n<meta name=\"twitter:site\" content=\"@CanalULL\" \/>\n<meta name=\"twitter:label1\" content=\"Escrito por\" \/>\n\t<meta name=\"twitter:data1\" content=\"prensa2\" \/>\n\t<meta name=\"twitter:label2\" content=\"Tiempo de lectura\" \/>\n\t<meta name=\"twitter:data2\" content=\"2 minutos\" \/>\n<script type=\"application\/ld+json\" class=\"yoast-schema-graph\">{\"@context\":\"https:\/\/schema.org\",\"@graph\":[{\"@type\":\"WebPage\",\"@id\":\"https:\/\/www.ull.es\/portal\/noticias\/2025\/consejo-gobierno-creacion-trece-plazas-profesorado\/\",\"url\":\"https:\/\/www.ull.es\/portal\/noticias\/2025\/consejo-gobierno-creacion-trece-plazas-profesorado\/\",\"name\":\"El Consejo de Gobierno aprueba la creaci\u00f3n de 13 plazas de PDI\",\"isPartOf\":{\"@id\":\"https:\/\/www.ull.es\/portal\/noticias\/#website\"},\"datePublished\":\"2025-11-20T14:52:55+00:00\",\"dateModified\":\"2025-11-20T14:52:55+00:00\",\"author\":{\"@id\":\"https:\/\/www.ull.es\/portal\/noticias\/#\/schema\/person\/c3b2aa857797592927a03740d6664376\"},\"description\":\"La propuesta aprobada por asentimiento se sustancia en 11 plazas de Profesorado Permanente Laboral y 2 de Profesorado Ayudante Doctor.\",\"breadcrumb\":{\"@id\":\"https:\/\/www.ull.es\/portal\/noticias\/2025\/consejo-gobierno-creacion-trece-plazas-profesorado\/#breadcrumb\"},\"inLanguage\":\"es\",\"potentialAction\":[{\"@type\":\"ReadAction\",\"target\":[\"https:\/\/www.ull.es\/portal\/noticias\/2025\/consejo-gobierno-creacion-trece-plazas-profesorado\/\"]}]},{\"@type\":\"BreadcrumbList\",\"@id\":\"https:\/\/www.ull.es\/portal\/noticias\/2025\/consejo-gobierno-creacion-trece-plazas-profesorado\/#breadcrumb\",\"itemListElement\":[{\"@type\":\"ListItem\",\"position\":1,\"name\":\"Portada\",\"item\":\"https:\/\/www.ull.es\/portal\/noticias\/\"},{\"@type\":\"ListItem\",\"position\":2,\"name\":\"El Consejo de Gobierno aprueba la creaci\u00f3n de trece plazas de profesorado\"}]},{\"@type\":\"WebSite\",\"@id\":\"https:\/\/www.ull.es\/portal\/noticias\/#website\",\"url\":\"https:\/\/www.ull.es\/portal\/noticias\/\",\"name\":\"ULL - Noticias\",\"description\":\"\",\"potentialAction\":[{\"@type\":\"SearchAction\",\"target\":{\"@type\":\"EntryPoint\",\"urlTemplate\":\"https:\/\/www.ull.es\/portal\/noticias\/?s={search_term_string}\"},\"query-input\":\"required name=search_term_string\"}],\"inLanguage\":\"es\"},{\"@type\":\"Person\",\"@id\":\"https:\/\/www.ull.es\/portal\/noticias\/#\/schema\/person\/c3b2aa857797592927a03740d6664376\",\"name\":\"prensa2\",\"image\":{\"@type\":\"ImageObject\",\"inLanguage\":\"es\",\"@id\":\"https:\/\/www.ull.es\/portal\/noticias\/#\/schema\/person\/image\/\",\"url\":\"https:\/\/secure.gravatar.com\/avatar\/b58f310a5de5feb33d1e026d2493f23c?s=96&d=mm&r=g\",\"contentUrl\":\"https:\/\/secure.gravatar.com\/avatar\/b58f310a5de5feb33d1e026d2493f23c?s=96&d=mm&r=g\",\"caption\":\"prensa2\"},\"url\":\"https:\/\/www.ull.es\/portal\/noticias\/author\/prensa2\/\"}]}<\/script>\n<!-- \/ Yoast SEO plugin. -->","yoast_head_json":{"title":"El Consejo de Gobierno aprueba la creaci\u00f3n de 13 plazas de PDI","description":"La propuesta aprobada por asentimiento se sustancia en 11 plazas de Profesorado Permanente Laboral y 2 de Profesorado Ayudante Doctor.","robots":{"index":"index","follow":"follow","max-snippet":"max-snippet:-1","max-image-preview":"max-image-preview:large","max-video-preview":"max-video-preview:-1"},"canonical":"https:\/\/www.ull.es\/portal\/noticias\/2025\/consejo-gobierno-creacion-trece-plazas-profesorado\/","og_locale":"es_ES","og_type":"article","og_title":"El Consejo de Gobierno aprueba la creaci\u00f3n de 13 plazas de PDI","og_description":"La propuesta aprobada por asentimiento se sustancia en 11 plazas de Profesorado Permanente Laboral y 2 de Profesorado Ayudante Doctor.","og_url":"https:\/\/www.ull.es\/portal\/noticias\/2025\/consejo-gobierno-creacion-trece-plazas-profesorado\/","og_site_name":"ULL - Noticias","article_publisher":"https:\/\/www.facebook.com\/universidaddelalaguna\/","article_published_time":"2025-11-20T14:52:55+00:00","og_image":[{"width":1600,"height":1066,"url":"https:\/\/www.ull.es\/portal\/noticias\/wp-content\/uploads\/sites\/13\/2025\/11\/Cons-Gobierno-20-11.jpg","type":"image\/jpeg"}],"author":"prensa2","twitter_card":"summary_large_image","twitter_creator":"@CanalULL","twitter_site":"@CanalULL","twitter_misc":{"Escrito por":"prensa2","Tiempo de lectura":"2 minutos"},"schema":{"@context":"https:\/\/schema.org","@graph":[{"@type":"WebPage","@id":"https:\/\/www.ull.es\/portal\/noticias\/2025\/consejo-gobierno-creacion-trece-plazas-profesorado\/","url":"https:\/\/www.ull.es\/portal\/noticias\/2025\/consejo-gobierno-creacion-trece-plazas-profesorado\/","name":"El Consejo de Gobierno aprueba la creaci\u00f3n de 13 plazas de PDI","isPartOf":{"@id":"https:\/\/www.ull.es\/portal\/noticias\/#website"},"datePublished":"2025-11-20T14:52:55+00:00","dateModified":"2025-11-20T14:52:55+00:00","author":{"@id":"https:\/\/www.ull.es\/portal\/noticias\/#\/schema\/person\/c3b2aa857797592927a03740d6664376"},"description":"La propuesta aprobada por asentimiento se sustancia en 11 plazas de Profesorado Permanente Laboral y 2 de Profesorado Ayudante Doctor.","breadcrumb":{"@id":"https:\/\/www.ull.es\/portal\/noticias\/2025\/consejo-gobierno-creacion-trece-plazas-profesorado\/#breadcrumb"},"inLanguage":"es","potentialAction":[{"@type":"ReadAction","target":["https:\/\/www.ull.es\/portal\/noticias\/2025\/consejo-gobierno-creacion-trece-plazas-profesorado\/"]}]},{"@type":"BreadcrumbList","@id":"https:\/\/www.ull.es\/portal\/noticias\/2025\/consejo-gobierno-creacion-trece-plazas-profesorado\/#breadcrumb","itemListElement":[{"@type":"ListItem","position":1,"name":"Portada","item":"https:\/\/www.ull.es\/portal\/noticias\/"},{"@type":"ListItem","position":2,"name":"El Consejo de Gobierno aprueba la creaci\u00f3n de trece plazas de profesorado"}]},{"@type":"WebSite","@id":"https:\/\/www.ull.es\/portal\/noticias\/#website","url":"https:\/\/www.ull.es\/portal\/noticias\/","name":"ULL - Noticias","description":"","potentialAction":[{"@type":"SearchAction","target":{"@type":"EntryPoint","urlTemplate":"https:\/\/www.ull.es\/portal\/noticias\/?s={search_term_string}"},"query-input":"required name=search_term_string"}],"inLanguage":"es"},{"@type":"Person","@id":"https:\/\/www.ull.es\/portal\/noticias\/#\/schema\/person\/c3b2aa857797592927a03740d6664376","name":"prensa2","image":{"@type":"ImageObject","inLanguage":"es","@id":"https:\/\/www.ull.es\/portal\/noticias\/#\/schema\/person\/image\/","url":"https:\/\/secure.gravatar.com\/avatar\/b58f310a5de5feb33d1e026d2493f23c?s=96&d=mm&r=g","contentUrl":"https:\/\/secure.gravatar.com\/avatar\/b58f310a5de5feb33d1e026d2493f23c?s=96&d=mm&r=g","caption":"prensa2"},"url":"https:\/\/www.ull.es\/portal\/noticias\/author\/prensa2\/"}]}},"primary_category":{"id":345,"name":"Destacado","slug":"destacado","link":"https:\/\/www.ull.es\/portal\/noticias\/category\/destacado\/"},"featured_image_thumbnail_url":"https:\/\/www.ull.es\/portal\/noticias\/wp-content\/uploads\/sites\/13\/2025\/11\/Cons-Gobierno-20-11-300x200.jpg","_links":{"self":[{"href":"https:\/\/www.ull.es\/portal\/noticias\/wp-json\/wp\/v2\/posts\/85626"}],"collection":[{"href":"https:\/\/www.ull.es\/portal\/noticias\/wp-json\/wp\/v2\/posts"}],"about":[{"href":"https:\/\/www.ull.es\/portal\/noticias\/wp-json\/wp\/v2\/types\/post"}],"author":[{"embeddable":true,"href":"https:\/\/www.ull.es\/portal\/noticias\/wp-json\/wp\/v2\/users\/21"}],"replies":[{"embeddable":true,"href":"https:\/\/www.ull.es\/portal\/noticias\/wp-json\/wp\/v2\/comments?post=85626"}],"version-history":[{"count":1,"href":"https:\/\/www.ull.es\/portal\/noticias\/wp-json\/wp\/v2\/posts\/85626\/revisions"}],"predecessor-version":[{"id":85628,"href":"https:\/\/www.ull.es\/portal\/noticias\/wp-json\/wp\/v2\/posts\/85626\/revisions\/85628"}],"wp:featuredmedia":[{"embeddable":true,"href":"https:\/\/www.ull.es\/portal\/noticias\/wp-json\/wp\/v2\/media\/85627"}],"wp:attachment":[{"href":"https:\/\/www.ull.es\/portal\/noticias\/wp-json\/wp\/v2\/media?parent=85626"}],"wp:term":[{"taxonomy":"category","embeddable":true,"href":"https:\/\/www.ull.es\/portal\/noticias\/wp-json\/wp\/v2\/categories?post=85626"},{"taxonomy":"post_tag","embeddable":true,"href":"https:\/\/www.ull.es\/portal\/noticias\/wp-json\/wp\/v2\/tags?post=85626"}],"curies":[{"name":"wp","href":"https:\/\/api.w.org\/{rel}","templated":true}]}}