{"id":85767,"date":"2025-11-26T14:33:23","date_gmt":"2025-11-26T14:33:23","guid":{"rendered":"https:\/\/www.ull.es\/portal\/noticias\/?p=85767"},"modified":"2025-11-26T18:06:04","modified_gmt":"2025-11-26T18:06:04","slug":"representantes-de-la-vida-politica-y-social-de-canarias-dialogan-en-la-ull-sobre-la-transicion-en-el-archipielago","status":"publish","type":"post","link":"https:\/\/www.ull.es\/portal\/noticias\/2025\/representantes-de-la-vida-politica-y-social-de-canarias-dialogan-en-la-ull-sobre-la-transicion-en-el-archipielago\/","title":{"rendered":"Representantes de la vida pol\u00edtica y social de Canarias dialogan en la ULL sobre la Transici\u00f3n en el archipi\u00e9lago"},"content":{"rendered":"<p>La Universidad de La Laguna contin\u00faa con el programa \u201cPara la libertad. Espa\u00f1a despu\u00e9s de 1975\u201d, para conmemorar cincuenta a\u00f1os del inicio de la transici\u00f3n democr\u00e1tica en Espa\u00f1a. Ma\u00f1ana, jueves 27 de noviembre, se dedicar\u00e1 una jornada especial que reunir\u00e1 a cinco representantes de la vida pol\u00edtica y social del Archipi\u00e9lago en aquellos cruciales momentos, quieres dialogar\u00e1n con Mar\u00eda Luisa Arozarena Marrero, periodista y ex directora de Radio Nacional de Espa\u00f1a en Canarias.<\/p>\n<p>El acto, bajo el t\u00edtulo \u201cDe la pol\u00edtica en la transici\u00f3n a la transici\u00f3n en la pol\u00edtica: una mirada desde Canarias\u201d se celebrar\u00e1 a las 18 horas en la Sala de Rectores del Edificio Central de la instituci\u00f3n acad\u00e9mica. La entrada ser\u00e1 gratuita.<\/p>\n<p>Participar\u00e1n Jos\u00e9 Carlos Mauricio, periodista y figura clave del nacionalismo canario contempor\u00e1neo, con trayectoria que abarca desde el Partido Comunista en los a\u00f1os 70 hasta su papel como consejero de Econom\u00eda y Hacienda del Gobierno de Canarias y diputado en el Congreso.<\/p>\n<p>Intervendr\u00e1 tambi\u00e9n Pablo R\u00f3denas Utray, profesor del Departamento de Filosof\u00eda de la Ciencia, la Educaci\u00f3n y el Lenguaje de la Universidad de La Laguna y dirigente en los a\u00f1os posteriores a 1975 de organizaciones como el Partido de Unificaci\u00f3n Comunista de Canarias (PUCC) y el Movimiento de Izquierda Revolucionaria del Archipi\u00e9lago Canario (MIRAC).<\/p>\n<p>El encuentro contar\u00e1 con Alfonso Soriano Ben\u00edtez de Lugo, primer presidente de la Junta de Canarias (1978-79), diputado en la Legislatura Constituyente y figura destacada en UCD quien, posteriormente, se integrar\u00eda en el Partido Popular, formaci\u00f3n del que fue presidente de Tenerife entre 1989 y 1990.<\/p>\n<p>Estar\u00e1 tambi\u00e9n Antonio Martin\u00f3n Cejas, catedr\u00e1tico en Matem\u00e1ticas y ex rector de la Universidad de La Laguna, form\u00f3 parte del grupo fundador del PSP Canario (secretario de organizaci\u00f3n) y secretario general, presidente de Tenerife y presidente regional tras la fusi\u00f3n con el PSOE. Adem\u00e1s, fue responsable pol\u00edtico en m\u00faltiples instituciones auton\u00f3micas y estatales durante la Transici\u00f3n y los primeros gobiernos de Canarias.<\/p>\n<p>Completa el panel Isidoro S\u00e1nchez Garc\u00eda, representante de ATI-Coalici\u00f3n Canaria y con amplia experiencia institucional, como concejal, consejero del Cabildo de Tenerife, diputado auton\u00f3mico, senador y eurodiputado en distintas etapas entre 1979 y 2003.<\/p>\n","protected":false},"excerpt":{"rendered":"<p>La Universidad de La Laguna contin\u00faa con el programa \u201cPara la libertad. Espa\u00f1a despu\u00e9s de 1975\u201d, para conmemorar cincuenta a\u00f1os&#8230;<\/p>\n","protected":false},"author":67,"featured_media":85768,"comment_status":"closed","ping_status":"closed","sticky":false,"template":"","format":"standard","meta":{"inline_featured_image":false,"footnotes":""},"categories":[345,348,2765],"tags":[698,11954,6887],"acf":[],"yoast_head":"<!-- This site is optimized with the Yoast SEO plugin v21.3 - https:\/\/yoast.com\/wordpress\/plugins\/seo\/ -->\n<title>Representantes de la vida pol\u00edtica y social de Canarias dialogan en la ULL sobre la Transici\u00f3n en el archipi\u00e9lago - ULL - Noticias<\/title>\n<meta name=\"description\" content=\"La Universidad de La Laguna contin\u00faa con el programa \u201cPara la libertad. Espa\u00f1a despu\u00e9s de 1975\u201d, para conmemorar cincuenta a\u00f1os del inicio de la transici\u00f3n democr\u00e1tica en Espa\u00f1a.\" \/>\n<meta name=\"robots\" content=\"index, follow, max-snippet:-1, max-image-preview:large, max-video-preview:-1\" \/>\n<link rel=\"canonical\" href=\"https:\/\/www.ull.es\/portal\/noticias\/2025\/representantes-de-la-vida-politica-y-social-de-canarias-dialogan-en-la-ull-sobre-la-transicion-en-el-archipielago\/\" \/>\n<meta property=\"og:locale\" content=\"es_ES\" \/>\n<meta property=\"og:type\" content=\"article\" \/>\n<meta property=\"og:title\" content=\"Representantes de la vida pol\u00edtica y social de Canarias dialogan en la ULL sobre la Transici\u00f3n en el archipi\u00e9lago - ULL - Noticias\" \/>\n<meta property=\"og:description\" content=\"La Universidad de La Laguna contin\u00faa con el programa \u201cPara la libertad. Espa\u00f1a despu\u00e9s de 1975\u201d, para conmemorar cincuenta a\u00f1os del inicio de la transici\u00f3n democr\u00e1tica en Espa\u00f1a.\" \/>\n<meta property=\"og:url\" content=\"https:\/\/www.ull.es\/portal\/noticias\/2025\/representantes-de-la-vida-politica-y-social-de-canarias-dialogan-en-la-ull-sobre-la-transicion-en-el-archipielago\/\" \/>\n<meta property=\"og:site_name\" content=\"ULL - Noticias\" \/>\n<meta property=\"article:publisher\" content=\"https:\/\/www.facebook.com\/universidaddelalaguna\/\" \/>\n<meta property=\"article:published_time\" content=\"2025-11-26T14:33:23+00:00\" \/>\n<meta property=\"article:modified_time\" content=\"2025-11-26T18:06:04+00:00\" \/>\n<meta property=\"og:image\" content=\"https:\/\/www.ull.es\/portal\/noticias\/wp-content\/uploads\/sites\/13\/2025\/11\/De-la-politica-en-la-transicion-Eventos.png\" \/>\n\t<meta property=\"og:image:width\" content=\"750\" \/>\n\t<meta property=\"og:image:height\" content=\"370\" \/>\n\t<meta property=\"og:image:type\" content=\"image\/png\" \/>\n<meta name=\"author\" content=\"gcom5\" \/>\n<meta name=\"twitter:card\" content=\"summary_large_image\" \/>\n<meta name=\"twitter:creator\" content=\"@CanalULL\" \/>\n<meta name=\"twitter:site\" content=\"@CanalULL\" \/>\n<meta name=\"twitter:label1\" content=\"Escrito por\" \/>\n\t<meta name=\"twitter:data1\" content=\"gcom5\" \/>\n\t<meta name=\"twitter:label2\" content=\"Tiempo de lectura\" \/>\n\t<meta name=\"twitter:data2\" content=\"2 minutos\" \/>\n<script type=\"application\/ld+json\" class=\"yoast-schema-graph\">{\"@context\":\"https:\/\/schema.org\",\"@graph\":[{\"@type\":\"WebPage\",\"@id\":\"https:\/\/www.ull.es\/portal\/noticias\/2025\/representantes-de-la-vida-politica-y-social-de-canarias-dialogan-en-la-ull-sobre-la-transicion-en-el-archipielago\/\",\"url\":\"https:\/\/www.ull.es\/portal\/noticias\/2025\/representantes-de-la-vida-politica-y-social-de-canarias-dialogan-en-la-ull-sobre-la-transicion-en-el-archipielago\/\",\"name\":\"Representantes de la vida pol\u00edtica y social de Canarias dialogan en la ULL sobre la Transici\u00f3n en el archipi\u00e9lago - ULL - Noticias\",\"isPartOf\":{\"@id\":\"https:\/\/www.ull.es\/portal\/noticias\/#website\"},\"datePublished\":\"2025-11-26T14:33:23+00:00\",\"dateModified\":\"2025-11-26T18:06:04+00:00\",\"author\":{\"@id\":\"https:\/\/www.ull.es\/portal\/noticias\/#\/schema\/person\/8027c6c4687adc2c90dc1532715d34df\"},\"description\":\"La Universidad de La Laguna contin\u00faa con el programa \u201cPara la libertad. Espa\u00f1a despu\u00e9s de 1975\u201d, para conmemorar cincuenta a\u00f1os del inicio de la transici\u00f3n democr\u00e1tica en Espa\u00f1a.\",\"breadcrumb\":{\"@id\":\"https:\/\/www.ull.es\/portal\/noticias\/2025\/representantes-de-la-vida-politica-y-social-de-canarias-dialogan-en-la-ull-sobre-la-transicion-en-el-archipielago\/#breadcrumb\"},\"inLanguage\":\"es\",\"potentialAction\":[{\"@type\":\"ReadAction\",\"target\":[\"https:\/\/www.ull.es\/portal\/noticias\/2025\/representantes-de-la-vida-politica-y-social-de-canarias-dialogan-en-la-ull-sobre-la-transicion-en-el-archipielago\/\"]}]},{\"@type\":\"BreadcrumbList\",\"@id\":\"https:\/\/www.ull.es\/portal\/noticias\/2025\/representantes-de-la-vida-politica-y-social-de-canarias-dialogan-en-la-ull-sobre-la-transicion-en-el-archipielago\/#breadcrumb\",\"itemListElement\":[{\"@type\":\"ListItem\",\"position\":1,\"name\":\"Portada\",\"item\":\"https:\/\/www.ull.es\/portal\/noticias\/\"},{\"@type\":\"ListItem\",\"position\":2,\"name\":\"Representantes de la vida pol\u00edtica y social de Canarias dialogan en la ULL sobre la Transici\u00f3n en el archipi\u00e9lago\"}]},{\"@type\":\"WebSite\",\"@id\":\"https:\/\/www.ull.es\/portal\/noticias\/#website\",\"url\":\"https:\/\/www.ull.es\/portal\/noticias\/\",\"name\":\"ULL - Noticias\",\"description\":\"\",\"potentialAction\":[{\"@type\":\"SearchAction\",\"target\":{\"@type\":\"EntryPoint\",\"urlTemplate\":\"https:\/\/www.ull.es\/portal\/noticias\/?s={search_term_string}\"},\"query-input\":\"required name=search_term_string\"}],\"inLanguage\":\"es\"},{\"@type\":\"Person\",\"@id\":\"https:\/\/www.ull.es\/portal\/noticias\/#\/schema\/person\/8027c6c4687adc2c90dc1532715d34df\",\"name\":\"gcom5\",\"image\":{\"@type\":\"ImageObject\",\"inLanguage\":\"es\",\"@id\":\"https:\/\/www.ull.es\/portal\/noticias\/#\/schema\/person\/image\/\",\"url\":\"https:\/\/secure.gravatar.com\/avatar\/8b3777f8048001fa57b88338ce5605b9?s=96&d=mm&r=g\",\"contentUrl\":\"https:\/\/secure.gravatar.com\/avatar\/8b3777f8048001fa57b88338ce5605b9?s=96&d=mm&r=g\",\"caption\":\"gcom5\"},\"url\":\"https:\/\/www.ull.es\/portal\/noticias\/author\/gcom5\/\"}]}<\/script>\n<!-- \/ Yoast SEO plugin. -->","yoast_head_json":{"title":"Representantes de la vida pol\u00edtica y social de Canarias dialogan en la ULL sobre la Transici\u00f3n en el archipi\u00e9lago - ULL - Noticias","description":"La Universidad de La Laguna contin\u00faa con el programa \u201cPara la libertad. Espa\u00f1a despu\u00e9s de 1975\u201d, para conmemorar cincuenta a\u00f1os del inicio de la transici\u00f3n democr\u00e1tica en Espa\u00f1a.","robots":{"index":"index","follow":"follow","max-snippet":"max-snippet:-1","max-image-preview":"max-image-preview:large","max-video-preview":"max-video-preview:-1"},"canonical":"https:\/\/www.ull.es\/portal\/noticias\/2025\/representantes-de-la-vida-politica-y-social-de-canarias-dialogan-en-la-ull-sobre-la-transicion-en-el-archipielago\/","og_locale":"es_ES","og_type":"article","og_title":"Representantes de la vida pol\u00edtica y social de Canarias dialogan en la ULL sobre la Transici\u00f3n en el archipi\u00e9lago - ULL - Noticias","og_description":"La Universidad de La Laguna contin\u00faa con el programa \u201cPara la libertad. Espa\u00f1a despu\u00e9s de 1975\u201d, para conmemorar cincuenta a\u00f1os del inicio de la transici\u00f3n democr\u00e1tica en Espa\u00f1a.","og_url":"https:\/\/www.ull.es\/portal\/noticias\/2025\/representantes-de-la-vida-politica-y-social-de-canarias-dialogan-en-la-ull-sobre-la-transicion-en-el-archipielago\/","og_site_name":"ULL - Noticias","article_publisher":"https:\/\/www.facebook.com\/universidaddelalaguna\/","article_published_time":"2025-11-26T14:33:23+00:00","article_modified_time":"2025-11-26T18:06:04+00:00","og_image":[{"width":750,"height":370,"url":"https:\/\/www.ull.es\/portal\/noticias\/wp-content\/uploads\/sites\/13\/2025\/11\/De-la-politica-en-la-transicion-Eventos.png","type":"image\/png"}],"author":"gcom5","twitter_card":"summary_large_image","twitter_creator":"@CanalULL","twitter_site":"@CanalULL","twitter_misc":{"Escrito por":"gcom5","Tiempo de lectura":"2 minutos"},"schema":{"@context":"https:\/\/schema.org","@graph":[{"@type":"WebPage","@id":"https:\/\/www.ull.es\/portal\/noticias\/2025\/representantes-de-la-vida-politica-y-social-de-canarias-dialogan-en-la-ull-sobre-la-transicion-en-el-archipielago\/","url":"https:\/\/www.ull.es\/portal\/noticias\/2025\/representantes-de-la-vida-politica-y-social-de-canarias-dialogan-en-la-ull-sobre-la-transicion-en-el-archipielago\/","name":"Representantes de la vida pol\u00edtica y social de Canarias dialogan en la ULL sobre la Transici\u00f3n en el archipi\u00e9lago - ULL - Noticias","isPartOf":{"@id":"https:\/\/www.ull.es\/portal\/noticias\/#website"},"datePublished":"2025-11-26T14:33:23+00:00","dateModified":"2025-11-26T18:06:04+00:00","author":{"@id":"https:\/\/www.ull.es\/portal\/noticias\/#\/schema\/person\/8027c6c4687adc2c90dc1532715d34df"},"description":"La Universidad de La Laguna contin\u00faa con el programa \u201cPara la libertad. Espa\u00f1a despu\u00e9s de 1975\u201d, para conmemorar cincuenta a\u00f1os del inicio de la transici\u00f3n democr\u00e1tica en Espa\u00f1a.","breadcrumb":{"@id":"https:\/\/www.ull.es\/portal\/noticias\/2025\/representantes-de-la-vida-politica-y-social-de-canarias-dialogan-en-la-ull-sobre-la-transicion-en-el-archipielago\/#breadcrumb"},"inLanguage":"es","potentialAction":[{"@type":"ReadAction","target":["https:\/\/www.ull.es\/portal\/noticias\/2025\/representantes-de-la-vida-politica-y-social-de-canarias-dialogan-en-la-ull-sobre-la-transicion-en-el-archipielago\/"]}]},{"@type":"BreadcrumbList","@id":"https:\/\/www.ull.es\/portal\/noticias\/2025\/representantes-de-la-vida-politica-y-social-de-canarias-dialogan-en-la-ull-sobre-la-transicion-en-el-archipielago\/#breadcrumb","itemListElement":[{"@type":"ListItem","position":1,"name":"Portada","item":"https:\/\/www.ull.es\/portal\/noticias\/"},{"@type":"ListItem","position":2,"name":"Representantes de la vida pol\u00edtica y social de Canarias dialogan en la ULL sobre la Transici\u00f3n en el archipi\u00e9lago"}]},{"@type":"WebSite","@id":"https:\/\/www.ull.es\/portal\/noticias\/#website","url":"https:\/\/www.ull.es\/portal\/noticias\/","name":"ULL - Noticias","description":"","potentialAction":[{"@type":"SearchAction","target":{"@type":"EntryPoint","urlTemplate":"https:\/\/www.ull.es\/portal\/noticias\/?s={search_term_string}"},"query-input":"required name=search_term_string"}],"inLanguage":"es"},{"@type":"Person","@id":"https:\/\/www.ull.es\/portal\/noticias\/#\/schema\/person\/8027c6c4687adc2c90dc1532715d34df","name":"gcom5","image":{"@type":"ImageObject","inLanguage":"es","@id":"https:\/\/www.ull.es\/portal\/noticias\/#\/schema\/person\/image\/","url":"https:\/\/secure.gravatar.com\/avatar\/8b3777f8048001fa57b88338ce5605b9?s=96&d=mm&r=g","contentUrl":"https:\/\/secure.gravatar.com\/avatar\/8b3777f8048001fa57b88338ce5605b9?s=96&d=mm&r=g","caption":"gcom5"},"url":"https:\/\/www.ull.es\/portal\/noticias\/author\/gcom5\/"}]}},"primary_category":{"id":345,"name":"Destacado","slug":"destacado","link":"https:\/\/www.ull.es\/portal\/noticias\/category\/destacado\/"},"featured_image_thumbnail_url":"https:\/\/www.ull.es\/portal\/noticias\/wp-content\/uploads\/sites\/13\/2025\/11\/De-la-politica-en-la-transicion-Eventos-300x148.png","_links":{"self":[{"href":"https:\/\/www.ull.es\/portal\/noticias\/wp-json\/wp\/v2\/posts\/85767"}],"collection":[{"href":"https:\/\/www.ull.es\/portal\/noticias\/wp-json\/wp\/v2\/posts"}],"about":[{"href":"https:\/\/www.ull.es\/portal\/noticias\/wp-json\/wp\/v2\/types\/post"}],"author":[{"embeddable":true,"href":"https:\/\/www.ull.es\/portal\/noticias\/wp-json\/wp\/v2\/users\/67"}],"replies":[{"embeddable":true,"href":"https:\/\/www.ull.es\/portal\/noticias\/wp-json\/wp\/v2\/comments?post=85767"}],"version-history":[{"count":2,"href":"https:\/\/www.ull.es\/portal\/noticias\/wp-json\/wp\/v2\/posts\/85767\/revisions"}],"predecessor-version":[{"id":85774,"href":"https:\/\/www.ull.es\/portal\/noticias\/wp-json\/wp\/v2\/posts\/85767\/revisions\/85774"}],"wp:featuredmedia":[{"embeddable":true,"href":"https:\/\/www.ull.es\/portal\/noticias\/wp-json\/wp\/v2\/media\/85768"}],"wp:attachment":[{"href":"https:\/\/www.ull.es\/portal\/noticias\/wp-json\/wp\/v2\/media?parent=85767"}],"wp:term":[{"taxonomy":"category","embeddable":true,"href":"https:\/\/www.ull.es\/portal\/noticias\/wp-json\/wp\/v2\/categories?post=85767"},{"taxonomy":"post_tag","embeddable":true,"href":"https:\/\/www.ull.es\/portal\/noticias\/wp-json\/wp\/v2\/tags?post=85767"}],"curies":[{"name":"wp","href":"https:\/\/api.w.org\/{rel}","templated":true}]}}