{"id":85827,"date":"2025-11-28T13:20:43","date_gmt":"2025-11-28T13:20:43","guid":{"rendered":"https:\/\/www.ull.es\/portal\/noticias\/?p=85827"},"modified":"2025-11-28T13:21:29","modified_gmt":"2025-11-28T13:21:29","slug":"laboratorio-innovacion-social-conversatorio-sobre-patrimonio-vivo","status":"publish","type":"post","link":"https:\/\/www.ull.es\/portal\/noticias\/2025\/laboratorio-innovacion-social-conversatorio-sobre-patrimonio-vivo\/","title":{"rendered":"El Laboratorio de Innovaci\u00f3n Social de la ULL celebra el I Conversatorio sobre Patrimonio Vivo"},"content":{"rendered":"<p>La Universidad de La Laguna acogi\u00f3 el pasado mi\u00e9rcoles 26 de noviembre el I Conversatorio sobre Patrimonio Vivo: \u201cNarrativas en movimiento, j\u00f3venes que inspiran\u201d, un encuentro impulsado por el <a href=\"http:\/\/labins.es\" target=\"_blank\" rel=\"noopener\" target=\"_blank\" rel=\"noopener\">Laboratorio de Innovaci\u00f3n Social de la Universidad de La Laguna (LabINS ULL)<\/a> que cuenta con la colaboraci\u00f3n de la Facultad de Educaci\u00f3n, concebido como un espacio de reflexi\u00f3n colectiva sobre la importancia de reinterpretar, comunicar y cuidar el patrimonio canario desde nuevas miradas.<\/p>\n<p>El acto tuvo lugar en la Sala de Grados Islas Canarias y reuni\u00f3 a j\u00f3venes profesionales que, desde disciplinas como la m\u00fasica, la artesan\u00eda, la biolog\u00eda y la comunicaci\u00f3n audiovisual, est\u00e1n contribuyendo a acercar el patrimonio cultural y natural al p\u00fablico general mediante formatos contempor\u00e1neos y, especialmente, a trav\u00e9s de las redes sociales.<\/p>\n<p>La apertura del encuentro estuvo a cargo de <a href=\"https:\/\/portalciencia.ull.es\/investigadores\/80817\/detalle\" target=\"_blank\" rel=\"noopener\" target=\"_blank\" rel=\"noopener\">Esperanza Ceballos Vacas<\/a>, decana de la Facultad de Educaci\u00f3n, quien destac\u00f3 el papel fundamental de la educaci\u00f3n en la transmisi\u00f3n y valoraci\u00f3n del patrimonio: \u201cComprender de d\u00f3nde venimos es imprescindible para construir un futuro m\u00e1s justo y consciente para Canarias\u201d.<\/p>\n<p>El conversatorio, presentado por <a href=\"https:\/\/www.linkedin.com\/in\/robin-n%C3%A1poles-mart%C3%ADnez-69ab5b343\/?originalSubdomain=es\" target=\"_blank\" rel=\"noopener\" target=\"_blank\" rel=\"noopener\">Robin N\u00e1poles Mart\u00ednez<\/a>, graduado en Espa\u00f1ol: Lengua y Literatura y becario de investigaci\u00f3n en LabINS ULL, fue moderado por <a href=\"https:\/\/www.linkedin.com\/in\/m%C3%B3nicadiosrodr%C3%ADguez\/\" target=\"_blank\" rel=\"noopener\" target=\"_blank\" rel=\"noopener\">M\u00f3nica Dios Rodr\u00edguez<\/a>, directora pedag\u00f3gica del laboratorio y profesora del Departamento de Historia y Filosof\u00eda de la Ciencia, la Educaci\u00f3n y el Lenguaje. Durante su intervenci\u00f3n, subray\u00f3 que el patrimonio no es solo un legado: \u201cEs un espacio vivo que construye comunidad, refuerza v\u00ednculos y nos ayuda a reconocernos mutuamente. Para que siga siendo significativo, tiene que ser compartido, narrado, cuidado, reinterpretado y ense\u00f1ado\u201d,<\/p>\n<h3>Cuatro miradas<\/h3>\n<p>Durante el encuentro intervinieron Cristina Regalado Ramos, artista textil y divulgadora del patrimonio artesano. Su trabajo, centrado en las mujeres, el territorio y las tradiciones textiles, puso en valor la importancia del legado inmaterial. Destac\u00f3 que el patrimonio inmaterial tambi\u00e9n es lucha: \u201cla lucha obrera, la lucha que ha sostenido esta tierra y que forma parte de nuestra identidad\u201d.<\/p>\n<p>Pablo Mart\u00edn Pestano, bi\u00f3logo marino y creador de contenido que, a trav\u00e9s de sus redes, vincula biodiversidad, paisaje e identidad canaria. En el conversatorio subray\u00f3 que los ecosistemas son tambi\u00e9n espacios emocionales y culturales: \u201cLos charcos no son solo ecosistemas; son parte de nuestra vida y de nuestra memoria\u201d.<\/p>\n<p><a href=\"https:\/\/www.linkedin.com\/in\/cristina-mahelo-199b15214\/\" target=\"_blank\" rel=\"noopener\">Cristina Mahelo <\/a>(<a href=\"https:\/\/www.instagram.com\/cristinamahelo\/\" target=\"_blank\" rel=\"noopener\">@cristinamahelo<\/a>), cantante, periodista y \u201cartivista\u201d presenta una propuesta art\u00edstica que combina sonidos tradicionales con tendencias contempor\u00e1neas para abordar problem\u00e1ticas sociales en Canarias. Celebr\u00f3 que el conversatorio diera protagonismo a quienes viven el patrimonio en lo cotidiano: \u201cEl patrimonio vivo lo sostienen las personas, la calle, quienes lo practican y lo cuentan\u201d.<\/p>\n<p>Finalmente, <a href=\"https:\/\/www.linkedin.com\/in\/ra%C3%BAl-guanche-rosa-932612176\/\" target=\"_blank\" rel=\"noopener\">Ra\u00fal Guanche Rosa<\/a> (<a href=\"https:\/\/www.instagram.com\/wanamenzaz\/\" target=\"_blank\" rel=\"noopener\">@wanamenzaz<\/a>), comunicador audiovisual especializado en guion y divulgaci\u00f3n hist\u00f3rica, explora mitos, memoria y territorio, recuperando relatos desde la creatividad y el rigor. Alert\u00f3 sobre la circulaci\u00f3n de narrativas distorsionadas: \u201cSeguimos repitiendo leyendas e historias sin fundamento; divulgar con responsabilidad es tambi\u00e9n cuidar el patrimonio\u201d.<\/p>\n<p>El evento cerr\u00f3 con un espacio de di\u00e1logo con el p\u00fablico, donde emergieron reflexiones sobre los retos actuales del patrimonio canario: la turistificaci\u00f3n, la p\u00e9rdida de memoria comunitaria, la necesidad de divulgar con responsabilidad y el papel de la juventud en la creaci\u00f3n de nuevas narrativas.<\/p>\n<p>Como broche final, M\u00f3nica Dios cit\u00f3 a la escritora canaria Mar\u00eda Rosa Alonso: \u201cLa cultura es la ra\u00edz que sostiene al pueblo; si la cuidamos, siempre habr\u00e1 fruto\u201d. Una frase que sintetiz\u00f3 el sentido del encuentro: comprender el patrimonio como un tejido vivo que se fortalece cuando se comparte, se cuestiona y se reimagina colectivamente.<\/p>\n<p>Este I Conversatorio sobre Patrimonios Vivos forma parte de la l\u00ednea de acci\u00f3n del Laboratorio de Innovaci\u00f3n Social de la Universidad de La Laguna, que desarrolla desde 2022 un ciclo de encuentros orientados a promover una universidad m\u00e1s igualitaria, colaborativa y comprometida con el bien com\u00fan. A trav\u00e9s de estas iniciativas, LabINS ULL reafirma su apuesta por una educaci\u00f3n que conecte disciplinas, territorios y generaciones para construir futuros m\u00e1s sostenibles y conscientes.<\/p>\n<p>&nbsp;<\/p>\n","protected":false},"excerpt":{"rendered":"<p>La Universidad de La Laguna acogi\u00f3 el pasado mi\u00e9rcoles 26 de noviembre el I Conversatorio sobre Patrimonio Vivo: \u201cNarrativas en&#8230;<\/p>\n","protected":false},"author":21,"featured_media":85828,"comment_status":"closed","ping_status":"closed","sticky":false,"template":"","format":"standard","meta":{"inline_featured_image":false,"footnotes":""},"categories":[345,348,2765],"tags":[12158,12156,2744,10273,9510,9495,12157,2063,12159],"acf":[],"yoast_head":"<!-- This site is optimized with the Yoast SEO plugin v21.3 - https:\/\/yoast.com\/wordpress\/plugins\/seo\/ -->\n<title>El abINS ULL celebra el I Conversatorio sobre Patrimonio Vivo<\/title>\n<meta name=\"description\" content=\"El Laboratorio de Innovaci\u00f3n Social de la ULL organiz\u00f3 este foro concebido como un espacio de reflexi\u00f3n sobre el patrimonio canario.\" \/>\n<meta name=\"robots\" content=\"index, follow, max-snippet:-1, max-image-preview:large, max-video-preview:-1\" \/>\n<link rel=\"canonical\" href=\"https:\/\/www.ull.es\/portal\/noticias\/2025\/laboratorio-innovacion-social-conversatorio-sobre-patrimonio-vivo\/\" \/>\n<meta property=\"og:locale\" content=\"es_ES\" \/>\n<meta property=\"og:type\" content=\"article\" \/>\n<meta property=\"og:title\" content=\"El abINS ULL celebra el I Conversatorio sobre Patrimonio Vivo\" \/>\n<meta property=\"og:description\" content=\"El Laboratorio de Innovaci\u00f3n Social de la ULL organiz\u00f3 este foro concebido como un espacio de reflexi\u00f3n sobre el patrimonio canario.\" \/>\n<meta property=\"og:url\" content=\"https:\/\/www.ull.es\/portal\/noticias\/2025\/laboratorio-innovacion-social-conversatorio-sobre-patrimonio-vivo\/\" \/>\n<meta property=\"og:site_name\" content=\"ULL - Noticias\" \/>\n<meta property=\"article:publisher\" content=\"https:\/\/www.facebook.com\/universidaddelalaguna\/\" \/>\n<meta property=\"article:published_time\" content=\"2025-11-28T13:20:43+00:00\" \/>\n<meta property=\"article:modified_time\" content=\"2025-11-28T13:21:29+00:00\" \/>\n<meta property=\"og:image\" content=\"https:\/\/www.ull.es\/portal\/noticias\/wp-content\/uploads\/sites\/13\/2025\/11\/conversatorio-patrimonio-vivo.jpg\" \/>\n\t<meta property=\"og:image:width\" content=\"1200\" \/>\n\t<meta property=\"og:image:height\" content=\"591\" \/>\n\t<meta property=\"og:image:type\" content=\"image\/jpeg\" \/>\n<meta name=\"author\" content=\"prensa2\" \/>\n<meta name=\"twitter:card\" content=\"summary_large_image\" \/>\n<meta name=\"twitter:creator\" content=\"@CanalULL\" \/>\n<meta name=\"twitter:site\" content=\"@CanalULL\" \/>\n<meta name=\"twitter:label1\" content=\"Escrito por\" \/>\n\t<meta name=\"twitter:data1\" content=\"prensa2\" \/>\n\t<meta name=\"twitter:label2\" content=\"Tiempo de lectura\" \/>\n\t<meta name=\"twitter:data2\" content=\"3 minutos\" \/>\n<script type=\"application\/ld+json\" class=\"yoast-schema-graph\">{\"@context\":\"https:\/\/schema.org\",\"@graph\":[{\"@type\":\"WebPage\",\"@id\":\"https:\/\/www.ull.es\/portal\/noticias\/2025\/laboratorio-innovacion-social-conversatorio-sobre-patrimonio-vivo\/\",\"url\":\"https:\/\/www.ull.es\/portal\/noticias\/2025\/laboratorio-innovacion-social-conversatorio-sobre-patrimonio-vivo\/\",\"name\":\"El abINS ULL celebra el I Conversatorio sobre Patrimonio Vivo\",\"isPartOf\":{\"@id\":\"https:\/\/www.ull.es\/portal\/noticias\/#website\"},\"datePublished\":\"2025-11-28T13:20:43+00:00\",\"dateModified\":\"2025-11-28T13:21:29+00:00\",\"author\":{\"@id\":\"https:\/\/www.ull.es\/portal\/noticias\/#\/schema\/person\/c3b2aa857797592927a03740d6664376\"},\"description\":\"El Laboratorio de Innovaci\u00f3n Social de la ULL organiz\u00f3 este foro concebido como un espacio de reflexi\u00f3n sobre el patrimonio canario.\",\"breadcrumb\":{\"@id\":\"https:\/\/www.ull.es\/portal\/noticias\/2025\/laboratorio-innovacion-social-conversatorio-sobre-patrimonio-vivo\/#breadcrumb\"},\"inLanguage\":\"es\",\"potentialAction\":[{\"@type\":\"ReadAction\",\"target\":[\"https:\/\/www.ull.es\/portal\/noticias\/2025\/laboratorio-innovacion-social-conversatorio-sobre-patrimonio-vivo\/\"]}]},{\"@type\":\"BreadcrumbList\",\"@id\":\"https:\/\/www.ull.es\/portal\/noticias\/2025\/laboratorio-innovacion-social-conversatorio-sobre-patrimonio-vivo\/#breadcrumb\",\"itemListElement\":[{\"@type\":\"ListItem\",\"position\":1,\"name\":\"Portada\",\"item\":\"https:\/\/www.ull.es\/portal\/noticias\/\"},{\"@type\":\"ListItem\",\"position\":2,\"name\":\"El Laboratorio de Innovaci\u00f3n Social de la ULL celebra el I Conversatorio sobre Patrimonio Vivo\"}]},{\"@type\":\"WebSite\",\"@id\":\"https:\/\/www.ull.es\/portal\/noticias\/#website\",\"url\":\"https:\/\/www.ull.es\/portal\/noticias\/\",\"name\":\"ULL - Noticias\",\"description\":\"\",\"potentialAction\":[{\"@type\":\"SearchAction\",\"target\":{\"@type\":\"EntryPoint\",\"urlTemplate\":\"https:\/\/www.ull.es\/portal\/noticias\/?s={search_term_string}\"},\"query-input\":\"required name=search_term_string\"}],\"inLanguage\":\"es\"},{\"@type\":\"Person\",\"@id\":\"https:\/\/www.ull.es\/portal\/noticias\/#\/schema\/person\/c3b2aa857797592927a03740d6664376\",\"name\":\"prensa2\",\"image\":{\"@type\":\"ImageObject\",\"inLanguage\":\"es\",\"@id\":\"https:\/\/www.ull.es\/portal\/noticias\/#\/schema\/person\/image\/\",\"url\":\"https:\/\/secure.gravatar.com\/avatar\/b58f310a5de5feb33d1e026d2493f23c?s=96&d=mm&r=g\",\"contentUrl\":\"https:\/\/secure.gravatar.com\/avatar\/b58f310a5de5feb33d1e026d2493f23c?s=96&d=mm&r=g\",\"caption\":\"prensa2\"},\"url\":\"https:\/\/www.ull.es\/portal\/noticias\/author\/prensa2\/\"}]}<\/script>\n<!-- \/ Yoast SEO plugin. -->","yoast_head_json":{"title":"El abINS ULL celebra el I Conversatorio sobre Patrimonio Vivo","description":"El Laboratorio de Innovaci\u00f3n Social de la ULL organiz\u00f3 este foro concebido como un espacio de reflexi\u00f3n sobre el patrimonio canario.","robots":{"index":"index","follow":"follow","max-snippet":"max-snippet:-1","max-image-preview":"max-image-preview:large","max-video-preview":"max-video-preview:-1"},"canonical":"https:\/\/www.ull.es\/portal\/noticias\/2025\/laboratorio-innovacion-social-conversatorio-sobre-patrimonio-vivo\/","og_locale":"es_ES","og_type":"article","og_title":"El abINS ULL celebra el I Conversatorio sobre Patrimonio Vivo","og_description":"El Laboratorio de Innovaci\u00f3n Social de la ULL organiz\u00f3 este foro concebido como un espacio de reflexi\u00f3n sobre el patrimonio canario.","og_url":"https:\/\/www.ull.es\/portal\/noticias\/2025\/laboratorio-innovacion-social-conversatorio-sobre-patrimonio-vivo\/","og_site_name":"ULL - Noticias","article_publisher":"https:\/\/www.facebook.com\/universidaddelalaguna\/","article_published_time":"2025-11-28T13:20:43+00:00","article_modified_time":"2025-11-28T13:21:29+00:00","og_image":[{"width":1200,"height":591,"url":"https:\/\/www.ull.es\/portal\/noticias\/wp-content\/uploads\/sites\/13\/2025\/11\/conversatorio-patrimonio-vivo.jpg","type":"image\/jpeg"}],"author":"prensa2","twitter_card":"summary_large_image","twitter_creator":"@CanalULL","twitter_site":"@CanalULL","twitter_misc":{"Escrito por":"prensa2","Tiempo de lectura":"3 minutos"},"schema":{"@context":"https:\/\/schema.org","@graph":[{"@type":"WebPage","@id":"https:\/\/www.ull.es\/portal\/noticias\/2025\/laboratorio-innovacion-social-conversatorio-sobre-patrimonio-vivo\/","url":"https:\/\/www.ull.es\/portal\/noticias\/2025\/laboratorio-innovacion-social-conversatorio-sobre-patrimonio-vivo\/","name":"El abINS ULL celebra el I Conversatorio sobre Patrimonio Vivo","isPartOf":{"@id":"https:\/\/www.ull.es\/portal\/noticias\/#website"},"datePublished":"2025-11-28T13:20:43+00:00","dateModified":"2025-11-28T13:21:29+00:00","author":{"@id":"https:\/\/www.ull.es\/portal\/noticias\/#\/schema\/person\/c3b2aa857797592927a03740d6664376"},"description":"El Laboratorio de Innovaci\u00f3n Social de la ULL organiz\u00f3 este foro concebido como un espacio de reflexi\u00f3n sobre el patrimonio canario.","breadcrumb":{"@id":"https:\/\/www.ull.es\/portal\/noticias\/2025\/laboratorio-innovacion-social-conversatorio-sobre-patrimonio-vivo\/#breadcrumb"},"inLanguage":"es","potentialAction":[{"@type":"ReadAction","target":["https:\/\/www.ull.es\/portal\/noticias\/2025\/laboratorio-innovacion-social-conversatorio-sobre-patrimonio-vivo\/"]}]},{"@type":"BreadcrumbList","@id":"https:\/\/www.ull.es\/portal\/noticias\/2025\/laboratorio-innovacion-social-conversatorio-sobre-patrimonio-vivo\/#breadcrumb","itemListElement":[{"@type":"ListItem","position":1,"name":"Portada","item":"https:\/\/www.ull.es\/portal\/noticias\/"},{"@type":"ListItem","position":2,"name":"El Laboratorio de Innovaci\u00f3n Social de la ULL celebra el I Conversatorio sobre Patrimonio Vivo"}]},{"@type":"WebSite","@id":"https:\/\/www.ull.es\/portal\/noticias\/#website","url":"https:\/\/www.ull.es\/portal\/noticias\/","name":"ULL - Noticias","description":"","potentialAction":[{"@type":"SearchAction","target":{"@type":"EntryPoint","urlTemplate":"https:\/\/www.ull.es\/portal\/noticias\/?s={search_term_string}"},"query-input":"required name=search_term_string"}],"inLanguage":"es"},{"@type":"Person","@id":"https:\/\/www.ull.es\/portal\/noticias\/#\/schema\/person\/c3b2aa857797592927a03740d6664376","name":"prensa2","image":{"@type":"ImageObject","inLanguage":"es","@id":"https:\/\/www.ull.es\/portal\/noticias\/#\/schema\/person\/image\/","url":"https:\/\/secure.gravatar.com\/avatar\/b58f310a5de5feb33d1e026d2493f23c?s=96&d=mm&r=g","contentUrl":"https:\/\/secure.gravatar.com\/avatar\/b58f310a5de5feb33d1e026d2493f23c?s=96&d=mm&r=g","caption":"prensa2"},"url":"https:\/\/www.ull.es\/portal\/noticias\/author\/prensa2\/"}]}},"primary_category":{"id":345,"name":"Destacado","slug":"destacado","link":"https:\/\/www.ull.es\/portal\/noticias\/category\/destacado\/"},"featured_image_thumbnail_url":"https:\/\/www.ull.es\/portal\/noticias\/wp-content\/uploads\/sites\/13\/2025\/11\/conversatorio-patrimonio-vivo-300x148.jpg","_links":{"self":[{"href":"https:\/\/www.ull.es\/portal\/noticias\/wp-json\/wp\/v2\/posts\/85827"}],"collection":[{"href":"https:\/\/www.ull.es\/portal\/noticias\/wp-json\/wp\/v2\/posts"}],"about":[{"href":"https:\/\/www.ull.es\/portal\/noticias\/wp-json\/wp\/v2\/types\/post"}],"author":[{"embeddable":true,"href":"https:\/\/www.ull.es\/portal\/noticias\/wp-json\/wp\/v2\/users\/21"}],"replies":[{"embeddable":true,"href":"https:\/\/www.ull.es\/portal\/noticias\/wp-json\/wp\/v2\/comments?post=85827"}],"version-history":[{"count":1,"href":"https:\/\/www.ull.es\/portal\/noticias\/wp-json\/wp\/v2\/posts\/85827\/revisions"}],"predecessor-version":[{"id":85829,"href":"https:\/\/www.ull.es\/portal\/noticias\/wp-json\/wp\/v2\/posts\/85827\/revisions\/85829"}],"wp:featuredmedia":[{"embeddable":true,"href":"https:\/\/www.ull.es\/portal\/noticias\/wp-json\/wp\/v2\/media\/85828"}],"wp:attachment":[{"href":"https:\/\/www.ull.es\/portal\/noticias\/wp-json\/wp\/v2\/media?parent=85827"}],"wp:term":[{"taxonomy":"category","embeddable":true,"href":"https:\/\/www.ull.es\/portal\/noticias\/wp-json\/wp\/v2\/categories?post=85827"},{"taxonomy":"post_tag","embeddable":true,"href":"https:\/\/www.ull.es\/portal\/noticias\/wp-json\/wp\/v2\/tags?post=85827"}],"curies":[{"name":"wp","href":"https:\/\/api.w.org\/{rel}","templated":true}]}}