{"id":85897,"date":"2025-12-02T14:42:18","date_gmt":"2025-12-02T14:42:18","guid":{"rendered":"https:\/\/www.ull.es\/portal\/noticias\/?p=85897"},"modified":"2025-12-02T14:42:38","modified_gmt":"2025-12-02T14:42:38","slug":"aula-cine-ciclo-transicion","status":"publish","type":"post","link":"https:\/\/www.ull.es\/portal\/noticias\/2025\/aula-cine-ciclo-transicion\/","title":{"rendered":"El Aula de Cine de la ULL presenta un ciclo con tres pel\u00edculas clave de la Transici\u00f3n espa\u00f1ola"},"content":{"rendered":"<p>Dentro del programa de actos \u201c<a href=\"https:\/\/www.ull.es\/paralalibertad\/\" target=\"_blank\" rel=\"noopener\">Para la libertad. Espa\u00f1a despu\u00e9s de 1975<\/a>\u201d con el que la Universidad de La Laguna conmemora 50 a\u00f1os del inicio de la Transici\u00f3n democr\u00e1tica, su Aula de Cine ha organizado <a href=\"https:\/\/www.ull.es\/portal\/agenda\/evento\/charlas-de-cine\/\" target=\"_blank\" rel=\"noopener\">un ciclo de tres pel\u00edculas<\/a> clave de ese periodo que se proyectaran en los Multicines Tenerife los mi\u00e9rcoles 3, 10 y 17 de diciembre. La entrada ser\u00e1 gratuita, pero para controlar el aforo deber\u00e1n retirarse en la taquilla del cine el mismo d\u00eda del pase. Al final de cada pel\u00edcula habr\u00e1 una charla coloquio con diferentes especialistas en las que tambi\u00e9n podr\u00e1 participar el p\u00fablico.<\/p>\n<p>La pel\u00edcula del 3 de diciembre es \u201cGary Cooper que est\u00e1s en los cielos\u201d, dirigida en 1980 por Pilar Mir\u00f3 y protagonizada por Mercedes Sampietro. Este drama con tintes autobiogr\u00e1ficos se centra en la figura de una joven y prestigiosa directora de televisi\u00f3n que tiene que ser operada de urgencia. Su \u00e9xito profesional contrasta con su fracasada vida sentimental y, en ese momento de angustia, reflexiona sobre su vida, su relaci\u00f3n con los hombres y su familia, evocando a su gran amor plat\u00f3nico de juventud: Gary Cooper.<\/p>\n<p><a href=\"https:\/\/www.ull.es\/portal\/noticias\/wp-content\/uploads\/sites\/13\/2025\/12\/aula-cine.jpg\" target=\"_blank\" rel=\"noopener\" target=\"_blank\" rel=\"noopener\"><img decoding=\"async\" loading=\"lazy\" class=\"alignleft wp-image-85899 size-medium\" src=\"https:\/\/www.ull.es\/portal\/noticias\/wp-content\/uploads\/sites\/13\/2025\/12\/aula-cine-169x300.jpg\" alt=\"\" width=\"169\" height=\"300\" srcset=\"https:\/\/www.ull.es\/portal\/noticias\/wp-content\/uploads\/sites\/13\/2025\/12\/aula-cine-169x300.jpg 169w, https:\/\/www.ull.es\/portal\/noticias\/wp-content\/uploads\/sites\/13\/2025\/12\/aula-cine-576x1024.jpg 576w, https:\/\/www.ull.es\/portal\/noticias\/wp-content\/uploads\/sites\/13\/2025\/12\/aula-cine-375x667.jpg 375w, https:\/\/www.ull.es\/portal\/noticias\/wp-content\/uploads\/sites\/13\/2025\/12\/aula-cine.jpg 720w\" sizes=\"(max-width: 169px) 100vw, 169px\" \/><\/a>El 10 de diciembre ser\u00e1 proyectar\u00e1 \u201c7 d\u00edas de enero\u201d, t\u00edtulo de 1979 en el cual el director Juan Antonio Bardem realiza una reconstrucci\u00f3n dram\u00e1tica del atentado sucedido en enero de 1977, cuando pistoleros de un grupo de ultraderecha atacaron el despacho de abogados laboralistas vinculados al Partido Comunista ubicado en la calle Atocha, en el que murieron cuatro letrados y un administrativo y quedaron malheridos otros cuatro abogados.<\/p>\n<p>Finalmente, el 17 de diciembre ser\u00e1 exhibida \u201cEntre tinieblas\u201d (1983), uno de los primeros \u00e9xitos de Pedro Almod\u00f3var, que ofrec\u00eda un nuevo cine mucho m\u00e1s fresco, irreverente y conectado con la cultura contempor\u00e1nea de la \u00e9poca. Narra los estragos que provoca la presencia de una bolerista que se refugia en un monasterio habitado por exc\u00e9ntricas monjas interpretadas por actrices del renombre de Julieta Serrano, Carmen Maura, Marisa Paredes y Chus Lampreave.<\/p>\n<p><strong>Muestra de cine espa\u00f1ol<\/strong><\/p>\n<p>Estas tres pel\u00edculas que forman este ciclo que se suman a la <a href=\"https:\/\/www.ull.es\/portal\/agenda\/evento\/muestra-de-cine-espanol\/\" target=\"_blank\" rel=\"noopener\">V Muestra de Cine Espa\u00f1ol de Tenerife<\/a> que se celebrar\u00e1 del 11 al 14 de diciembre y que tambi\u00e9n dedica parte de su programaci\u00f3n a esta conmemoraci\u00f3n de la Transici\u00f3n. Contar\u00e1 con la presencia de figuras como la actriz Mercedes Sampietro (que recibir\u00e1 el Premio de Honor de la Muestra), el director y ocasional int\u00e9rprete Fernando Colomo y el actor y director Carlos Iglesias.<\/p>\n","protected":false},"excerpt":{"rendered":"<p>Dentro del programa de actos \u201cPara la libertad. Espa\u00f1a despu\u00e9s de 1975\u201d con el que la Universidad de La Laguna&#8230;<\/p>\n","protected":false},"author":21,"featured_media":85898,"comment_status":"closed","ping_status":"closed","sticky":false,"template":"","format":"standard","meta":{"inline_featured_image":false,"footnotes":""},"categories":[344,345,2765],"tags":[586,825,11954,6887],"acf":[],"yoast_head":"<!-- This site is optimized with the Yoast SEO plugin v21.3 - https:\/\/yoast.com\/wordpress\/plugins\/seo\/ -->\n<title>El Aula de Cine de la ULL organiza un ciclo sobre la Transici\u00f3n<\/title>\n<meta name=\"description\" content=\"Se proyectar\u00e1n las pel\u00edculas &quot;Gary Cooper que est\u00e1s en los cielos&quot; (P. Mir\u00f3), &quot;7 d\u00edas de enero&quot; (J.A. Bardem) y &quot;Entre tinieblas&quot; (Almod\u00f3var).\" \/>\n<meta name=\"robots\" content=\"index, follow, max-snippet:-1, max-image-preview:large, max-video-preview:-1\" \/>\n<link rel=\"canonical\" href=\"https:\/\/www.ull.es\/portal\/noticias\/2025\/aula-cine-ciclo-transicion\/\" \/>\n<meta property=\"og:locale\" content=\"es_ES\" \/>\n<meta property=\"og:type\" content=\"article\" \/>\n<meta property=\"og:title\" content=\"El Aula de Cine de la ULL organiza un ciclo sobre la Transici\u00f3n\" \/>\n<meta property=\"og:description\" content=\"Se proyectar\u00e1n las pel\u00edculas &quot;Gary Cooper que est\u00e1s en los cielos&quot; (P. Mir\u00f3), &quot;7 d\u00edas de enero&quot; (J.A. Bardem) y &quot;Entre tinieblas&quot; (Almod\u00f3var).\" \/>\n<meta property=\"og:url\" content=\"https:\/\/www.ull.es\/portal\/noticias\/2025\/aula-cine-ciclo-transicion\/\" \/>\n<meta property=\"og:site_name\" content=\"ULL - Noticias\" \/>\n<meta property=\"article:publisher\" content=\"https:\/\/www.facebook.com\/universidaddelalaguna\/\" \/>\n<meta property=\"article:published_time\" content=\"2025-12-02T14:42:18+00:00\" \/>\n<meta property=\"article:modified_time\" content=\"2025-12-02T14:42:38+00:00\" \/>\n<meta property=\"og:image\" content=\"https:\/\/www.ull.es\/portal\/noticias\/wp-content\/uploads\/sites\/13\/2025\/12\/Charlas-de-cine-banner-eventos_1.2-4.png\" \/>\n\t<meta property=\"og:image:width\" content=\"750\" \/>\n\t<meta property=\"og:image:height\" content=\"370\" \/>\n\t<meta property=\"og:image:type\" content=\"image\/png\" \/>\n<meta name=\"author\" content=\"prensa2\" \/>\n<meta name=\"twitter:card\" content=\"summary_large_image\" \/>\n<meta name=\"twitter:creator\" content=\"@CanalULL\" \/>\n<meta name=\"twitter:site\" content=\"@CanalULL\" \/>\n<meta name=\"twitter:label1\" content=\"Escrito por\" \/>\n\t<meta name=\"twitter:data1\" content=\"prensa2\" \/>\n\t<meta name=\"twitter:label2\" content=\"Tiempo de lectura\" \/>\n\t<meta name=\"twitter:data2\" content=\"3 minutos\" \/>\n<script type=\"application\/ld+json\" class=\"yoast-schema-graph\">{\"@context\":\"https:\/\/schema.org\",\"@graph\":[{\"@type\":\"WebPage\",\"@id\":\"https:\/\/www.ull.es\/portal\/noticias\/2025\/aula-cine-ciclo-transicion\/\",\"url\":\"https:\/\/www.ull.es\/portal\/noticias\/2025\/aula-cine-ciclo-transicion\/\",\"name\":\"El Aula de Cine de la ULL organiza un ciclo sobre la Transici\u00f3n\",\"isPartOf\":{\"@id\":\"https:\/\/www.ull.es\/portal\/noticias\/#website\"},\"datePublished\":\"2025-12-02T14:42:18+00:00\",\"dateModified\":\"2025-12-02T14:42:38+00:00\",\"author\":{\"@id\":\"https:\/\/www.ull.es\/portal\/noticias\/#\/schema\/person\/c3b2aa857797592927a03740d6664376\"},\"description\":\"Se proyectar\u00e1n las pel\u00edculas \\\"Gary Cooper que est\u00e1s en los cielos\\\" (P. Mir\u00f3), \\\"7 d\u00edas de enero\\\" (J.A. Bardem) y \\\"Entre tinieblas\\\" (Almod\u00f3var).\",\"breadcrumb\":{\"@id\":\"https:\/\/www.ull.es\/portal\/noticias\/2025\/aula-cine-ciclo-transicion\/#breadcrumb\"},\"inLanguage\":\"es\",\"potentialAction\":[{\"@type\":\"ReadAction\",\"target\":[\"https:\/\/www.ull.es\/portal\/noticias\/2025\/aula-cine-ciclo-transicion\/\"]}]},{\"@type\":\"BreadcrumbList\",\"@id\":\"https:\/\/www.ull.es\/portal\/noticias\/2025\/aula-cine-ciclo-transicion\/#breadcrumb\",\"itemListElement\":[{\"@type\":\"ListItem\",\"position\":1,\"name\":\"Portada\",\"item\":\"https:\/\/www.ull.es\/portal\/noticias\/\"},{\"@type\":\"ListItem\",\"position\":2,\"name\":\"El Aula de Cine de la ULL presenta un ciclo con tres pel\u00edculas clave de la Transici\u00f3n espa\u00f1ola\"}]},{\"@type\":\"WebSite\",\"@id\":\"https:\/\/www.ull.es\/portal\/noticias\/#website\",\"url\":\"https:\/\/www.ull.es\/portal\/noticias\/\",\"name\":\"ULL - Noticias\",\"description\":\"\",\"potentialAction\":[{\"@type\":\"SearchAction\",\"target\":{\"@type\":\"EntryPoint\",\"urlTemplate\":\"https:\/\/www.ull.es\/portal\/noticias\/?s={search_term_string}\"},\"query-input\":\"required name=search_term_string\"}],\"inLanguage\":\"es\"},{\"@type\":\"Person\",\"@id\":\"https:\/\/www.ull.es\/portal\/noticias\/#\/schema\/person\/c3b2aa857797592927a03740d6664376\",\"name\":\"prensa2\",\"image\":{\"@type\":\"ImageObject\",\"inLanguage\":\"es\",\"@id\":\"https:\/\/www.ull.es\/portal\/noticias\/#\/schema\/person\/image\/\",\"url\":\"https:\/\/secure.gravatar.com\/avatar\/b58f310a5de5feb33d1e026d2493f23c?s=96&d=mm&r=g\",\"contentUrl\":\"https:\/\/secure.gravatar.com\/avatar\/b58f310a5de5feb33d1e026d2493f23c?s=96&d=mm&r=g\",\"caption\":\"prensa2\"},\"url\":\"https:\/\/www.ull.es\/portal\/noticias\/author\/prensa2\/\"}]}<\/script>\n<!-- \/ Yoast SEO plugin. -->","yoast_head_json":{"title":"El Aula de Cine de la ULL organiza un ciclo sobre la Transici\u00f3n","description":"Se proyectar\u00e1n las pel\u00edculas \"Gary Cooper que est\u00e1s en los cielos\" (P. Mir\u00f3), \"7 d\u00edas de enero\" (J.A. Bardem) y \"Entre tinieblas\" (Almod\u00f3var).","robots":{"index":"index","follow":"follow","max-snippet":"max-snippet:-1","max-image-preview":"max-image-preview:large","max-video-preview":"max-video-preview:-1"},"canonical":"https:\/\/www.ull.es\/portal\/noticias\/2025\/aula-cine-ciclo-transicion\/","og_locale":"es_ES","og_type":"article","og_title":"El Aula de Cine de la ULL organiza un ciclo sobre la Transici\u00f3n","og_description":"Se proyectar\u00e1n las pel\u00edculas \"Gary Cooper que est\u00e1s en los cielos\" (P. Mir\u00f3), \"7 d\u00edas de enero\" (J.A. Bardem) y \"Entre tinieblas\" (Almod\u00f3var).","og_url":"https:\/\/www.ull.es\/portal\/noticias\/2025\/aula-cine-ciclo-transicion\/","og_site_name":"ULL - Noticias","article_publisher":"https:\/\/www.facebook.com\/universidaddelalaguna\/","article_published_time":"2025-12-02T14:42:18+00:00","article_modified_time":"2025-12-02T14:42:38+00:00","og_image":[{"width":750,"height":370,"url":"https:\/\/www.ull.es\/portal\/noticias\/wp-content\/uploads\/sites\/13\/2025\/12\/Charlas-de-cine-banner-eventos_1.2-4.png","type":"image\/png"}],"author":"prensa2","twitter_card":"summary_large_image","twitter_creator":"@CanalULL","twitter_site":"@CanalULL","twitter_misc":{"Escrito por":"prensa2","Tiempo de lectura":"3 minutos"},"schema":{"@context":"https:\/\/schema.org","@graph":[{"@type":"WebPage","@id":"https:\/\/www.ull.es\/portal\/noticias\/2025\/aula-cine-ciclo-transicion\/","url":"https:\/\/www.ull.es\/portal\/noticias\/2025\/aula-cine-ciclo-transicion\/","name":"El Aula de Cine de la ULL organiza un ciclo sobre la Transici\u00f3n","isPartOf":{"@id":"https:\/\/www.ull.es\/portal\/noticias\/#website"},"datePublished":"2025-12-02T14:42:18+00:00","dateModified":"2025-12-02T14:42:38+00:00","author":{"@id":"https:\/\/www.ull.es\/portal\/noticias\/#\/schema\/person\/c3b2aa857797592927a03740d6664376"},"description":"Se proyectar\u00e1n las pel\u00edculas \"Gary Cooper que est\u00e1s en los cielos\" (P. Mir\u00f3), \"7 d\u00edas de enero\" (J.A. Bardem) y \"Entre tinieblas\" (Almod\u00f3var).","breadcrumb":{"@id":"https:\/\/www.ull.es\/portal\/noticias\/2025\/aula-cine-ciclo-transicion\/#breadcrumb"},"inLanguage":"es","potentialAction":[{"@type":"ReadAction","target":["https:\/\/www.ull.es\/portal\/noticias\/2025\/aula-cine-ciclo-transicion\/"]}]},{"@type":"BreadcrumbList","@id":"https:\/\/www.ull.es\/portal\/noticias\/2025\/aula-cine-ciclo-transicion\/#breadcrumb","itemListElement":[{"@type":"ListItem","position":1,"name":"Portada","item":"https:\/\/www.ull.es\/portal\/noticias\/"},{"@type":"ListItem","position":2,"name":"El Aula de Cine de la ULL presenta un ciclo con tres pel\u00edculas clave de la Transici\u00f3n espa\u00f1ola"}]},{"@type":"WebSite","@id":"https:\/\/www.ull.es\/portal\/noticias\/#website","url":"https:\/\/www.ull.es\/portal\/noticias\/","name":"ULL - Noticias","description":"","potentialAction":[{"@type":"SearchAction","target":{"@type":"EntryPoint","urlTemplate":"https:\/\/www.ull.es\/portal\/noticias\/?s={search_term_string}"},"query-input":"required name=search_term_string"}],"inLanguage":"es"},{"@type":"Person","@id":"https:\/\/www.ull.es\/portal\/noticias\/#\/schema\/person\/c3b2aa857797592927a03740d6664376","name":"prensa2","image":{"@type":"ImageObject","inLanguage":"es","@id":"https:\/\/www.ull.es\/portal\/noticias\/#\/schema\/person\/image\/","url":"https:\/\/secure.gravatar.com\/avatar\/b58f310a5de5feb33d1e026d2493f23c?s=96&d=mm&r=g","contentUrl":"https:\/\/secure.gravatar.com\/avatar\/b58f310a5de5feb33d1e026d2493f23c?s=96&d=mm&r=g","caption":"prensa2"},"url":"https:\/\/www.ull.es\/portal\/noticias\/author\/prensa2\/"}]}},"primary_category":{"id":345,"name":"Destacado","slug":"destacado","link":"https:\/\/www.ull.es\/portal\/noticias\/category\/destacado\/"},"featured_image_thumbnail_url":"https:\/\/www.ull.es\/portal\/noticias\/wp-content\/uploads\/sites\/13\/2025\/12\/Charlas-de-cine-banner-eventos_1.2-4-300x148.png","_links":{"self":[{"href":"https:\/\/www.ull.es\/portal\/noticias\/wp-json\/wp\/v2\/posts\/85897"}],"collection":[{"href":"https:\/\/www.ull.es\/portal\/noticias\/wp-json\/wp\/v2\/posts"}],"about":[{"href":"https:\/\/www.ull.es\/portal\/noticias\/wp-json\/wp\/v2\/types\/post"}],"author":[{"embeddable":true,"href":"https:\/\/www.ull.es\/portal\/noticias\/wp-json\/wp\/v2\/users\/21"}],"replies":[{"embeddable":true,"href":"https:\/\/www.ull.es\/portal\/noticias\/wp-json\/wp\/v2\/comments?post=85897"}],"version-history":[{"count":1,"href":"https:\/\/www.ull.es\/portal\/noticias\/wp-json\/wp\/v2\/posts\/85897\/revisions"}],"predecessor-version":[{"id":85900,"href":"https:\/\/www.ull.es\/portal\/noticias\/wp-json\/wp\/v2\/posts\/85897\/revisions\/85900"}],"wp:featuredmedia":[{"embeddable":true,"href":"https:\/\/www.ull.es\/portal\/noticias\/wp-json\/wp\/v2\/media\/85898"}],"wp:attachment":[{"href":"https:\/\/www.ull.es\/portal\/noticias\/wp-json\/wp\/v2\/media?parent=85897"}],"wp:term":[{"taxonomy":"category","embeddable":true,"href":"https:\/\/www.ull.es\/portal\/noticias\/wp-json\/wp\/v2\/categories?post=85897"},{"taxonomy":"post_tag","embeddable":true,"href":"https:\/\/www.ull.es\/portal\/noticias\/wp-json\/wp\/v2\/tags?post=85897"}],"curies":[{"name":"wp","href":"https:\/\/api.w.org\/{rel}","templated":true}]}}