{"id":86022,"date":"2025-12-10T13:02:31","date_gmt":"2025-12-10T13:02:31","guid":{"rendered":"https:\/\/www.ull.es\/portal\/noticias\/?p=86022"},"modified":"2025-12-11T08:04:16","modified_gmt":"2025-12-11T08:04:16","slug":"la-ull-colabora-con-sanidad-en-nuevas-detecciones-de-mosquito-tigre-en-tenerife","status":"publish","type":"post","link":"https:\/\/www.ull.es\/portal\/noticias\/2025\/la-ull-colabora-con-sanidad-en-nuevas-detecciones-de-mosquito-tigre-en-tenerife\/","title":{"rendered":"La ULL colabora con Sanidad en nuevas detecciones del mosquito de la fiebre amarilla en Tenerife"},"content":{"rendered":"<p>La Consejer\u00eda de Sanidad, a trav\u00e9s de la Direcci\u00f3n General de Salud P\u00fablica, ha hecho p\u00fablica la detecci\u00f3n de varios ejemplares adultos de mosquito <em>Aedes aegypti<\/em> en la terminal de Cruceros del puerto de la capital tinerfe\u00f1a, donde se manten\u00eda activo el protocolo de vigilancia tras encontrarse otros ejemplares de este vector en febrero de 2024. El an\u00e1lisis de las muestras ha sido realizado, como en otras ocasiones, por el Laboratorio de Entomolog\u00eda M\u00e9dica del <a href=\"https:\/\/www.ull.es\/institutos\/instituto-enfermedades-tropicales-salud-publica-canarias\/\" target=\"_blank\" rel=\"noopener\">Instituto Universitario de Enfermedades Tropicales y Salud P\u00fablica de Canaria<\/a>s, adscrito a la Universidad de La Laguna.<\/p>\n<p>Las personas expertas consideran que esta detecci\u00f3n obedece a una nueva entrada a trav\u00e9s de la llegada de barcos procedentes de \u00e1reas de riesgo donde el vector se encuentra establecido, si bien sigue siendo necesario continuar con las labores de vigilancia entomol\u00f3gica para interceptar al vector en los puntos de entrada de Canarias y evitar su dispersi\u00f3n. De hecho, desde 2013 Canarias est\u00e1 monitorizada para la detecci\u00f3n de este tipo de mosquitos mediante la instalaci\u00f3n de trampas espec\u00edficas en puntos estrat\u00e9gicos. El Sistema de Vigilancia Entomol\u00f3gica de Canarias ha logrado erradicar la presencia de mosquitos invasores en otros episodios anteriores en Fuerteventura, La Palma y Tenerife.<\/p>\n<p>Tambi\u00e9n se ha informado a los profesionales sanitarios de la red asistencial sobre los riesgos a tener en cuenta en la atenci\u00f3n a la ciudadan\u00eda y el modo de comunicar datos acerca del vector y su picadura, adem\u00e1s de realizarse formaci\u00f3n espec\u00edfica para reconocimiento precoz de s\u00edntomas de las enfermedades asociadas.<\/p>\n<p>Salud P\u00fablica recuerda la importancia de la vigilancia entomol\u00f3gica como estrategia principal para evitar la introducci\u00f3n de especies invasoras en el archipi\u00e9lago, as\u00ed como para evitar el establecimiento de estas especies, una vez se detectan en cualquier punto de entrada.\u00a0La medida principal tiene que ver con controlar y eliminar cualquier ac\u00famulo de agua, ya que puede convertirse en un punto de cr\u00eda.<\/p>\n","protected":false},"excerpt":{"rendered":"<p>La Consejer\u00eda de Sanidad, a trav\u00e9s de la Direcci\u00f3n General de Salud P\u00fablica, ha hecho p\u00fablica la detecci\u00f3n de varios&#8230;<\/p>\n","protected":false},"author":23,"featured_media":48822,"comment_status":"closed","ping_status":"closed","sticky":false,"template":"","format":"standard","meta":{"inline_featured_image":false,"footnotes":""},"categories":[345,4132,350,2765],"tags":[],"acf":[],"yoast_head":"<!-- This site is optimized with the Yoast SEO plugin v21.3 - https:\/\/yoast.com\/wordpress\/plugins\/seo\/ -->\n<title>La ULL colabora con Sanidad en nuevas detecciones del mosquito de la fiebre amarilla en Tenerife - ULL - Noticias<\/title>\n<meta name=\"robots\" content=\"index, follow, max-snippet:-1, max-image-preview:large, max-video-preview:-1\" \/>\n<link rel=\"canonical\" href=\"https:\/\/www.ull.es\/portal\/noticias\/2025\/la-ull-colabora-con-sanidad-en-nuevas-detecciones-de-mosquito-tigre-en-tenerife\/\" \/>\n<meta property=\"og:locale\" content=\"es_ES\" \/>\n<meta property=\"og:type\" content=\"article\" \/>\n<meta property=\"og:title\" content=\"La ULL colabora con Sanidad en nuevas detecciones del mosquito de la fiebre amarilla en Tenerife - ULL - Noticias\" \/>\n<meta property=\"og:description\" content=\"La Consejer\u00eda de Sanidad, a trav\u00e9s de la Direcci\u00f3n General de Salud P\u00fablica, ha hecho p\u00fablica la detecci\u00f3n de varios...\" \/>\n<meta property=\"og:url\" content=\"https:\/\/www.ull.es\/portal\/noticias\/2025\/la-ull-colabora-con-sanidad-en-nuevas-detecciones-de-mosquito-tigre-en-tenerife\/\" \/>\n<meta property=\"og:site_name\" content=\"ULL - Noticias\" \/>\n<meta property=\"article:publisher\" content=\"https:\/\/www.facebook.com\/universidaddelalaguna\/\" \/>\n<meta property=\"article:published_time\" content=\"2025-12-10T13:02:31+00:00\" \/>\n<meta property=\"article:modified_time\" content=\"2025-12-11T08:04:16+00:00\" \/>\n<meta property=\"og:image\" content=\"https:\/\/www.ull.es\/portal\/noticias\/wp-content\/uploads\/sites\/13\/2020\/01\/Enferm.-Tropicales-04.jpeg\" \/>\n\t<meta property=\"og:image:width\" content=\"997\" \/>\n\t<meta property=\"og:image:height\" content=\"665\" \/>\n\t<meta property=\"og:image:type\" content=\"image\/jpeg\" \/>\n<meta name=\"author\" content=\"gaprsa\" \/>\n<meta name=\"twitter:card\" content=\"summary_large_image\" \/>\n<meta name=\"twitter:creator\" content=\"@CanalULL\" \/>\n<meta name=\"twitter:site\" content=\"@CanalULL\" \/>\n<meta name=\"twitter:label1\" content=\"Escrito por\" \/>\n\t<meta name=\"twitter:data1\" content=\"gaprsa\" \/>\n\t<meta name=\"twitter:label2\" content=\"Tiempo de lectura\" \/>\n\t<meta name=\"twitter:data2\" content=\"2 minutos\" \/>\n<script type=\"application\/ld+json\" class=\"yoast-schema-graph\">{\"@context\":\"https:\/\/schema.org\",\"@graph\":[{\"@type\":\"WebPage\",\"@id\":\"https:\/\/www.ull.es\/portal\/noticias\/2025\/la-ull-colabora-con-sanidad-en-nuevas-detecciones-de-mosquito-tigre-en-tenerife\/\",\"url\":\"https:\/\/www.ull.es\/portal\/noticias\/2025\/la-ull-colabora-con-sanidad-en-nuevas-detecciones-de-mosquito-tigre-en-tenerife\/\",\"name\":\"La ULL colabora con Sanidad en nuevas detecciones del mosquito de la fiebre amarilla en Tenerife - ULL - Noticias\",\"isPartOf\":{\"@id\":\"https:\/\/www.ull.es\/portal\/noticias\/#website\"},\"datePublished\":\"2025-12-10T13:02:31+00:00\",\"dateModified\":\"2025-12-11T08:04:16+00:00\",\"author\":{\"@id\":\"https:\/\/www.ull.es\/portal\/noticias\/#\/schema\/person\/b2b1a89d43ffa609e591f7df8ef3e817\"},\"breadcrumb\":{\"@id\":\"https:\/\/www.ull.es\/portal\/noticias\/2025\/la-ull-colabora-con-sanidad-en-nuevas-detecciones-de-mosquito-tigre-en-tenerife\/#breadcrumb\"},\"inLanguage\":\"es\",\"potentialAction\":[{\"@type\":\"ReadAction\",\"target\":[\"https:\/\/www.ull.es\/portal\/noticias\/2025\/la-ull-colabora-con-sanidad-en-nuevas-detecciones-de-mosquito-tigre-en-tenerife\/\"]}]},{\"@type\":\"BreadcrumbList\",\"@id\":\"https:\/\/www.ull.es\/portal\/noticias\/2025\/la-ull-colabora-con-sanidad-en-nuevas-detecciones-de-mosquito-tigre-en-tenerife\/#breadcrumb\",\"itemListElement\":[{\"@type\":\"ListItem\",\"position\":1,\"name\":\"Portada\",\"item\":\"https:\/\/www.ull.es\/portal\/noticias\/\"},{\"@type\":\"ListItem\",\"position\":2,\"name\":\"La ULL colabora con Sanidad en nuevas detecciones del mosquito de la fiebre amarilla en Tenerife\"}]},{\"@type\":\"WebSite\",\"@id\":\"https:\/\/www.ull.es\/portal\/noticias\/#website\",\"url\":\"https:\/\/www.ull.es\/portal\/noticias\/\",\"name\":\"ULL - Noticias\",\"description\":\"\",\"potentialAction\":[{\"@type\":\"SearchAction\",\"target\":{\"@type\":\"EntryPoint\",\"urlTemplate\":\"https:\/\/www.ull.es\/portal\/noticias\/?s={search_term_string}\"},\"query-input\":\"required name=search_term_string\"}],\"inLanguage\":\"es\"},{\"@type\":\"Person\",\"@id\":\"https:\/\/www.ull.es\/portal\/noticias\/#\/schema\/person\/b2b1a89d43ffa609e591f7df8ef3e817\",\"name\":\"gaprsa\",\"image\":{\"@type\":\"ImageObject\",\"inLanguage\":\"es\",\"@id\":\"https:\/\/www.ull.es\/portal\/noticias\/#\/schema\/person\/image\/\",\"url\":\"https:\/\/secure.gravatar.com\/avatar\/443820550921091458b4823867723b3d?s=96&d=mm&r=g\",\"contentUrl\":\"https:\/\/secure.gravatar.com\/avatar\/443820550921091458b4823867723b3d?s=96&d=mm&r=g\",\"caption\":\"gaprsa\"},\"url\":\"https:\/\/www.ull.es\/portal\/noticias\/author\/gaprsa\/\"}]}<\/script>\n<!-- \/ Yoast SEO plugin. -->","yoast_head_json":{"title":"La ULL colabora con Sanidad en nuevas detecciones del mosquito de la fiebre amarilla en Tenerife - ULL - Noticias","robots":{"index":"index","follow":"follow","max-snippet":"max-snippet:-1","max-image-preview":"max-image-preview:large","max-video-preview":"max-video-preview:-1"},"canonical":"https:\/\/www.ull.es\/portal\/noticias\/2025\/la-ull-colabora-con-sanidad-en-nuevas-detecciones-de-mosquito-tigre-en-tenerife\/","og_locale":"es_ES","og_type":"article","og_title":"La ULL colabora con Sanidad en nuevas detecciones del mosquito de la fiebre amarilla en Tenerife - ULL - Noticias","og_description":"La Consejer\u00eda de Sanidad, a trav\u00e9s de la Direcci\u00f3n General de Salud P\u00fablica, ha hecho p\u00fablica la detecci\u00f3n de varios...","og_url":"https:\/\/www.ull.es\/portal\/noticias\/2025\/la-ull-colabora-con-sanidad-en-nuevas-detecciones-de-mosquito-tigre-en-tenerife\/","og_site_name":"ULL - Noticias","article_publisher":"https:\/\/www.facebook.com\/universidaddelalaguna\/","article_published_time":"2025-12-10T13:02:31+00:00","article_modified_time":"2025-12-11T08:04:16+00:00","og_image":[{"width":997,"height":665,"url":"https:\/\/www.ull.es\/portal\/noticias\/wp-content\/uploads\/sites\/13\/2020\/01\/Enferm.-Tropicales-04.jpeg","type":"image\/jpeg"}],"author":"gaprsa","twitter_card":"summary_large_image","twitter_creator":"@CanalULL","twitter_site":"@CanalULL","twitter_misc":{"Escrito por":"gaprsa","Tiempo de lectura":"2 minutos"},"schema":{"@context":"https:\/\/schema.org","@graph":[{"@type":"WebPage","@id":"https:\/\/www.ull.es\/portal\/noticias\/2025\/la-ull-colabora-con-sanidad-en-nuevas-detecciones-de-mosquito-tigre-en-tenerife\/","url":"https:\/\/www.ull.es\/portal\/noticias\/2025\/la-ull-colabora-con-sanidad-en-nuevas-detecciones-de-mosquito-tigre-en-tenerife\/","name":"La ULL colabora con Sanidad en nuevas detecciones del mosquito de la fiebre amarilla en Tenerife - ULL - Noticias","isPartOf":{"@id":"https:\/\/www.ull.es\/portal\/noticias\/#website"},"datePublished":"2025-12-10T13:02:31+00:00","dateModified":"2025-12-11T08:04:16+00:00","author":{"@id":"https:\/\/www.ull.es\/portal\/noticias\/#\/schema\/person\/b2b1a89d43ffa609e591f7df8ef3e817"},"breadcrumb":{"@id":"https:\/\/www.ull.es\/portal\/noticias\/2025\/la-ull-colabora-con-sanidad-en-nuevas-detecciones-de-mosquito-tigre-en-tenerife\/#breadcrumb"},"inLanguage":"es","potentialAction":[{"@type":"ReadAction","target":["https:\/\/www.ull.es\/portal\/noticias\/2025\/la-ull-colabora-con-sanidad-en-nuevas-detecciones-de-mosquito-tigre-en-tenerife\/"]}]},{"@type":"BreadcrumbList","@id":"https:\/\/www.ull.es\/portal\/noticias\/2025\/la-ull-colabora-con-sanidad-en-nuevas-detecciones-de-mosquito-tigre-en-tenerife\/#breadcrumb","itemListElement":[{"@type":"ListItem","position":1,"name":"Portada","item":"https:\/\/www.ull.es\/portal\/noticias\/"},{"@type":"ListItem","position":2,"name":"La ULL colabora con Sanidad en nuevas detecciones del mosquito de la fiebre amarilla en Tenerife"}]},{"@type":"WebSite","@id":"https:\/\/www.ull.es\/portal\/noticias\/#website","url":"https:\/\/www.ull.es\/portal\/noticias\/","name":"ULL - Noticias","description":"","potentialAction":[{"@type":"SearchAction","target":{"@type":"EntryPoint","urlTemplate":"https:\/\/www.ull.es\/portal\/noticias\/?s={search_term_string}"},"query-input":"required name=search_term_string"}],"inLanguage":"es"},{"@type":"Person","@id":"https:\/\/www.ull.es\/portal\/noticias\/#\/schema\/person\/b2b1a89d43ffa609e591f7df8ef3e817","name":"gaprsa","image":{"@type":"ImageObject","inLanguage":"es","@id":"https:\/\/www.ull.es\/portal\/noticias\/#\/schema\/person\/image\/","url":"https:\/\/secure.gravatar.com\/avatar\/443820550921091458b4823867723b3d?s=96&d=mm&r=g","contentUrl":"https:\/\/secure.gravatar.com\/avatar\/443820550921091458b4823867723b3d?s=96&d=mm&r=g","caption":"gaprsa"},"url":"https:\/\/www.ull.es\/portal\/noticias\/author\/gaprsa\/"}]}},"primary_category":{"id":345,"name":"Destacado","slug":"destacado","link":"https:\/\/www.ull.es\/portal\/noticias\/category\/destacado\/"},"featured_image_thumbnail_url":"https:\/\/www.ull.es\/portal\/noticias\/wp-content\/uploads\/sites\/13\/2020\/01\/Enferm.-Tropicales-04-300x200.jpeg","_links":{"self":[{"href":"https:\/\/www.ull.es\/portal\/noticias\/wp-json\/wp\/v2\/posts\/86022"}],"collection":[{"href":"https:\/\/www.ull.es\/portal\/noticias\/wp-json\/wp\/v2\/posts"}],"about":[{"href":"https:\/\/www.ull.es\/portal\/noticias\/wp-json\/wp\/v2\/types\/post"}],"author":[{"embeddable":true,"href":"https:\/\/www.ull.es\/portal\/noticias\/wp-json\/wp\/v2\/users\/23"}],"replies":[{"embeddable":true,"href":"https:\/\/www.ull.es\/portal\/noticias\/wp-json\/wp\/v2\/comments?post=86022"}],"version-history":[{"count":4,"href":"https:\/\/www.ull.es\/portal\/noticias\/wp-json\/wp\/v2\/posts\/86022\/revisions"}],"predecessor-version":[{"id":86049,"href":"https:\/\/www.ull.es\/portal\/noticias\/wp-json\/wp\/v2\/posts\/86022\/revisions\/86049"}],"wp:featuredmedia":[{"embeddable":true,"href":"https:\/\/www.ull.es\/portal\/noticias\/wp-json\/wp\/v2\/media\/48822"}],"wp:attachment":[{"href":"https:\/\/www.ull.es\/portal\/noticias\/wp-json\/wp\/v2\/media?parent=86022"}],"wp:term":[{"taxonomy":"category","embeddable":true,"href":"https:\/\/www.ull.es\/portal\/noticias\/wp-json\/wp\/v2\/categories?post=86022"},{"taxonomy":"post_tag","embeddable":true,"href":"https:\/\/www.ull.es\/portal\/noticias\/wp-json\/wp\/v2\/tags?post=86022"}],"curies":[{"name":"wp","href":"https:\/\/api.w.org\/{rel}","templated":true}]}}