{"id":86029,"date":"2025-12-10T13:24:05","date_gmt":"2025-12-10T13:24:05","guid":{"rendered":"https:\/\/www.ull.es\/portal\/noticias\/?p=86029"},"modified":"2025-12-10T13:24:05","modified_gmt":"2025-12-10T13:24:05","slug":"muestra-cine-espanol-homenajea-mercedes-sampietro","status":"publish","type":"post","link":"https:\/\/www.ull.es\/portal\/noticias\/2025\/muestra-cine-espanol-homenajea-mercedes-sampietro\/","title":{"rendered":"La V Muestra de Cine Espa\u00f1ol homenajea a Mercedes Sampietro y contar\u00e1 con Carlos Iglesias y Fernando Colomo"},"content":{"rendered":"<p><a href=\"https:\/\/www.ull.es\/portal\/noticias\/wp-content\/uploads\/sites\/13\/2025\/12\/muestra-cine-es-g.jpg\" target=\"_blank\" rel=\"noopener\" target=\"_blank\" rel=\"noopener\"><img decoding=\"async\" loading=\"lazy\" class=\"alignleft wp-image-86031 size-medium\" src=\"https:\/\/www.ull.es\/portal\/noticias\/wp-content\/uploads\/sites\/13\/2025\/12\/muestra-cine-es-g-240x300.jpg\" alt=\"Cartel de la V Muestra de Cine Espa\u00f1ol de Tenerife\" width=\"240\" height=\"300\" srcset=\"https:\/\/www.ull.es\/portal\/noticias\/wp-content\/uploads\/sites\/13\/2025\/12\/muestra-cine-es-g-240x300.jpg 240w, https:\/\/www.ull.es\/portal\/noticias\/wp-content\/uploads\/sites\/13\/2025\/12\/muestra-cine-es-g-819x1024.jpg 819w, https:\/\/www.ull.es\/portal\/noticias\/wp-content\/uploads\/sites\/13\/2025\/12\/muestra-cine-es-g-768x960.jpg 768w, https:\/\/www.ull.es\/portal\/noticias\/wp-content\/uploads\/sites\/13\/2025\/12\/muestra-cine-es-g-375x469.jpg 375w, https:\/\/www.ull.es\/portal\/noticias\/wp-content\/uploads\/sites\/13\/2025\/12\/muestra-cine-es-g-750x938.jpg 750w, https:\/\/www.ull.es\/portal\/noticias\/wp-content\/uploads\/sites\/13\/2025\/12\/muestra-cine-es-g.jpg 960w\" sizes=\"(max-width: 240px) 100vw, 240px\" \/><\/a>La V Muestra de Cine Espa\u00f1ol de Tenerife se celebrar\u00e1 a partir de ma\u00f1ana, jueves 11 de diciembre, hasta el domingo 14, en los Multicines Tenerife, que coorganiza el evento junto con la asociaci\u00f3n Charlas de Cine, Alda Producciones y la Universidad de La Laguna. El evento contar\u00e1 con la presencia de reconocidas figuras del panorama cinematogr\u00e1fico nacional como Carlos Iglesias, Elo\u00edsa Vargas, Fernando Colomo, Pablo Colomo y Mercedes Sampietro, quien ser\u00e1 homenajeada y recibir\u00e1 el Premio de Honor de este evento.<\/p>\n<p>Durante los cuatro d\u00edas que dura la muestra, el p\u00fablico podr\u00eda acceder gratuitamente a las sesiones hasta completar el aforo y ver las pel\u00edculas con la presencia de estas figuras invitadas que, al finalizar cada proyecci\u00f3n, participar\u00e1n en una charla. Esta edici\u00f3n de la Muestra de Cine Espa\u00f1ol forma adem\u00e1s parte del programa \u201cPara la libertad. Espa\u00f1a despu\u00e9s de 1975\u201d, con el que la Universidad de La Laguna conmemora los 50 a\u00f1os del inicio de la Transici\u00f3n espa\u00f1ola. Por ello, alguna de las pel\u00edculas que conforma el programa reflejan esa \u00e9poca o episodios de la dictadura que finaliz\u00f3 en 1975.<\/p>\n<p>El director y actor Carlos Iglesias y la actriz Elo\u00edsa Vargas ser\u00e1n los protagonistas de las dos primeras jornadas, pues se proyectar\u00e1n dos cintas protagonizadas por ambos y dirigida por el primero: el jueves 11 a las 19:00 horas, \u201cUn franco, 14 pesetas\u201d (2005), comedia dram\u00e1tica que refleja la realidad de los espa\u00f1oles que, con motivo de la precariedad en Espa\u00f1a a causa de la dictadura, emigraron a Suiza.<\/p>\n<p>El viernes 12 a las 19:00 horas se estrenar\u00e1 su \u00faltima pel\u00edcula, \u201cLa bala\u201d (2025), thriller polic\u00edaco inspirado en hechos reales que narra la historia de un sacerdote -interpretado por el propio Iglesias- que busca esclarecer la muerte de una enfermera espa\u00f1ola de la Divisi\u00f3n Azul, fallecida en Rusia durante la Segunda Guerra Mundial. La pel\u00edcula cuenta con el respaldo de la Secretar\u00eda de Estado de Memoria Democr\u00e1tica-<\/p>\n<p>La jornada del s\u00e1bado 13 estar\u00e1 \u00edntegramente dedicada al director y ocasional actor Fernando Colomo. Por la ma\u00f1ana, a las 12:30 horas, se proyectar\u00e1 \u201cLos a\u00f1os b\u00e1rbaros\u201d (1998), ficci\u00f3n inspirada en la fuga en 1948 de Nicol\u00e1s S\u00e1nchez-Albornoz y Manuel Lamana del campo de trabajo del Valle de los Ca\u00eddos, protagonizada por Ernesto Alterio y Jordi Moll\u00e1. Por la tarde, a las 19:00 horas, la pel\u00edcula en pantalla ser\u00e1 \u201cLas delicias del jard\u00edn\u201d (2025), su \u00faltimo trabajo tras las c\u00e1maras que tambi\u00e9n protagoniza el propio Colomo, en el papel de un pintor de renombre en crisis creativa.<\/p>\n<p>Finalmente, el domingo 14 de diciembre a las 19:00 horas se exhibir\u00e1 \u201cLugares comunes\u201d (2002), dirigida por Adolfo Aristarain y protagonizada por Federico Luppi y Mercedes Sampietro, quien gan\u00f3 el Goya a la mejor actriz por este papel y estar\u00e1 en la proyecci\u00f3n para ofrecer una charla y recibir el premio de honor de la muestra. Se trata de una pel\u00edcula sobre el amor, el envejecimiento, la familia, los ideales pol\u00edticos y, por encima de todo, un homenaje al personaje de Liliana, esposa del protagonista.<\/p>\n<p>La V Muestra de Cine Espa\u00f1ol de Tenerife est\u00e1 organizado por Charlas de Cine, Alda Producciones, la Universidad de La Laguna y Multicines Tenerife, y cuenta con la colaboraci\u00f3n especial de Fundaci\u00f3n Diario de Avisos y Diario de Avisos, as\u00ed como de Culturaman\u00eda Magazine, el Aula de Cine de la Universidad de La Laguna, Isla Calavera Festival de Cine Fant\u00e1stico, TumbaAbierta.com y Juan Antonio Ribas Ediciones Digitales.<\/p>\n","protected":false},"excerpt":{"rendered":"<p>La V Muestra de Cine Espa\u00f1ol de Tenerife se celebrar\u00e1 a partir de ma\u00f1ana, jueves 11 de diciembre, hasta el&#8230;<\/p>\n","protected":false},"author":21,"featured_media":86030,"comment_status":"closed","ping_status":"closed","sticky":false,"template":"","format":"image","meta":{"inline_featured_image":false,"footnotes":""},"categories":[344,345,2765],"tags":[12208,12187,825,12207,12206,9209,1935,11954],"acf":[],"yoast_head":"<!-- This site is optimized with the Yoast SEO plugin v21.3 - https:\/\/yoast.com\/wordpress\/plugins\/seo\/ -->\n<title>La V Muestra de Cine Espa\u00f1ol homenajea a Mercedes Sampietro<\/title>\n<meta name=\"description\" content=\"El evento, coorganizado por la ULL, tambi\u00e9n contar\u00e1 con la presencia de figuras del cine nacional como Fernando Colomo y Carlos Iglesias.\" \/>\n<meta name=\"robots\" content=\"index, follow, max-snippet:-1, max-image-preview:large, max-video-preview:-1\" \/>\n<link rel=\"canonical\" href=\"https:\/\/www.ull.es\/portal\/noticias\/2025\/muestra-cine-espanol-homenajea-mercedes-sampietro\/\" \/>\n<meta property=\"og:locale\" content=\"es_ES\" \/>\n<meta property=\"og:type\" content=\"article\" \/>\n<meta property=\"og:title\" content=\"La V Muestra de Cine Espa\u00f1ol homenajea a Mercedes Sampietro\" \/>\n<meta property=\"og:description\" content=\"El evento, coorganizado por la ULL, tambi\u00e9n contar\u00e1 con la presencia de figuras del cine nacional como Fernando Colomo y Carlos Iglesias.\" \/>\n<meta property=\"og:url\" content=\"https:\/\/www.ull.es\/portal\/noticias\/2025\/muestra-cine-espanol-homenajea-mercedes-sampietro\/\" \/>\n<meta property=\"og:site_name\" content=\"ULL - Noticias\" \/>\n<meta property=\"article:publisher\" content=\"https:\/\/www.facebook.com\/universidaddelalaguna\/\" \/>\n<meta property=\"article:published_time\" content=\"2025-12-10T13:24:05+00:00\" \/>\n<meta property=\"og:image\" content=\"https:\/\/www.ull.es\/portal\/noticias\/wp-content\/uploads\/sites\/13\/2025\/12\/muestra-cine-es-p.jpg\" \/>\n\t<meta property=\"og:image:width\" content=\"960\" \/>\n\t<meta property=\"og:image:height\" content=\"621\" \/>\n\t<meta property=\"og:image:type\" content=\"image\/jpeg\" \/>\n<meta name=\"author\" content=\"prensa2\" \/>\n<meta name=\"twitter:card\" content=\"summary_large_image\" \/>\n<meta name=\"twitter:creator\" content=\"@CanalULL\" \/>\n<meta name=\"twitter:site\" content=\"@CanalULL\" \/>\n<meta name=\"twitter:label1\" content=\"Escrito por\" \/>\n\t<meta name=\"twitter:data1\" content=\"prensa2\" \/>\n\t<meta name=\"twitter:label2\" content=\"Tiempo de lectura\" \/>\n\t<meta name=\"twitter:data2\" content=\"3 minutos\" \/>\n<script type=\"application\/ld+json\" class=\"yoast-schema-graph\">{\"@context\":\"https:\/\/schema.org\",\"@graph\":[{\"@type\":\"WebPage\",\"@id\":\"https:\/\/www.ull.es\/portal\/noticias\/2025\/muestra-cine-espanol-homenajea-mercedes-sampietro\/\",\"url\":\"https:\/\/www.ull.es\/portal\/noticias\/2025\/muestra-cine-espanol-homenajea-mercedes-sampietro\/\",\"name\":\"La V Muestra de Cine Espa\u00f1ol homenajea a Mercedes Sampietro\",\"isPartOf\":{\"@id\":\"https:\/\/www.ull.es\/portal\/noticias\/#website\"},\"datePublished\":\"2025-12-10T13:24:05+00:00\",\"dateModified\":\"2025-12-10T13:24:05+00:00\",\"author\":{\"@id\":\"https:\/\/www.ull.es\/portal\/noticias\/#\/schema\/person\/c3b2aa857797592927a03740d6664376\"},\"description\":\"El evento, coorganizado por la ULL, tambi\u00e9n contar\u00e1 con la presencia de figuras del cine nacional como Fernando Colomo y Carlos Iglesias.\",\"breadcrumb\":{\"@id\":\"https:\/\/www.ull.es\/portal\/noticias\/2025\/muestra-cine-espanol-homenajea-mercedes-sampietro\/#breadcrumb\"},\"inLanguage\":\"es\",\"potentialAction\":[{\"@type\":\"ReadAction\",\"target\":[\"https:\/\/www.ull.es\/portal\/noticias\/2025\/muestra-cine-espanol-homenajea-mercedes-sampietro\/\"]}]},{\"@type\":\"BreadcrumbList\",\"@id\":\"https:\/\/www.ull.es\/portal\/noticias\/2025\/muestra-cine-espanol-homenajea-mercedes-sampietro\/#breadcrumb\",\"itemListElement\":[{\"@type\":\"ListItem\",\"position\":1,\"name\":\"Portada\",\"item\":\"https:\/\/www.ull.es\/portal\/noticias\/\"},{\"@type\":\"ListItem\",\"position\":2,\"name\":\"La V Muestra de Cine Espa\u00f1ol homenajea a Mercedes Sampietro y contar\u00e1 con Carlos Iglesias y Fernando Colomo\"}]},{\"@type\":\"WebSite\",\"@id\":\"https:\/\/www.ull.es\/portal\/noticias\/#website\",\"url\":\"https:\/\/www.ull.es\/portal\/noticias\/\",\"name\":\"ULL - Noticias\",\"description\":\"\",\"potentialAction\":[{\"@type\":\"SearchAction\",\"target\":{\"@type\":\"EntryPoint\",\"urlTemplate\":\"https:\/\/www.ull.es\/portal\/noticias\/?s={search_term_string}\"},\"query-input\":\"required name=search_term_string\"}],\"inLanguage\":\"es\"},{\"@type\":\"Person\",\"@id\":\"https:\/\/www.ull.es\/portal\/noticias\/#\/schema\/person\/c3b2aa857797592927a03740d6664376\",\"name\":\"prensa2\",\"image\":{\"@type\":\"ImageObject\",\"inLanguage\":\"es\",\"@id\":\"https:\/\/www.ull.es\/portal\/noticias\/#\/schema\/person\/image\/\",\"url\":\"https:\/\/secure.gravatar.com\/avatar\/b58f310a5de5feb33d1e026d2493f23c?s=96&d=mm&r=g\",\"contentUrl\":\"https:\/\/secure.gravatar.com\/avatar\/b58f310a5de5feb33d1e026d2493f23c?s=96&d=mm&r=g\",\"caption\":\"prensa2\"},\"url\":\"https:\/\/www.ull.es\/portal\/noticias\/author\/prensa2\/\"}]}<\/script>\n<!-- \/ Yoast SEO plugin. -->","yoast_head_json":{"title":"La V Muestra de Cine Espa\u00f1ol homenajea a Mercedes Sampietro","description":"El evento, coorganizado por la ULL, tambi\u00e9n contar\u00e1 con la presencia de figuras del cine nacional como Fernando Colomo y Carlos Iglesias.","robots":{"index":"index","follow":"follow","max-snippet":"max-snippet:-1","max-image-preview":"max-image-preview:large","max-video-preview":"max-video-preview:-1"},"canonical":"https:\/\/www.ull.es\/portal\/noticias\/2025\/muestra-cine-espanol-homenajea-mercedes-sampietro\/","og_locale":"es_ES","og_type":"article","og_title":"La V Muestra de Cine Espa\u00f1ol homenajea a Mercedes Sampietro","og_description":"El evento, coorganizado por la ULL, tambi\u00e9n contar\u00e1 con la presencia de figuras del cine nacional como Fernando Colomo y Carlos Iglesias.","og_url":"https:\/\/www.ull.es\/portal\/noticias\/2025\/muestra-cine-espanol-homenajea-mercedes-sampietro\/","og_site_name":"ULL - Noticias","article_publisher":"https:\/\/www.facebook.com\/universidaddelalaguna\/","article_published_time":"2025-12-10T13:24:05+00:00","og_image":[{"width":960,"height":621,"url":"https:\/\/www.ull.es\/portal\/noticias\/wp-content\/uploads\/sites\/13\/2025\/12\/muestra-cine-es-p.jpg","type":"image\/jpeg"}],"author":"prensa2","twitter_card":"summary_large_image","twitter_creator":"@CanalULL","twitter_site":"@CanalULL","twitter_misc":{"Escrito por":"prensa2","Tiempo de lectura":"3 minutos"},"schema":{"@context":"https:\/\/schema.org","@graph":[{"@type":"WebPage","@id":"https:\/\/www.ull.es\/portal\/noticias\/2025\/muestra-cine-espanol-homenajea-mercedes-sampietro\/","url":"https:\/\/www.ull.es\/portal\/noticias\/2025\/muestra-cine-espanol-homenajea-mercedes-sampietro\/","name":"La V Muestra de Cine Espa\u00f1ol homenajea a Mercedes Sampietro","isPartOf":{"@id":"https:\/\/www.ull.es\/portal\/noticias\/#website"},"datePublished":"2025-12-10T13:24:05+00:00","dateModified":"2025-12-10T13:24:05+00:00","author":{"@id":"https:\/\/www.ull.es\/portal\/noticias\/#\/schema\/person\/c3b2aa857797592927a03740d6664376"},"description":"El evento, coorganizado por la ULL, tambi\u00e9n contar\u00e1 con la presencia de figuras del cine nacional como Fernando Colomo y Carlos Iglesias.","breadcrumb":{"@id":"https:\/\/www.ull.es\/portal\/noticias\/2025\/muestra-cine-espanol-homenajea-mercedes-sampietro\/#breadcrumb"},"inLanguage":"es","potentialAction":[{"@type":"ReadAction","target":["https:\/\/www.ull.es\/portal\/noticias\/2025\/muestra-cine-espanol-homenajea-mercedes-sampietro\/"]}]},{"@type":"BreadcrumbList","@id":"https:\/\/www.ull.es\/portal\/noticias\/2025\/muestra-cine-espanol-homenajea-mercedes-sampietro\/#breadcrumb","itemListElement":[{"@type":"ListItem","position":1,"name":"Portada","item":"https:\/\/www.ull.es\/portal\/noticias\/"},{"@type":"ListItem","position":2,"name":"La V Muestra de Cine Espa\u00f1ol homenajea a Mercedes Sampietro y contar\u00e1 con Carlos Iglesias y Fernando Colomo"}]},{"@type":"WebSite","@id":"https:\/\/www.ull.es\/portal\/noticias\/#website","url":"https:\/\/www.ull.es\/portal\/noticias\/","name":"ULL - Noticias","description":"","potentialAction":[{"@type":"SearchAction","target":{"@type":"EntryPoint","urlTemplate":"https:\/\/www.ull.es\/portal\/noticias\/?s={search_term_string}"},"query-input":"required name=search_term_string"}],"inLanguage":"es"},{"@type":"Person","@id":"https:\/\/www.ull.es\/portal\/noticias\/#\/schema\/person\/c3b2aa857797592927a03740d6664376","name":"prensa2","image":{"@type":"ImageObject","inLanguage":"es","@id":"https:\/\/www.ull.es\/portal\/noticias\/#\/schema\/person\/image\/","url":"https:\/\/secure.gravatar.com\/avatar\/b58f310a5de5feb33d1e026d2493f23c?s=96&d=mm&r=g","contentUrl":"https:\/\/secure.gravatar.com\/avatar\/b58f310a5de5feb33d1e026d2493f23c?s=96&d=mm&r=g","caption":"prensa2"},"url":"https:\/\/www.ull.es\/portal\/noticias\/author\/prensa2\/"}]}},"primary_category":{"id":345,"name":"Destacado","slug":"destacado","link":"https:\/\/www.ull.es\/portal\/noticias\/category\/destacado\/"},"featured_image_thumbnail_url":"https:\/\/www.ull.es\/portal\/noticias\/wp-content\/uploads\/sites\/13\/2025\/12\/muestra-cine-es-p-300x194.jpg","_links":{"self":[{"href":"https:\/\/www.ull.es\/portal\/noticias\/wp-json\/wp\/v2\/posts\/86029"}],"collection":[{"href":"https:\/\/www.ull.es\/portal\/noticias\/wp-json\/wp\/v2\/posts"}],"about":[{"href":"https:\/\/www.ull.es\/portal\/noticias\/wp-json\/wp\/v2\/types\/post"}],"author":[{"embeddable":true,"href":"https:\/\/www.ull.es\/portal\/noticias\/wp-json\/wp\/v2\/users\/21"}],"replies":[{"embeddable":true,"href":"https:\/\/www.ull.es\/portal\/noticias\/wp-json\/wp\/v2\/comments?post=86029"}],"version-history":[{"count":1,"href":"https:\/\/www.ull.es\/portal\/noticias\/wp-json\/wp\/v2\/posts\/86029\/revisions"}],"predecessor-version":[{"id":86032,"href":"https:\/\/www.ull.es\/portal\/noticias\/wp-json\/wp\/v2\/posts\/86029\/revisions\/86032"}],"wp:featuredmedia":[{"embeddable":true,"href":"https:\/\/www.ull.es\/portal\/noticias\/wp-json\/wp\/v2\/media\/86030"}],"wp:attachment":[{"href":"https:\/\/www.ull.es\/portal\/noticias\/wp-json\/wp\/v2\/media?parent=86029"}],"wp:term":[{"taxonomy":"category","embeddable":true,"href":"https:\/\/www.ull.es\/portal\/noticias\/wp-json\/wp\/v2\/categories?post=86029"},{"taxonomy":"post_tag","embeddable":true,"href":"https:\/\/www.ull.es\/portal\/noticias\/wp-json\/wp\/v2\/tags?post=86029"}],"curies":[{"name":"wp","href":"https:\/\/api.w.org\/{rel}","templated":true}]}}