{"id":86045,"date":"2025-12-10T14:27:45","date_gmt":"2025-12-10T14:27:45","guid":{"rendered":"https:\/\/www.ull.es\/portal\/noticias\/?p=86045"},"modified":"2025-12-10T14:27:45","modified_gmt":"2025-12-10T14:27:45","slug":"ull-presenta-implamac-capitalizacion-microplasticos-macaronesia","status":"publish","type":"post","link":"https:\/\/www.ull.es\/portal\/noticias\/2025\/ull-presenta-implamac-capitalizacion-microplasticos-macaronesia\/","title":{"rendered":"La ULL presenta IMPLAMAC Capitalizaci\u00f3n para fortalecer la monitorizaci\u00f3n de micropl\u00e1sticos en la Macaronesia"},"content":{"rendered":"<p>La Universidad de La Laguna celebr\u00f3 hoy, mi\u00e9rcoles 10 de diciembre, la Jornada de Lanzamiento del proyecto IMPLAMAC Capitalizaci\u00f3n, una iniciativa enmarcada en el programa Interreg MAC 2021-2027 y cofinanciada por Fondos FEDER, cuyo objetivo principal es fortalecer, ampliar y transferir la metodolog\u00eda cient\u00edfica para la monitorizaci\u00f3n de micropl\u00e1sticos en las costas de la Macaronesia.<\/p>\n<p>El proyecto est\u00e1 liderado por la Universidad de La Laguna y da continuidad al trabajo desarrollado entre 2019 y 2023 en el proyecto IMPLAMAC, mediante el que se monitorizaron 46 playas de los archipi\u00e9lagos de Canarias, Azores, Madeira y Cabo Verde durante tres a\u00f1os. Este trabajo de an\u00e1lisis permiti\u00f3 generar la primera serie temporal amplia y continua de datos sobre micro, meso y macropl\u00e1sticos en la regi\u00f3n y una de las m\u00e1s extensas a nivel mundial.<\/p>\n<p>El vicerrector de Investigaci\u00f3n y Transferencia de la instituci\u00f3n acad\u00e9mica, Antonio Aparicio, enfatiz\u00f3 que la sinergia interterritorial que abarca toda la Macaronesia es fundamental, especialmente en un \u00e1mbito tan ligado a la zona como es la oceanograf\u00eda, y destac\u00f3 que se est\u00e1n desarrollando estudios con \u00e9xito que permiten avanzar en el conocimiento y dise\u00f1ar acciones frente a los micropl\u00e1sticos. Asimismo, se\u00f1al\u00f3 la importancia de visibilizar a quienes est\u00e1n detr\u00e1s del proyecto y la trascendencia de investigaciones de esta naturaleza.<\/p>\n<p>Adem\u00e1s, durante la jornada, el director general de Transici\u00f3n Ecol\u00f3gica y Lucha contra el Cambio Clim\u00e1tico del Gobierno de Canarias, \u00c1ngel Pablo Monta\u00f1\u00e9s, destac\u00f3 la relevancia de contar con investigaciones de esta magnitud en Canarias, que abordan un problema crucial para el archipi\u00e9lago y para todo el planeta. A\u00f1adi\u00f3 que la implicaci\u00f3n de otras universidades y territorios hace que el proyecto sea a\u00fan m\u00e1s s\u00f3lido e importante para la regi\u00f3n.<\/p>\n<p>El investigador principal del proyecto IMPLAMAC Capitalizaci\u00f3n, <a href=\"https:\/\/portalciencia.ull.es\/investigadores\/81674\/detalle\" target=\"_blank\" rel=\"noopener\" target=\"_blank\" rel=\"noopener\">Javier Hern\u00e1ndez Borges<\/a>, catedr\u00e1tico de Qu\u00edmica Anal\u00edtica de la Universidad de La Laguna, se\u00f1al\u00f3 que en el proyecto previo se procesaron un total de 6.400 muestras, lo que permiti\u00f3 generar la primera serie temporal prolongada sobre micro, meso y macropl\u00e1sticos en los archipi\u00e9lagos macaron\u00e9sicos.<\/p>\n<p>El objetivo de esta nueva iniciativa es escalar y transferir la metodolog\u00eda desarrollada durante el proyecto anterior para consolidar un sistema regional de observaci\u00f3n que permita comparar datos. De este modo, se persigue reforzar la gobernanza ambiental y comprender qu\u00e9 tipos de micropl\u00e1sticos llegan a Canarias y al resto de archipi\u00e9lagos, c\u00f3mo lo hacen, en qu\u00e9 momentos y en qu\u00e9 concentraciones, as\u00ed como establecer un observatorio para entender mejor esta contaminaci\u00f3n. La convocatoria de capitalizaci\u00f3n permite adem\u00e1s transferir los resultados a otros territorios e instituciones.<\/p>\n<p><strong><a href=\"https:\/\/www.ull.es\/portal\/noticias\/wp-content\/uploads\/sites\/13\/2025\/12\/Present-IMPLAMAC-Capit-32.jpg\" target=\"_blank\" rel=\"noopener\" target=\"_blank\" rel=\"noopener\"><img decoding=\"async\" loading=\"lazy\" class=\"alignleft wp-image-86047 size-medium\" src=\"https:\/\/www.ull.es\/portal\/noticias\/wp-content\/uploads\/sites\/13\/2025\/12\/Present-IMPLAMAC-Capit-32-300x200.jpg\" alt=\"\" width=\"300\" height=\"200\" srcset=\"https:\/\/www.ull.es\/portal\/noticias\/wp-content\/uploads\/sites\/13\/2025\/12\/Present-IMPLAMAC-Capit-32-300x200.jpg 300w, https:\/\/www.ull.es\/portal\/noticias\/wp-content\/uploads\/sites\/13\/2025\/12\/Present-IMPLAMAC-Capit-32-1024x683.jpg 1024w, https:\/\/www.ull.es\/portal\/noticias\/wp-content\/uploads\/sites\/13\/2025\/12\/Present-IMPLAMAC-Capit-32-768x512.jpg 768w, https:\/\/www.ull.es\/portal\/noticias\/wp-content\/uploads\/sites\/13\/2025\/12\/Present-IMPLAMAC-Capit-32-375x250.jpg 375w, https:\/\/www.ull.es\/portal\/noticias\/wp-content\/uploads\/sites\/13\/2025\/12\/Present-IMPLAMAC-Capit-32-750x500.jpg 750w, https:\/\/www.ull.es\/portal\/noticias\/wp-content\/uploads\/sites\/13\/2025\/12\/Present-IMPLAMAC-Capit-32-1140x760.jpg 1140w, https:\/\/www.ull.es\/portal\/noticias\/wp-content\/uploads\/sites\/13\/2025\/12\/Present-IMPLAMAC-Capit-32.jpg 1200w\" sizes=\"(max-width: 300px) 100vw, 300px\" \/><\/a>Primer proyecto IMPLAMAC <\/strong><\/p>\n<p>El proyecto IMPLAMAC evalu\u00f3 el impacto de micropl\u00e1sticos y contaminantes emergentes en las costas de Canarias, Cabo Verde, Madeira y Azores, para crear un observatorio que genere datos cuantitativos y cualitativos. Tambi\u00e9n, se incluye mejorar las metodolog\u00edas de muestreo y an\u00e1lisis para determinar la distribuci\u00f3n y zonas de acumulaci\u00f3n, estudiar los efectos de los micropl\u00e1sticos en las cadenas tr\u00f3ficas y ecosistemas (analizando m\u00e1s de 700 peces de consumo habitual, en los que se detectaron micropl\u00e1sticos) y determinar la presencia de contaminantes emergentes en agua y arena.<\/p>\n<p>Los datos recopilados mostraron diferencias significativas entre los archipi\u00e9lagos. En Canarias se monitorizaron alrededor de 23 playas y se confirm\u00f3 que es el archipi\u00e9lago que m\u00e1s micro, meso y macropl\u00e1sticos recibe por su posici\u00f3n geogr\u00e1fica. Se identificaron como puntos negros las playas de Arenas Blancas en El Hierro, Puertito de Adeje en Tenerife, Las Vueltas en La Gomera, Las Canteras en Gran Canaria, Caletillas y Caleta de Marrajo en Fuerteventura, Famara en Lanzarote y Lambra en La Graciosa. Las mayores concentraciones en n\u00famero de part\u00edculas por metro cuadrado se registraron en Playa Grande con 21.000 part\u00edculas, Caletillas con 14.000 y Playa Lambra con 11.000, mientras que estas mismas playas superaron los 100 gramos por metro cuadrado en peso.<\/p>\n<p>En cuanto a la distribuci\u00f3n por color, predominan las part\u00edculas blancas o incoloras en todos los archipi\u00e9lagos, lo que sugiere un origen com\u00fan. La forma m\u00e1s frecuente es el fragmento pl\u00e1stico r\u00edgido, especialmente en Azores y Canarias. En Madeira predomina el material tipo foam, f\u00e1cilmente desplazado por el viento, mientras que en Cabo Verde destacan restos de bolsas y materiales de pesca. Las pellets, materia prima de la industria pl\u00e1stica, se encontraron en peque\u00f1as cantidades en toda la Macaronesia. Adem\u00e1s, se observ\u00f3 que las playas orientadas entre el Noroeste y el Este reciben mayor cantidad de residuos pl\u00e1sticos que las orientadas entre el Sureste y el Oeste.<\/p>\n<p>Las entidades que forman parte del proyecto IMPLAMAC Capitalizaci\u00f3n son la Universidad de La Laguna como socio principal, la Universidad de Las Palmas de Gran Canaria, la Direcci\u00f3n Regional de Asuntos del Mar de Azores, la Direcci\u00f3n de la Investigaci\u00f3n, Tecnolog\u00eda e Innovaci\u00f3n de Azores, la Agencia Regional para el Desarrollo de la Investigaci\u00f3n, Tecnolog\u00eda e Innovaci\u00f3n de Madeira, la Universidad de Cabo Verde y la Universidad Gaston Berger de Senegal.<\/p>\n","protected":false},"excerpt":{"rendered":"<p>La Universidad de La Laguna celebr\u00f3 hoy, mi\u00e9rcoles 10 de diciembre, la Jornada de Lanzamiento del proyecto IMPLAMAC Capitalizaci\u00f3n, una&#8230;<\/p>\n","protected":false},"author":21,"featured_media":86046,"comment_status":"closed","ping_status":"closed","sticky":false,"template":"","format":"standard","meta":{"inline_featured_image":false,"footnotes":""},"categories":[345,350,2765],"tags":[6161,12210,1575,1788,5733],"acf":[],"yoast_head":"<!-- This site is optimized with the Yoast SEO plugin v21.3 - https:\/\/yoast.com\/wordpress\/plugins\/seo\/ -->\n<title>La ULL presenta el proyecto IMPLAMAC Capitalizaci\u00f3n<\/title>\n<meta name=\"description\" content=\"Esta iniciativa contin\u00faa el primer proyecto IMPLAMAC desarrollado entre 2019 y 2023 para monitorear los micropl\u00e1sticos en la Macaronesia.\" \/>\n<meta name=\"robots\" content=\"index, follow, max-snippet:-1, max-image-preview:large, max-video-preview:-1\" \/>\n<link rel=\"canonical\" href=\"https:\/\/www.ull.es\/portal\/noticias\/2025\/ull-presenta-implamac-capitalizacion-microplasticos-macaronesia\/\" \/>\n<meta property=\"og:locale\" content=\"es_ES\" \/>\n<meta property=\"og:type\" content=\"article\" \/>\n<meta property=\"og:title\" content=\"La ULL presenta el proyecto IMPLAMAC Capitalizaci\u00f3n\" \/>\n<meta property=\"og:description\" content=\"Esta iniciativa contin\u00faa el primer proyecto IMPLAMAC desarrollado entre 2019 y 2023 para monitorear los micropl\u00e1sticos en la Macaronesia.\" \/>\n<meta property=\"og:url\" content=\"https:\/\/www.ull.es\/portal\/noticias\/2025\/ull-presenta-implamac-capitalizacion-microplasticos-macaronesia\/\" \/>\n<meta property=\"og:site_name\" content=\"ULL - Noticias\" \/>\n<meta property=\"article:publisher\" content=\"https:\/\/www.facebook.com\/universidaddelalaguna\/\" \/>\n<meta property=\"article:published_time\" content=\"2025-12-10T14:27:45+00:00\" \/>\n<meta property=\"og:image\" content=\"https:\/\/www.ull.es\/portal\/noticias\/wp-content\/uploads\/sites\/13\/2025\/12\/Present-IMPLAMAC-Capit-16.jpg\" \/>\n\t<meta property=\"og:image:width\" content=\"1200\" \/>\n\t<meta property=\"og:image:height\" content=\"800\" \/>\n\t<meta property=\"og:image:type\" content=\"image\/jpeg\" \/>\n<meta name=\"author\" content=\"prensa2\" \/>\n<meta name=\"twitter:card\" content=\"summary_large_image\" \/>\n<meta name=\"twitter:creator\" content=\"@CanalULL\" \/>\n<meta name=\"twitter:site\" content=\"@CanalULL\" \/>\n<meta name=\"twitter:label1\" content=\"Escrito por\" \/>\n\t<meta name=\"twitter:data1\" content=\"prensa2\" \/>\n\t<meta name=\"twitter:label2\" content=\"Tiempo de lectura\" \/>\n\t<meta name=\"twitter:data2\" content=\"4 minutos\" \/>\n<script type=\"application\/ld+json\" class=\"yoast-schema-graph\">{\"@context\":\"https:\/\/schema.org\",\"@graph\":[{\"@type\":\"WebPage\",\"@id\":\"https:\/\/www.ull.es\/portal\/noticias\/2025\/ull-presenta-implamac-capitalizacion-microplasticos-macaronesia\/\",\"url\":\"https:\/\/www.ull.es\/portal\/noticias\/2025\/ull-presenta-implamac-capitalizacion-microplasticos-macaronesia\/\",\"name\":\"La ULL presenta el proyecto IMPLAMAC Capitalizaci\u00f3n\",\"isPartOf\":{\"@id\":\"https:\/\/www.ull.es\/portal\/noticias\/#website\"},\"datePublished\":\"2025-12-10T14:27:45+00:00\",\"dateModified\":\"2025-12-10T14:27:45+00:00\",\"author\":{\"@id\":\"https:\/\/www.ull.es\/portal\/noticias\/#\/schema\/person\/c3b2aa857797592927a03740d6664376\"},\"description\":\"Esta iniciativa contin\u00faa el primer proyecto IMPLAMAC desarrollado entre 2019 y 2023 para monitorear los micropl\u00e1sticos en la Macaronesia.\",\"breadcrumb\":{\"@id\":\"https:\/\/www.ull.es\/portal\/noticias\/2025\/ull-presenta-implamac-capitalizacion-microplasticos-macaronesia\/#breadcrumb\"},\"inLanguage\":\"es\",\"potentialAction\":[{\"@type\":\"ReadAction\",\"target\":[\"https:\/\/www.ull.es\/portal\/noticias\/2025\/ull-presenta-implamac-capitalizacion-microplasticos-macaronesia\/\"]}]},{\"@type\":\"BreadcrumbList\",\"@id\":\"https:\/\/www.ull.es\/portal\/noticias\/2025\/ull-presenta-implamac-capitalizacion-microplasticos-macaronesia\/#breadcrumb\",\"itemListElement\":[{\"@type\":\"ListItem\",\"position\":1,\"name\":\"Portada\",\"item\":\"https:\/\/www.ull.es\/portal\/noticias\/\"},{\"@type\":\"ListItem\",\"position\":2,\"name\":\"La ULL presenta IMPLAMAC Capitalizaci\u00f3n para fortalecer la monitorizaci\u00f3n de micropl\u00e1sticos en la Macaronesia\"}]},{\"@type\":\"WebSite\",\"@id\":\"https:\/\/www.ull.es\/portal\/noticias\/#website\",\"url\":\"https:\/\/www.ull.es\/portal\/noticias\/\",\"name\":\"ULL - Noticias\",\"description\":\"\",\"potentialAction\":[{\"@type\":\"SearchAction\",\"target\":{\"@type\":\"EntryPoint\",\"urlTemplate\":\"https:\/\/www.ull.es\/portal\/noticias\/?s={search_term_string}\"},\"query-input\":\"required name=search_term_string\"}],\"inLanguage\":\"es\"},{\"@type\":\"Person\",\"@id\":\"https:\/\/www.ull.es\/portal\/noticias\/#\/schema\/person\/c3b2aa857797592927a03740d6664376\",\"name\":\"prensa2\",\"image\":{\"@type\":\"ImageObject\",\"inLanguage\":\"es\",\"@id\":\"https:\/\/www.ull.es\/portal\/noticias\/#\/schema\/person\/image\/\",\"url\":\"https:\/\/secure.gravatar.com\/avatar\/b58f310a5de5feb33d1e026d2493f23c?s=96&d=mm&r=g\",\"contentUrl\":\"https:\/\/secure.gravatar.com\/avatar\/b58f310a5de5feb33d1e026d2493f23c?s=96&d=mm&r=g\",\"caption\":\"prensa2\"},\"url\":\"https:\/\/www.ull.es\/portal\/noticias\/author\/prensa2\/\"}]}<\/script>\n<!-- \/ Yoast SEO plugin. -->","yoast_head_json":{"title":"La ULL presenta el proyecto IMPLAMAC Capitalizaci\u00f3n","description":"Esta iniciativa contin\u00faa el primer proyecto IMPLAMAC desarrollado entre 2019 y 2023 para monitorear los micropl\u00e1sticos en la Macaronesia.","robots":{"index":"index","follow":"follow","max-snippet":"max-snippet:-1","max-image-preview":"max-image-preview:large","max-video-preview":"max-video-preview:-1"},"canonical":"https:\/\/www.ull.es\/portal\/noticias\/2025\/ull-presenta-implamac-capitalizacion-microplasticos-macaronesia\/","og_locale":"es_ES","og_type":"article","og_title":"La ULL presenta el proyecto IMPLAMAC Capitalizaci\u00f3n","og_description":"Esta iniciativa contin\u00faa el primer proyecto IMPLAMAC desarrollado entre 2019 y 2023 para monitorear los micropl\u00e1sticos en la Macaronesia.","og_url":"https:\/\/www.ull.es\/portal\/noticias\/2025\/ull-presenta-implamac-capitalizacion-microplasticos-macaronesia\/","og_site_name":"ULL - Noticias","article_publisher":"https:\/\/www.facebook.com\/universidaddelalaguna\/","article_published_time":"2025-12-10T14:27:45+00:00","og_image":[{"width":1200,"height":800,"url":"https:\/\/www.ull.es\/portal\/noticias\/wp-content\/uploads\/sites\/13\/2025\/12\/Present-IMPLAMAC-Capit-16.jpg","type":"image\/jpeg"}],"author":"prensa2","twitter_card":"summary_large_image","twitter_creator":"@CanalULL","twitter_site":"@CanalULL","twitter_misc":{"Escrito por":"prensa2","Tiempo de lectura":"4 minutos"},"schema":{"@context":"https:\/\/schema.org","@graph":[{"@type":"WebPage","@id":"https:\/\/www.ull.es\/portal\/noticias\/2025\/ull-presenta-implamac-capitalizacion-microplasticos-macaronesia\/","url":"https:\/\/www.ull.es\/portal\/noticias\/2025\/ull-presenta-implamac-capitalizacion-microplasticos-macaronesia\/","name":"La ULL presenta el proyecto IMPLAMAC Capitalizaci\u00f3n","isPartOf":{"@id":"https:\/\/www.ull.es\/portal\/noticias\/#website"},"datePublished":"2025-12-10T14:27:45+00:00","dateModified":"2025-12-10T14:27:45+00:00","author":{"@id":"https:\/\/www.ull.es\/portal\/noticias\/#\/schema\/person\/c3b2aa857797592927a03740d6664376"},"description":"Esta iniciativa contin\u00faa el primer proyecto IMPLAMAC desarrollado entre 2019 y 2023 para monitorear los micropl\u00e1sticos en la Macaronesia.","breadcrumb":{"@id":"https:\/\/www.ull.es\/portal\/noticias\/2025\/ull-presenta-implamac-capitalizacion-microplasticos-macaronesia\/#breadcrumb"},"inLanguage":"es","potentialAction":[{"@type":"ReadAction","target":["https:\/\/www.ull.es\/portal\/noticias\/2025\/ull-presenta-implamac-capitalizacion-microplasticos-macaronesia\/"]}]},{"@type":"BreadcrumbList","@id":"https:\/\/www.ull.es\/portal\/noticias\/2025\/ull-presenta-implamac-capitalizacion-microplasticos-macaronesia\/#breadcrumb","itemListElement":[{"@type":"ListItem","position":1,"name":"Portada","item":"https:\/\/www.ull.es\/portal\/noticias\/"},{"@type":"ListItem","position":2,"name":"La ULL presenta IMPLAMAC Capitalizaci\u00f3n para fortalecer la monitorizaci\u00f3n de micropl\u00e1sticos en la Macaronesia"}]},{"@type":"WebSite","@id":"https:\/\/www.ull.es\/portal\/noticias\/#website","url":"https:\/\/www.ull.es\/portal\/noticias\/","name":"ULL - Noticias","description":"","potentialAction":[{"@type":"SearchAction","target":{"@type":"EntryPoint","urlTemplate":"https:\/\/www.ull.es\/portal\/noticias\/?s={search_term_string}"},"query-input":"required name=search_term_string"}],"inLanguage":"es"},{"@type":"Person","@id":"https:\/\/www.ull.es\/portal\/noticias\/#\/schema\/person\/c3b2aa857797592927a03740d6664376","name":"prensa2","image":{"@type":"ImageObject","inLanguage":"es","@id":"https:\/\/www.ull.es\/portal\/noticias\/#\/schema\/person\/image\/","url":"https:\/\/secure.gravatar.com\/avatar\/b58f310a5de5feb33d1e026d2493f23c?s=96&d=mm&r=g","contentUrl":"https:\/\/secure.gravatar.com\/avatar\/b58f310a5de5feb33d1e026d2493f23c?s=96&d=mm&r=g","caption":"prensa2"},"url":"https:\/\/www.ull.es\/portal\/noticias\/author\/prensa2\/"}]}},"primary_category":{"id":345,"name":"Destacado","slug":"destacado","link":"https:\/\/www.ull.es\/portal\/noticias\/category\/destacado\/"},"featured_image_thumbnail_url":"https:\/\/www.ull.es\/portal\/noticias\/wp-content\/uploads\/sites\/13\/2025\/12\/Present-IMPLAMAC-Capit-16-300x200.jpg","_links":{"self":[{"href":"https:\/\/www.ull.es\/portal\/noticias\/wp-json\/wp\/v2\/posts\/86045"}],"collection":[{"href":"https:\/\/www.ull.es\/portal\/noticias\/wp-json\/wp\/v2\/posts"}],"about":[{"href":"https:\/\/www.ull.es\/portal\/noticias\/wp-json\/wp\/v2\/types\/post"}],"author":[{"embeddable":true,"href":"https:\/\/www.ull.es\/portal\/noticias\/wp-json\/wp\/v2\/users\/21"}],"replies":[{"embeddable":true,"href":"https:\/\/www.ull.es\/portal\/noticias\/wp-json\/wp\/v2\/comments?post=86045"}],"version-history":[{"count":1,"href":"https:\/\/www.ull.es\/portal\/noticias\/wp-json\/wp\/v2\/posts\/86045\/revisions"}],"predecessor-version":[{"id":86048,"href":"https:\/\/www.ull.es\/portal\/noticias\/wp-json\/wp\/v2\/posts\/86045\/revisions\/86048"}],"wp:featuredmedia":[{"embeddable":true,"href":"https:\/\/www.ull.es\/portal\/noticias\/wp-json\/wp\/v2\/media\/86046"}],"wp:attachment":[{"href":"https:\/\/www.ull.es\/portal\/noticias\/wp-json\/wp\/v2\/media?parent=86045"}],"wp:term":[{"taxonomy":"category","embeddable":true,"href":"https:\/\/www.ull.es\/portal\/noticias\/wp-json\/wp\/v2\/categories?post=86045"},{"taxonomy":"post_tag","embeddable":true,"href":"https:\/\/www.ull.es\/portal\/noticias\/wp-json\/wp\/v2\/tags?post=86045"}],"curies":[{"name":"wp","href":"https:\/\/api.w.org\/{rel}","templated":true}]}}