{"id":86160,"date":"2025-12-16T10:17:27","date_gmt":"2025-12-16T10:17:27","guid":{"rendered":"https:\/\/www.ull.es\/portal\/noticias\/?p=86160"},"modified":"2025-12-16T10:17:27","modified_gmt":"2025-12-16T10:17:27","slug":"stars-eu-convocatoria-propuestas-academicas","status":"publish","type":"post","link":"https:\/\/www.ull.es\/portal\/noticias\/2025\/stars-eu-convocatoria-propuestas-academicas\/","title":{"rendered":"STARS EU refuerza su apuesta por la innovaci\u00f3n docente con una convocatoria para propuestas acad\u00e9micas"},"content":{"rendered":"<p>La alianza de universidades europeas <a href=\"https:\/\/starseu.org\/\" target=\"_blank\" rel=\"noopener\" target=\"_blank\" rel=\"noopener\">STARS EU<\/a>, en la que est\u00e1 integrada la Universidad de La Laguna, mantendr\u00e1 abierta de forma permanente su <a href=\"https:\/\/starseu.org\/call-for-innovative-academic-offers-2\/\" target=\"_blank\" rel=\"noopener\" target=\"_blank\" rel=\"noopener\">convocatoria<\/a> para la presentaci\u00f3n de ofertas acad\u00e9micas innovadoras, dirigida al personal docente de las universidades miembros que est\u00e9 interesado en contribuir al desarrollo de un curr\u00edculo europeo compartido dentro de la alianza. De resultar seleccionadas, las propuestas presentadas podr\u00edan integrarse en la oferta acad\u00e9mica conjunta prevista para 2026.<\/p>\n<p>La llamada est\u00e1 abierta tanto a nuevos cursos dise\u00f1ados de forma espec\u00edfica para esta iniciativa, como a asignaturas ya existentes en los planes de estudio actuales que puedan compartirse \u2014con o sin adaptaciones\u2014 entre las universidades socias. Uno de los aspectos importantes a tener en cuenta es que los cursos se impartan en ingl\u00e9s o puedan traducirse con facilidad.<\/p>\n<p>Las propuestas pueden centrarse en programas de grado o m\u00e1ster en distintos niveles y presentarse en formato online, h\u00edbrido o <em>blended<\/em>. Entre ellos, se incluyen metodolog\u00edas como los <em>Collaborative Online International Learning<\/em> (COIL), <em>guest lectures<\/em> impartidas por profesorado invitado, <a href=\"https:\/\/starseu.org\/blended-intensive-programs-3\/\" target=\"_blank\" rel=\"noopener\" target=\"_blank\" rel=\"noopener\"><em>Blended Intensive Programmes<\/em> (BIPs)<\/a> u otros formatos innovadores que combinen el aprendizaje el virtual con el presencial.<\/p>\n<p>Uno de los aspectos m\u00e1s valorados por la alianza en esta convocatoria es que las propuestas fomenten la interdisciplinariedad, la colaboraci\u00f3n internacional, el pensamiento estrat\u00e9gico y sist\u00e9mico, la conciencia global, la sostenibilidad y la interacci\u00f3n con otros actores regionales e interregionales.<\/p>\n<p><strong>Participaci\u00f3n y selecci\u00f3n <\/strong><\/p>\n<p>Las personas interesadas han de contactar con su universidad de origen o con la persona coordinadora de STARS EU en su instituci\u00f3n, y completar el formulario con la informaci\u00f3n b\u00e1sica de la propuesta que encontrar\u00e1n en la web. En el caso de la Universidad de La Laguna, la persona de contacto es la especialista en asuntos de docencia de la oficina STARS EU Laura Esquivel, en el correo electr\u00f3nico <a href=\"mailto:mobilityofficer@ull.edu.es\" target=\"_blank\" rel=\"noopener\">mobilityofficer@ull.edu.es<\/a>. Una vez recibidas todas las candidaturas, las universidades de la alianza evaluar\u00e1n las propuestas y seleccionar\u00e1n los cursos que formar\u00e1n parte de la primera oferta acad\u00e9mica conjunta en 2026.<\/p>\n<p>Las propuestas que resulten seleccionadas se integrar\u00e1n en una iniciativa europea de gran alcance, orientada a impulsar la internacionalizaci\u00f3n de la ense\u00f1anza superior y tendr\u00e1n acceso a una red de universidades de nueve pa\u00edses europeos. Adem\u00e1s, recibir\u00e1n apoyo did\u00e1ctico y metodol\u00f3gico del <a href=\"https:\/\/starseu.org\/curriculum-lab\/\" target=\"_blank\" rel=\"noopener\" target=\"_blank\" rel=\"noopener\">Curriculum Lab<\/a> de STARS EU en la implantaci\u00f3n, as\u00ed como apoyo financiero o recursos adicionales por parte de las universidades de origen.<\/p>\n","protected":false},"excerpt":{"rendered":"<p>La alianza de universidades europeas STARS EU, en la que est\u00e1 integrada la Universidad de La Laguna, mantendr\u00e1 abierta de&#8230;<\/p>\n","protected":false},"author":21,"featured_media":86161,"comment_status":"closed","ping_status":"closed","sticky":false,"template":"","format":"standard","meta":{"inline_featured_image":false,"footnotes":""},"categories":[345,349,2765,8764],"tags":[9929,8790,2826,12217,6443,1506,8684],"acf":[],"yoast_head":"<!-- This site is optimized with the Yoast SEO plugin v21.3 - https:\/\/yoast.com\/wordpress\/plugins\/seo\/ -->\n<title>STARS EU abre una convocatoria para propuestas acad\u00e9micas<\/title>\n<meta name=\"description\" content=\"Las propuestas pueden centrarse en programas de grado o m\u00e1ster en distintos niveles y presentarse en formato online, h\u00edbrido o blended.\" \/>\n<meta name=\"robots\" content=\"index, follow, max-snippet:-1, max-image-preview:large, max-video-preview:-1\" \/>\n<link rel=\"canonical\" href=\"https:\/\/www.ull.es\/portal\/noticias\/2025\/stars-eu-convocatoria-propuestas-academicas\/\" \/>\n<meta property=\"og:locale\" content=\"es_ES\" \/>\n<meta property=\"og:type\" content=\"article\" \/>\n<meta property=\"og:title\" content=\"STARS EU abre una convocatoria para propuestas acad\u00e9micas\" \/>\n<meta property=\"og:description\" content=\"Las propuestas pueden centrarse en programas de grado o m\u00e1ster en distintos niveles y presentarse en formato online, h\u00edbrido o blended.\" \/>\n<meta property=\"og:url\" content=\"https:\/\/www.ull.es\/portal\/noticias\/2025\/stars-eu-convocatoria-propuestas-academicas\/\" \/>\n<meta property=\"og:site_name\" content=\"ULL - Noticias\" \/>\n<meta property=\"article:publisher\" content=\"https:\/\/www.facebook.com\/universidaddelalaguna\/\" \/>\n<meta property=\"article:published_time\" content=\"2025-12-16T10:17:27+00:00\" \/>\n<meta property=\"og:image\" content=\"https:\/\/www.ull.es\/portal\/noticias\/wp-content\/uploads\/sites\/13\/2025\/12\/Stars-EU-BIP-01.jpg\" \/>\n\t<meta property=\"og:image:width\" content=\"1200\" \/>\n\t<meta property=\"og:image:height\" content=\"794\" \/>\n\t<meta property=\"og:image:type\" content=\"image\/jpeg\" \/>\n<meta name=\"author\" content=\"prensa2\" \/>\n<meta name=\"twitter:card\" content=\"summary_large_image\" \/>\n<meta name=\"twitter:creator\" content=\"@CanalULL\" \/>\n<meta name=\"twitter:site\" content=\"@CanalULL\" \/>\n<meta name=\"twitter:label1\" content=\"Escrito por\" \/>\n\t<meta name=\"twitter:data1\" content=\"prensa2\" \/>\n\t<meta name=\"twitter:label2\" content=\"Tiempo de lectura\" \/>\n\t<meta name=\"twitter:data2\" content=\"2 minutos\" \/>\n<script type=\"application\/ld+json\" class=\"yoast-schema-graph\">{\"@context\":\"https:\/\/schema.org\",\"@graph\":[{\"@type\":\"WebPage\",\"@id\":\"https:\/\/www.ull.es\/portal\/noticias\/2025\/stars-eu-convocatoria-propuestas-academicas\/\",\"url\":\"https:\/\/www.ull.es\/portal\/noticias\/2025\/stars-eu-convocatoria-propuestas-academicas\/\",\"name\":\"STARS EU abre una convocatoria para propuestas acad\u00e9micas\",\"isPartOf\":{\"@id\":\"https:\/\/www.ull.es\/portal\/noticias\/#website\"},\"datePublished\":\"2025-12-16T10:17:27+00:00\",\"dateModified\":\"2025-12-16T10:17:27+00:00\",\"author\":{\"@id\":\"https:\/\/www.ull.es\/portal\/noticias\/#\/schema\/person\/c3b2aa857797592927a03740d6664376\"},\"description\":\"Las propuestas pueden centrarse en programas de grado o m\u00e1ster en distintos niveles y presentarse en formato online, h\u00edbrido o blended.\",\"breadcrumb\":{\"@id\":\"https:\/\/www.ull.es\/portal\/noticias\/2025\/stars-eu-convocatoria-propuestas-academicas\/#breadcrumb\"},\"inLanguage\":\"es\",\"potentialAction\":[{\"@type\":\"ReadAction\",\"target\":[\"https:\/\/www.ull.es\/portal\/noticias\/2025\/stars-eu-convocatoria-propuestas-academicas\/\"]}]},{\"@type\":\"BreadcrumbList\",\"@id\":\"https:\/\/www.ull.es\/portal\/noticias\/2025\/stars-eu-convocatoria-propuestas-academicas\/#breadcrumb\",\"itemListElement\":[{\"@type\":\"ListItem\",\"position\":1,\"name\":\"Portada\",\"item\":\"https:\/\/www.ull.es\/portal\/noticias\/\"},{\"@type\":\"ListItem\",\"position\":2,\"name\":\"STARS EU refuerza su apuesta por la innovaci\u00f3n docente con una convocatoria para propuestas acad\u00e9micas\"}]},{\"@type\":\"WebSite\",\"@id\":\"https:\/\/www.ull.es\/portal\/noticias\/#website\",\"url\":\"https:\/\/www.ull.es\/portal\/noticias\/\",\"name\":\"ULL - Noticias\",\"description\":\"\",\"potentialAction\":[{\"@type\":\"SearchAction\",\"target\":{\"@type\":\"EntryPoint\",\"urlTemplate\":\"https:\/\/www.ull.es\/portal\/noticias\/?s={search_term_string}\"},\"query-input\":\"required name=search_term_string\"}],\"inLanguage\":\"es\"},{\"@type\":\"Person\",\"@id\":\"https:\/\/www.ull.es\/portal\/noticias\/#\/schema\/person\/c3b2aa857797592927a03740d6664376\",\"name\":\"prensa2\",\"image\":{\"@type\":\"ImageObject\",\"inLanguage\":\"es\",\"@id\":\"https:\/\/www.ull.es\/portal\/noticias\/#\/schema\/person\/image\/\",\"url\":\"https:\/\/secure.gravatar.com\/avatar\/b58f310a5de5feb33d1e026d2493f23c?s=96&d=mm&r=g\",\"contentUrl\":\"https:\/\/secure.gravatar.com\/avatar\/b58f310a5de5feb33d1e026d2493f23c?s=96&d=mm&r=g\",\"caption\":\"prensa2\"},\"url\":\"https:\/\/www.ull.es\/portal\/noticias\/author\/prensa2\/\"}]}<\/script>\n<!-- \/ Yoast SEO plugin. -->","yoast_head_json":{"title":"STARS EU abre una convocatoria para propuestas acad\u00e9micas","description":"Las propuestas pueden centrarse en programas de grado o m\u00e1ster en distintos niveles y presentarse en formato online, h\u00edbrido o blended.","robots":{"index":"index","follow":"follow","max-snippet":"max-snippet:-1","max-image-preview":"max-image-preview:large","max-video-preview":"max-video-preview:-1"},"canonical":"https:\/\/www.ull.es\/portal\/noticias\/2025\/stars-eu-convocatoria-propuestas-academicas\/","og_locale":"es_ES","og_type":"article","og_title":"STARS EU abre una convocatoria para propuestas acad\u00e9micas","og_description":"Las propuestas pueden centrarse en programas de grado o m\u00e1ster en distintos niveles y presentarse en formato online, h\u00edbrido o blended.","og_url":"https:\/\/www.ull.es\/portal\/noticias\/2025\/stars-eu-convocatoria-propuestas-academicas\/","og_site_name":"ULL - Noticias","article_publisher":"https:\/\/www.facebook.com\/universidaddelalaguna\/","article_published_time":"2025-12-16T10:17:27+00:00","og_image":[{"width":1200,"height":794,"url":"https:\/\/www.ull.es\/portal\/noticias\/wp-content\/uploads\/sites\/13\/2025\/12\/Stars-EU-BIP-01.jpg","type":"image\/jpeg"}],"author":"prensa2","twitter_card":"summary_large_image","twitter_creator":"@CanalULL","twitter_site":"@CanalULL","twitter_misc":{"Escrito por":"prensa2","Tiempo de lectura":"2 minutos"},"schema":{"@context":"https:\/\/schema.org","@graph":[{"@type":"WebPage","@id":"https:\/\/www.ull.es\/portal\/noticias\/2025\/stars-eu-convocatoria-propuestas-academicas\/","url":"https:\/\/www.ull.es\/portal\/noticias\/2025\/stars-eu-convocatoria-propuestas-academicas\/","name":"STARS EU abre una convocatoria para propuestas acad\u00e9micas","isPartOf":{"@id":"https:\/\/www.ull.es\/portal\/noticias\/#website"},"datePublished":"2025-12-16T10:17:27+00:00","dateModified":"2025-12-16T10:17:27+00:00","author":{"@id":"https:\/\/www.ull.es\/portal\/noticias\/#\/schema\/person\/c3b2aa857797592927a03740d6664376"},"description":"Las propuestas pueden centrarse en programas de grado o m\u00e1ster en distintos niveles y presentarse en formato online, h\u00edbrido o blended.","breadcrumb":{"@id":"https:\/\/www.ull.es\/portal\/noticias\/2025\/stars-eu-convocatoria-propuestas-academicas\/#breadcrumb"},"inLanguage":"es","potentialAction":[{"@type":"ReadAction","target":["https:\/\/www.ull.es\/portal\/noticias\/2025\/stars-eu-convocatoria-propuestas-academicas\/"]}]},{"@type":"BreadcrumbList","@id":"https:\/\/www.ull.es\/portal\/noticias\/2025\/stars-eu-convocatoria-propuestas-academicas\/#breadcrumb","itemListElement":[{"@type":"ListItem","position":1,"name":"Portada","item":"https:\/\/www.ull.es\/portal\/noticias\/"},{"@type":"ListItem","position":2,"name":"STARS EU refuerza su apuesta por la innovaci\u00f3n docente con una convocatoria para propuestas acad\u00e9micas"}]},{"@type":"WebSite","@id":"https:\/\/www.ull.es\/portal\/noticias\/#website","url":"https:\/\/www.ull.es\/portal\/noticias\/","name":"ULL - Noticias","description":"","potentialAction":[{"@type":"SearchAction","target":{"@type":"EntryPoint","urlTemplate":"https:\/\/www.ull.es\/portal\/noticias\/?s={search_term_string}"},"query-input":"required name=search_term_string"}],"inLanguage":"es"},{"@type":"Person","@id":"https:\/\/www.ull.es\/portal\/noticias\/#\/schema\/person\/c3b2aa857797592927a03740d6664376","name":"prensa2","image":{"@type":"ImageObject","inLanguage":"es","@id":"https:\/\/www.ull.es\/portal\/noticias\/#\/schema\/person\/image\/","url":"https:\/\/secure.gravatar.com\/avatar\/b58f310a5de5feb33d1e026d2493f23c?s=96&d=mm&r=g","contentUrl":"https:\/\/secure.gravatar.com\/avatar\/b58f310a5de5feb33d1e026d2493f23c?s=96&d=mm&r=g","caption":"prensa2"},"url":"https:\/\/www.ull.es\/portal\/noticias\/author\/prensa2\/"}]}},"primary_category":{"id":345,"name":"Destacado","slug":"destacado","link":"https:\/\/www.ull.es\/portal\/noticias\/category\/destacado\/"},"featured_image_thumbnail_url":"https:\/\/www.ull.es\/portal\/noticias\/wp-content\/uploads\/sites\/13\/2025\/12\/Stars-EU-BIP-01-300x199.jpg","_links":{"self":[{"href":"https:\/\/www.ull.es\/portal\/noticias\/wp-json\/wp\/v2\/posts\/86160"}],"collection":[{"href":"https:\/\/www.ull.es\/portal\/noticias\/wp-json\/wp\/v2\/posts"}],"about":[{"href":"https:\/\/www.ull.es\/portal\/noticias\/wp-json\/wp\/v2\/types\/post"}],"author":[{"embeddable":true,"href":"https:\/\/www.ull.es\/portal\/noticias\/wp-json\/wp\/v2\/users\/21"}],"replies":[{"embeddable":true,"href":"https:\/\/www.ull.es\/portal\/noticias\/wp-json\/wp\/v2\/comments?post=86160"}],"version-history":[{"count":1,"href":"https:\/\/www.ull.es\/portal\/noticias\/wp-json\/wp\/v2\/posts\/86160\/revisions"}],"predecessor-version":[{"id":86162,"href":"https:\/\/www.ull.es\/portal\/noticias\/wp-json\/wp\/v2\/posts\/86160\/revisions\/86162"}],"wp:featuredmedia":[{"embeddable":true,"href":"https:\/\/www.ull.es\/portal\/noticias\/wp-json\/wp\/v2\/media\/86161"}],"wp:attachment":[{"href":"https:\/\/www.ull.es\/portal\/noticias\/wp-json\/wp\/v2\/media?parent=86160"}],"wp:term":[{"taxonomy":"category","embeddable":true,"href":"https:\/\/www.ull.es\/portal\/noticias\/wp-json\/wp\/v2\/categories?post=86160"},{"taxonomy":"post_tag","embeddable":true,"href":"https:\/\/www.ull.es\/portal\/noticias\/wp-json\/wp\/v2\/tags?post=86160"}],"curies":[{"name":"wp","href":"https:\/\/api.w.org\/{rel}","templated":true}]}}