{"id":86276,"date":"2025-12-23T09:02:04","date_gmt":"2025-12-23T09:02:04","guid":{"rendered":"https:\/\/www.ull.es\/portal\/noticias\/?p=86276"},"modified":"2025-12-23T09:02:04","modified_gmt":"2025-12-23T09:02:04","slug":"ull-gesplan-proyectos-planeamiento-territorial-sostenibilidad","status":"publish","type":"post","link":"https:\/\/www.ull.es\/portal\/noticias\/2025\/ull-gesplan-proyectos-planeamiento-territorial-sostenibilidad\/","title":{"rendered":"La ULL y Gesplan colaborar\u00e1n en diversos proyectos de planeamiento territorial con enfoque de sostenibilidad"},"content":{"rendered":"<p>La Universidad de La Laguna y Gesti\u00f3n y Planeamiento Territorial y Medioambiental S.A. (<a href=\"https:\/\/gesplan.es\/\" target=\"_blank\" rel=\"noopener\" target=\"_blank\" rel=\"noopener\">Gesplan<\/a>) firmaron ayer, lunes 22 de diciembre, un convenio y tres protocolos de colaboraci\u00f3n que facilitar\u00e1n el impulso de varias iniciativas enfocadas al planeamiento territorial con un enfoque de sostenibilidad, surgidas a partir de proyectos y entidades vinculadas a la instituci\u00f3n acad\u00e9mica. Por parte del centro docente e investigador firm\u00f3 los acuerdos su rector, Francisco J. Garc\u00eda Rodr\u00edguez, mientras que por la empresa p\u00fablica lo hizo su consejero delegado, Miguel \u00c1ngel P\u00e9rez Hern\u00e1ndez.<\/p>\n<p>Concretamente, se ha firmado un convenio marco de cooperaci\u00f3n entre ambas organizaciones para impulsar el desarrollo de actuaciones conjuntas de car\u00e1cter tanto formativo como investigador; y tres protocolos centrados espec\u00edficamente en sendas iniciativas concretas: el grupo de investigaci\u00f3n \u201cPost-Crecimiento en Entornos Insulares (<a href=\"https:\/\/portalciencia.ull.es\/grupos\/74908\/detalle\" target=\"_blank\" rel=\"noopener\" target=\"_blank\" rel=\"noopener\">PENSARES<\/a>)\u201d, en el contexto de la ordenaci\u00f3n del territorio, la econom\u00eda aplicada y el reto demogr\u00e1fico; el grupo de investigaci\u00f3n \u201cMateriales y Dispositivos \u00d3pticos (<a href=\"https:\/\/portalciencia.ull.es\/grupos\/6250\/detalle\" target=\"_blank\" rel=\"noopener\" target=\"_blank\" rel=\"noopener\">GMDP<\/a>)\u201d, enfocado al desarrollo de energ\u00edas renovables; y la c\u00e1tedra \u201c<a href=\"https:\/\/wp.ull.es\/resiliencia\/\" target=\"_blank\" rel=\"noopener\" target=\"_blank\" rel=\"noopener\">Reducci\u00f3n de Desastres: Ciudades Resilientes<\/a>\u201d.<\/p>\n<p>El rector manifest\u00f3 su orgullo por que la Universidad de La Laguna pueda \u201cser de utilidad para Canarias en asuntos tan estrat\u00e9gicos como las energ\u00edas renovables, el reto demogr\u00e1fico y la previsi\u00f3n y preparaci\u00f3n ante desastres naturales\u201d. Valor\u00f3 que estos proyectos comunes con Gesplan poseen un \u201cenfoque cualitativo\u201d que busca \u201canticiparse a las crisis\u201d y agradeci\u00f3 al Gobierno de Canarias que para ello haya acudido \u201ca las fuentes del conocimiento y al rigor acad\u00e9mico\u201d.<\/p>\n<p>El consejero delegado explic\u00f3 que el convenio marco viene a renovar el ya firmado en 2021 con la Universidad de La Laguna, pero esta vez acompa\u00f1ado de tres protocolos que concretan en acciones m\u00e1s definidas esta voluntad de trabajo conjunto. \u201cComo empresa p\u00fablica que somos, para nosotros es casi una obligaci\u00f3n, pero tambi\u00e9n un privilegio, contar con la colaboraci\u00f3n del profesorado y personal investigador cualificado de las universidades p\u00fablicas canarias\u201d.<\/p>\n<p><strong><a href=\"https:\/\/www.ull.es\/portal\/noticias\/wp-content\/uploads\/sites\/13\/2025\/12\/gesplan-3.jpg\" target=\"_blank\" rel=\"noopener\" target=\"_blank\" rel=\"noopener\"><img decoding=\"async\" loading=\"lazy\" class=\"alignleft wp-image-86278 size-medium\" src=\"https:\/\/www.ull.es\/portal\/noticias\/wp-content\/uploads\/sites\/13\/2025\/12\/gesplan-3-300x200.jpg\" alt=\"\" width=\"300\" height=\"200\" srcset=\"https:\/\/www.ull.es\/portal\/noticias\/wp-content\/uploads\/sites\/13\/2025\/12\/gesplan-3-300x200.jpg 300w, https:\/\/www.ull.es\/portal\/noticias\/wp-content\/uploads\/sites\/13\/2025\/12\/gesplan-3-1024x683.jpg 1024w, https:\/\/www.ull.es\/portal\/noticias\/wp-content\/uploads\/sites\/13\/2025\/12\/gesplan-3-768x512.jpg 768w, https:\/\/www.ull.es\/portal\/noticias\/wp-content\/uploads\/sites\/13\/2025\/12\/gesplan-3-375x250.jpg 375w, https:\/\/www.ull.es\/portal\/noticias\/wp-content\/uploads\/sites\/13\/2025\/12\/gesplan-3-750x500.jpg 750w, https:\/\/www.ull.es\/portal\/noticias\/wp-content\/uploads\/sites\/13\/2025\/12\/gesplan-3-1140x760.jpg 1140w, https:\/\/www.ull.es\/portal\/noticias\/wp-content\/uploads\/sites\/13\/2025\/12\/gesplan-3.jpg 1200w\" sizes=\"(max-width: 300px) 100vw, 300px\" \/><\/a>Acuerdos<\/strong><\/p>\n<p>El convenio marco manifiesta la voluntad de ambas instituciones para colaborar en diferentes \u00e1mbitos que son los que se concretan, precisamente, en los tres protocolos generales de actuaci\u00f3n vinculados a los dos grupos de investigaci\u00f3n y a la c\u00e1tedra, los cuales poseen similares especificaciones. As\u00ed, se estipula que el \u00e1mbito de actuaci\u00f3n es toda la comunidad aut\u00f3noma canaria, con posibilidades de internacionalizaci\u00f3n; que su vigencia de cuatro a\u00f1os es prorrogable por otro periodo similar; y cu\u00e1les son las caracter\u00edsticas m\u00ednimas que debe recoger cada convenio espec\u00edfico o contrato que habr\u00e1 que formalizar para cada una de las acciones que puedan emanar de estos protocolos.<\/p>\n<p>El prop\u00f3sito de estos acuerdos es poner en marcha actividades de informaci\u00f3n, divulgaci\u00f3n y concienciaci\u00f3n para incrementar la conciencia sobre la planificaci\u00f3n territorial vinculado al \u00e1mbito de cada grupo y a los Objetivos de Desarrollo Sostenible; actividades de formaci\u00f3n, capacitaci\u00f3n e investigaci\u00f3n; participaci\u00f3n conjunta en consorcios de licitaci\u00f3n nacional o internacional, as\u00ed como aportaci\u00f3n de expertos clave los que concurra Gesplan; colaboraci\u00f3n bidireccional para la transferencia de conocimiento con el prop\u00f3sito de mejorar los objetivos y las actividades propias de cada entidad; y constituir comit\u00e9s cient\u00edficos que respondan a los objetivos de estos acuerdos mediante jornadas, simposios y congresos.<\/p>\n<p><strong>Grupos y c\u00e1tedra vinculados<\/strong><\/p>\n<p>El grupo de investigaci\u00f3n PENSARES est\u00e1 coordinado por el catedr\u00e1tico del Departamento de Econom\u00eda Aplicada y M\u00e9todos Cuantitativos <a href=\"https:\/\/portalciencia.ull.es\/investigadores\/81830\/detalle\" target=\"_blank\" rel=\"noopener\" target=\"_blank\" rel=\"noopener\">Seraf\u00edn Corral<\/a>, y estudia el post-crecimiento en entornos insulares desde una perspectiva de democracia deliberativa. Ha abordado los impactos sociales, econ\u00f3micos y ambientales del cambio clim\u00e1tico en espacios insulares y la gesti\u00f3n participativa de recursos naturales. Su enfoque integrador y multidisciplinario ha contribuido al desarrollo de modelos alternativos de crecimiento y sostenibilidad en territorios insulares que enfatizan la participaci\u00f3n comunitaria y la adaptaci\u00f3n institucional.<\/p>\n<p>El grupo GMDO, coordinado por el catedr\u00e1tico del Departamento de F\u00edsica <a href=\"https:\/\/portalciencia.ull.es\/investigadores\/80850\/detalle\" target=\"_blank\" rel=\"noopener\" target=\"_blank\" rel=\"noopener\">Fernando Lahoz<\/a>, centra su inter\u00e9s en diferentes tipos de materiales que presentan propiedades \u00f3pticas de inter\u00e9s tanto desde el punto de vista de la investigaci\u00f3n fundamental como por sus aplicaciones en dispositivos \u00f3pticos tales como emisores de luz, sensores \u00f3pticos, aplicaciones biom\u00e9dicas y aplicaciones en el campo de las energ\u00edas renovables, particularmente energ\u00eda fotovoltaica. Entre otros hitos, ha desarrollado proyectos de cooperaci\u00f3n interuniversitaria en Senegal.<\/p>\n<p>La C\u00e1tedra \u201cReducci\u00f3n de Riesgos de Desastres: Ciudades Resilientes\u201d, dirigida por el profesor titular del Departamento de Geograf\u00eda e Historia <a href=\"https:\/\/portalciencia.ull.es\/investigadores\/81814\/detalle\" target=\"_blank\" rel=\"noopener\" target=\"_blank\" rel=\"noopener\">Pedro Dorta<\/a>, fue creada en 2014 y ha desarrollado una consolidada oferta formativa con docentes de \u00e1mbito nacional e internacional en las que ya ha colaborado con Gesplan, y ha producido notables resultados de investigaci\u00f3n relacionados con diferentes tipos de amenazas naturales. Entre sus miembros hay un promotor de la campa\u00f1a mundial \u201cDesarrollando Ciudades Resilientes\u201d y orienta sus actividades a las l\u00edneas de acci\u00f3n de la Estrategia Internacional para la Reducci\u00f3n de Riesgo de Desastre (UNDRR).<\/p>\n<p>Las tres entidades entroncan con los prop\u00f3sitos de Gesplan que, al estar centrada en el planeamiento territorial, ha de tener en cuenta variedad de elementos para los cuales las especialidades de estos grupos de investigaci\u00f3n y esta c\u00e1tedra pueden ser de utilidad. Adem\u00e1s, tiene especialmente en cuenta los Objetivos de Desarrollo Sostenible, as\u00ed como la Estrategia Nacional frente al Reto Demogr\u00e1fico y la Estrategia Canaria de Reto Demogr\u00e1fico y Cohesi\u00f3n Territorial.<\/p>\n","protected":false},"excerpt":{"rendered":"<p>La Universidad de La Laguna y Gesti\u00f3n y Planeamiento Territorial y Medioambiental S.A. (Gesplan) firmaron ayer, lunes 22 de diciembre,&#8230;<\/p>\n","protected":false},"author":21,"featured_media":86277,"comment_status":"closed","ping_status":"closed","sticky":false,"template":"","format":"standard","meta":{"inline_featured_image":false,"footnotes":""},"categories":[345,348,2765],"tags":[4306,3144,1249,6909,12251,12250,4828,9577,12248,2267,12249,7106,2709,3672],"acf":[],"yoast_head":"<!-- This site is optimized with the Yoast SEO plugin v21.3 - https:\/\/yoast.com\/wordpress\/plugins\/seo\/ -->\n<title>La ULL y Gesplan colaborar\u00e1n en planeamiento territorial<\/title>\n<meta name=\"description\" content=\"Ambas instituciones renovaron su convenio marco, al que a\u00f1adieron tres protocolos espec\u00edficos vinculando investigaciones de la ULL.\" \/>\n<meta name=\"robots\" content=\"index, follow, max-snippet:-1, max-image-preview:large, max-video-preview:-1\" \/>\n<link rel=\"canonical\" href=\"https:\/\/www.ull.es\/portal\/noticias\/2025\/ull-gesplan-proyectos-planeamiento-territorial-sostenibilidad\/\" \/>\n<meta property=\"og:locale\" content=\"es_ES\" \/>\n<meta property=\"og:type\" content=\"article\" \/>\n<meta property=\"og:title\" content=\"La ULL y Gesplan colaborar\u00e1n en planeamiento territorial\" \/>\n<meta property=\"og:description\" content=\"Ambas instituciones renovaron su convenio marco, al que a\u00f1adieron tres protocolos espec\u00edficos vinculando investigaciones de la ULL.\" \/>\n<meta property=\"og:url\" content=\"https:\/\/www.ull.es\/portal\/noticias\/2025\/ull-gesplan-proyectos-planeamiento-territorial-sostenibilidad\/\" \/>\n<meta property=\"og:site_name\" content=\"ULL - Noticias\" \/>\n<meta property=\"article:publisher\" content=\"https:\/\/www.facebook.com\/universidaddelalaguna\/\" \/>\n<meta property=\"article:published_time\" content=\"2025-12-23T09:02:04+00:00\" \/>\n<meta property=\"og:image\" content=\"https:\/\/www.ull.es\/portal\/noticias\/wp-content\/uploads\/sites\/13\/2025\/12\/gesplan-2.jpg\" \/>\n\t<meta property=\"og:image:width\" content=\"1200\" \/>\n\t<meta property=\"og:image:height\" content=\"800\" \/>\n\t<meta property=\"og:image:type\" content=\"image\/jpeg\" \/>\n<meta name=\"author\" content=\"prensa2\" \/>\n<meta name=\"twitter:card\" content=\"summary_large_image\" \/>\n<meta name=\"twitter:creator\" content=\"@CanalULL\" \/>\n<meta name=\"twitter:site\" content=\"@CanalULL\" \/>\n<meta name=\"twitter:label1\" content=\"Escrito por\" \/>\n\t<meta name=\"twitter:data1\" content=\"prensa2\" \/>\n\t<meta name=\"twitter:label2\" content=\"Tiempo de lectura\" \/>\n\t<meta name=\"twitter:data2\" content=\"5 minutos\" \/>\n<script type=\"application\/ld+json\" class=\"yoast-schema-graph\">{\"@context\":\"https:\/\/schema.org\",\"@graph\":[{\"@type\":\"WebPage\",\"@id\":\"https:\/\/www.ull.es\/portal\/noticias\/2025\/ull-gesplan-proyectos-planeamiento-territorial-sostenibilidad\/\",\"url\":\"https:\/\/www.ull.es\/portal\/noticias\/2025\/ull-gesplan-proyectos-planeamiento-territorial-sostenibilidad\/\",\"name\":\"La ULL y Gesplan colaborar\u00e1n en planeamiento territorial\",\"isPartOf\":{\"@id\":\"https:\/\/www.ull.es\/portal\/noticias\/#website\"},\"datePublished\":\"2025-12-23T09:02:04+00:00\",\"dateModified\":\"2025-12-23T09:02:04+00:00\",\"author\":{\"@id\":\"https:\/\/www.ull.es\/portal\/noticias\/#\/schema\/person\/c3b2aa857797592927a03740d6664376\"},\"description\":\"Ambas instituciones renovaron su convenio marco, al que a\u00f1adieron tres protocolos espec\u00edficos vinculando investigaciones de la ULL.\",\"breadcrumb\":{\"@id\":\"https:\/\/www.ull.es\/portal\/noticias\/2025\/ull-gesplan-proyectos-planeamiento-territorial-sostenibilidad\/#breadcrumb\"},\"inLanguage\":\"es\",\"potentialAction\":[{\"@type\":\"ReadAction\",\"target\":[\"https:\/\/www.ull.es\/portal\/noticias\/2025\/ull-gesplan-proyectos-planeamiento-territorial-sostenibilidad\/\"]}]},{\"@type\":\"BreadcrumbList\",\"@id\":\"https:\/\/www.ull.es\/portal\/noticias\/2025\/ull-gesplan-proyectos-planeamiento-territorial-sostenibilidad\/#breadcrumb\",\"itemListElement\":[{\"@type\":\"ListItem\",\"position\":1,\"name\":\"Portada\",\"item\":\"https:\/\/www.ull.es\/portal\/noticias\/\"},{\"@type\":\"ListItem\",\"position\":2,\"name\":\"La ULL y Gesplan colaborar\u00e1n en diversos proyectos de planeamiento territorial con enfoque de sostenibilidad\"}]},{\"@type\":\"WebSite\",\"@id\":\"https:\/\/www.ull.es\/portal\/noticias\/#website\",\"url\":\"https:\/\/www.ull.es\/portal\/noticias\/\",\"name\":\"ULL - Noticias\",\"description\":\"\",\"potentialAction\":[{\"@type\":\"SearchAction\",\"target\":{\"@type\":\"EntryPoint\",\"urlTemplate\":\"https:\/\/www.ull.es\/portal\/noticias\/?s={search_term_string}\"},\"query-input\":\"required name=search_term_string\"}],\"inLanguage\":\"es\"},{\"@type\":\"Person\",\"@id\":\"https:\/\/www.ull.es\/portal\/noticias\/#\/schema\/person\/c3b2aa857797592927a03740d6664376\",\"name\":\"prensa2\",\"image\":{\"@type\":\"ImageObject\",\"inLanguage\":\"es\",\"@id\":\"https:\/\/www.ull.es\/portal\/noticias\/#\/schema\/person\/image\/\",\"url\":\"https:\/\/secure.gravatar.com\/avatar\/b58f310a5de5feb33d1e026d2493f23c?s=96&d=mm&r=g\",\"contentUrl\":\"https:\/\/secure.gravatar.com\/avatar\/b58f310a5de5feb33d1e026d2493f23c?s=96&d=mm&r=g\",\"caption\":\"prensa2\"},\"url\":\"https:\/\/www.ull.es\/portal\/noticias\/author\/prensa2\/\"}]}<\/script>\n<!-- \/ Yoast SEO plugin. -->","yoast_head_json":{"title":"La ULL y Gesplan colaborar\u00e1n en planeamiento territorial","description":"Ambas instituciones renovaron su convenio marco, al que a\u00f1adieron tres protocolos espec\u00edficos vinculando investigaciones de la ULL.","robots":{"index":"index","follow":"follow","max-snippet":"max-snippet:-1","max-image-preview":"max-image-preview:large","max-video-preview":"max-video-preview:-1"},"canonical":"https:\/\/www.ull.es\/portal\/noticias\/2025\/ull-gesplan-proyectos-planeamiento-territorial-sostenibilidad\/","og_locale":"es_ES","og_type":"article","og_title":"La ULL y Gesplan colaborar\u00e1n en planeamiento territorial","og_description":"Ambas instituciones renovaron su convenio marco, al que a\u00f1adieron tres protocolos espec\u00edficos vinculando investigaciones de la ULL.","og_url":"https:\/\/www.ull.es\/portal\/noticias\/2025\/ull-gesplan-proyectos-planeamiento-territorial-sostenibilidad\/","og_site_name":"ULL - Noticias","article_publisher":"https:\/\/www.facebook.com\/universidaddelalaguna\/","article_published_time":"2025-12-23T09:02:04+00:00","og_image":[{"width":1200,"height":800,"url":"https:\/\/www.ull.es\/portal\/noticias\/wp-content\/uploads\/sites\/13\/2025\/12\/gesplan-2.jpg","type":"image\/jpeg"}],"author":"prensa2","twitter_card":"summary_large_image","twitter_creator":"@CanalULL","twitter_site":"@CanalULL","twitter_misc":{"Escrito por":"prensa2","Tiempo de lectura":"5 minutos"},"schema":{"@context":"https:\/\/schema.org","@graph":[{"@type":"WebPage","@id":"https:\/\/www.ull.es\/portal\/noticias\/2025\/ull-gesplan-proyectos-planeamiento-territorial-sostenibilidad\/","url":"https:\/\/www.ull.es\/portal\/noticias\/2025\/ull-gesplan-proyectos-planeamiento-territorial-sostenibilidad\/","name":"La ULL y Gesplan colaborar\u00e1n en planeamiento territorial","isPartOf":{"@id":"https:\/\/www.ull.es\/portal\/noticias\/#website"},"datePublished":"2025-12-23T09:02:04+00:00","dateModified":"2025-12-23T09:02:04+00:00","author":{"@id":"https:\/\/www.ull.es\/portal\/noticias\/#\/schema\/person\/c3b2aa857797592927a03740d6664376"},"description":"Ambas instituciones renovaron su convenio marco, al que a\u00f1adieron tres protocolos espec\u00edficos vinculando investigaciones de la ULL.","breadcrumb":{"@id":"https:\/\/www.ull.es\/portal\/noticias\/2025\/ull-gesplan-proyectos-planeamiento-territorial-sostenibilidad\/#breadcrumb"},"inLanguage":"es","potentialAction":[{"@type":"ReadAction","target":["https:\/\/www.ull.es\/portal\/noticias\/2025\/ull-gesplan-proyectos-planeamiento-territorial-sostenibilidad\/"]}]},{"@type":"BreadcrumbList","@id":"https:\/\/www.ull.es\/portal\/noticias\/2025\/ull-gesplan-proyectos-planeamiento-territorial-sostenibilidad\/#breadcrumb","itemListElement":[{"@type":"ListItem","position":1,"name":"Portada","item":"https:\/\/www.ull.es\/portal\/noticias\/"},{"@type":"ListItem","position":2,"name":"La ULL y Gesplan colaborar\u00e1n en diversos proyectos de planeamiento territorial con enfoque de sostenibilidad"}]},{"@type":"WebSite","@id":"https:\/\/www.ull.es\/portal\/noticias\/#website","url":"https:\/\/www.ull.es\/portal\/noticias\/","name":"ULL - Noticias","description":"","potentialAction":[{"@type":"SearchAction","target":{"@type":"EntryPoint","urlTemplate":"https:\/\/www.ull.es\/portal\/noticias\/?s={search_term_string}"},"query-input":"required name=search_term_string"}],"inLanguage":"es"},{"@type":"Person","@id":"https:\/\/www.ull.es\/portal\/noticias\/#\/schema\/person\/c3b2aa857797592927a03740d6664376","name":"prensa2","image":{"@type":"ImageObject","inLanguage":"es","@id":"https:\/\/www.ull.es\/portal\/noticias\/#\/schema\/person\/image\/","url":"https:\/\/secure.gravatar.com\/avatar\/b58f310a5de5feb33d1e026d2493f23c?s=96&d=mm&r=g","contentUrl":"https:\/\/secure.gravatar.com\/avatar\/b58f310a5de5feb33d1e026d2493f23c?s=96&d=mm&r=g","caption":"prensa2"},"url":"https:\/\/www.ull.es\/portal\/noticias\/author\/prensa2\/"}]}},"primary_category":{"id":345,"name":"Destacado","slug":"destacado","link":"https:\/\/www.ull.es\/portal\/noticias\/category\/destacado\/"},"featured_image_thumbnail_url":"https:\/\/www.ull.es\/portal\/noticias\/wp-content\/uploads\/sites\/13\/2025\/12\/gesplan-2-300x200.jpg","_links":{"self":[{"href":"https:\/\/www.ull.es\/portal\/noticias\/wp-json\/wp\/v2\/posts\/86276"}],"collection":[{"href":"https:\/\/www.ull.es\/portal\/noticias\/wp-json\/wp\/v2\/posts"}],"about":[{"href":"https:\/\/www.ull.es\/portal\/noticias\/wp-json\/wp\/v2\/types\/post"}],"author":[{"embeddable":true,"href":"https:\/\/www.ull.es\/portal\/noticias\/wp-json\/wp\/v2\/users\/21"}],"replies":[{"embeddable":true,"href":"https:\/\/www.ull.es\/portal\/noticias\/wp-json\/wp\/v2\/comments?post=86276"}],"version-history":[{"count":1,"href":"https:\/\/www.ull.es\/portal\/noticias\/wp-json\/wp\/v2\/posts\/86276\/revisions"}],"predecessor-version":[{"id":86279,"href":"https:\/\/www.ull.es\/portal\/noticias\/wp-json\/wp\/v2\/posts\/86276\/revisions\/86279"}],"wp:featuredmedia":[{"embeddable":true,"href":"https:\/\/www.ull.es\/portal\/noticias\/wp-json\/wp\/v2\/media\/86277"}],"wp:attachment":[{"href":"https:\/\/www.ull.es\/portal\/noticias\/wp-json\/wp\/v2\/media?parent=86276"}],"wp:term":[{"taxonomy":"category","embeddable":true,"href":"https:\/\/www.ull.es\/portal\/noticias\/wp-json\/wp\/v2\/categories?post=86276"},{"taxonomy":"post_tag","embeddable":true,"href":"https:\/\/www.ull.es\/portal\/noticias\/wp-json\/wp\/v2\/tags?post=86276"}],"curies":[{"name":"wp","href":"https:\/\/api.w.org\/{rel}","templated":true}]}}