{"id":86301,"date":"2025-12-23T13:10:26","date_gmt":"2025-12-23T13:10:26","guid":{"rendered":"https:\/\/www.ull.es\/portal\/noticias\/?p=86301"},"modified":"2025-12-23T13:10:26","modified_gmt":"2025-12-23T13:10:26","slug":"ull-adeje-impulso-campus-sur","status":"publish","type":"post","link":"https:\/\/www.ull.es\/portal\/noticias\/2025\/ull-adeje-impulso-campus-sur\/","title":{"rendered":"La Universidad de La Laguna y Adeje dan un nuevo impulso al Campus Sur"},"content":{"rendered":"<p>El Ayuntamiento de Adeje y la Universidad de La Laguna han mantenido una reuni\u00f3n de trabajo para avanzar en el modelo \u201cUniversidad Extendida ULL\u2013Campus Sur de Adeje\u201d, una propuesta que busca reforzar la educaci\u00f3n superior en el sur de Tenerife, diversificar la oferta formativa y aprovechar el potencial econ\u00f3mico y social de la zona.<\/p>\n<p>El proyecto plantea un Campus Sur con presencia estable en Adeje, concebido como un elemento dinamizador de la formaci\u00f3n superior, que integrar\u00e1 estudios de grado y posgrado, t\u00edtulos propios, formaci\u00f3n continua y actividades de extensi\u00f3n universitaria, especialmente en \u00e1mbitos como turismo sostenible e inteligente, econom\u00eda digital, marketing, energ\u00edas renovables, gastronom\u00eda, deporte, salud y gesti\u00f3n agroalimentaria, entre otros.<\/p>\n<p>El alcalde de Adeje, Jos\u00e9 Miguel Rodr\u00edguez Fraga, subray\u00f3 que se trata de dar un nuevo impulso al espacio de atenci\u00f3n universitaria existentes en Adeje y en todo el sur, donde existe una demanda clara. \u201cAnte la realidad econ\u00f3mica y laboral del sur de Tenerife, es necesario diversificar y ampliar la oferta formativa, incorporando nuevas titulaciones de grado, m\u00e1ster y t\u00edtulos propios, y dise\u00f1ar un modelo adaptado a las exigencias actuales\u201d.<\/p>\n<p>El alcalde destac\u00f3 asimismo que el ayuntamiento trabaja en la ampliaci\u00f3n del Centro Cultural de Adeje para alojar nuevas instalaciones universitarias y reforzar la presencia de alumnado y profesorado en el municipio. \u201cSi acercamos estos servicios al territorio, evitamos desplazamientos y contribuimos a mejorar la movilidad en la isla\u201d.<\/p>\n<p>Por su parte, el rector de la Universidad de La Laguna, Francisco J. Garc\u00eda Rodr\u00edguez, record\u00f3 que \u201cel Campus Sur, cuyo centro de referencia est\u00e1 en Adeje, es prioritario para la oferta de la instituci\u00f3n, entendida como como servicio p\u00fablico. \u201cEn los \u00faltimos a\u00f1os hemos reforzado el Grado en Turismo, mejorado la presencialidad, la atenci\u00f3n al alumnado y la vinculaci\u00f3n con el tejido empresarial, con resultados positivos en la satisfacci\u00f3n de estudiantes y profesorado\u201d.<\/p>\n<p>Garc\u00eda Rodr\u00edguez insisti\u00f3 en que \u201clos datos muestran que el motor econ\u00f3mico de Tenerife se ha desplazado hacia el sur, lo cual est\u00e1 generando nuevas necesidades formativas y nuevas oportunidades de desarrollo y la Universidad de La Laguna quiere relanzar este Campus para responder a ellas, de la mano del Ayuntamiento de Adeje, de otras instituciones, incluyendo otros ayuntamientos de la zona y el tejido productivo\u201d. Sobre los pr\u00f3ximos pasos, avanz\u00f3 que \u201cla comisi\u00f3n mixta constituida analizar\u00e1 la viabilidad de diversificar la oferta, tanto en t\u00edtulos propios como en titulaciones oficiales de grado y posgrado\u201d.<\/p>\n<p>Para hacer posible este modelo se est\u00e1n valorando diversas f\u00f3rmulas organizativas, que cuenten con la participaci\u00f3n del Ayuntamiento de Adeje, la Universidad de La Laguna y otras instituciones, que permita una gobernanza compartida y estable. Como primer paso, la reuni\u00f3n ha acordado constituir una comisi\u00f3n mixta que elaborar\u00e1 en los pr\u00f3ximos meses un estudio de viabilidad econ\u00f3mica y definir\u00e1 los siguientes hitos del proyecto.<\/p>\n<p>Durante el encuentro se analizaron indicadores que confirman el peso creciente del sur de Tenerife, como una renta per c\u00e1pita superior a la media insular y regional, una menor tasa de paro juvenil y un porcentaje de poblaci\u00f3n con estudios superiores por encima del promedio regional. Este contexto se considera una oportunidad para impulsar nuevas titulaciones y retener talento.<\/p>\n<p>El calendario de trabajo prev\u00e9 que el dise\u00f1o detallado de la oferta acad\u00e9mica, as\u00ed como la estructura organizativa quede delimitada a lo largo de 2026, con el objetivo de implantar una primera fase de nuevas titulaciones propias en el curso 2025 &#8211; 2026 y continuar su desarrollo en cursos posteriores.<\/p>\n","protected":false},"excerpt":{"rendered":"<p>El Ayuntamiento de Adeje y la Universidad de La Laguna han mantenido una reuni\u00f3n de trabajo para avanzar en el&#8230;<\/p>\n","protected":false},"author":21,"featured_media":86302,"comment_status":"closed","ping_status":"closed","sticky":false,"template":"","format":"standard","meta":{"inline_featured_image":false,"footnotes":""},"categories":[345,348,2765],"tags":[391,692,1661],"acf":[],"yoast_head":"<!-- This site is optimized with the Yoast SEO plugin v21.3 - https:\/\/yoast.com\/wordpress\/plugins\/seo\/ -->\n<title>La ULL y Adeje dan un nuevo impulso al Campus Sur<\/title>\n<meta name=\"description\" content=\"Ambas instituciones han mantenido una reuni\u00f3n de trabajo para avanzar en el modelo \u201cUniversidad Extendida ULL\u2013Campus Sur de Adeje\u201d.\" \/>\n<meta name=\"robots\" content=\"index, follow, max-snippet:-1, max-image-preview:large, max-video-preview:-1\" \/>\n<link rel=\"canonical\" href=\"https:\/\/www.ull.es\/portal\/noticias\/2025\/ull-adeje-impulso-campus-sur\/\" \/>\n<meta property=\"og:locale\" content=\"es_ES\" \/>\n<meta property=\"og:type\" content=\"article\" \/>\n<meta property=\"og:title\" content=\"La ULL y Adeje dan un nuevo impulso al Campus Sur\" \/>\n<meta property=\"og:description\" content=\"Ambas instituciones han mantenido una reuni\u00f3n de trabajo para avanzar en el modelo \u201cUniversidad Extendida ULL\u2013Campus Sur de Adeje\u201d.\" \/>\n<meta property=\"og:url\" content=\"https:\/\/www.ull.es\/portal\/noticias\/2025\/ull-adeje-impulso-campus-sur\/\" \/>\n<meta property=\"og:site_name\" content=\"ULL - Noticias\" \/>\n<meta property=\"article:publisher\" content=\"https:\/\/www.facebook.com\/universidaddelalaguna\/\" \/>\n<meta property=\"article:published_time\" content=\"2025-12-23T13:10:26+00:00\" \/>\n<meta property=\"og:image\" content=\"https:\/\/www.ull.es\/portal\/noticias\/wp-content\/uploads\/sites\/13\/2025\/12\/reunion-ull-adeje-campus-sur.jpg\" \/>\n\t<meta property=\"og:image:width\" content=\"1200\" \/>\n\t<meta property=\"og:image:height\" content=\"800\" \/>\n\t<meta property=\"og:image:type\" content=\"image\/jpeg\" \/>\n<meta name=\"author\" content=\"prensa2\" \/>\n<meta name=\"twitter:card\" content=\"summary_large_image\" \/>\n<meta name=\"twitter:creator\" content=\"@CanalULL\" \/>\n<meta name=\"twitter:site\" content=\"@CanalULL\" \/>\n<meta name=\"twitter:label1\" content=\"Escrito por\" \/>\n\t<meta name=\"twitter:data1\" content=\"prensa2\" \/>\n\t<meta name=\"twitter:label2\" content=\"Tiempo de lectura\" \/>\n\t<meta name=\"twitter:data2\" content=\"3 minutos\" \/>\n<script type=\"application\/ld+json\" class=\"yoast-schema-graph\">{\"@context\":\"https:\/\/schema.org\",\"@graph\":[{\"@type\":\"WebPage\",\"@id\":\"https:\/\/www.ull.es\/portal\/noticias\/2025\/ull-adeje-impulso-campus-sur\/\",\"url\":\"https:\/\/www.ull.es\/portal\/noticias\/2025\/ull-adeje-impulso-campus-sur\/\",\"name\":\"La ULL y Adeje dan un nuevo impulso al Campus Sur\",\"isPartOf\":{\"@id\":\"https:\/\/www.ull.es\/portal\/noticias\/#website\"},\"datePublished\":\"2025-12-23T13:10:26+00:00\",\"dateModified\":\"2025-12-23T13:10:26+00:00\",\"author\":{\"@id\":\"https:\/\/www.ull.es\/portal\/noticias\/#\/schema\/person\/c3b2aa857797592927a03740d6664376\"},\"description\":\"Ambas instituciones han mantenido una reuni\u00f3n de trabajo para avanzar en el modelo \u201cUniversidad Extendida ULL\u2013Campus Sur de Adeje\u201d.\",\"breadcrumb\":{\"@id\":\"https:\/\/www.ull.es\/portal\/noticias\/2025\/ull-adeje-impulso-campus-sur\/#breadcrumb\"},\"inLanguage\":\"es\",\"potentialAction\":[{\"@type\":\"ReadAction\",\"target\":[\"https:\/\/www.ull.es\/portal\/noticias\/2025\/ull-adeje-impulso-campus-sur\/\"]}]},{\"@type\":\"BreadcrumbList\",\"@id\":\"https:\/\/www.ull.es\/portal\/noticias\/2025\/ull-adeje-impulso-campus-sur\/#breadcrumb\",\"itemListElement\":[{\"@type\":\"ListItem\",\"position\":1,\"name\":\"Portada\",\"item\":\"https:\/\/www.ull.es\/portal\/noticias\/\"},{\"@type\":\"ListItem\",\"position\":2,\"name\":\"La Universidad de La Laguna y Adeje dan un nuevo impulso al Campus Sur\"}]},{\"@type\":\"WebSite\",\"@id\":\"https:\/\/www.ull.es\/portal\/noticias\/#website\",\"url\":\"https:\/\/www.ull.es\/portal\/noticias\/\",\"name\":\"ULL - Noticias\",\"description\":\"\",\"potentialAction\":[{\"@type\":\"SearchAction\",\"target\":{\"@type\":\"EntryPoint\",\"urlTemplate\":\"https:\/\/www.ull.es\/portal\/noticias\/?s={search_term_string}\"},\"query-input\":\"required name=search_term_string\"}],\"inLanguage\":\"es\"},{\"@type\":\"Person\",\"@id\":\"https:\/\/www.ull.es\/portal\/noticias\/#\/schema\/person\/c3b2aa857797592927a03740d6664376\",\"name\":\"prensa2\",\"image\":{\"@type\":\"ImageObject\",\"inLanguage\":\"es\",\"@id\":\"https:\/\/www.ull.es\/portal\/noticias\/#\/schema\/person\/image\/\",\"url\":\"https:\/\/secure.gravatar.com\/avatar\/b58f310a5de5feb33d1e026d2493f23c?s=96&d=mm&r=g\",\"contentUrl\":\"https:\/\/secure.gravatar.com\/avatar\/b58f310a5de5feb33d1e026d2493f23c?s=96&d=mm&r=g\",\"caption\":\"prensa2\"},\"url\":\"https:\/\/www.ull.es\/portal\/noticias\/author\/prensa2\/\"}]}<\/script>\n<!-- \/ Yoast SEO plugin. -->","yoast_head_json":{"title":"La ULL y Adeje dan un nuevo impulso al Campus Sur","description":"Ambas instituciones han mantenido una reuni\u00f3n de trabajo para avanzar en el modelo \u201cUniversidad Extendida ULL\u2013Campus Sur de Adeje\u201d.","robots":{"index":"index","follow":"follow","max-snippet":"max-snippet:-1","max-image-preview":"max-image-preview:large","max-video-preview":"max-video-preview:-1"},"canonical":"https:\/\/www.ull.es\/portal\/noticias\/2025\/ull-adeje-impulso-campus-sur\/","og_locale":"es_ES","og_type":"article","og_title":"La ULL y Adeje dan un nuevo impulso al Campus Sur","og_description":"Ambas instituciones han mantenido una reuni\u00f3n de trabajo para avanzar en el modelo \u201cUniversidad Extendida ULL\u2013Campus Sur de Adeje\u201d.","og_url":"https:\/\/www.ull.es\/portal\/noticias\/2025\/ull-adeje-impulso-campus-sur\/","og_site_name":"ULL - Noticias","article_publisher":"https:\/\/www.facebook.com\/universidaddelalaguna\/","article_published_time":"2025-12-23T13:10:26+00:00","og_image":[{"width":1200,"height":800,"url":"https:\/\/www.ull.es\/portal\/noticias\/wp-content\/uploads\/sites\/13\/2025\/12\/reunion-ull-adeje-campus-sur.jpg","type":"image\/jpeg"}],"author":"prensa2","twitter_card":"summary_large_image","twitter_creator":"@CanalULL","twitter_site":"@CanalULL","twitter_misc":{"Escrito por":"prensa2","Tiempo de lectura":"3 minutos"},"schema":{"@context":"https:\/\/schema.org","@graph":[{"@type":"WebPage","@id":"https:\/\/www.ull.es\/portal\/noticias\/2025\/ull-adeje-impulso-campus-sur\/","url":"https:\/\/www.ull.es\/portal\/noticias\/2025\/ull-adeje-impulso-campus-sur\/","name":"La ULL y Adeje dan un nuevo impulso al Campus Sur","isPartOf":{"@id":"https:\/\/www.ull.es\/portal\/noticias\/#website"},"datePublished":"2025-12-23T13:10:26+00:00","dateModified":"2025-12-23T13:10:26+00:00","author":{"@id":"https:\/\/www.ull.es\/portal\/noticias\/#\/schema\/person\/c3b2aa857797592927a03740d6664376"},"description":"Ambas instituciones han mantenido una reuni\u00f3n de trabajo para avanzar en el modelo \u201cUniversidad Extendida ULL\u2013Campus Sur de Adeje\u201d.","breadcrumb":{"@id":"https:\/\/www.ull.es\/portal\/noticias\/2025\/ull-adeje-impulso-campus-sur\/#breadcrumb"},"inLanguage":"es","potentialAction":[{"@type":"ReadAction","target":["https:\/\/www.ull.es\/portal\/noticias\/2025\/ull-adeje-impulso-campus-sur\/"]}]},{"@type":"BreadcrumbList","@id":"https:\/\/www.ull.es\/portal\/noticias\/2025\/ull-adeje-impulso-campus-sur\/#breadcrumb","itemListElement":[{"@type":"ListItem","position":1,"name":"Portada","item":"https:\/\/www.ull.es\/portal\/noticias\/"},{"@type":"ListItem","position":2,"name":"La Universidad de La Laguna y Adeje dan un nuevo impulso al Campus Sur"}]},{"@type":"WebSite","@id":"https:\/\/www.ull.es\/portal\/noticias\/#website","url":"https:\/\/www.ull.es\/portal\/noticias\/","name":"ULL - Noticias","description":"","potentialAction":[{"@type":"SearchAction","target":{"@type":"EntryPoint","urlTemplate":"https:\/\/www.ull.es\/portal\/noticias\/?s={search_term_string}"},"query-input":"required name=search_term_string"}],"inLanguage":"es"},{"@type":"Person","@id":"https:\/\/www.ull.es\/portal\/noticias\/#\/schema\/person\/c3b2aa857797592927a03740d6664376","name":"prensa2","image":{"@type":"ImageObject","inLanguage":"es","@id":"https:\/\/www.ull.es\/portal\/noticias\/#\/schema\/person\/image\/","url":"https:\/\/secure.gravatar.com\/avatar\/b58f310a5de5feb33d1e026d2493f23c?s=96&d=mm&r=g","contentUrl":"https:\/\/secure.gravatar.com\/avatar\/b58f310a5de5feb33d1e026d2493f23c?s=96&d=mm&r=g","caption":"prensa2"},"url":"https:\/\/www.ull.es\/portal\/noticias\/author\/prensa2\/"}]}},"primary_category":{"id":345,"name":"Destacado","slug":"destacado","link":"https:\/\/www.ull.es\/portal\/noticias\/category\/destacado\/"},"featured_image_thumbnail_url":"https:\/\/www.ull.es\/portal\/noticias\/wp-content\/uploads\/sites\/13\/2025\/12\/reunion-ull-adeje-campus-sur-300x200.jpg","_links":{"self":[{"href":"https:\/\/www.ull.es\/portal\/noticias\/wp-json\/wp\/v2\/posts\/86301"}],"collection":[{"href":"https:\/\/www.ull.es\/portal\/noticias\/wp-json\/wp\/v2\/posts"}],"about":[{"href":"https:\/\/www.ull.es\/portal\/noticias\/wp-json\/wp\/v2\/types\/post"}],"author":[{"embeddable":true,"href":"https:\/\/www.ull.es\/portal\/noticias\/wp-json\/wp\/v2\/users\/21"}],"replies":[{"embeddable":true,"href":"https:\/\/www.ull.es\/portal\/noticias\/wp-json\/wp\/v2\/comments?post=86301"}],"version-history":[{"count":1,"href":"https:\/\/www.ull.es\/portal\/noticias\/wp-json\/wp\/v2\/posts\/86301\/revisions"}],"predecessor-version":[{"id":86303,"href":"https:\/\/www.ull.es\/portal\/noticias\/wp-json\/wp\/v2\/posts\/86301\/revisions\/86303"}],"wp:featuredmedia":[{"embeddable":true,"href":"https:\/\/www.ull.es\/portal\/noticias\/wp-json\/wp\/v2\/media\/86302"}],"wp:attachment":[{"href":"https:\/\/www.ull.es\/portal\/noticias\/wp-json\/wp\/v2\/media?parent=86301"}],"wp:term":[{"taxonomy":"category","embeddable":true,"href":"https:\/\/www.ull.es\/portal\/noticias\/wp-json\/wp\/v2\/categories?post=86301"},{"taxonomy":"post_tag","embeddable":true,"href":"https:\/\/www.ull.es\/portal\/noticias\/wp-json\/wp\/v2\/tags?post=86301"}],"curies":[{"name":"wp","href":"https:\/\/api.w.org\/{rel}","templated":true}]}}