{"id":86426,"date":"2026-01-14T10:49:45","date_gmt":"2026-01-14T10:49:45","guid":{"rendered":"https:\/\/www.ull.es\/portal\/noticias\/?p=86426"},"modified":"2026-01-14T10:50:14","modified_gmt":"2026-01-14T10:50:14","slug":"la-facultad-de-derecho-impulsa-una-exposicion-acerca-de-los-derechos-fundamentales-en-la-constitucion-espanola","status":"publish","type":"post","link":"https:\/\/www.ull.es\/portal\/noticias\/2026\/la-facultad-de-derecho-impulsa-una-exposicion-acerca-de-los-derechos-fundamentales-en-la-constitucion-espanola\/","title":{"rendered":"La Facultad de Derecho impulsa una exposici\u00f3n acerca de los derechos fundamentales en la Constituci\u00f3n Espa\u00f1ola"},"content":{"rendered":"<p>Con motivo del cuadrag\u00e9simo octavo aniversario del refer\u00e9ndum de ratificaci\u00f3n popular de la vigente Constituci\u00f3n Espa\u00f1ola, la <a href=\"https:\/\/www.ull.es\/centros\/facultad-derecho\/\" target=\"_blank\" rel=\"noopener\">Facultad de Derecho<\/a>\u00a0de la Universidad de La Laguna ha impulsado una exposici\u00f3n conmemorativa que pone el foco en los derechos fundamentales que esta norma jur\u00eddica reconoce y otorga un marco jur\u00eddico que protege a la ciudadan\u00eda en un Estado Social y Democr\u00e1tico de Derecho, como lo es el espa\u00f1ol.<\/p>\n<p>La exposici\u00f3n fue presentada a finales del pasado a\u00f1o como una iniciativa del equipo decanal con motivo de la celebraci\u00f3n de las XXIV Jornadas de la Constituci\u00f3n Espa\u00f1ola, y se ha mantenido abierta al p\u00fablico en el <em>hall<\/em> de la Facultad de Derecho durante los meses de diciembre y enero, as\u00ed como tambi\u00e9n ha sido difundida a trav\u00e9s de las redes sociales del centro y medios de comunicaci\u00f3n de la Universidad de La Laguna.<\/p>\n<p>Realizada bajo la coordinaci\u00f3n de los profesores <a href=\"https:\/\/portalciencia.ull.es\/investigadores\/152338\/detalle\" target=\"_blank\" rel=\"noopener\">Sergio Siverio Luis<\/a> y <a href=\"https:\/\/portalciencia.ull.es\/investigadores\/152363\/detalle\" target=\"_blank\" rel=\"noopener\">Lucas Sebasti\u00e1n de \u00c9rice Aranda<\/a>, de las \u00e1reas de Derecho Constitucional y Derecho Internacional P\u00fablico y Relaciones Internacionales respectivamente, se abordan cuestiones cruciales como la igualdad real y efectiva, la protecci\u00f3n internacional, el derecho a la informaci\u00f3n y a la libertad de expresi\u00f3n con sus respectivos l\u00edmites, la protecci\u00f3n del medio ambiente, el aborto, la eutanasia, los derechos de las mujeres y el colectivo LGBTIQA+ y la libertad sindical, entre otros.<\/p>\n<p>Esta muestra se ha concebido como una actividad de transferencia que redunda en beneficio de la sociedad civil con proyecci\u00f3n externa y consolidaci\u00f3n de la imagen p\u00fablica universitaria, centrada en la sensibilizaci\u00f3n social sobre los derechos fundamentales que nuestra Constituci\u00f3n reconoce y que pone especial \u00e9nfasis en la vulneraci\u00f3n de derechos de colectivos vulnerables. Se pretende mantener la iniciativa en pr\u00f3ximas ediciones con el abordaje de otras perspectivas vinculadas al constitucionalismo democr\u00e1tico.<\/p>\n","protected":false},"excerpt":{"rendered":"<p>Con motivo del cuadrag\u00e9simo octavo aniversario del refer\u00e9ndum de ratificaci\u00f3n popular de la vigente Constituci\u00f3n Espa\u00f1ola, la Facultad de Derecho\u00a0de&#8230;<\/p>\n","protected":false},"author":23,"featured_media":86427,"comment_status":"closed","ping_status":"closed","sticky":false,"template":"","format":"standard","meta":{"inline_featured_image":false,"footnotes":""},"categories":[345,3799,348,2765],"tags":[],"acf":[],"yoast_head":"<!-- This site is optimized with the Yoast SEO plugin v21.3 - https:\/\/yoast.com\/wordpress\/plugins\/seo\/ -->\n<title>La Facultad de Derecho impulsa una exposici\u00f3n acerca de los derechos fundamentales en la Constituci\u00f3n Espa\u00f1ola - ULL - Noticias<\/title>\n<meta name=\"robots\" content=\"index, follow, max-snippet:-1, max-image-preview:large, max-video-preview:-1\" \/>\n<link rel=\"canonical\" href=\"https:\/\/www.ull.es\/portal\/noticias\/2026\/la-facultad-de-derecho-impulsa-una-exposicion-acerca-de-los-derechos-fundamentales-en-la-constitucion-espanola\/\" \/>\n<meta property=\"og:locale\" content=\"es_ES\" \/>\n<meta property=\"og:type\" content=\"article\" \/>\n<meta property=\"og:title\" content=\"La Facultad de Derecho impulsa una exposici\u00f3n acerca de los derechos fundamentales en la Constituci\u00f3n Espa\u00f1ola - ULL - Noticias\" \/>\n<meta property=\"og:description\" content=\"Con motivo del cuadrag\u00e9simo octavo aniversario del refer\u00e9ndum de ratificaci\u00f3n popular de la vigente Constituci\u00f3n Espa\u00f1ola, la Facultad de Derecho\u00a0de...\" \/>\n<meta property=\"og:url\" content=\"https:\/\/www.ull.es\/portal\/noticias\/2026\/la-facultad-de-derecho-impulsa-una-exposicion-acerca-de-los-derechos-fundamentales-en-la-constitucion-espanola\/\" \/>\n<meta property=\"og:site_name\" content=\"ULL - Noticias\" \/>\n<meta property=\"article:publisher\" content=\"https:\/\/www.facebook.com\/universidaddelalaguna\/\" \/>\n<meta property=\"article:published_time\" content=\"2026-01-14T10:49:45+00:00\" \/>\n<meta property=\"article:modified_time\" content=\"2026-01-14T10:50:14+00:00\" \/>\n<meta property=\"og:image\" content=\"https:\/\/www.ull.es\/portal\/noticias\/wp-content\/uploads\/sites\/13\/2026\/01\/expo-derecho-constitucion.jpeg\" \/>\n\t<meta property=\"og:image:width\" content=\"1280\" \/>\n\t<meta property=\"og:image:height\" content=\"963\" \/>\n\t<meta property=\"og:image:type\" content=\"image\/jpeg\" \/>\n<meta name=\"author\" content=\"gaprsa\" \/>\n<meta name=\"twitter:card\" content=\"summary_large_image\" \/>\n<meta name=\"twitter:creator\" content=\"@CanalULL\" \/>\n<meta name=\"twitter:site\" content=\"@CanalULL\" \/>\n<meta name=\"twitter:label1\" content=\"Escrito por\" \/>\n\t<meta name=\"twitter:data1\" content=\"gaprsa\" \/>\n\t<meta name=\"twitter:label2\" content=\"Tiempo de lectura\" \/>\n\t<meta name=\"twitter:data2\" content=\"2 minutos\" \/>\n<script type=\"application\/ld+json\" class=\"yoast-schema-graph\">{\"@context\":\"https:\/\/schema.org\",\"@graph\":[{\"@type\":\"WebPage\",\"@id\":\"https:\/\/www.ull.es\/portal\/noticias\/2026\/la-facultad-de-derecho-impulsa-una-exposicion-acerca-de-los-derechos-fundamentales-en-la-constitucion-espanola\/\",\"url\":\"https:\/\/www.ull.es\/portal\/noticias\/2026\/la-facultad-de-derecho-impulsa-una-exposicion-acerca-de-los-derechos-fundamentales-en-la-constitucion-espanola\/\",\"name\":\"La Facultad de Derecho impulsa una exposici\u00f3n acerca de los derechos fundamentales en la Constituci\u00f3n Espa\u00f1ola - ULL - Noticias\",\"isPartOf\":{\"@id\":\"https:\/\/www.ull.es\/portal\/noticias\/#website\"},\"datePublished\":\"2026-01-14T10:49:45+00:00\",\"dateModified\":\"2026-01-14T10:50:14+00:00\",\"author\":{\"@id\":\"https:\/\/www.ull.es\/portal\/noticias\/#\/schema\/person\/b2b1a89d43ffa609e591f7df8ef3e817\"},\"breadcrumb\":{\"@id\":\"https:\/\/www.ull.es\/portal\/noticias\/2026\/la-facultad-de-derecho-impulsa-una-exposicion-acerca-de-los-derechos-fundamentales-en-la-constitucion-espanola\/#breadcrumb\"},\"inLanguage\":\"es\",\"potentialAction\":[{\"@type\":\"ReadAction\",\"target\":[\"https:\/\/www.ull.es\/portal\/noticias\/2026\/la-facultad-de-derecho-impulsa-una-exposicion-acerca-de-los-derechos-fundamentales-en-la-constitucion-espanola\/\"]}]},{\"@type\":\"BreadcrumbList\",\"@id\":\"https:\/\/www.ull.es\/portal\/noticias\/2026\/la-facultad-de-derecho-impulsa-una-exposicion-acerca-de-los-derechos-fundamentales-en-la-constitucion-espanola\/#breadcrumb\",\"itemListElement\":[{\"@type\":\"ListItem\",\"position\":1,\"name\":\"Portada\",\"item\":\"https:\/\/www.ull.es\/portal\/noticias\/\"},{\"@type\":\"ListItem\",\"position\":2,\"name\":\"La Facultad de Derecho impulsa una exposici\u00f3n acerca de los derechos fundamentales en la Constituci\u00f3n Espa\u00f1ola\"}]},{\"@type\":\"WebSite\",\"@id\":\"https:\/\/www.ull.es\/portal\/noticias\/#website\",\"url\":\"https:\/\/www.ull.es\/portal\/noticias\/\",\"name\":\"ULL - Noticias\",\"description\":\"\",\"potentialAction\":[{\"@type\":\"SearchAction\",\"target\":{\"@type\":\"EntryPoint\",\"urlTemplate\":\"https:\/\/www.ull.es\/portal\/noticias\/?s={search_term_string}\"},\"query-input\":\"required name=search_term_string\"}],\"inLanguage\":\"es\"},{\"@type\":\"Person\",\"@id\":\"https:\/\/www.ull.es\/portal\/noticias\/#\/schema\/person\/b2b1a89d43ffa609e591f7df8ef3e817\",\"name\":\"gaprsa\",\"image\":{\"@type\":\"ImageObject\",\"inLanguage\":\"es\",\"@id\":\"https:\/\/www.ull.es\/portal\/noticias\/#\/schema\/person\/image\/\",\"url\":\"https:\/\/secure.gravatar.com\/avatar\/443820550921091458b4823867723b3d?s=96&d=mm&r=g\",\"contentUrl\":\"https:\/\/secure.gravatar.com\/avatar\/443820550921091458b4823867723b3d?s=96&d=mm&r=g\",\"caption\":\"gaprsa\"},\"url\":\"https:\/\/www.ull.es\/portal\/noticias\/author\/gaprsa\/\"}]}<\/script>\n<!-- \/ Yoast SEO plugin. -->","yoast_head_json":{"title":"La Facultad de Derecho impulsa una exposici\u00f3n acerca de los derechos fundamentales en la Constituci\u00f3n Espa\u00f1ola - ULL - Noticias","robots":{"index":"index","follow":"follow","max-snippet":"max-snippet:-1","max-image-preview":"max-image-preview:large","max-video-preview":"max-video-preview:-1"},"canonical":"https:\/\/www.ull.es\/portal\/noticias\/2026\/la-facultad-de-derecho-impulsa-una-exposicion-acerca-de-los-derechos-fundamentales-en-la-constitucion-espanola\/","og_locale":"es_ES","og_type":"article","og_title":"La Facultad de Derecho impulsa una exposici\u00f3n acerca de los derechos fundamentales en la Constituci\u00f3n Espa\u00f1ola - ULL - Noticias","og_description":"Con motivo del cuadrag\u00e9simo octavo aniversario del refer\u00e9ndum de ratificaci\u00f3n popular de la vigente Constituci\u00f3n Espa\u00f1ola, la Facultad de Derecho\u00a0de...","og_url":"https:\/\/www.ull.es\/portal\/noticias\/2026\/la-facultad-de-derecho-impulsa-una-exposicion-acerca-de-los-derechos-fundamentales-en-la-constitucion-espanola\/","og_site_name":"ULL - Noticias","article_publisher":"https:\/\/www.facebook.com\/universidaddelalaguna\/","article_published_time":"2026-01-14T10:49:45+00:00","article_modified_time":"2026-01-14T10:50:14+00:00","og_image":[{"width":1280,"height":963,"url":"https:\/\/www.ull.es\/portal\/noticias\/wp-content\/uploads\/sites\/13\/2026\/01\/expo-derecho-constitucion.jpeg","type":"image\/jpeg"}],"author":"gaprsa","twitter_card":"summary_large_image","twitter_creator":"@CanalULL","twitter_site":"@CanalULL","twitter_misc":{"Escrito por":"gaprsa","Tiempo de lectura":"2 minutos"},"schema":{"@context":"https:\/\/schema.org","@graph":[{"@type":"WebPage","@id":"https:\/\/www.ull.es\/portal\/noticias\/2026\/la-facultad-de-derecho-impulsa-una-exposicion-acerca-de-los-derechos-fundamentales-en-la-constitucion-espanola\/","url":"https:\/\/www.ull.es\/portal\/noticias\/2026\/la-facultad-de-derecho-impulsa-una-exposicion-acerca-de-los-derechos-fundamentales-en-la-constitucion-espanola\/","name":"La Facultad de Derecho impulsa una exposici\u00f3n acerca de los derechos fundamentales en la Constituci\u00f3n Espa\u00f1ola - ULL - Noticias","isPartOf":{"@id":"https:\/\/www.ull.es\/portal\/noticias\/#website"},"datePublished":"2026-01-14T10:49:45+00:00","dateModified":"2026-01-14T10:50:14+00:00","author":{"@id":"https:\/\/www.ull.es\/portal\/noticias\/#\/schema\/person\/b2b1a89d43ffa609e591f7df8ef3e817"},"breadcrumb":{"@id":"https:\/\/www.ull.es\/portal\/noticias\/2026\/la-facultad-de-derecho-impulsa-una-exposicion-acerca-de-los-derechos-fundamentales-en-la-constitucion-espanola\/#breadcrumb"},"inLanguage":"es","potentialAction":[{"@type":"ReadAction","target":["https:\/\/www.ull.es\/portal\/noticias\/2026\/la-facultad-de-derecho-impulsa-una-exposicion-acerca-de-los-derechos-fundamentales-en-la-constitucion-espanola\/"]}]},{"@type":"BreadcrumbList","@id":"https:\/\/www.ull.es\/portal\/noticias\/2026\/la-facultad-de-derecho-impulsa-una-exposicion-acerca-de-los-derechos-fundamentales-en-la-constitucion-espanola\/#breadcrumb","itemListElement":[{"@type":"ListItem","position":1,"name":"Portada","item":"https:\/\/www.ull.es\/portal\/noticias\/"},{"@type":"ListItem","position":2,"name":"La Facultad de Derecho impulsa una exposici\u00f3n acerca de los derechos fundamentales en la Constituci\u00f3n Espa\u00f1ola"}]},{"@type":"WebSite","@id":"https:\/\/www.ull.es\/portal\/noticias\/#website","url":"https:\/\/www.ull.es\/portal\/noticias\/","name":"ULL - Noticias","description":"","potentialAction":[{"@type":"SearchAction","target":{"@type":"EntryPoint","urlTemplate":"https:\/\/www.ull.es\/portal\/noticias\/?s={search_term_string}"},"query-input":"required name=search_term_string"}],"inLanguage":"es"},{"@type":"Person","@id":"https:\/\/www.ull.es\/portal\/noticias\/#\/schema\/person\/b2b1a89d43ffa609e591f7df8ef3e817","name":"gaprsa","image":{"@type":"ImageObject","inLanguage":"es","@id":"https:\/\/www.ull.es\/portal\/noticias\/#\/schema\/person\/image\/","url":"https:\/\/secure.gravatar.com\/avatar\/443820550921091458b4823867723b3d?s=96&d=mm&r=g","contentUrl":"https:\/\/secure.gravatar.com\/avatar\/443820550921091458b4823867723b3d?s=96&d=mm&r=g","caption":"gaprsa"},"url":"https:\/\/www.ull.es\/portal\/noticias\/author\/gaprsa\/"}]}},"primary_category":{"id":345,"name":"Destacado","slug":"destacado","link":"https:\/\/www.ull.es\/portal\/noticias\/category\/destacado\/"},"featured_image_thumbnail_url":"https:\/\/www.ull.es\/portal\/noticias\/wp-content\/uploads\/sites\/13\/2026\/01\/expo-derecho-constitucion-300x226.jpeg","_links":{"self":[{"href":"https:\/\/www.ull.es\/portal\/noticias\/wp-json\/wp\/v2\/posts\/86426"}],"collection":[{"href":"https:\/\/www.ull.es\/portal\/noticias\/wp-json\/wp\/v2\/posts"}],"about":[{"href":"https:\/\/www.ull.es\/portal\/noticias\/wp-json\/wp\/v2\/types\/post"}],"author":[{"embeddable":true,"href":"https:\/\/www.ull.es\/portal\/noticias\/wp-json\/wp\/v2\/users\/23"}],"replies":[{"embeddable":true,"href":"https:\/\/www.ull.es\/portal\/noticias\/wp-json\/wp\/v2\/comments?post=86426"}],"version-history":[{"count":3,"href":"https:\/\/www.ull.es\/portal\/noticias\/wp-json\/wp\/v2\/posts\/86426\/revisions"}],"predecessor-version":[{"id":86430,"href":"https:\/\/www.ull.es\/portal\/noticias\/wp-json\/wp\/v2\/posts\/86426\/revisions\/86430"}],"wp:featuredmedia":[{"embeddable":true,"href":"https:\/\/www.ull.es\/portal\/noticias\/wp-json\/wp\/v2\/media\/86427"}],"wp:attachment":[{"href":"https:\/\/www.ull.es\/portal\/noticias\/wp-json\/wp\/v2\/media?parent=86426"}],"wp:term":[{"taxonomy":"category","embeddable":true,"href":"https:\/\/www.ull.es\/portal\/noticias\/wp-json\/wp\/v2\/categories?post=86426"},{"taxonomy":"post_tag","embeddable":true,"href":"https:\/\/www.ull.es\/portal\/noticias\/wp-json\/wp\/v2\/tags?post=86426"}],"curies":[{"name":"wp","href":"https:\/\/api.w.org\/{rel}","templated":true}]}}