{"id":86449,"date":"2026-01-14T14:30:32","date_gmt":"2026-01-14T14:30:32","guid":{"rendered":"https:\/\/www.ull.es\/portal\/noticias\/?p=86449"},"modified":"2026-01-14T14:30:32","modified_gmt":"2026-01-14T14:30:32","slug":"primer-episodio-podcast-stars-eu-highlights-youtube-spotify","status":"publish","type":"post","link":"https:\/\/www.ull.es\/portal\/noticias\/2026\/primer-episodio-podcast-stars-eu-highlights-youtube-spotify\/","title":{"rendered":"El primer episodio del nuevo podcast STARS EU Highlights ya est\u00e1 disponible en Youtube y Spotify"},"content":{"rendered":"<p>La alianza STARS EU lanza una nueva serie de podcasts en v\u00eddeo sobre el proceso de ense\u00f1anza-aprendizaje desde una perspectiva actual. El primer episodio ha sido publicado hoy, mi\u00e9rcoles 14 de enero, bajo el t\u00edtulo \u201c<em>The new European student: Studying without borders<\/em>\u201d y est\u00e1 disponible en <a href=\"https:\/\/open.spotify.com\/show\/2JlNuFnnyHbBlhxxDFv6ZQ\" target=\"_blank\" rel=\"noopener\" target=\"_blank\" rel=\"noopener\">Spotify<\/a> y <a href=\"https:\/\/youtu.be\/zJ-TwOBpqwI\" target=\"_blank\" rel=\"noopener\" target=\"_blank\" rel=\"noopener\">YouTube<\/a>. Este proyecto ha sido promovido por la Universidad de La Laguna y, de hecho, sus primeros episodios han sido grabados en la Escuela Superior de Ingenier\u00eda y Tecnolog\u00eda.<\/p>\n<p>El podcast, cuya denominaci\u00f3n es STARS EU Highlights y ha sido grabado en lengua inglesa, explora en su primera entrega qu\u00e9 significa hoy en d\u00eda ser un estudiante europeo dentro de una alianza universitaria, en un contexto marcado por nuevas pol\u00edticas que avanzan hacia un t\u00edtulo europeo conjunto y hacia una movilidad acad\u00e9mica m\u00e1s flexible, inclusiva e integrada.<\/p>\n<p>La presentadora Emily Jane Lee Glober habla con Elanna Veldkamp, gestora de la comunidad STARS EU en la Universidad de Ciencias Aplicadas de Hanze (Pa\u00edses Bajos), y Davut Turk, estudiante de segundo a\u00f1o de Negocios Internacionales en la misma instituci\u00f3n. Juntos ofrecen perspectivas complementarias sobre las oportunidades que ofrece la movilidad flexible a trav\u00e9s de los programas intensivos combinados (BIP), los servicios de apoyo al estudiante y el aprendizaje intercultural.<\/p>\n<p>El mensaje es tan claro como convincente: STARS EU permite a los estudiantes seguir itinerarios de aprendizaje transnacionales m\u00e1s accesibles, inclusivos y personalizados. La oportunidad de realizar cursos durante estancias cortas en nueve pa\u00edses diferentes, as\u00ed como de realizar pr\u00e1cticas e incluso programas conjuntos de m\u00e1ster de corta duraci\u00f3n, no solo prepara a los estudiantes para competir en un mercado laboral global, sino que tambi\u00e9n contribuye a fomentar una ciudadan\u00eda europea activa.<\/p>\n<p>El podcast ha sido concebido como un espacio para el di\u00e1logo y el aprendizaje compartido, en el que se exploran t\u00e9cnicas y metodolog\u00edas innovadoras, as\u00ed como los retos y las mejoras que est\u00e1n transformando la educaci\u00f3n superior en Europa. A trav\u00e9s de entrevistas y di\u00e1logos informales, la serie se centrar\u00e1 en experiencias reales, relatadas por los propios protagonistas, as\u00ed como en las mejores pr\u00e1cticas y los enfoques innovadores desarrollados dentro y fuera de las aulas de la alianza STARS EU.<\/p>\n<p>La primera temporada constar\u00e1 de siete episodios que se emitir\u00e1n el segundo mi\u00e9rcoles de cada mes hasta julio de 2026. Cada episodio abordar\u00e1 un tema espec\u00edfico relacionado con el sistema educativo, la colaboraci\u00f3n internacional en este \u00e1mbito y el papel de las personas como protagonistas en el proceso de ense\u00f1anza-aprendizaje.<\/p>\n","protected":false},"excerpt":{"rendered":"<p>La alianza STARS EU lanza una nueva serie de podcasts en v\u00eddeo sobre el proceso de ense\u00f1anza-aprendizaje desde una perspectiva&#8230;<\/p>\n","protected":false},"author":21,"featured_media":86450,"comment_status":"closed","ping_status":"closed","sticky":false,"template":"","format":"standard","meta":{"inline_featured_image":false,"footnotes":""},"categories":[349,8764],"tags":[3886,9030,12281,8684],"acf":[],"yoast_head":"<!-- This site is optimized with the Yoast SEO plugin v21.3 - https:\/\/yoast.com\/wordpress\/plugins\/seo\/ -->\n<title>STARS EU publica el episodio uno de su podcast sobre educaci\u00f3n<\/title>\n<meta name=\"description\" content=\"STARS EU Highlights ser\u00e1 publicado el segundo mi\u00e9rcoles de cada mes para ahondar en la innovaci\u00f3n educativa con perspectiva europea.\" \/>\n<meta name=\"robots\" content=\"index, follow, max-snippet:-1, max-image-preview:large, max-video-preview:-1\" \/>\n<link rel=\"canonical\" href=\"https:\/\/www.ull.es\/portal\/noticias\/2026\/primer-episodio-podcast-stars-eu-highlights-youtube-spotify\/\" \/>\n<meta property=\"og:locale\" content=\"es_ES\" \/>\n<meta property=\"og:type\" content=\"article\" \/>\n<meta property=\"og:title\" content=\"STARS EU publica el episodio uno de su podcast sobre educaci\u00f3n\" \/>\n<meta property=\"og:description\" content=\"STARS EU Highlights ser\u00e1 publicado el segundo mi\u00e9rcoles de cada mes para ahondar en la innovaci\u00f3n educativa con perspectiva europea.\" \/>\n<meta property=\"og:url\" content=\"https:\/\/www.ull.es\/portal\/noticias\/2026\/primer-episodio-podcast-stars-eu-highlights-youtube-spotify\/\" \/>\n<meta property=\"og:site_name\" content=\"ULL - Noticias\" \/>\n<meta property=\"article:publisher\" content=\"https:\/\/www.facebook.com\/universidaddelalaguna\/\" \/>\n<meta property=\"article:published_time\" content=\"2026-01-14T14:30:32+00:00\" \/>\n<meta property=\"og:image\" content=\"https:\/\/www.ull.es\/portal\/noticias\/wp-content\/uploads\/sites\/13\/2026\/01\/STARS_EU_HIGHLIGHTS_Ep_1_cover-v2.jpg\" \/>\n\t<meta property=\"og:image:width\" content=\"1280\" \/>\n\t<meta property=\"og:image:height\" content=\"720\" \/>\n\t<meta property=\"og:image:type\" content=\"image\/jpeg\" \/>\n<meta name=\"author\" content=\"prensa2\" \/>\n<meta name=\"twitter:card\" content=\"summary_large_image\" \/>\n<meta name=\"twitter:creator\" content=\"@CanalULL\" \/>\n<meta name=\"twitter:site\" content=\"@CanalULL\" \/>\n<meta name=\"twitter:label1\" content=\"Escrito por\" \/>\n\t<meta name=\"twitter:data1\" content=\"prensa2\" \/>\n\t<meta name=\"twitter:label2\" content=\"Tiempo de lectura\" \/>\n\t<meta name=\"twitter:data2\" content=\"2 minutos\" \/>\n<script type=\"application\/ld+json\" class=\"yoast-schema-graph\">{\"@context\":\"https:\/\/schema.org\",\"@graph\":[{\"@type\":\"WebPage\",\"@id\":\"https:\/\/www.ull.es\/portal\/noticias\/2026\/primer-episodio-podcast-stars-eu-highlights-youtube-spotify\/\",\"url\":\"https:\/\/www.ull.es\/portal\/noticias\/2026\/primer-episodio-podcast-stars-eu-highlights-youtube-spotify\/\",\"name\":\"STARS EU publica el episodio uno de su podcast sobre educaci\u00f3n\",\"isPartOf\":{\"@id\":\"https:\/\/www.ull.es\/portal\/noticias\/#website\"},\"datePublished\":\"2026-01-14T14:30:32+00:00\",\"dateModified\":\"2026-01-14T14:30:32+00:00\",\"author\":{\"@id\":\"https:\/\/www.ull.es\/portal\/noticias\/#\/schema\/person\/c3b2aa857797592927a03740d6664376\"},\"description\":\"STARS EU Highlights ser\u00e1 publicado el segundo mi\u00e9rcoles de cada mes para ahondar en la innovaci\u00f3n educativa con perspectiva europea.\",\"breadcrumb\":{\"@id\":\"https:\/\/www.ull.es\/portal\/noticias\/2026\/primer-episodio-podcast-stars-eu-highlights-youtube-spotify\/#breadcrumb\"},\"inLanguage\":\"es\",\"potentialAction\":[{\"@type\":\"ReadAction\",\"target\":[\"https:\/\/www.ull.es\/portal\/noticias\/2026\/primer-episodio-podcast-stars-eu-highlights-youtube-spotify\/\"]}]},{\"@type\":\"BreadcrumbList\",\"@id\":\"https:\/\/www.ull.es\/portal\/noticias\/2026\/primer-episodio-podcast-stars-eu-highlights-youtube-spotify\/#breadcrumb\",\"itemListElement\":[{\"@type\":\"ListItem\",\"position\":1,\"name\":\"Portada\",\"item\":\"https:\/\/www.ull.es\/portal\/noticias\/\"},{\"@type\":\"ListItem\",\"position\":2,\"name\":\"El primer episodio del nuevo podcast STARS EU Highlights ya est\u00e1 disponible en Youtube y Spotify\"}]},{\"@type\":\"WebSite\",\"@id\":\"https:\/\/www.ull.es\/portal\/noticias\/#website\",\"url\":\"https:\/\/www.ull.es\/portal\/noticias\/\",\"name\":\"ULL - Noticias\",\"description\":\"\",\"potentialAction\":[{\"@type\":\"SearchAction\",\"target\":{\"@type\":\"EntryPoint\",\"urlTemplate\":\"https:\/\/www.ull.es\/portal\/noticias\/?s={search_term_string}\"},\"query-input\":\"required name=search_term_string\"}],\"inLanguage\":\"es\"},{\"@type\":\"Person\",\"@id\":\"https:\/\/www.ull.es\/portal\/noticias\/#\/schema\/person\/c3b2aa857797592927a03740d6664376\",\"name\":\"prensa2\",\"image\":{\"@type\":\"ImageObject\",\"inLanguage\":\"es\",\"@id\":\"https:\/\/www.ull.es\/portal\/noticias\/#\/schema\/person\/image\/\",\"url\":\"https:\/\/secure.gravatar.com\/avatar\/b58f310a5de5feb33d1e026d2493f23c?s=96&d=mm&r=g\",\"contentUrl\":\"https:\/\/secure.gravatar.com\/avatar\/b58f310a5de5feb33d1e026d2493f23c?s=96&d=mm&r=g\",\"caption\":\"prensa2\"},\"url\":\"https:\/\/www.ull.es\/portal\/noticias\/author\/prensa2\/\"}]}<\/script>\n<!-- \/ Yoast SEO plugin. -->","yoast_head_json":{"title":"STARS EU publica el episodio uno de su podcast sobre educaci\u00f3n","description":"STARS EU Highlights ser\u00e1 publicado el segundo mi\u00e9rcoles de cada mes para ahondar en la innovaci\u00f3n educativa con perspectiva europea.","robots":{"index":"index","follow":"follow","max-snippet":"max-snippet:-1","max-image-preview":"max-image-preview:large","max-video-preview":"max-video-preview:-1"},"canonical":"https:\/\/www.ull.es\/portal\/noticias\/2026\/primer-episodio-podcast-stars-eu-highlights-youtube-spotify\/","og_locale":"es_ES","og_type":"article","og_title":"STARS EU publica el episodio uno de su podcast sobre educaci\u00f3n","og_description":"STARS EU Highlights ser\u00e1 publicado el segundo mi\u00e9rcoles de cada mes para ahondar en la innovaci\u00f3n educativa con perspectiva europea.","og_url":"https:\/\/www.ull.es\/portal\/noticias\/2026\/primer-episodio-podcast-stars-eu-highlights-youtube-spotify\/","og_site_name":"ULL - Noticias","article_publisher":"https:\/\/www.facebook.com\/universidaddelalaguna\/","article_published_time":"2026-01-14T14:30:32+00:00","og_image":[{"width":1280,"height":720,"url":"https:\/\/www.ull.es\/portal\/noticias\/wp-content\/uploads\/sites\/13\/2026\/01\/STARS_EU_HIGHLIGHTS_Ep_1_cover-v2.jpg","type":"image\/jpeg"}],"author":"prensa2","twitter_card":"summary_large_image","twitter_creator":"@CanalULL","twitter_site":"@CanalULL","twitter_misc":{"Escrito por":"prensa2","Tiempo de lectura":"2 minutos"},"schema":{"@context":"https:\/\/schema.org","@graph":[{"@type":"WebPage","@id":"https:\/\/www.ull.es\/portal\/noticias\/2026\/primer-episodio-podcast-stars-eu-highlights-youtube-spotify\/","url":"https:\/\/www.ull.es\/portal\/noticias\/2026\/primer-episodio-podcast-stars-eu-highlights-youtube-spotify\/","name":"STARS EU publica el episodio uno de su podcast sobre educaci\u00f3n","isPartOf":{"@id":"https:\/\/www.ull.es\/portal\/noticias\/#website"},"datePublished":"2026-01-14T14:30:32+00:00","dateModified":"2026-01-14T14:30:32+00:00","author":{"@id":"https:\/\/www.ull.es\/portal\/noticias\/#\/schema\/person\/c3b2aa857797592927a03740d6664376"},"description":"STARS EU Highlights ser\u00e1 publicado el segundo mi\u00e9rcoles de cada mes para ahondar en la innovaci\u00f3n educativa con perspectiva europea.","breadcrumb":{"@id":"https:\/\/www.ull.es\/portal\/noticias\/2026\/primer-episodio-podcast-stars-eu-highlights-youtube-spotify\/#breadcrumb"},"inLanguage":"es","potentialAction":[{"@type":"ReadAction","target":["https:\/\/www.ull.es\/portal\/noticias\/2026\/primer-episodio-podcast-stars-eu-highlights-youtube-spotify\/"]}]},{"@type":"BreadcrumbList","@id":"https:\/\/www.ull.es\/portal\/noticias\/2026\/primer-episodio-podcast-stars-eu-highlights-youtube-spotify\/#breadcrumb","itemListElement":[{"@type":"ListItem","position":1,"name":"Portada","item":"https:\/\/www.ull.es\/portal\/noticias\/"},{"@type":"ListItem","position":2,"name":"El primer episodio del nuevo podcast STARS EU Highlights ya est\u00e1 disponible en Youtube y Spotify"}]},{"@type":"WebSite","@id":"https:\/\/www.ull.es\/portal\/noticias\/#website","url":"https:\/\/www.ull.es\/portal\/noticias\/","name":"ULL - Noticias","description":"","potentialAction":[{"@type":"SearchAction","target":{"@type":"EntryPoint","urlTemplate":"https:\/\/www.ull.es\/portal\/noticias\/?s={search_term_string}"},"query-input":"required name=search_term_string"}],"inLanguage":"es"},{"@type":"Person","@id":"https:\/\/www.ull.es\/portal\/noticias\/#\/schema\/person\/c3b2aa857797592927a03740d6664376","name":"prensa2","image":{"@type":"ImageObject","inLanguage":"es","@id":"https:\/\/www.ull.es\/portal\/noticias\/#\/schema\/person\/image\/","url":"https:\/\/secure.gravatar.com\/avatar\/b58f310a5de5feb33d1e026d2493f23c?s=96&d=mm&r=g","contentUrl":"https:\/\/secure.gravatar.com\/avatar\/b58f310a5de5feb33d1e026d2493f23c?s=96&d=mm&r=g","caption":"prensa2"},"url":"https:\/\/www.ull.es\/portal\/noticias\/author\/prensa2\/"}]}},"primary_category":{"id":349,"name":"Internacionalizaci\u00f3n","slug":"internacionalizacion","link":"https:\/\/www.ull.es\/portal\/noticias\/category\/internacionalizacion\/"},"featured_image_thumbnail_url":"https:\/\/www.ull.es\/portal\/noticias\/wp-content\/uploads\/sites\/13\/2026\/01\/STARS_EU_HIGHLIGHTS_Ep_1_cover-v2-300x169.jpg","_links":{"self":[{"href":"https:\/\/www.ull.es\/portal\/noticias\/wp-json\/wp\/v2\/posts\/86449"}],"collection":[{"href":"https:\/\/www.ull.es\/portal\/noticias\/wp-json\/wp\/v2\/posts"}],"about":[{"href":"https:\/\/www.ull.es\/portal\/noticias\/wp-json\/wp\/v2\/types\/post"}],"author":[{"embeddable":true,"href":"https:\/\/www.ull.es\/portal\/noticias\/wp-json\/wp\/v2\/users\/21"}],"replies":[{"embeddable":true,"href":"https:\/\/www.ull.es\/portal\/noticias\/wp-json\/wp\/v2\/comments?post=86449"}],"version-history":[{"count":1,"href":"https:\/\/www.ull.es\/portal\/noticias\/wp-json\/wp\/v2\/posts\/86449\/revisions"}],"predecessor-version":[{"id":86451,"href":"https:\/\/www.ull.es\/portal\/noticias\/wp-json\/wp\/v2\/posts\/86449\/revisions\/86451"}],"wp:featuredmedia":[{"embeddable":true,"href":"https:\/\/www.ull.es\/portal\/noticias\/wp-json\/wp\/v2\/media\/86450"}],"wp:attachment":[{"href":"https:\/\/www.ull.es\/portal\/noticias\/wp-json\/wp\/v2\/media?parent=86449"}],"wp:term":[{"taxonomy":"category","embeddable":true,"href":"https:\/\/www.ull.es\/portal\/noticias\/wp-json\/wp\/v2\/categories?post=86449"},{"taxonomy":"post_tag","embeddable":true,"href":"https:\/\/www.ull.es\/portal\/noticias\/wp-json\/wp\/v2\/tags?post=86449"}],"curies":[{"name":"wp","href":"https:\/\/api.w.org\/{rel}","templated":true}]}}