{"id":86566,"date":"2026-01-21T13:22:15","date_gmt":"2026-01-21T13:22:15","guid":{"rendered":"https:\/\/www.ull.es\/portal\/noticias\/?p=86566"},"modified":"2026-01-21T13:30:45","modified_gmt":"2026-01-21T13:30:45","slug":"ull-recibio-alumnado-laguna-norte-jornadas-puertas-abiertas","status":"publish","type":"post","link":"https:\/\/www.ull.es\/portal\/noticias\/2026\/ull-recibio-alumnado-laguna-norte-jornadas-puertas-abiertas\/","title":{"rendered":"La ULL recibi\u00f3 al alumnado de La Laguna y el norte de Tenerife el primer d\u00eda de sus Jornadas de Puertas Abiertas"},"content":{"rendered":"<p>La Universidad de La Laguna dio comienzo hoy, mi\u00e9rcoles 21 de enero, a uno de sus eventos de orientaci\u00f3n acad\u00e9mica m\u00e1s importante: sus <a href=\"https:\/\/www.ull.es\/portal\/puertas-abiertas\/\" target=\"_blank\" rel=\"noopener\">Jornadas de Puertas Abiertas<\/a>, que hasta el viernes 23 recibir\u00e1 en el Camps de Guajara a m\u00e1s de 9.300 estudiantes de 151 centros de secundaria de toda Canarias. En este primer d\u00eda acudieron 3.664 alumnos de La Laguna y los municipios del norte de Tenerife, con el objetivo de conocer de primera mano las caracter\u00edsticas de las titulaciones que conforman la oferta de grados del centro el pr\u00f3ximo curso 2026-27. Las jornadas atender\u00e1n ma\u00f1ana al alumnado de Santa Cruz de Tenerife y, pasado, del resto de islas.<\/p>\n<p style=\"text-align: center\"><a href=\"https:\/\/drive.google.com\/drive\/folders\/14SOc9CNHHLfgex8ekBXIFX2BUQdyiCp-?usp=sharing\" target=\"_blank\" rel=\"noopener\" target=\"_blank\" rel=\"noopener\"><strong>Galer\u00eda de im\u00e1genes<\/strong><\/a><\/p>\n<p><a href=\"https:\/\/www.ull.es\/portal\/noticias\/wp-content\/uploads\/sites\/13\/2026\/01\/Jorn-Puertas-Abiertas-61.jpg\" target=\"_blank\" rel=\"noopener\" target=\"_blank\" rel=\"noopener\"><img decoding=\"async\" loading=\"lazy\" class=\"alignleft wp-image-86568 size-medium\" src=\"https:\/\/www.ull.es\/portal\/noticias\/wp-content\/uploads\/sites\/13\/2026\/01\/Jorn-Puertas-Abiertas-61-300x200.jpg\" alt=\"\" width=\"300\" height=\"200\" srcset=\"https:\/\/www.ull.es\/portal\/noticias\/wp-content\/uploads\/sites\/13\/2026\/01\/Jorn-Puertas-Abiertas-61-300x200.jpg 300w, https:\/\/www.ull.es\/portal\/noticias\/wp-content\/uploads\/sites\/13\/2026\/01\/Jorn-Puertas-Abiertas-61-1024x683.jpg 1024w, https:\/\/www.ull.es\/portal\/noticias\/wp-content\/uploads\/sites\/13\/2026\/01\/Jorn-Puertas-Abiertas-61-768x512.jpg 768w, https:\/\/www.ull.es\/portal\/noticias\/wp-content\/uploads\/sites\/13\/2026\/01\/Jorn-Puertas-Abiertas-61-375x250.jpg 375w, https:\/\/www.ull.es\/portal\/noticias\/wp-content\/uploads\/sites\/13\/2026\/01\/Jorn-Puertas-Abiertas-61-750x500.jpg 750w, https:\/\/www.ull.es\/portal\/noticias\/wp-content\/uploads\/sites\/13\/2026\/01\/Jorn-Puertas-Abiertas-61-1140x760.jpg 1140w, https:\/\/www.ull.es\/portal\/noticias\/wp-content\/uploads\/sites\/13\/2026\/01\/Jorn-Puertas-Abiertas-61.jpg 1200w\" sizes=\"(max-width: 300px) 100vw, 300px\" \/><\/a>Las jornadas se articulan en tres tandas de charlas sobre cada una de las titulaciones de grado y doble grado, impartidas por profesorado y alumnado de cada una de ellas. Cada grupo de charlas comenzar\u00e1 a las 9:30, las 10:45 y las 12:00, para facilitar la posibilidad de acudir a tres de ellas. El rector de la Universidad de La Laguna, Francisco Garc\u00eda, y la vicerrectora de Estudiantes, Rosario Hern\u00e1ndez, dieron la bienvenida al alumnado en la primera charla impartida en el Aula Magna del Aulario General C\u00e9sar Manrique, correspondiente al Grado en Ciencias de la Actividad F\u00edsica y el Deporte.<\/p>\n<p>El rector enfatiz\u00f3 el componente aplicado de la oferta acad\u00e9mica de la Universidad de La Laguna, con una asignatura obligatoria de pr\u00e1cticas en empresas en su \u00faltimo a\u00f1o y su foco en la resoluci\u00f3n de problem\u00e1ticas sociales reales. Adem\u00e1s, record\u00f3 que, ante la duda sobre si embarcarse o no en los estudios superiores, las estad\u00edsticas de poblaci\u00f3n activa se\u00f1alan que la tasa de desempleo de quienes poseen una titulaci\u00f3n universitaria es sensiblemente inferior a la media, por lo que resulta una apuesta de futuro. Por su parte, la vicerrectora conmin\u00f3 al alumnado a aprovechar la ocasi\u00f3n para plantear todas dudas.<\/p>\n<p><a href=\"https:\/\/www.ull.es\/portal\/noticias\/wp-content\/uploads\/sites\/13\/2026\/01\/Jorn-Puertas-Abiertas-10.jpg\" target=\"_blank\" rel=\"noopener\" target=\"_blank\" rel=\"noopener\"><img decoding=\"async\" loading=\"lazy\" class=\"alignright wp-image-86569 size-medium\" src=\"https:\/\/www.ull.es\/portal\/noticias\/wp-content\/uploads\/sites\/13\/2026\/01\/Jorn-Puertas-Abiertas-10-300x201.jpg\" alt=\"\" width=\"300\" height=\"201\" srcset=\"https:\/\/www.ull.es\/portal\/noticias\/wp-content\/uploads\/sites\/13\/2026\/01\/Jorn-Puertas-Abiertas-10-300x201.jpg 300w, https:\/\/www.ull.es\/portal\/noticias\/wp-content\/uploads\/sites\/13\/2026\/01\/Jorn-Puertas-Abiertas-10-1024x684.jpg 1024w, https:\/\/www.ull.es\/portal\/noticias\/wp-content\/uploads\/sites\/13\/2026\/01\/Jorn-Puertas-Abiertas-10-768x513.jpg 768w, https:\/\/www.ull.es\/portal\/noticias\/wp-content\/uploads\/sites\/13\/2026\/01\/Jorn-Puertas-Abiertas-10-375x251.jpg 375w, https:\/\/www.ull.es\/portal\/noticias\/wp-content\/uploads\/sites\/13\/2026\/01\/Jorn-Puertas-Abiertas-10-750x501.jpg 750w, https:\/\/www.ull.es\/portal\/noticias\/wp-content\/uploads\/sites\/13\/2026\/01\/Jorn-Puertas-Abiertas-10-1140x762.jpg 1140w, https:\/\/www.ull.es\/portal\/noticias\/wp-content\/uploads\/sites\/13\/2026\/01\/Jorn-Puertas-Abiertas-10.jpg 1200w\" sizes=\"(max-width: 300px) 100vw, 300px\" \/><\/a>El alumnado de secundaria vino acompa\u00f1ado por parte de su profesorado, que valora de manera positiva el modelo de las Jornadas de Puerta Abiertas: as\u00ed, las docentes Isabel Gonz\u00e1lez y Alicia Robles, del IES La Victoria Alfonso Fern\u00e1ndez Garc\u00eda, consideran el encuentro \u201cinteresante porque los alumnos pueden tener un primer contacto con los espacios, con lo que es la universidad, comentar dudas y ver el ambiente\u201d. Explican que el alumnado, en general, est\u00e1 preocupado por las notas de cara al acceso pero que existen varios perfiles: \u201cHay gente m\u00e1s interesada en las jornadas, pero tambi\u00e9n quien ya sabe que no quiere ir a la universidad, sino a un ciclo formativo, y viene a curiosear para conocer la alternativa y qui\u00e9n sabe si cambiar de opini\u00f3n y al final hacer la PAU\u201d.<\/p>\n<p>Por su parte, Mari Luz Hern\u00e1ndez y Rafael Tesif\u00f3n, del Colegio Nuryana, explican que para sus estudiantes estas jornadas son importantes porque la Universidad de La Lagua \u201ces su centro de referencia, lo que tienen m\u00e1s cerca y donde la mayor\u00eda acabar\u00e1 realizando sus estudios superiores, as\u00ed que est\u00e1 muy interesados\u201d.<\/p>\n<p>En cuanto al alumnado, la pluralidad es la caracter\u00edstica com\u00fan y basta con hablar con algunos de los grupos de j\u00f3venes que acuden a esta cita para apreciar la variedad de casos existentes: por ejemplo, Nuria, Irina, Mois\u00e9s, Nerea y Elisa, del IES Viera y Clavijo, manifiestan su deseo de acceder a carreas tan dispares como Derecho, Maestro y las filolog\u00edas Espa\u00f1ola e Inglesa. Algunos de ellos desean cursarlos en la Universidad de La Laguna y otros se\u00f1alan que quieren ir a la vecina Gran Canaria o, incluso, cursar los estudios en el extranjero.<\/p>\n<p><a href=\"https:\/\/www.ull.es\/portal\/noticias\/wp-content\/uploads\/sites\/13\/2026\/01\/Jorn-Puertas-Abiertas-36.jpg\" target=\"_blank\" rel=\"noopener\" target=\"_blank\" rel=\"noopener\"><img decoding=\"async\" loading=\"lazy\" class=\"alignleft wp-image-86570 size-medium\" src=\"https:\/\/www.ull.es\/portal\/noticias\/wp-content\/uploads\/sites\/13\/2026\/01\/Jorn-Puertas-Abiertas-36-300x200.jpg\" alt=\"\" width=\"300\" height=\"200\" srcset=\"https:\/\/www.ull.es\/portal\/noticias\/wp-content\/uploads\/sites\/13\/2026\/01\/Jorn-Puertas-Abiertas-36-300x200.jpg 300w, https:\/\/www.ull.es\/portal\/noticias\/wp-content\/uploads\/sites\/13\/2026\/01\/Jorn-Puertas-Abiertas-36-1024x683.jpg 1024w, https:\/\/www.ull.es\/portal\/noticias\/wp-content\/uploads\/sites\/13\/2026\/01\/Jorn-Puertas-Abiertas-36-768x512.jpg 768w, https:\/\/www.ull.es\/portal\/noticias\/wp-content\/uploads\/sites\/13\/2026\/01\/Jorn-Puertas-Abiertas-36-375x250.jpg 375w, https:\/\/www.ull.es\/portal\/noticias\/wp-content\/uploads\/sites\/13\/2026\/01\/Jorn-Puertas-Abiertas-36-750x500.jpg 750w, https:\/\/www.ull.es\/portal\/noticias\/wp-content\/uploads\/sites\/13\/2026\/01\/Jorn-Puertas-Abiertas-36-1140x760.jpg 1140w, https:\/\/www.ull.es\/portal\/noticias\/wp-content\/uploads\/sites\/13\/2026\/01\/Jorn-Puertas-Abiertas-36.jpg 1200w\" sizes=\"(max-width: 300px) 100vw, 300px\" \/><\/a>Son, pues, muchos los casos particulares y las aspiraciones individuales que buscan satisfacci\u00f3n y, por ello, las Jornadas de Puertas Abiertas est\u00e1n enfocadas en ofrecer toda la informaci\u00f3n posible, especialmente sobre el contenido y estructura de las titulaciones, para que ese paso tan trascendental que supone iniciar una carrera universitaria sea adoptado de manera informada.<\/p>\n<p>Adem\u00e1s de las charlas que se imparten en facultades y espacios diferentes del Campus de Guajara, el Servicio de Informaci\u00f3n y Orientaci\u00f3n del Vicerrectorado de Estudiantes cuenta con un estand informativo para atender dudas de manera personalizada. Por primera vez se ha contado con el apoyo de ocho alumnos y alumnas voluntarias gracias a la colaboraci\u00f3n del Consejo de Estudiantes. Tambi\u00e9n hab\u00eda un puesto informativo de la Universidad de Las Palmas de Gran Canaria, pues ya es costumbre que las dos instituciones p\u00fablicas de educaci\u00f3n superior de Canarias est\u00e9n presentes en todas las jornadas mutuas.<\/p>\n","protected":false},"excerpt":{"rendered":"<p>La Universidad de La Laguna dio comienzo hoy, mi\u00e9rcoles 21 de enero, a uno de sus eventos de orientaci\u00f3n acad\u00e9mica&#8230;<\/p>\n","protected":false},"author":21,"featured_media":86567,"comment_status":"closed","ping_status":"closed","sticky":false,"template":"","format":"standard","meta":{"inline_featured_image":false,"footnotes":""},"categories":[343,345,2753,2765],"tags":[3758,7025,1610,2406,2610],"acf":[],"yoast_head":"<!-- This site is optimized with the Yoast SEO plugin v21.3 - https:\/\/yoast.com\/wordpress\/plugins\/seo\/ -->\n<title>Comienzan las Jornadas de Puertas abiertas con centros del norte<\/title>\n<meta name=\"description\" content=\"3.664 alumnos de La Laguna y el norte de Tenerife visitaron la ULL este primer d\u00eda y est\u00e1 previsto que pase 9.300 durante toda la semana.\" \/>\n<meta name=\"robots\" content=\"index, follow, max-snippet:-1, max-image-preview:large, max-video-preview:-1\" \/>\n<link rel=\"canonical\" href=\"https:\/\/www.ull.es\/portal\/noticias\/2026\/ull-recibio-alumnado-laguna-norte-jornadas-puertas-abiertas\/\" \/>\n<meta property=\"og:locale\" content=\"es_ES\" \/>\n<meta property=\"og:type\" content=\"article\" \/>\n<meta property=\"og:title\" content=\"Comienzan las Jornadas de Puertas abiertas con centros del norte\" \/>\n<meta property=\"og:description\" content=\"3.664 alumnos de La Laguna y el norte de Tenerife visitaron la ULL este primer d\u00eda y est\u00e1 previsto que pase 9.300 durante toda la semana.\" \/>\n<meta property=\"og:url\" content=\"https:\/\/www.ull.es\/portal\/noticias\/2026\/ull-recibio-alumnado-laguna-norte-jornadas-puertas-abiertas\/\" \/>\n<meta property=\"og:site_name\" content=\"ULL - Noticias\" \/>\n<meta property=\"article:publisher\" content=\"https:\/\/www.facebook.com\/universidaddelalaguna\/\" \/>\n<meta property=\"article:published_time\" content=\"2026-01-21T13:22:15+00:00\" \/>\n<meta property=\"article:modified_time\" content=\"2026-01-21T13:30:45+00:00\" \/>\n<meta property=\"og:image\" content=\"https:\/\/www.ull.es\/portal\/noticias\/wp-content\/uploads\/sites\/13\/2026\/01\/Jorn-Puertas-Abiertas-26.jpg\" \/>\n\t<meta property=\"og:image:width\" content=\"1200\" \/>\n\t<meta property=\"og:image:height\" content=\"800\" \/>\n\t<meta property=\"og:image:type\" content=\"image\/jpeg\" \/>\n<meta name=\"author\" content=\"prensa2\" \/>\n<meta name=\"twitter:card\" content=\"summary_large_image\" \/>\n<meta name=\"twitter:creator\" content=\"@CanalULL\" \/>\n<meta name=\"twitter:site\" content=\"@CanalULL\" \/>\n<meta name=\"twitter:label1\" content=\"Escrito por\" \/>\n\t<meta name=\"twitter:data1\" content=\"prensa2\" \/>\n\t<meta name=\"twitter:label2\" content=\"Tiempo de lectura\" \/>\n\t<meta name=\"twitter:data2\" content=\"4 minutos\" \/>\n<script type=\"application\/ld+json\" class=\"yoast-schema-graph\">{\"@context\":\"https:\/\/schema.org\",\"@graph\":[{\"@type\":\"WebPage\",\"@id\":\"https:\/\/www.ull.es\/portal\/noticias\/2026\/ull-recibio-alumnado-laguna-norte-jornadas-puertas-abiertas\/\",\"url\":\"https:\/\/www.ull.es\/portal\/noticias\/2026\/ull-recibio-alumnado-laguna-norte-jornadas-puertas-abiertas\/\",\"name\":\"Comienzan las Jornadas de Puertas abiertas con centros del norte\",\"isPartOf\":{\"@id\":\"https:\/\/www.ull.es\/portal\/noticias\/#website\"},\"datePublished\":\"2026-01-21T13:22:15+00:00\",\"dateModified\":\"2026-01-21T13:30:45+00:00\",\"author\":{\"@id\":\"https:\/\/www.ull.es\/portal\/noticias\/#\/schema\/person\/c3b2aa857797592927a03740d6664376\"},\"description\":\"3.664 alumnos de La Laguna y el norte de Tenerife visitaron la ULL este primer d\u00eda y est\u00e1 previsto que pase 9.300 durante toda la semana.\",\"breadcrumb\":{\"@id\":\"https:\/\/www.ull.es\/portal\/noticias\/2026\/ull-recibio-alumnado-laguna-norte-jornadas-puertas-abiertas\/#breadcrumb\"},\"inLanguage\":\"es\",\"potentialAction\":[{\"@type\":\"ReadAction\",\"target\":[\"https:\/\/www.ull.es\/portal\/noticias\/2026\/ull-recibio-alumnado-laguna-norte-jornadas-puertas-abiertas\/\"]}]},{\"@type\":\"BreadcrumbList\",\"@id\":\"https:\/\/www.ull.es\/portal\/noticias\/2026\/ull-recibio-alumnado-laguna-norte-jornadas-puertas-abiertas\/#breadcrumb\",\"itemListElement\":[{\"@type\":\"ListItem\",\"position\":1,\"name\":\"Portada\",\"item\":\"https:\/\/www.ull.es\/portal\/noticias\/\"},{\"@type\":\"ListItem\",\"position\":2,\"name\":\"La ULL recibi\u00f3 al alumnado de La Laguna y el norte de Tenerife el primer d\u00eda de sus Jornadas de Puertas Abiertas\"}]},{\"@type\":\"WebSite\",\"@id\":\"https:\/\/www.ull.es\/portal\/noticias\/#website\",\"url\":\"https:\/\/www.ull.es\/portal\/noticias\/\",\"name\":\"ULL - Noticias\",\"description\":\"\",\"potentialAction\":[{\"@type\":\"SearchAction\",\"target\":{\"@type\":\"EntryPoint\",\"urlTemplate\":\"https:\/\/www.ull.es\/portal\/noticias\/?s={search_term_string}\"},\"query-input\":\"required name=search_term_string\"}],\"inLanguage\":\"es\"},{\"@type\":\"Person\",\"@id\":\"https:\/\/www.ull.es\/portal\/noticias\/#\/schema\/person\/c3b2aa857797592927a03740d6664376\",\"name\":\"prensa2\",\"image\":{\"@type\":\"ImageObject\",\"inLanguage\":\"es\",\"@id\":\"https:\/\/www.ull.es\/portal\/noticias\/#\/schema\/person\/image\/\",\"url\":\"https:\/\/secure.gravatar.com\/avatar\/b58f310a5de5feb33d1e026d2493f23c?s=96&d=mm&r=g\",\"contentUrl\":\"https:\/\/secure.gravatar.com\/avatar\/b58f310a5de5feb33d1e026d2493f23c?s=96&d=mm&r=g\",\"caption\":\"prensa2\"},\"url\":\"https:\/\/www.ull.es\/portal\/noticias\/author\/prensa2\/\"}]}<\/script>\n<!-- \/ Yoast SEO plugin. -->","yoast_head_json":{"title":"Comienzan las Jornadas de Puertas abiertas con centros del norte","description":"3.664 alumnos de La Laguna y el norte de Tenerife visitaron la ULL este primer d\u00eda y est\u00e1 previsto que pase 9.300 durante toda la semana.","robots":{"index":"index","follow":"follow","max-snippet":"max-snippet:-1","max-image-preview":"max-image-preview:large","max-video-preview":"max-video-preview:-1"},"canonical":"https:\/\/www.ull.es\/portal\/noticias\/2026\/ull-recibio-alumnado-laguna-norte-jornadas-puertas-abiertas\/","og_locale":"es_ES","og_type":"article","og_title":"Comienzan las Jornadas de Puertas abiertas con centros del norte","og_description":"3.664 alumnos de La Laguna y el norte de Tenerife visitaron la ULL este primer d\u00eda y est\u00e1 previsto que pase 9.300 durante toda la semana.","og_url":"https:\/\/www.ull.es\/portal\/noticias\/2026\/ull-recibio-alumnado-laguna-norte-jornadas-puertas-abiertas\/","og_site_name":"ULL - Noticias","article_publisher":"https:\/\/www.facebook.com\/universidaddelalaguna\/","article_published_time":"2026-01-21T13:22:15+00:00","article_modified_time":"2026-01-21T13:30:45+00:00","og_image":[{"width":1200,"height":800,"url":"https:\/\/www.ull.es\/portal\/noticias\/wp-content\/uploads\/sites\/13\/2026\/01\/Jorn-Puertas-Abiertas-26.jpg","type":"image\/jpeg"}],"author":"prensa2","twitter_card":"summary_large_image","twitter_creator":"@CanalULL","twitter_site":"@CanalULL","twitter_misc":{"Escrito por":"prensa2","Tiempo de lectura":"4 minutos"},"schema":{"@context":"https:\/\/schema.org","@graph":[{"@type":"WebPage","@id":"https:\/\/www.ull.es\/portal\/noticias\/2026\/ull-recibio-alumnado-laguna-norte-jornadas-puertas-abiertas\/","url":"https:\/\/www.ull.es\/portal\/noticias\/2026\/ull-recibio-alumnado-laguna-norte-jornadas-puertas-abiertas\/","name":"Comienzan las Jornadas de Puertas abiertas con centros del norte","isPartOf":{"@id":"https:\/\/www.ull.es\/portal\/noticias\/#website"},"datePublished":"2026-01-21T13:22:15+00:00","dateModified":"2026-01-21T13:30:45+00:00","author":{"@id":"https:\/\/www.ull.es\/portal\/noticias\/#\/schema\/person\/c3b2aa857797592927a03740d6664376"},"description":"3.664 alumnos de La Laguna y el norte de Tenerife visitaron la ULL este primer d\u00eda y est\u00e1 previsto que pase 9.300 durante toda la semana.","breadcrumb":{"@id":"https:\/\/www.ull.es\/portal\/noticias\/2026\/ull-recibio-alumnado-laguna-norte-jornadas-puertas-abiertas\/#breadcrumb"},"inLanguage":"es","potentialAction":[{"@type":"ReadAction","target":["https:\/\/www.ull.es\/portal\/noticias\/2026\/ull-recibio-alumnado-laguna-norte-jornadas-puertas-abiertas\/"]}]},{"@type":"BreadcrumbList","@id":"https:\/\/www.ull.es\/portal\/noticias\/2026\/ull-recibio-alumnado-laguna-norte-jornadas-puertas-abiertas\/#breadcrumb","itemListElement":[{"@type":"ListItem","position":1,"name":"Portada","item":"https:\/\/www.ull.es\/portal\/noticias\/"},{"@type":"ListItem","position":2,"name":"La ULL recibi\u00f3 al alumnado de La Laguna y el norte de Tenerife el primer d\u00eda de sus Jornadas de Puertas Abiertas"}]},{"@type":"WebSite","@id":"https:\/\/www.ull.es\/portal\/noticias\/#website","url":"https:\/\/www.ull.es\/portal\/noticias\/","name":"ULL - Noticias","description":"","potentialAction":[{"@type":"SearchAction","target":{"@type":"EntryPoint","urlTemplate":"https:\/\/www.ull.es\/portal\/noticias\/?s={search_term_string}"},"query-input":"required name=search_term_string"}],"inLanguage":"es"},{"@type":"Person","@id":"https:\/\/www.ull.es\/portal\/noticias\/#\/schema\/person\/c3b2aa857797592927a03740d6664376","name":"prensa2","image":{"@type":"ImageObject","inLanguage":"es","@id":"https:\/\/www.ull.es\/portal\/noticias\/#\/schema\/person\/image\/","url":"https:\/\/secure.gravatar.com\/avatar\/b58f310a5de5feb33d1e026d2493f23c?s=96&d=mm&r=g","contentUrl":"https:\/\/secure.gravatar.com\/avatar\/b58f310a5de5feb33d1e026d2493f23c?s=96&d=mm&r=g","caption":"prensa2"},"url":"https:\/\/www.ull.es\/portal\/noticias\/author\/prensa2\/"}]}},"primary_category":{"id":345,"name":"Destacado","slug":"destacado","link":"https:\/\/www.ull.es\/portal\/noticias\/category\/destacado\/"},"featured_image_thumbnail_url":"https:\/\/www.ull.es\/portal\/noticias\/wp-content\/uploads\/sites\/13\/2026\/01\/Jorn-Puertas-Abiertas-26-300x200.jpg","_links":{"self":[{"href":"https:\/\/www.ull.es\/portal\/noticias\/wp-json\/wp\/v2\/posts\/86566"}],"collection":[{"href":"https:\/\/www.ull.es\/portal\/noticias\/wp-json\/wp\/v2\/posts"}],"about":[{"href":"https:\/\/www.ull.es\/portal\/noticias\/wp-json\/wp\/v2\/types\/post"}],"author":[{"embeddable":true,"href":"https:\/\/www.ull.es\/portal\/noticias\/wp-json\/wp\/v2\/users\/21"}],"replies":[{"embeddable":true,"href":"https:\/\/www.ull.es\/portal\/noticias\/wp-json\/wp\/v2\/comments?post=86566"}],"version-history":[{"count":3,"href":"https:\/\/www.ull.es\/portal\/noticias\/wp-json\/wp\/v2\/posts\/86566\/revisions"}],"predecessor-version":[{"id":86573,"href":"https:\/\/www.ull.es\/portal\/noticias\/wp-json\/wp\/v2\/posts\/86566\/revisions\/86573"}],"wp:featuredmedia":[{"embeddable":true,"href":"https:\/\/www.ull.es\/portal\/noticias\/wp-json\/wp\/v2\/media\/86567"}],"wp:attachment":[{"href":"https:\/\/www.ull.es\/portal\/noticias\/wp-json\/wp\/v2\/media?parent=86566"}],"wp:term":[{"taxonomy":"category","embeddable":true,"href":"https:\/\/www.ull.es\/portal\/noticias\/wp-json\/wp\/v2\/categories?post=86566"},{"taxonomy":"post_tag","embeddable":true,"href":"https:\/\/www.ull.es\/portal\/noticias\/wp-json\/wp\/v2\/tags?post=86566"}],"curies":[{"name":"wp","href":"https:\/\/api.w.org\/{rel}","templated":true}]}}