{"id":86636,"date":"2026-01-26T11:12:46","date_gmt":"2026-01-26T11:12:46","guid":{"rendered":"https:\/\/www.ull.es\/portal\/noticias\/?p=86636"},"modified":"2026-01-26T11:12:46","modified_gmt":"2026-01-26T11:12:46","slug":"catedra-tecnoedu-presenta-cuarto-volumen-testimonios-educacion-canarias","status":"publish","type":"post","link":"https:\/\/www.ull.es\/portal\/noticias\/2026\/catedra-tecnoedu-presenta-cuarto-volumen-testimonios-educacion-canarias\/","title":{"rendered":"La C\u00e1tedra TECNOEDU presenta el cuarto volumen de su colecci\u00f3n audiovisual \u2018Testimonios sobre la educaci\u00f3n en Canarias\u2019"},"content":{"rendered":"<p>La colecci\u00f3n <em>Testimonios sobre la educaci\u00f3n en Canarias<\/em> alcanza su cuarto volumen con una nueva entrega dedicada a la memoria educativa del archipi\u00e9lago, en el marco de una iniciativa impulsada por la C\u00e1tedra Fundaci\u00f3n MAPFRE Canarias de Tecnolog\u00eda y Educaci\u00f3n (<a href=\"https:\/\/tecnoedu.webs.ull.es\/\" target=\"_blank\" rel=\"noopener\" target=\"_blank\" rel=\"noopener\">TECNOEDU<\/a>). La presentaci\u00f3n de esta nueva entrega tendr\u00e1 lugar el mi\u00e9rcoles 28 de enero a las 16:30 horas, en el Aula Magna del Edificio Central de la Universidad de La Laguna.<\/p>\n<p>Este cuarto volumen de la colecci\u00f3n recoge entrevistas centradas en tres \u00e1mbitos clave del sistema educativo canario: la Educaci\u00f3n Especial e Inclusiva, la Orientaci\u00f3n Educativa y Escolar y la Educaci\u00f3n de Personas Adultas. Durante la presentaci\u00f3n se proyectar\u00e1 el tr\u00e1iler del volumen, que ofrece un adelanto de los contenidos y de los testimonios recogidos en esta nueva entrega.<\/p>\n<p>El acto incluir\u00e1 la mesa redonda <em>\u201cDejar huella. La construcci\u00f3n de la memoria educativa de Canarias\u201d<\/em>, en la que participar\u00e1n <a href=\"https:\/\/portalciencia.ull.es\/investigadores\/82441\/detalle\" target=\"_blank\" rel=\"noopener\" target=\"_blank\" rel=\"noopener\">Pedro \u00c1lvarez<\/a>, catedr\u00e1tico de Orientaci\u00f3n Educativa y Psicopedag\u00f3gica; <a href=\"https:\/\/portalciencia.ull.es\/investigadores\/81365\/detalle\" target=\"_blank\" rel=\"noopener\" target=\"_blank\" rel=\"noopener\">Manuel Ferraz<\/a>, catedr\u00e1tico de Historia de la Educaci\u00f3n; y <a href=\"https:\/\/portalciencia.ull.es\/investigadores\/80956\/detalle\" target=\"_blank\" rel=\"noopener\" target=\"_blank\" rel=\"noopener\">Amador Guarro<\/a>, catedr\u00e1tico de Did\u00e1ctica y Organizaci\u00f3n Escola, todos ellos de la Universidad de La Laguna. La mesa estar\u00e1 orientada a reflexionar sobre el papel de la educaci\u00f3n en la configuraci\u00f3n social y cultural de Canarias, as\u00ed como sobre la importancia de preservar su memoria pedag\u00f3gica.<\/p>\n<p>La colecci\u00f3n audiovisual \u201c<em>Testimonios sobre la educaci\u00f3n en Canarias\u201d<\/em> constituye un recurso de especial inter\u00e9s para docentes, investigadores y para la ciudadan\u00eda en general, al documentar los procesos de transformaci\u00f3n, los debates y los retos que han marcado la evoluci\u00f3n del sistema educativo canario. Los distintos vol\u00famenes de la colecci\u00f3n est\u00e1n disponibles en acceso abierto a trav\u00e9s del <a href=\"https:\/\/www.youtube.com\/playlist?list=PL4UkFW-N_J5B68IyhlTMWoNJdSx5XUz2L\" target=\"_blank\" rel=\"noopener\" target=\"_blank\" rel=\"noopener\">canal de YouTube<\/a> de la C\u00e1tedra TECNOEDU y en su <a href=\"https:\/\/tecnoedu.webs.ull.es\/testimonios-sobre-la-educacion-en-canarias\/\" target=\"_blank\" rel=\"noopener\" target=\"_blank\" rel=\"noopener\">p\u00e1gina web oficial<\/a>.<\/p>\n","protected":false},"excerpt":{"rendered":"<p>La colecci\u00f3n Testimonios sobre la educaci\u00f3n en Canarias alcanza su cuarto volumen con una nueva entrega dedicada a la memoria&#8230;<\/p>\n","protected":false},"author":21,"featured_media":86637,"comment_status":"closed","ping_status":"closed","sticky":false,"template":"","format":"standard","meta":{"inline_featured_image":false,"footnotes":""},"categories":[345,348,2765],"tags":[12323,3538,10837,12324,6802,3678],"acf":[],"yoast_head":"<!-- This site is optimized with the Yoast SEO plugin v21.3 - https:\/\/yoast.com\/wordpress\/plugins\/seo\/ -->\n<title>TECNOEDU presenta otro volumen de su colecci\u00f3n audiovisual<\/title>\n<meta name=\"description\" content=\"La cuarta entrega de &quot;Testimonios sobre la educaci\u00f3n en Canarias&quot; ser\u00e1 presentada el 28 de enero en el Aula Magna del Edificio Central.\" \/>\n<meta name=\"robots\" content=\"index, follow, max-snippet:-1, max-image-preview:large, max-video-preview:-1\" \/>\n<link rel=\"canonical\" href=\"https:\/\/www.ull.es\/portal\/noticias\/2026\/catedra-tecnoedu-presenta-cuarto-volumen-testimonios-educacion-canarias\/\" \/>\n<meta property=\"og:locale\" content=\"es_ES\" \/>\n<meta property=\"og:type\" content=\"article\" \/>\n<meta property=\"og:title\" content=\"TECNOEDU presenta otro volumen de su colecci\u00f3n audiovisual\" \/>\n<meta property=\"og:description\" content=\"La cuarta entrega de &quot;Testimonios sobre la educaci\u00f3n en Canarias&quot; ser\u00e1 presentada el 28 de enero en el Aula Magna del Edificio Central.\" \/>\n<meta property=\"og:url\" content=\"https:\/\/www.ull.es\/portal\/noticias\/2026\/catedra-tecnoedu-presenta-cuarto-volumen-testimonios-educacion-canarias\/\" \/>\n<meta property=\"og:site_name\" content=\"ULL - Noticias\" \/>\n<meta property=\"article:publisher\" content=\"https:\/\/www.facebook.com\/universidaddelalaguna\/\" \/>\n<meta property=\"article:published_time\" content=\"2026-01-26T11:12:46+00:00\" \/>\n<meta property=\"og:image\" content=\"https:\/\/www.ull.es\/portal\/noticias\/wp-content\/uploads\/sites\/13\/2026\/01\/testimonios-educacion-web.jpg\" \/>\n\t<meta property=\"og:image:width\" content=\"1200\" \/>\n\t<meta property=\"og:image:height\" content=\"800\" \/>\n\t<meta property=\"og:image:type\" content=\"image\/jpeg\" \/>\n<meta name=\"author\" content=\"prensa2\" \/>\n<meta name=\"twitter:card\" content=\"summary_large_image\" \/>\n<meta name=\"twitter:creator\" content=\"@CanalULL\" \/>\n<meta name=\"twitter:site\" content=\"@CanalULL\" \/>\n<meta name=\"twitter:label1\" content=\"Escrito por\" \/>\n\t<meta name=\"twitter:data1\" content=\"prensa2\" \/>\n\t<meta name=\"twitter:label2\" content=\"Tiempo de lectura\" \/>\n\t<meta name=\"twitter:data2\" content=\"2 minutos\" \/>\n<script type=\"application\/ld+json\" class=\"yoast-schema-graph\">{\"@context\":\"https:\/\/schema.org\",\"@graph\":[{\"@type\":\"WebPage\",\"@id\":\"https:\/\/www.ull.es\/portal\/noticias\/2026\/catedra-tecnoedu-presenta-cuarto-volumen-testimonios-educacion-canarias\/\",\"url\":\"https:\/\/www.ull.es\/portal\/noticias\/2026\/catedra-tecnoedu-presenta-cuarto-volumen-testimonios-educacion-canarias\/\",\"name\":\"TECNOEDU presenta otro volumen de su colecci\u00f3n audiovisual\",\"isPartOf\":{\"@id\":\"https:\/\/www.ull.es\/portal\/noticias\/#website\"},\"datePublished\":\"2026-01-26T11:12:46+00:00\",\"dateModified\":\"2026-01-26T11:12:46+00:00\",\"author\":{\"@id\":\"https:\/\/www.ull.es\/portal\/noticias\/#\/schema\/person\/c3b2aa857797592927a03740d6664376\"},\"description\":\"La cuarta entrega de \\\"Testimonios sobre la educaci\u00f3n en Canarias\\\" ser\u00e1 presentada el 28 de enero en el Aula Magna del Edificio Central.\",\"breadcrumb\":{\"@id\":\"https:\/\/www.ull.es\/portal\/noticias\/2026\/catedra-tecnoedu-presenta-cuarto-volumen-testimonios-educacion-canarias\/#breadcrumb\"},\"inLanguage\":\"es\",\"potentialAction\":[{\"@type\":\"ReadAction\",\"target\":[\"https:\/\/www.ull.es\/portal\/noticias\/2026\/catedra-tecnoedu-presenta-cuarto-volumen-testimonios-educacion-canarias\/\"]}]},{\"@type\":\"BreadcrumbList\",\"@id\":\"https:\/\/www.ull.es\/portal\/noticias\/2026\/catedra-tecnoedu-presenta-cuarto-volumen-testimonios-educacion-canarias\/#breadcrumb\",\"itemListElement\":[{\"@type\":\"ListItem\",\"position\":1,\"name\":\"Portada\",\"item\":\"https:\/\/www.ull.es\/portal\/noticias\/\"},{\"@type\":\"ListItem\",\"position\":2,\"name\":\"La C\u00e1tedra TECNOEDU presenta el cuarto volumen de su colecci\u00f3n audiovisual \u2018Testimonios sobre la educaci\u00f3n en Canarias\u2019\"}]},{\"@type\":\"WebSite\",\"@id\":\"https:\/\/www.ull.es\/portal\/noticias\/#website\",\"url\":\"https:\/\/www.ull.es\/portal\/noticias\/\",\"name\":\"ULL - Noticias\",\"description\":\"\",\"potentialAction\":[{\"@type\":\"SearchAction\",\"target\":{\"@type\":\"EntryPoint\",\"urlTemplate\":\"https:\/\/www.ull.es\/portal\/noticias\/?s={search_term_string}\"},\"query-input\":\"required name=search_term_string\"}],\"inLanguage\":\"es\"},{\"@type\":\"Person\",\"@id\":\"https:\/\/www.ull.es\/portal\/noticias\/#\/schema\/person\/c3b2aa857797592927a03740d6664376\",\"name\":\"prensa2\",\"image\":{\"@type\":\"ImageObject\",\"inLanguage\":\"es\",\"@id\":\"https:\/\/www.ull.es\/portal\/noticias\/#\/schema\/person\/image\/\",\"url\":\"https:\/\/secure.gravatar.com\/avatar\/b58f310a5de5feb33d1e026d2493f23c?s=96&d=mm&r=g\",\"contentUrl\":\"https:\/\/secure.gravatar.com\/avatar\/b58f310a5de5feb33d1e026d2493f23c?s=96&d=mm&r=g\",\"caption\":\"prensa2\"},\"url\":\"https:\/\/www.ull.es\/portal\/noticias\/author\/prensa2\/\"}]}<\/script>\n<!-- \/ Yoast SEO plugin. -->","yoast_head_json":{"title":"TECNOEDU presenta otro volumen de su colecci\u00f3n audiovisual","description":"La cuarta entrega de \"Testimonios sobre la educaci\u00f3n en Canarias\" ser\u00e1 presentada el 28 de enero en el Aula Magna del Edificio Central.","robots":{"index":"index","follow":"follow","max-snippet":"max-snippet:-1","max-image-preview":"max-image-preview:large","max-video-preview":"max-video-preview:-1"},"canonical":"https:\/\/www.ull.es\/portal\/noticias\/2026\/catedra-tecnoedu-presenta-cuarto-volumen-testimonios-educacion-canarias\/","og_locale":"es_ES","og_type":"article","og_title":"TECNOEDU presenta otro volumen de su colecci\u00f3n audiovisual","og_description":"La cuarta entrega de \"Testimonios sobre la educaci\u00f3n en Canarias\" ser\u00e1 presentada el 28 de enero en el Aula Magna del Edificio Central.","og_url":"https:\/\/www.ull.es\/portal\/noticias\/2026\/catedra-tecnoedu-presenta-cuarto-volumen-testimonios-educacion-canarias\/","og_site_name":"ULL - Noticias","article_publisher":"https:\/\/www.facebook.com\/universidaddelalaguna\/","article_published_time":"2026-01-26T11:12:46+00:00","og_image":[{"width":1200,"height":800,"url":"https:\/\/www.ull.es\/portal\/noticias\/wp-content\/uploads\/sites\/13\/2026\/01\/testimonios-educacion-web.jpg","type":"image\/jpeg"}],"author":"prensa2","twitter_card":"summary_large_image","twitter_creator":"@CanalULL","twitter_site":"@CanalULL","twitter_misc":{"Escrito por":"prensa2","Tiempo de lectura":"2 minutos"},"schema":{"@context":"https:\/\/schema.org","@graph":[{"@type":"WebPage","@id":"https:\/\/www.ull.es\/portal\/noticias\/2026\/catedra-tecnoedu-presenta-cuarto-volumen-testimonios-educacion-canarias\/","url":"https:\/\/www.ull.es\/portal\/noticias\/2026\/catedra-tecnoedu-presenta-cuarto-volumen-testimonios-educacion-canarias\/","name":"TECNOEDU presenta otro volumen de su colecci\u00f3n audiovisual","isPartOf":{"@id":"https:\/\/www.ull.es\/portal\/noticias\/#website"},"datePublished":"2026-01-26T11:12:46+00:00","dateModified":"2026-01-26T11:12:46+00:00","author":{"@id":"https:\/\/www.ull.es\/portal\/noticias\/#\/schema\/person\/c3b2aa857797592927a03740d6664376"},"description":"La cuarta entrega de \"Testimonios sobre la educaci\u00f3n en Canarias\" ser\u00e1 presentada el 28 de enero en el Aula Magna del Edificio Central.","breadcrumb":{"@id":"https:\/\/www.ull.es\/portal\/noticias\/2026\/catedra-tecnoedu-presenta-cuarto-volumen-testimonios-educacion-canarias\/#breadcrumb"},"inLanguage":"es","potentialAction":[{"@type":"ReadAction","target":["https:\/\/www.ull.es\/portal\/noticias\/2026\/catedra-tecnoedu-presenta-cuarto-volumen-testimonios-educacion-canarias\/"]}]},{"@type":"BreadcrumbList","@id":"https:\/\/www.ull.es\/portal\/noticias\/2026\/catedra-tecnoedu-presenta-cuarto-volumen-testimonios-educacion-canarias\/#breadcrumb","itemListElement":[{"@type":"ListItem","position":1,"name":"Portada","item":"https:\/\/www.ull.es\/portal\/noticias\/"},{"@type":"ListItem","position":2,"name":"La C\u00e1tedra TECNOEDU presenta el cuarto volumen de su colecci\u00f3n audiovisual \u2018Testimonios sobre la educaci\u00f3n en Canarias\u2019"}]},{"@type":"WebSite","@id":"https:\/\/www.ull.es\/portal\/noticias\/#website","url":"https:\/\/www.ull.es\/portal\/noticias\/","name":"ULL - Noticias","description":"","potentialAction":[{"@type":"SearchAction","target":{"@type":"EntryPoint","urlTemplate":"https:\/\/www.ull.es\/portal\/noticias\/?s={search_term_string}"},"query-input":"required name=search_term_string"}],"inLanguage":"es"},{"@type":"Person","@id":"https:\/\/www.ull.es\/portal\/noticias\/#\/schema\/person\/c3b2aa857797592927a03740d6664376","name":"prensa2","image":{"@type":"ImageObject","inLanguage":"es","@id":"https:\/\/www.ull.es\/portal\/noticias\/#\/schema\/person\/image\/","url":"https:\/\/secure.gravatar.com\/avatar\/b58f310a5de5feb33d1e026d2493f23c?s=96&d=mm&r=g","contentUrl":"https:\/\/secure.gravatar.com\/avatar\/b58f310a5de5feb33d1e026d2493f23c?s=96&d=mm&r=g","caption":"prensa2"},"url":"https:\/\/www.ull.es\/portal\/noticias\/author\/prensa2\/"}]}},"primary_category":{"id":345,"name":"Destacado","slug":"destacado","link":"https:\/\/www.ull.es\/portal\/noticias\/category\/destacado\/"},"featured_image_thumbnail_url":"https:\/\/www.ull.es\/portal\/noticias\/wp-content\/uploads\/sites\/13\/2026\/01\/testimonios-educacion-web-300x200.jpg","_links":{"self":[{"href":"https:\/\/www.ull.es\/portal\/noticias\/wp-json\/wp\/v2\/posts\/86636"}],"collection":[{"href":"https:\/\/www.ull.es\/portal\/noticias\/wp-json\/wp\/v2\/posts"}],"about":[{"href":"https:\/\/www.ull.es\/portal\/noticias\/wp-json\/wp\/v2\/types\/post"}],"author":[{"embeddable":true,"href":"https:\/\/www.ull.es\/portal\/noticias\/wp-json\/wp\/v2\/users\/21"}],"replies":[{"embeddable":true,"href":"https:\/\/www.ull.es\/portal\/noticias\/wp-json\/wp\/v2\/comments?post=86636"}],"version-history":[{"count":1,"href":"https:\/\/www.ull.es\/portal\/noticias\/wp-json\/wp\/v2\/posts\/86636\/revisions"}],"predecessor-version":[{"id":86638,"href":"https:\/\/www.ull.es\/portal\/noticias\/wp-json\/wp\/v2\/posts\/86636\/revisions\/86638"}],"wp:featuredmedia":[{"embeddable":true,"href":"https:\/\/www.ull.es\/portal\/noticias\/wp-json\/wp\/v2\/media\/86637"}],"wp:attachment":[{"href":"https:\/\/www.ull.es\/portal\/noticias\/wp-json\/wp\/v2\/media?parent=86636"}],"wp:term":[{"taxonomy":"category","embeddable":true,"href":"https:\/\/www.ull.es\/portal\/noticias\/wp-json\/wp\/v2\/categories?post=86636"},{"taxonomy":"post_tag","embeddable":true,"href":"https:\/\/www.ull.es\/portal\/noticias\/wp-json\/wp\/v2\/tags?post=86636"}],"curies":[{"name":"wp","href":"https:\/\/api.w.org\/{rel}","templated":true}]}}