{"id":86756,"date":"2026-01-29T14:16:20","date_gmt":"2026-01-29T14:16:20","guid":{"rendered":"https:\/\/www.ull.es\/portal\/noticias\/?p=86756"},"modified":"2026-01-29T14:16:20","modified_gmt":"2026-01-29T14:16:20","slug":"la-universidad-de-la-laguna-trae-a-canarias-la-historia-y-el-legado-de-marie-curie","status":"publish","type":"post","link":"https:\/\/www.ull.es\/portal\/noticias\/2026\/la-universidad-de-la-laguna-trae-a-canarias-la-historia-y-el-legado-de-marie-curie\/","title":{"rendered":"La Universidad de La Laguna trae a Canarias la historia y el legado de Marie Curie"},"content":{"rendered":"<p>El antiguo Convento de Santo Domingo Guzm\u00e1n acogi\u00f3 hoy 29 de enero la inauguraci\u00f3n de la exposici\u00f3n divulgativa <em>Mar\u00eda Sk\u0142odowska-Curie. Una polaca en Par\u00eds<\/em>, promovida por la Facultad de Ciencias de la Universidad de La Laguna a trav\u00e9s de Cienci@ULL.<\/p>\n<p>Tal y como explic\u00f3 una de las comisarias de la muestra, Sonnia L. Rivas-Caballero, el recorrido expositivo est\u00e1 concebido para acercar al visitante a la vida, la trayectoria cient\u00edfica y el legado de esta destacada cient\u00edfica polaco-francesa, una de las figuras m\u00e1s influyentes de la historia de la ciencia. La exposici\u00f3n propone un itinerario cronol\u00f3gico y tem\u00e1tico que abarca desde sus or\u00edgenes y formaci\u00f3n en Polonia hasta su traslado a Par\u00eds, donde desarroll\u00f3 la mayor parte de su carrera y curs\u00f3 estudios en la Universidad de la Sorbona, convirti\u00e9ndose en una figura clave en el estudio de la radiactividad.<\/p>\n<p><a href=\"https:\/\/www.ull.es\/portal\/noticias\/wp-content\/uploads\/sites\/13\/2026\/01\/Expo-Marie-Curie-12.jpg\" target=\"_blank\" rel=\"noopener\"><img decoding=\"async\" loading=\"lazy\" class=\"alignleft size-medium wp-image-86759\" src=\"https:\/\/www.ull.es\/portal\/noticias\/wp-content\/uploads\/sites\/13\/2026\/01\/Expo-Marie-Curie-12-300x200.jpg\" alt=\"\" width=\"300\" height=\"200\" srcset=\"https:\/\/www.ull.es\/portal\/noticias\/wp-content\/uploads\/sites\/13\/2026\/01\/Expo-Marie-Curie-12-300x200.jpg 300w, https:\/\/www.ull.es\/portal\/noticias\/wp-content\/uploads\/sites\/13\/2026\/01\/Expo-Marie-Curie-12-1024x683.jpg 1024w, https:\/\/www.ull.es\/portal\/noticias\/wp-content\/uploads\/sites\/13\/2026\/01\/Expo-Marie-Curie-12-768x512.jpg 768w, https:\/\/www.ull.es\/portal\/noticias\/wp-content\/uploads\/sites\/13\/2026\/01\/Expo-Marie-Curie-12-375x250.jpg 375w, https:\/\/www.ull.es\/portal\/noticias\/wp-content\/uploads\/sites\/13\/2026\/01\/Expo-Marie-Curie-12-750x500.jpg 750w, https:\/\/www.ull.es\/portal\/noticias\/wp-content\/uploads\/sites\/13\/2026\/01\/Expo-Marie-Curie-12-1140x760.jpg 1140w, https:\/\/www.ull.es\/portal\/noticias\/wp-content\/uploads\/sites\/13\/2026\/01\/Expo-Marie-Curie-12.jpg 1200w\" sizes=\"(max-width: 300px) 100vw, 300px\" \/><\/a>Las dos salas expositivas se articulan a trav\u00e9s de paneles hist\u00f3ricos y biogr\u00e1ficos que recogen los principales hitos de su vida y obra, acompa\u00f1ados de vitrinas con documentos, material de laboratorio, fotograf\u00edas, cuadros originales, piezas de numism\u00e1tica y filatelia, as\u00ed como vitelas explicativas que ayudan a contextualizar los distintos momentos abordados.<\/p>\n<p>El acto de inauguraci\u00f3n cont\u00f3 con la presencia del rector de la instituci\u00f3n acad\u00e9mica, Francisco Garc\u00eda; el alcalde de La Laguna, Luis Yeray Guti\u00e9rrez; el director de la Agencia Canaria de Investigaci\u00f3n, Innovaci\u00f3n y Sociedad de la Informaci\u00f3n del Gobierno de Canarias, Javier Franco; la decana de la Facultad de Ciencias de la ULL, Mar\u00eda del Mar Afonso; la decana del Colegio Oficial de Qu\u00edmicos de Canarias, Mar\u00eda Candelaria S\u00e1nchez; el director gerente de la Fundaci\u00f3n General de la ULL, Julio Brito, y la directora de Personas de Cajasiete, Daniela Postiglione Ten-Hoever.<\/p>\n<p>Durante su intervenci\u00f3n, el rector subray\u00f3 la importancia de que una instituci\u00f3n universitaria impulse y acerque a la ciudadan\u00eda exposiciones de esta envergadura. Destac\u00f3 la figura de Marie Curie no solo como una cient\u00edfica excepcional, sino tambi\u00e9n por su compromiso social y humanitario, especialmente durante la Primera Guerra Mundial, cuando promovi\u00f3 el uso de unidades m\u00f3viles de rayos X al servicio de la atenci\u00f3n sanitaria. Asimismo, puso en valor su papel como referente femenino en la ciencia y como ejemplo para generaciones de mujeres que han seguido su legado investigador.<\/p>\n<p>Por su parte, el alcalde de La Laguna destac\u00f3 la relevancia de este tipo de alianzas entre la ciudad y la universidad, que permiten acercar al p\u00fablico figuras hist\u00f3ricas de gran trascendencia. Se\u00f1al\u00f3<a href=\"https:\/\/www.ull.es\/portal\/noticias\/wp-content\/uploads\/sites\/13\/2026\/01\/Expo-Marie-Curie-20.jpg\" target=\"_blank\" rel=\"noopener\"><img decoding=\"async\" loading=\"lazy\" class=\"alignright size-medium wp-image-86760\" src=\"https:\/\/www.ull.es\/portal\/noticias\/wp-content\/uploads\/sites\/13\/2026\/01\/Expo-Marie-Curie-20-300x200.jpg\" alt=\"\" width=\"300\" height=\"200\" srcset=\"https:\/\/www.ull.es\/portal\/noticias\/wp-content\/uploads\/sites\/13\/2026\/01\/Expo-Marie-Curie-20-300x200.jpg 300w, https:\/\/www.ull.es\/portal\/noticias\/wp-content\/uploads\/sites\/13\/2026\/01\/Expo-Marie-Curie-20-1024x683.jpg 1024w, https:\/\/www.ull.es\/portal\/noticias\/wp-content\/uploads\/sites\/13\/2026\/01\/Expo-Marie-Curie-20-768x512.jpg 768w, https:\/\/www.ull.es\/portal\/noticias\/wp-content\/uploads\/sites\/13\/2026\/01\/Expo-Marie-Curie-20-375x250.jpg 375w, https:\/\/www.ull.es\/portal\/noticias\/wp-content\/uploads\/sites\/13\/2026\/01\/Expo-Marie-Curie-20-750x500.jpg 750w, https:\/\/www.ull.es\/portal\/noticias\/wp-content\/uploads\/sites\/13\/2026\/01\/Expo-Marie-Curie-20-1140x760.jpg 1140w, https:\/\/www.ull.es\/portal\/noticias\/wp-content\/uploads\/sites\/13\/2026\/01\/Expo-Marie-Curie-20.jpg 1200w\" sizes=\"(max-width: 300px) 100vw, 300px\" \/><\/a> que la exposici\u00f3n ofrece la oportunidad de analizar la figura de Marie Curie no solo desde una perspectiva cient\u00edfica, sino tambi\u00e9n social, haciendo especial hincapi\u00e9 en su condici\u00f3n de mujer emigrante que se traslad\u00f3 a Francia para formarse y buscar nuevas oportunidades, una experiencia con claras resonancias en la actualidad.<\/p>\n<p>Entre los aspectos m\u00e1s destacados de la muestra se encuentra el descubrimiento de los elementos polonio y radio, la obtenci\u00f3n del Premio Nobel de F\u00edsica en 1903 y del Premio Nobel de Qu\u00edmica en 1911. Asimismo, se incluye una recreaci\u00f3n del laboratorio de Marie Curie mediante elementos sencillos que permiten al visitante comprender las condiciones en las que desarroll\u00f3 su trabajo. La exposici\u00f3n tambi\u00e9n recoge los tres viajes que realiz\u00f3 a Espa\u00f1a, durante los cuales visit\u00f3 diversas ciudades, imparti\u00f3 conferencias y fue recibida en Madrid por el cient\u00edfico canario Blas Cabrera. El recorrido concluye con una secci\u00f3n dedicada a la saga Curie, la familia m\u00e1s galardonada en la historia de los Premios Nobel.<\/p>\n<p><a href=\"https:\/\/www.ull.es\/portal\/noticias\/wp-content\/uploads\/sites\/13\/2026\/01\/Expo-Marie-Curie-11.jpg\" target=\"_blank\" rel=\"noopener\"><img decoding=\"async\" loading=\"lazy\" class=\"alignleft size-medium wp-image-86757\" src=\"https:\/\/www.ull.es\/portal\/noticias\/wp-content\/uploads\/sites\/13\/2026\/01\/Expo-Marie-Curie-11-300x200.jpg\" alt=\"\" width=\"300\" height=\"200\" srcset=\"https:\/\/www.ull.es\/portal\/noticias\/wp-content\/uploads\/sites\/13\/2026\/01\/Expo-Marie-Curie-11-300x200.jpg 300w, https:\/\/www.ull.es\/portal\/noticias\/wp-content\/uploads\/sites\/13\/2026\/01\/Expo-Marie-Curie-11-1024x683.jpg 1024w, https:\/\/www.ull.es\/portal\/noticias\/wp-content\/uploads\/sites\/13\/2026\/01\/Expo-Marie-Curie-11-768x512.jpg 768w, https:\/\/www.ull.es\/portal\/noticias\/wp-content\/uploads\/sites\/13\/2026\/01\/Expo-Marie-Curie-11-375x250.jpg 375w, https:\/\/www.ull.es\/portal\/noticias\/wp-content\/uploads\/sites\/13\/2026\/01\/Expo-Marie-Curie-11-750x500.jpg 750w, https:\/\/www.ull.es\/portal\/noticias\/wp-content\/uploads\/sites\/13\/2026\/01\/Expo-Marie-Curie-11-1140x760.jpg 1140w, https:\/\/www.ull.es\/portal\/noticias\/wp-content\/uploads\/sites\/13\/2026\/01\/Expo-Marie-Curie-11.jpg 1200w\" sizes=\"(max-width: 300px) 100vw, 300px\" \/><\/a>La comisaria Bel\u00e9n Yuste destac\u00f3 que Marie Curie es una figura que conecta profundamente con el p\u00fablico y que, con esta exposici\u00f3n, se ha querido mostrar a la persona que subyace tras el mito y los dos premios Nobel, acercando su dimensi\u00f3n m\u00e1s humana.<\/p>\n<p>Tras la inauguraci\u00f3n de esta muestra itinerante, que llega por primera vez a Canarias, las comisarias ofrecieron una visita guiada. Durante el recorrido, incidieron en el papel de Marie Curie como mujer pionera en un \u00e1mbito hist\u00f3ricamente masculinizado, subrayando las dificultades que tuvo que afrontar y su contribuci\u00f3n a abrir camino a futuras generaciones de mujeres cient\u00edficas.<\/p>\n<p>La exposici\u00f3n cuenta con la colaboraci\u00f3n del Consejo Superior de Investigaciones Cient\u00edficas, las embajadas de Polonia y Francia y el Museo Curie de Par\u00eds, y podr\u00e1 visitarse hasta el pr\u00f3ximo 4 de marzo.<\/p>\n","protected":false},"excerpt":{"rendered":"<p>El antiguo Convento de Santo Domingo Guzm\u00e1n acogi\u00f3 hoy 29 de enero la inauguraci\u00f3n de la exposici\u00f3n divulgativa Mar\u00eda Sk\u0142odowska-Curie&#8230;.<\/p>\n","protected":false},"author":23,"featured_media":86758,"comment_status":"closed","ping_status":"closed","sticky":false,"template":"","format":"standard","meta":{"inline_featured_image":false,"footnotes":""},"categories":[3785,344,345,3924,2765],"tags":[],"acf":[],"yoast_head":"<!-- This site is optimized with the Yoast SEO plugin v21.3 - https:\/\/yoast.com\/wordpress\/plugins\/seo\/ -->\n<title>La Universidad de La Laguna trae a Canarias la historia y el legado de Marie Curie - ULL - Noticias<\/title>\n<meta name=\"robots\" content=\"index, follow, max-snippet:-1, max-image-preview:large, max-video-preview:-1\" \/>\n<link rel=\"canonical\" href=\"https:\/\/www.ull.es\/portal\/noticias\/2026\/la-universidad-de-la-laguna-trae-a-canarias-la-historia-y-el-legado-de-marie-curie\/\" \/>\n<meta property=\"og:locale\" content=\"es_ES\" \/>\n<meta property=\"og:type\" content=\"article\" \/>\n<meta property=\"og:title\" content=\"La Universidad de La Laguna trae a Canarias la historia y el legado de Marie Curie - ULL - Noticias\" \/>\n<meta property=\"og:description\" content=\"El antiguo Convento de Santo Domingo Guzm\u00e1n acogi\u00f3 hoy 29 de enero la inauguraci\u00f3n de la exposici\u00f3n divulgativa Mar\u00eda Sk\u0142odowska-Curie....\" \/>\n<meta property=\"og:url\" content=\"https:\/\/www.ull.es\/portal\/noticias\/2026\/la-universidad-de-la-laguna-trae-a-canarias-la-historia-y-el-legado-de-marie-curie\/\" \/>\n<meta property=\"og:site_name\" content=\"ULL - Noticias\" \/>\n<meta property=\"article:publisher\" content=\"https:\/\/www.facebook.com\/universidaddelalaguna\/\" \/>\n<meta property=\"article:published_time\" content=\"2026-01-29T14:16:20+00:00\" \/>\n<meta property=\"og:image\" content=\"https:\/\/www.ull.es\/portal\/noticias\/wp-content\/uploads\/sites\/13\/2026\/01\/Expo-Marie-Curie-04.jpg\" \/>\n\t<meta property=\"og:image:width\" content=\"1200\" \/>\n\t<meta property=\"og:image:height\" content=\"800\" \/>\n\t<meta property=\"og:image:type\" content=\"image\/jpeg\" \/>\n<meta name=\"author\" content=\"gaprsa\" \/>\n<meta name=\"twitter:card\" content=\"summary_large_image\" \/>\n<meta name=\"twitter:creator\" content=\"@CanalULL\" \/>\n<meta name=\"twitter:site\" content=\"@CanalULL\" \/>\n<meta name=\"twitter:label1\" content=\"Escrito por\" \/>\n\t<meta name=\"twitter:data1\" content=\"gaprsa\" \/>\n\t<meta name=\"twitter:label2\" content=\"Tiempo de lectura\" \/>\n\t<meta name=\"twitter:data2\" content=\"4 minutos\" \/>\n<script type=\"application\/ld+json\" class=\"yoast-schema-graph\">{\"@context\":\"https:\/\/schema.org\",\"@graph\":[{\"@type\":\"WebPage\",\"@id\":\"https:\/\/www.ull.es\/portal\/noticias\/2026\/la-universidad-de-la-laguna-trae-a-canarias-la-historia-y-el-legado-de-marie-curie\/\",\"url\":\"https:\/\/www.ull.es\/portal\/noticias\/2026\/la-universidad-de-la-laguna-trae-a-canarias-la-historia-y-el-legado-de-marie-curie\/\",\"name\":\"La Universidad de La Laguna trae a Canarias la historia y el legado de Marie Curie - ULL - Noticias\",\"isPartOf\":{\"@id\":\"https:\/\/www.ull.es\/portal\/noticias\/#website\"},\"datePublished\":\"2026-01-29T14:16:20+00:00\",\"dateModified\":\"2026-01-29T14:16:20+00:00\",\"author\":{\"@id\":\"https:\/\/www.ull.es\/portal\/noticias\/#\/schema\/person\/b2b1a89d43ffa609e591f7df8ef3e817\"},\"breadcrumb\":{\"@id\":\"https:\/\/www.ull.es\/portal\/noticias\/2026\/la-universidad-de-la-laguna-trae-a-canarias-la-historia-y-el-legado-de-marie-curie\/#breadcrumb\"},\"inLanguage\":\"es\",\"potentialAction\":[{\"@type\":\"ReadAction\",\"target\":[\"https:\/\/www.ull.es\/portal\/noticias\/2026\/la-universidad-de-la-laguna-trae-a-canarias-la-historia-y-el-legado-de-marie-curie\/\"]}]},{\"@type\":\"BreadcrumbList\",\"@id\":\"https:\/\/www.ull.es\/portal\/noticias\/2026\/la-universidad-de-la-laguna-trae-a-canarias-la-historia-y-el-legado-de-marie-curie\/#breadcrumb\",\"itemListElement\":[{\"@type\":\"ListItem\",\"position\":1,\"name\":\"Portada\",\"item\":\"https:\/\/www.ull.es\/portal\/noticias\/\"},{\"@type\":\"ListItem\",\"position\":2,\"name\":\"La Universidad de La Laguna trae a Canarias la historia y el legado de Marie Curie\"}]},{\"@type\":\"WebSite\",\"@id\":\"https:\/\/www.ull.es\/portal\/noticias\/#website\",\"url\":\"https:\/\/www.ull.es\/portal\/noticias\/\",\"name\":\"ULL - Noticias\",\"description\":\"\",\"potentialAction\":[{\"@type\":\"SearchAction\",\"target\":{\"@type\":\"EntryPoint\",\"urlTemplate\":\"https:\/\/www.ull.es\/portal\/noticias\/?s={search_term_string}\"},\"query-input\":\"required name=search_term_string\"}],\"inLanguage\":\"es\"},{\"@type\":\"Person\",\"@id\":\"https:\/\/www.ull.es\/portal\/noticias\/#\/schema\/person\/b2b1a89d43ffa609e591f7df8ef3e817\",\"name\":\"gaprsa\",\"image\":{\"@type\":\"ImageObject\",\"inLanguage\":\"es\",\"@id\":\"https:\/\/www.ull.es\/portal\/noticias\/#\/schema\/person\/image\/\",\"url\":\"https:\/\/secure.gravatar.com\/avatar\/443820550921091458b4823867723b3d?s=96&d=mm&r=g\",\"contentUrl\":\"https:\/\/secure.gravatar.com\/avatar\/443820550921091458b4823867723b3d?s=96&d=mm&r=g\",\"caption\":\"gaprsa\"},\"url\":\"https:\/\/www.ull.es\/portal\/noticias\/author\/gaprsa\/\"}]}<\/script>\n<!-- \/ Yoast SEO plugin. -->","yoast_head_json":{"title":"La Universidad de La Laguna trae a Canarias la historia y el legado de Marie Curie - ULL - Noticias","robots":{"index":"index","follow":"follow","max-snippet":"max-snippet:-1","max-image-preview":"max-image-preview:large","max-video-preview":"max-video-preview:-1"},"canonical":"https:\/\/www.ull.es\/portal\/noticias\/2026\/la-universidad-de-la-laguna-trae-a-canarias-la-historia-y-el-legado-de-marie-curie\/","og_locale":"es_ES","og_type":"article","og_title":"La Universidad de La Laguna trae a Canarias la historia y el legado de Marie Curie - ULL - Noticias","og_description":"El antiguo Convento de Santo Domingo Guzm\u00e1n acogi\u00f3 hoy 29 de enero la inauguraci\u00f3n de la exposici\u00f3n divulgativa Mar\u00eda Sk\u0142odowska-Curie....","og_url":"https:\/\/www.ull.es\/portal\/noticias\/2026\/la-universidad-de-la-laguna-trae-a-canarias-la-historia-y-el-legado-de-marie-curie\/","og_site_name":"ULL - Noticias","article_publisher":"https:\/\/www.facebook.com\/universidaddelalaguna\/","article_published_time":"2026-01-29T14:16:20+00:00","og_image":[{"width":1200,"height":800,"url":"https:\/\/www.ull.es\/portal\/noticias\/wp-content\/uploads\/sites\/13\/2026\/01\/Expo-Marie-Curie-04.jpg","type":"image\/jpeg"}],"author":"gaprsa","twitter_card":"summary_large_image","twitter_creator":"@CanalULL","twitter_site":"@CanalULL","twitter_misc":{"Escrito por":"gaprsa","Tiempo de lectura":"4 minutos"},"schema":{"@context":"https:\/\/schema.org","@graph":[{"@type":"WebPage","@id":"https:\/\/www.ull.es\/portal\/noticias\/2026\/la-universidad-de-la-laguna-trae-a-canarias-la-historia-y-el-legado-de-marie-curie\/","url":"https:\/\/www.ull.es\/portal\/noticias\/2026\/la-universidad-de-la-laguna-trae-a-canarias-la-historia-y-el-legado-de-marie-curie\/","name":"La Universidad de La Laguna trae a Canarias la historia y el legado de Marie Curie - ULL - Noticias","isPartOf":{"@id":"https:\/\/www.ull.es\/portal\/noticias\/#website"},"datePublished":"2026-01-29T14:16:20+00:00","dateModified":"2026-01-29T14:16:20+00:00","author":{"@id":"https:\/\/www.ull.es\/portal\/noticias\/#\/schema\/person\/b2b1a89d43ffa609e591f7df8ef3e817"},"breadcrumb":{"@id":"https:\/\/www.ull.es\/portal\/noticias\/2026\/la-universidad-de-la-laguna-trae-a-canarias-la-historia-y-el-legado-de-marie-curie\/#breadcrumb"},"inLanguage":"es","potentialAction":[{"@type":"ReadAction","target":["https:\/\/www.ull.es\/portal\/noticias\/2026\/la-universidad-de-la-laguna-trae-a-canarias-la-historia-y-el-legado-de-marie-curie\/"]}]},{"@type":"BreadcrumbList","@id":"https:\/\/www.ull.es\/portal\/noticias\/2026\/la-universidad-de-la-laguna-trae-a-canarias-la-historia-y-el-legado-de-marie-curie\/#breadcrumb","itemListElement":[{"@type":"ListItem","position":1,"name":"Portada","item":"https:\/\/www.ull.es\/portal\/noticias\/"},{"@type":"ListItem","position":2,"name":"La Universidad de La Laguna trae a Canarias la historia y el legado de Marie Curie"}]},{"@type":"WebSite","@id":"https:\/\/www.ull.es\/portal\/noticias\/#website","url":"https:\/\/www.ull.es\/portal\/noticias\/","name":"ULL - Noticias","description":"","potentialAction":[{"@type":"SearchAction","target":{"@type":"EntryPoint","urlTemplate":"https:\/\/www.ull.es\/portal\/noticias\/?s={search_term_string}"},"query-input":"required name=search_term_string"}],"inLanguage":"es"},{"@type":"Person","@id":"https:\/\/www.ull.es\/portal\/noticias\/#\/schema\/person\/b2b1a89d43ffa609e591f7df8ef3e817","name":"gaprsa","image":{"@type":"ImageObject","inLanguage":"es","@id":"https:\/\/www.ull.es\/portal\/noticias\/#\/schema\/person\/image\/","url":"https:\/\/secure.gravatar.com\/avatar\/443820550921091458b4823867723b3d?s=96&d=mm&r=g","contentUrl":"https:\/\/secure.gravatar.com\/avatar\/443820550921091458b4823867723b3d?s=96&d=mm&r=g","caption":"gaprsa"},"url":"https:\/\/www.ull.es\/portal\/noticias\/author\/gaprsa\/"}]}},"primary_category":{"id":345,"name":"Destacado","slug":"destacado","link":"https:\/\/www.ull.es\/portal\/noticias\/category\/destacado\/"},"featured_image_thumbnail_url":"https:\/\/www.ull.es\/portal\/noticias\/wp-content\/uploads\/sites\/13\/2026\/01\/Expo-Marie-Curie-04-300x200.jpg","_links":{"self":[{"href":"https:\/\/www.ull.es\/portal\/noticias\/wp-json\/wp\/v2\/posts\/86756"}],"collection":[{"href":"https:\/\/www.ull.es\/portal\/noticias\/wp-json\/wp\/v2\/posts"}],"about":[{"href":"https:\/\/www.ull.es\/portal\/noticias\/wp-json\/wp\/v2\/types\/post"}],"author":[{"embeddable":true,"href":"https:\/\/www.ull.es\/portal\/noticias\/wp-json\/wp\/v2\/users\/23"}],"replies":[{"embeddable":true,"href":"https:\/\/www.ull.es\/portal\/noticias\/wp-json\/wp\/v2\/comments?post=86756"}],"version-history":[{"count":1,"href":"https:\/\/www.ull.es\/portal\/noticias\/wp-json\/wp\/v2\/posts\/86756\/revisions"}],"predecessor-version":[{"id":86762,"href":"https:\/\/www.ull.es\/portal\/noticias\/wp-json\/wp\/v2\/posts\/86756\/revisions\/86762"}],"wp:featuredmedia":[{"embeddable":true,"href":"https:\/\/www.ull.es\/portal\/noticias\/wp-json\/wp\/v2\/media\/86758"}],"wp:attachment":[{"href":"https:\/\/www.ull.es\/portal\/noticias\/wp-json\/wp\/v2\/media?parent=86756"}],"wp:term":[{"taxonomy":"category","embeddable":true,"href":"https:\/\/www.ull.es\/portal\/noticias\/wp-json\/wp\/v2\/categories?post=86756"},{"taxonomy":"post_tag","embeddable":true,"href":"https:\/\/www.ull.es\/portal\/noticias\/wp-json\/wp\/v2\/tags?post=86756"}],"curies":[{"name":"wp","href":"https:\/\/api.w.org\/{rel}","templated":true}]}}