{"id":86775,"date":"2026-01-30T11:09:38","date_gmt":"2026-01-30T11:09:38","guid":{"rendered":"https:\/\/www.ull.es\/portal\/noticias\/?p=86775"},"modified":"2026-01-30T11:09:38","modified_gmt":"2026-01-30T11:09:38","slug":"obiten-clausura-exposicion-25-aniversario","status":"publish","type":"post","link":"https:\/\/www.ull.es\/portal\/noticias\/2026\/obiten-clausura-exposicion-25-aniversario\/","title":{"rendered":"OBITen clausura su exposici\u00f3n del 25 aniversario con m\u00e1s de 500 visitas y un calendario de itinerancia"},"content":{"rendered":"<p>El rector de la Universidad de La Laguna, Francisco Garc\u00eda Rodr\u00edguez, y la consejera delegada de Comercio y Apoyo a la Empresa del Cabildo de Tenerife, Krysten Mart\u00edn Hern\u00e1ndez, clausuraron ayer, jueves 29 de enero, la muestra sobre la actividad durante los \u00faltimos 25 a\u00f1os el <a href=\"https:\/\/obiten.com\/\" target=\"_blank\" rel=\"noopener\">Observatorio de la Inmigraci\u00f3n de Tenerife<\/a> que ha estado expuesta en la Biblioteca General y de Humanidades del Campus de Guajara desde el pasado 11 de diciembre. Ambos destacaron la importante afluencia registrada, superior al medio millar de personas, durante los 29 d\u00edas que ha estado abierta en uno de los lugares m\u00e1s emblem\u00e1ticos del centro acad\u00e9mico.<\/p>\n<p>El director del observatorio y profesor de geograf\u00eda de esta Universidad, <a href=\"https:\/\/portalciencia.ull.es\/investigadores\/81889\/detalle\" target=\"_blank\" rel=\"noopener\" target=\"_blank\" rel=\"noopener\">Vicente Zapata Hern\u00e1ndez<\/a>, hizo una semblanza de las actividades realizadas y sus resultados, subrayando el inter\u00e9s suscitado por la exposici\u00f3n y el amplio n\u00famero de personas que la han visitado, tanto de forma individual como colectiva, en algunos casos representando a instituciones como el Gobierno de Canarias, algunos ayuntamientos tinerfe\u00f1os, organizaciones como Casa \u00c1frica, CEAR Canarias, C\u00e1tedra Juan Miguel Sanju\u00e1n, ACCEM y Fundaci\u00f3n El Buen Samaritano, entre otras. Tambi\u00e9n su repercusi\u00f3n en los medios de comunicaci\u00f3n y su utilidad para el trabajo acad\u00e9mico, representado en la actividad de alumnado de secundaria, grado y m\u00e1ster.<\/p>\n<p>El rector, Francisco Garc\u00eda Rodr\u00edguez, destac\u00f3 la importancia de abordar en el presente y con rigor asuntos como las migraciones internacionales, sobre todo tras la deriva de muchos pa\u00edses hacia posiciones restrictivas e intransigentes hacia las poblaciones migradas. Asimismo, reconoci\u00f3 el valor de mantener la exposici\u00f3n m\u00e1s de un mes abierta promoviendo sobre todo la visita de personas j\u00f3venes, una parte de las cuales es alumnado universitario de grado y posgrado, para que puedan aproximarse con criterio \u201ca la comprensi\u00f3n de uno de los procesos sociales de car\u00e1cter global m\u00e1s universal, como es el caso de las movilidades humanas\u201d.<\/p>\n<div id=\"attachment_86777\" style=\"width: 210px\" class=\"wp-caption alignleft\"><a href=\"https:\/\/www.ull.es\/portal\/noticias\/wp-content\/uploads\/sites\/13\/2026\/01\/clausura-expo-obiten-02.jpg\" target=\"_blank\" rel=\"noopener\" target=\"_blank\" rel=\"noopener\"><img aria-describedby=\"caption-attachment-86777\" decoding=\"async\" loading=\"lazy\" class=\"wp-image-86777 size-medium\" src=\"https:\/\/www.ull.es\/portal\/noticias\/wp-content\/uploads\/sites\/13\/2026\/01\/clausura-expo-obiten-02-200x300.jpg\" alt=\"El rector, Francisco Garc\u00eda, y Paloma L\u00f3pez, durante la donaci\u00f3n de la obra\" width=\"200\" height=\"300\" srcset=\"https:\/\/www.ull.es\/portal\/noticias\/wp-content\/uploads\/sites\/13\/2026\/01\/clausura-expo-obiten-02-200x300.jpg 200w, https:\/\/www.ull.es\/portal\/noticias\/wp-content\/uploads\/sites\/13\/2026\/01\/clausura-expo-obiten-02-683x1024.jpg 683w, https:\/\/www.ull.es\/portal\/noticias\/wp-content\/uploads\/sites\/13\/2026\/01\/clausura-expo-obiten-02-768x1152.jpg 768w, https:\/\/www.ull.es\/portal\/noticias\/wp-content\/uploads\/sites\/13\/2026\/01\/clausura-expo-obiten-02-375x563.jpg 375w, https:\/\/www.ull.es\/portal\/noticias\/wp-content\/uploads\/sites\/13\/2026\/01\/clausura-expo-obiten-02-750x1125.jpg 750w, https:\/\/www.ull.es\/portal\/noticias\/wp-content\/uploads\/sites\/13\/2026\/01\/clausura-expo-obiten-02.jpg 800w\" sizes=\"(max-width: 200px) 100vw, 200px\" \/><\/a><p id=\"caption-attachment-86777\" class=\"wp-caption-text\">El rector, Francisco Garc\u00eda, y Paloma L\u00f3pez, durante la donaci\u00f3n de la obra.<\/p><\/div>\n<p>Durante el acto se llev\u00f3 a cabo la donaci\u00f3n a la Universidad de La Laguna del cuadro de gran formato \u201cAguas profundas\u201d, obra del artista tinerfe\u00f1o Alfonso Delgado, fallecido en 2019 y colaborador destacado del Observatorio, con quien llev\u00f3 a cabo la experiencia \u201cEl arte de la convivencia\u201d a trav\u00e9s de la que se reconoci\u00f3, entre 2006 y 2019, a distintas personas que han contribuido de manera diversa y destacada a la convivencia intercultural en la isla de Tenerife.<\/p>\n<p>El cuadro fue entregado por Paloma L\u00f3pez Reillo, viuda de Delgado, antigua profesora de la propia universidad e integrante del plantel cient\u00edfico del observatorio durante a\u00f1os. Seg\u00fan L\u00f3pez Reillo, \u201cfue precisamente ese empe\u00f1o de OBITen en transformar la convivencia lo que anim\u00f3 a Alfonso a comprometerse plenamente con su proyecto\u201d, recogiendo la exposici\u00f3n una parte significativa de su obra escult\u00f3rica m\u00e1s reciente.<\/p>\n<p>La directora de la Biblioteca, Soledad Jacabe Mart\u00ednez, tambi\u00e9n intervino para resaltar el valor de la exposici\u00f3n, su inter\u00e9s a partir de las muchas visitas registradas, adem\u00e1s de la vocaci\u00f3n de la Biblioteca Universitaria de continuar abri\u00e9ndose a la realizaci\u00f3n de actividades que dinamicen sus instalaciones. Asimismo, anunci\u00f3 la promoci\u00f3n de un premio de investigaci\u00f3n ligado a la realizaci\u00f3n de Trabajos de Fin de Grado cuya tem\u00e1tica inicial se orientar\u00e1 a las migraciones internacionales y sus m\u00faltiples implicaciones en todas las ciencias del conocimiento. Todas las personas intervinientes reconocieron las bondades de la Biblioteca y el trabajo de su personal para organizar con criterio este tipo de exposiciones.<\/p>\n<p><a href=\"https:\/\/www.ull.es\/portal\/noticias\/wp-content\/uploads\/sites\/13\/2026\/01\/clausura-expo-obiten-03.jpg\" target=\"_blank\" rel=\"noopener\" target=\"_blank\" rel=\"noopener\"><img decoding=\"async\" loading=\"lazy\" class=\"alignright wp-image-86778 size-medium\" src=\"https:\/\/www.ull.es\/portal\/noticias\/wp-content\/uploads\/sites\/13\/2026\/01\/clausura-expo-obiten-03-300x200.jpg\" alt=\"Foto de grupo exposici\u00f3n OBITen\" width=\"300\" height=\"200\" srcset=\"https:\/\/www.ull.es\/portal\/noticias\/wp-content\/uploads\/sites\/13\/2026\/01\/clausura-expo-obiten-03-300x200.jpg 300w, https:\/\/www.ull.es\/portal\/noticias\/wp-content\/uploads\/sites\/13\/2026\/01\/clausura-expo-obiten-03-1024x683.jpg 1024w, https:\/\/www.ull.es\/portal\/noticias\/wp-content\/uploads\/sites\/13\/2026\/01\/clausura-expo-obiten-03-768x512.jpg 768w, https:\/\/www.ull.es\/portal\/noticias\/wp-content\/uploads\/sites\/13\/2026\/01\/clausura-expo-obiten-03-375x250.jpg 375w, https:\/\/www.ull.es\/portal\/noticias\/wp-content\/uploads\/sites\/13\/2026\/01\/clausura-expo-obiten-03-750x500.jpg 750w, https:\/\/www.ull.es\/portal\/noticias\/wp-content\/uploads\/sites\/13\/2026\/01\/clausura-expo-obiten-03-1140x760.jpg 1140w, https:\/\/www.ull.es\/portal\/noticias\/wp-content\/uploads\/sites\/13\/2026\/01\/clausura-expo-obiten-03.jpg 1200w\" sizes=\"(max-width: 300px) 100vw, 300px\" \/><\/a>Por su parte, la consejera del Cabildo de Tenerife, Krysten Mart\u00edn Hern\u00e1ndez, valor\u00f3 de manera muy positiva el esfuerzo realizado por todas las personas vinculadas con la exposici\u00f3n, adelantando que su pr\u00f3xima parada ser\u00e1 durante el mes de mayo tambi\u00e9n en la Biblioteca de la Universidad de Las Palmas de Gran Canaria, previa a su m\u00e1s que posible itinerancia por la isla \u2014dado que ya existen municipios interesados en su exhibici\u00f3n\u2014 para lo que se valorar\u00e1 adaptar su actual configuraci\u00f3n. Mart\u00edn resalt\u00f3 su valor pedag\u00f3gico y el n\u00famero de visitas alcanzado, \u201clo que subraya el inter\u00e9s creciente en relaci\u00f3n con un fen\u00f3meno social crucial para el conjunto del archipi\u00e9lago y la isla de Tenerife en particular\u201d.<\/p>\n<p>OBITen es uno de los pocos observatorios de las migraciones internacionales actualmente activos en Espa\u00f1a, reconocido recientemente por el Consejo de Europa como <a href=\"https:\/\/www.coe.int\/en\/web\/interculturalcities\/-\/obiten\" target=\"_blank\" rel=\"noopener\" target=\"_blank\" rel=\"noopener\">buena pr\u00e1ctica<\/a> en el marco de su programa Intercultural Cities, por responder a un modelo de colaboraci\u00f3n fruct\u00edfera y dilatado en el tiempo entre dos organizaciones p\u00fablicas, en este caso, la Universidad de La Laguna y el Cabildo de Tenerife. El Observatorio es asimismo el nexo de la isla con la <a href=\"https:\/\/www.ciudadesinterculturales.com\/\" target=\"_blank\" rel=\"noopener\" target=\"_blank\" rel=\"noopener\">Red Espa\u00f1ola de Ciudades Interculturales<\/a> y tiene la responsabilidad de coordinar la evaluaci\u00f3n peri\u00f3dica de Tenerife el marco del \u00cdndice de Ciudad Intercultural (ICC), cuyos m\u00e1s recientes y favorables resultados fueron presentados recientemente.<\/p>\n","protected":false},"excerpt":{"rendered":"<p>El rector de la Universidad de La Laguna, Francisco Garc\u00eda Rodr\u00edguez, y la consejera delegada de Comercio y Apoyo a&#8230;<\/p>\n","protected":false},"author":21,"featured_media":86776,"comment_status":"closed","ping_status":"closed","sticky":false,"template":"","format":"standard","meta":{"inline_featured_image":false,"footnotes":""},"categories":[4534,345,348,2753,2755,2754,2765],"tags":[1201,1990,1998,2038,2604],"acf":[],"yoast_head":"<!-- This site is optimized with the Yoast SEO plugin v21.3 - https:\/\/yoast.com\/wordpress\/plugins\/seo\/ -->\n<title>OBITen clausura su exposici\u00f3n del 25 aniversario<\/title>\n<meta name=\"description\" content=\"M\u00e1s de 500 persoas han visitado en un mes esta muestra que est\u00e1 previsto que sea itinerante y recale el pr\u00f3ximo mayo en la ULPGC.\" \/>\n<meta name=\"robots\" content=\"index, follow, max-snippet:-1, max-image-preview:large, max-video-preview:-1\" \/>\n<link rel=\"canonical\" href=\"https:\/\/www.ull.es\/portal\/noticias\/2026\/obiten-clausura-exposicion-25-aniversario\/\" \/>\n<meta property=\"og:locale\" content=\"es_ES\" \/>\n<meta property=\"og:type\" content=\"article\" \/>\n<meta property=\"og:title\" content=\"OBITen clausura su exposici\u00f3n del 25 aniversario\" \/>\n<meta property=\"og:description\" content=\"M\u00e1s de 500 persoas han visitado en un mes esta muestra que est\u00e1 previsto que sea itinerante y recale el pr\u00f3ximo mayo en la ULPGC.\" \/>\n<meta property=\"og:url\" content=\"https:\/\/www.ull.es\/portal\/noticias\/2026\/obiten-clausura-exposicion-25-aniversario\/\" \/>\n<meta property=\"og:site_name\" content=\"ULL - Noticias\" \/>\n<meta property=\"article:publisher\" content=\"https:\/\/www.facebook.com\/universidaddelalaguna\/\" \/>\n<meta property=\"article:published_time\" content=\"2026-01-30T11:09:38+00:00\" \/>\n<meta property=\"og:image\" content=\"https:\/\/www.ull.es\/portal\/noticias\/wp-content\/uploads\/sites\/13\/2026\/01\/clausura-expo-obiten-01.jpg\" \/>\n\t<meta property=\"og:image:width\" content=\"1200\" \/>\n\t<meta property=\"og:image:height\" content=\"800\" \/>\n\t<meta property=\"og:image:type\" content=\"image\/jpeg\" \/>\n<meta name=\"author\" content=\"prensa2\" \/>\n<meta name=\"twitter:card\" content=\"summary_large_image\" \/>\n<meta name=\"twitter:creator\" content=\"@CanalULL\" \/>\n<meta name=\"twitter:site\" content=\"@CanalULL\" \/>\n<meta name=\"twitter:label1\" content=\"Escrito por\" \/>\n\t<meta name=\"twitter:data1\" content=\"prensa2\" \/>\n\t<meta name=\"twitter:label2\" content=\"Tiempo de lectura\" \/>\n\t<meta name=\"twitter:data2\" content=\"5 minutos\" \/>\n<script type=\"application\/ld+json\" class=\"yoast-schema-graph\">{\"@context\":\"https:\/\/schema.org\",\"@graph\":[{\"@type\":\"WebPage\",\"@id\":\"https:\/\/www.ull.es\/portal\/noticias\/2026\/obiten-clausura-exposicion-25-aniversario\/\",\"url\":\"https:\/\/www.ull.es\/portal\/noticias\/2026\/obiten-clausura-exposicion-25-aniversario\/\",\"name\":\"OBITen clausura su exposici\u00f3n del 25 aniversario\",\"isPartOf\":{\"@id\":\"https:\/\/www.ull.es\/portal\/noticias\/#website\"},\"datePublished\":\"2026-01-30T11:09:38+00:00\",\"dateModified\":\"2026-01-30T11:09:38+00:00\",\"author\":{\"@id\":\"https:\/\/www.ull.es\/portal\/noticias\/#\/schema\/person\/c3b2aa857797592927a03740d6664376\"},\"description\":\"M\u00e1s de 500 persoas han visitado en un mes esta muestra que est\u00e1 previsto que sea itinerante y recale el pr\u00f3ximo mayo en la ULPGC.\",\"breadcrumb\":{\"@id\":\"https:\/\/www.ull.es\/portal\/noticias\/2026\/obiten-clausura-exposicion-25-aniversario\/#breadcrumb\"},\"inLanguage\":\"es\",\"potentialAction\":[{\"@type\":\"ReadAction\",\"target\":[\"https:\/\/www.ull.es\/portal\/noticias\/2026\/obiten-clausura-exposicion-25-aniversario\/\"]}]},{\"@type\":\"BreadcrumbList\",\"@id\":\"https:\/\/www.ull.es\/portal\/noticias\/2026\/obiten-clausura-exposicion-25-aniversario\/#breadcrumb\",\"itemListElement\":[{\"@type\":\"ListItem\",\"position\":1,\"name\":\"Portada\",\"item\":\"https:\/\/www.ull.es\/portal\/noticias\/\"},{\"@type\":\"ListItem\",\"position\":2,\"name\":\"OBITen clausura su exposici\u00f3n del 25 aniversario con m\u00e1s de 500 visitas y un calendario de itinerancia\"}]},{\"@type\":\"WebSite\",\"@id\":\"https:\/\/www.ull.es\/portal\/noticias\/#website\",\"url\":\"https:\/\/www.ull.es\/portal\/noticias\/\",\"name\":\"ULL - Noticias\",\"description\":\"\",\"potentialAction\":[{\"@type\":\"SearchAction\",\"target\":{\"@type\":\"EntryPoint\",\"urlTemplate\":\"https:\/\/www.ull.es\/portal\/noticias\/?s={search_term_string}\"},\"query-input\":\"required name=search_term_string\"}],\"inLanguage\":\"es\"},{\"@type\":\"Person\",\"@id\":\"https:\/\/www.ull.es\/portal\/noticias\/#\/schema\/person\/c3b2aa857797592927a03740d6664376\",\"name\":\"prensa2\",\"image\":{\"@type\":\"ImageObject\",\"inLanguage\":\"es\",\"@id\":\"https:\/\/www.ull.es\/portal\/noticias\/#\/schema\/person\/image\/\",\"url\":\"https:\/\/secure.gravatar.com\/avatar\/b58f310a5de5feb33d1e026d2493f23c?s=96&d=mm&r=g\",\"contentUrl\":\"https:\/\/secure.gravatar.com\/avatar\/b58f310a5de5feb33d1e026d2493f23c?s=96&d=mm&r=g\",\"caption\":\"prensa2\"},\"url\":\"https:\/\/www.ull.es\/portal\/noticias\/author\/prensa2\/\"}]}<\/script>\n<!-- \/ Yoast SEO plugin. -->","yoast_head_json":{"title":"OBITen clausura su exposici\u00f3n del 25 aniversario","description":"M\u00e1s de 500 persoas han visitado en un mes esta muestra que est\u00e1 previsto que sea itinerante y recale el pr\u00f3ximo mayo en la ULPGC.","robots":{"index":"index","follow":"follow","max-snippet":"max-snippet:-1","max-image-preview":"max-image-preview:large","max-video-preview":"max-video-preview:-1"},"canonical":"https:\/\/www.ull.es\/portal\/noticias\/2026\/obiten-clausura-exposicion-25-aniversario\/","og_locale":"es_ES","og_type":"article","og_title":"OBITen clausura su exposici\u00f3n del 25 aniversario","og_description":"M\u00e1s de 500 persoas han visitado en un mes esta muestra que est\u00e1 previsto que sea itinerante y recale el pr\u00f3ximo mayo en la ULPGC.","og_url":"https:\/\/www.ull.es\/portal\/noticias\/2026\/obiten-clausura-exposicion-25-aniversario\/","og_site_name":"ULL - Noticias","article_publisher":"https:\/\/www.facebook.com\/universidaddelalaguna\/","article_published_time":"2026-01-30T11:09:38+00:00","og_image":[{"width":1200,"height":800,"url":"https:\/\/www.ull.es\/portal\/noticias\/wp-content\/uploads\/sites\/13\/2026\/01\/clausura-expo-obiten-01.jpg","type":"image\/jpeg"}],"author":"prensa2","twitter_card":"summary_large_image","twitter_creator":"@CanalULL","twitter_site":"@CanalULL","twitter_misc":{"Escrito por":"prensa2","Tiempo de lectura":"5 minutos"},"schema":{"@context":"https:\/\/schema.org","@graph":[{"@type":"WebPage","@id":"https:\/\/www.ull.es\/portal\/noticias\/2026\/obiten-clausura-exposicion-25-aniversario\/","url":"https:\/\/www.ull.es\/portal\/noticias\/2026\/obiten-clausura-exposicion-25-aniversario\/","name":"OBITen clausura su exposici\u00f3n del 25 aniversario","isPartOf":{"@id":"https:\/\/www.ull.es\/portal\/noticias\/#website"},"datePublished":"2026-01-30T11:09:38+00:00","dateModified":"2026-01-30T11:09:38+00:00","author":{"@id":"https:\/\/www.ull.es\/portal\/noticias\/#\/schema\/person\/c3b2aa857797592927a03740d6664376"},"description":"M\u00e1s de 500 persoas han visitado en un mes esta muestra que est\u00e1 previsto que sea itinerante y recale el pr\u00f3ximo mayo en la ULPGC.","breadcrumb":{"@id":"https:\/\/www.ull.es\/portal\/noticias\/2026\/obiten-clausura-exposicion-25-aniversario\/#breadcrumb"},"inLanguage":"es","potentialAction":[{"@type":"ReadAction","target":["https:\/\/www.ull.es\/portal\/noticias\/2026\/obiten-clausura-exposicion-25-aniversario\/"]}]},{"@type":"BreadcrumbList","@id":"https:\/\/www.ull.es\/portal\/noticias\/2026\/obiten-clausura-exposicion-25-aniversario\/#breadcrumb","itemListElement":[{"@type":"ListItem","position":1,"name":"Portada","item":"https:\/\/www.ull.es\/portal\/noticias\/"},{"@type":"ListItem","position":2,"name":"OBITen clausura su exposici\u00f3n del 25 aniversario con m\u00e1s de 500 visitas y un calendario de itinerancia"}]},{"@type":"WebSite","@id":"https:\/\/www.ull.es\/portal\/noticias\/#website","url":"https:\/\/www.ull.es\/portal\/noticias\/","name":"ULL - Noticias","description":"","potentialAction":[{"@type":"SearchAction","target":{"@type":"EntryPoint","urlTemplate":"https:\/\/www.ull.es\/portal\/noticias\/?s={search_term_string}"},"query-input":"required name=search_term_string"}],"inLanguage":"es"},{"@type":"Person","@id":"https:\/\/www.ull.es\/portal\/noticias\/#\/schema\/person\/c3b2aa857797592927a03740d6664376","name":"prensa2","image":{"@type":"ImageObject","inLanguage":"es","@id":"https:\/\/www.ull.es\/portal\/noticias\/#\/schema\/person\/image\/","url":"https:\/\/secure.gravatar.com\/avatar\/b58f310a5de5feb33d1e026d2493f23c?s=96&d=mm&r=g","contentUrl":"https:\/\/secure.gravatar.com\/avatar\/b58f310a5de5feb33d1e026d2493f23c?s=96&d=mm&r=g","caption":"prensa2"},"url":"https:\/\/www.ull.es\/portal\/noticias\/author\/prensa2\/"}]}},"primary_category":{"id":345,"name":"Destacado","slug":"destacado","link":"https:\/\/www.ull.es\/portal\/noticias\/category\/destacado\/"},"featured_image_thumbnail_url":"https:\/\/www.ull.es\/portal\/noticias\/wp-content\/uploads\/sites\/13\/2026\/01\/clausura-expo-obiten-01-300x200.jpg","_links":{"self":[{"href":"https:\/\/www.ull.es\/portal\/noticias\/wp-json\/wp\/v2\/posts\/86775"}],"collection":[{"href":"https:\/\/www.ull.es\/portal\/noticias\/wp-json\/wp\/v2\/posts"}],"about":[{"href":"https:\/\/www.ull.es\/portal\/noticias\/wp-json\/wp\/v2\/types\/post"}],"author":[{"embeddable":true,"href":"https:\/\/www.ull.es\/portal\/noticias\/wp-json\/wp\/v2\/users\/21"}],"replies":[{"embeddable":true,"href":"https:\/\/www.ull.es\/portal\/noticias\/wp-json\/wp\/v2\/comments?post=86775"}],"version-history":[{"count":1,"href":"https:\/\/www.ull.es\/portal\/noticias\/wp-json\/wp\/v2\/posts\/86775\/revisions"}],"predecessor-version":[{"id":86779,"href":"https:\/\/www.ull.es\/portal\/noticias\/wp-json\/wp\/v2\/posts\/86775\/revisions\/86779"}],"wp:featuredmedia":[{"embeddable":true,"href":"https:\/\/www.ull.es\/portal\/noticias\/wp-json\/wp\/v2\/media\/86776"}],"wp:attachment":[{"href":"https:\/\/www.ull.es\/portal\/noticias\/wp-json\/wp\/v2\/media?parent=86775"}],"wp:term":[{"taxonomy":"category","embeddable":true,"href":"https:\/\/www.ull.es\/portal\/noticias\/wp-json\/wp\/v2\/categories?post=86775"},{"taxonomy":"post_tag","embeddable":true,"href":"https:\/\/www.ull.es\/portal\/noticias\/wp-json\/wp\/v2\/tags?post=86775"}],"curies":[{"name":"wp","href":"https:\/\/api.w.org\/{rel}","templated":true}]}}