{"id":86875,"date":"2026-02-06T09:27:34","date_gmt":"2026-02-06T09:27:34","guid":{"rendered":"https:\/\/www.ull.es\/portal\/noticias\/?p=86875"},"modified":"2026-02-06T09:32:51","modified_gmt":"2026-02-06T09:32:51","slug":"convocatorias-premios-institucionales-2026","status":"publish","type":"post","link":"https:\/\/www.ull.es\/portal\/noticias\/2026\/convocatorias-premios-institucionales-2026\/","title":{"rendered":"La ULL publica las convocatorias de los Premios Institucionales 2026"},"content":{"rendered":"<p>La Universidad de La Laguna ha abierto la <a href=\"https:\/\/www.ull.es\/institucionales-2026\/\" target=\"_blank\" rel=\"noopener\" target=\"_blank\" rel=\"noopener\">p\u00e1gina web<\/a> con las convocatorias de los premios que cada a\u00f1o destacan las buenas pr\u00e1cticas de la comunidad universitaria en diferentes \u00e1mbitos y que ser\u00e1n entregados en el Paraninfo durante la celebraci\u00f3n del D\u00eda Institucional el pr\u00f3ximo 11 de marzo.<\/p>\n<p>Se trata, concretamente, del XI Premio a la Internacionalizaci\u00f3n y Cooperaci\u00f3n; el XV Premio a la Innovaci\u00f3n y Transferencia Educativa; el XV Premio a las Mejores Pr\u00e1cticas en Administraci\u00f3n y Servicios; el XV Premio a la Investigaci\u00f3n en categor\u00eda Senior; el IV Premio a la Investigaci\u00f3n en categor\u00eda Junior; el III Premio al M\u00e9rito Acad\u00e9mico y el Premio al Mecenazgo 2026. Las solicitudes para concurrir en cada uno de ellos podr\u00e1n ser presentadas hasta el 25 de febrero.<\/p>\n<p>Salvo el Premio al Mecenazgo, que concede de manera directa el Rectorado a una persona o entidad que haya colaborado de manera destacada con la universidad, los cert\u00e1menes son de concurrencia competitiva, por lo que es necesario presentar una candidatura con la documentaci\u00f3n que especifican las bases espec\u00edficas de cada uno.<\/p>\n<p>El XI Premio a la Internacionalizaci\u00f3n y Cooperaci\u00f3n es de car\u00e1cter honor\u00edfico y est\u00e1 convocado por el vicerrectorado hom\u00f3nimo para destacar la labor de personas o entidades en activo cuya actividad contribuya de manera significativa en la internacionalizaci\u00f3n y la cooperaci\u00f3n de la Universidad de La Laguna en sus distintas vertientes y \u00e1mbitos. Entre otros requisitos, las bases solicitan un dossier que explique esa contribuci\u00f3n.<\/p>\n<p>El XV Premio a la Innovaci\u00f3n y Transferencia Educativa est\u00e1 convocado por el Vicerrectorado de Docencia y constar\u00e1 de un primer clasificado y dos acc\u00e9sits, tambi\u00e9n consistentes en el reconocimiento p\u00fablico de pr\u00e1cticas docentes innovadoras y sostenibles en las que se fomente el aprendizaje a trav\u00e9s de metodolog\u00edas activas y la evaluaci\u00f3n continua y formativa.<\/p>\n<p>El XV Premio a las Mejores Pr\u00e1cticas en Administraci\u00f3n y Servicios est\u00e1 promovido desde la Gerencia y destacar\u00e1 experiencias en gesti\u00f3n y prestaci\u00f3n de servicios implantadas y documentadas, cuyos resultados redunden demostradamente en una mayor calidad del servicio p\u00fablico que presta la Universidad de La Laguna.<\/p>\n<p>El XV Premio a la Investigaci\u00f3n en categor\u00eda Senior y el IV en categor\u00eda Junior premian las trayectorias cient\u00edficas de personas que no hayan recibido anteriormente este galard\u00f3n y que, en el caso de la segunda categor\u00eda, no hayan cumplido 41 a\u00f1os en el a\u00f1o natural de la convocatoria. Este galard\u00f3n honor\u00edfico tendr\u00e1 en cuenta el curr\u00edculo investigador de los \u00faltimos diez a\u00f1os.<\/p>\n<p>Finalmente, el III Premio al M\u00e9rito Acad\u00e9mico consistir\u00e1 en un diploma acreditativo para las personas beneficiarias, ser\u00e1 designado de oficio por el Vicerrectorado de Estudiantes y recaer\u00e1 en quienes obtuvieron las mayores puntuaciones en los Premios de Excelencia de Grado y de M\u00e1ster durante el curso anterior a la convocatoria. Las bases establecen qu\u00e9 criterios se utilizar\u00e1n para dirimir los posibles casos de empate.<\/p>\n","protected":false},"excerpt":{"rendered":"<p>La Universidad de La Laguna ha abierto la p\u00e1gina web con las convocatorias de los premios que cada a\u00f1o destacan&#8230;<\/p>\n","protected":false},"author":21,"featured_media":81886,"comment_status":"closed","ping_status":"closed","sticky":false,"template":"","format":"standard","meta":{"inline_featured_image":false,"footnotes":""},"categories":[345,348,2752,2753,2755,2754,2765],"tags":[356,1031,2153],"acf":[],"yoast_head":"<!-- This site is optimized with the Yoast SEO plugin v21.3 - https:\/\/yoast.com\/wordpress\/plugins\/seo\/ -->\n<title>La ULL publica las convocatorias de sus Premios Institucionales<\/title>\n<meta name=\"description\" content=\"Podr\u00e1n presentarse candidaturas a estos cert\u00e1menes que destacan las buenas pr\u00e1cticas de la comunidad universitaria hasta el 25 de febrero.\" \/>\n<meta name=\"robots\" content=\"index, follow, max-snippet:-1, max-image-preview:large, max-video-preview:-1\" \/>\n<link rel=\"canonical\" href=\"https:\/\/www.ull.es\/portal\/noticias\/2026\/convocatorias-premios-institucionales-2026\/\" \/>\n<meta property=\"og:locale\" content=\"es_ES\" \/>\n<meta property=\"og:type\" content=\"article\" \/>\n<meta property=\"og:title\" content=\"La ULL publica las convocatorias de sus Premios Institucionales\" \/>\n<meta property=\"og:description\" content=\"Podr\u00e1n presentarse candidaturas a estos cert\u00e1menes que destacan las buenas pr\u00e1cticas de la comunidad universitaria hasta el 25 de febrero.\" \/>\n<meta property=\"og:url\" content=\"https:\/\/www.ull.es\/portal\/noticias\/2026\/convocatorias-premios-institucionales-2026\/\" \/>\n<meta property=\"og:site_name\" content=\"ULL - Noticias\" \/>\n<meta property=\"article:publisher\" content=\"https:\/\/www.facebook.com\/universidaddelalaguna\/\" \/>\n<meta property=\"article:published_time\" content=\"2026-02-06T09:27:34+00:00\" \/>\n<meta property=\"article:modified_time\" content=\"2026-02-06T09:32:51+00:00\" \/>\n<meta property=\"og:image\" content=\"https:\/\/www.ull.es\/portal\/noticias\/wp-content\/uploads\/sites\/13\/2025\/05\/Dia-ULL-2025-040.jpg\" \/>\n\t<meta property=\"og:image:width\" content=\"1200\" \/>\n\t<meta property=\"og:image:height\" content=\"800\" \/>\n\t<meta property=\"og:image:type\" content=\"image\/jpeg\" \/>\n<meta name=\"author\" content=\"prensa2\" \/>\n<meta name=\"twitter:card\" content=\"summary_large_image\" \/>\n<meta name=\"twitter:creator\" content=\"@CanalULL\" \/>\n<meta name=\"twitter:site\" content=\"@CanalULL\" \/>\n<meta name=\"twitter:label1\" content=\"Escrito por\" \/>\n\t<meta name=\"twitter:data1\" content=\"prensa2\" \/>\n\t<meta name=\"twitter:label2\" content=\"Tiempo de lectura\" \/>\n\t<meta name=\"twitter:data2\" content=\"3 minutos\" \/>\n<script type=\"application\/ld+json\" class=\"yoast-schema-graph\">{\"@context\":\"https:\/\/schema.org\",\"@graph\":[{\"@type\":\"WebPage\",\"@id\":\"https:\/\/www.ull.es\/portal\/noticias\/2026\/convocatorias-premios-institucionales-2026\/\",\"url\":\"https:\/\/www.ull.es\/portal\/noticias\/2026\/convocatorias-premios-institucionales-2026\/\",\"name\":\"La ULL publica las convocatorias de sus Premios Institucionales\",\"isPartOf\":{\"@id\":\"https:\/\/www.ull.es\/portal\/noticias\/#website\"},\"datePublished\":\"2026-02-06T09:27:34+00:00\",\"dateModified\":\"2026-02-06T09:32:51+00:00\",\"author\":{\"@id\":\"https:\/\/www.ull.es\/portal\/noticias\/#\/schema\/person\/c3b2aa857797592927a03740d6664376\"},\"description\":\"Podr\u00e1n presentarse candidaturas a estos cert\u00e1menes que destacan las buenas pr\u00e1cticas de la comunidad universitaria hasta el 25 de febrero.\",\"breadcrumb\":{\"@id\":\"https:\/\/www.ull.es\/portal\/noticias\/2026\/convocatorias-premios-institucionales-2026\/#breadcrumb\"},\"inLanguage\":\"es\",\"potentialAction\":[{\"@type\":\"ReadAction\",\"target\":[\"https:\/\/www.ull.es\/portal\/noticias\/2026\/convocatorias-premios-institucionales-2026\/\"]}]},{\"@type\":\"BreadcrumbList\",\"@id\":\"https:\/\/www.ull.es\/portal\/noticias\/2026\/convocatorias-premios-institucionales-2026\/#breadcrumb\",\"itemListElement\":[{\"@type\":\"ListItem\",\"position\":1,\"name\":\"Portada\",\"item\":\"https:\/\/www.ull.es\/portal\/noticias\/\"},{\"@type\":\"ListItem\",\"position\":2,\"name\":\"La ULL publica las convocatorias de los Premios Institucionales 2026\"}]},{\"@type\":\"WebSite\",\"@id\":\"https:\/\/www.ull.es\/portal\/noticias\/#website\",\"url\":\"https:\/\/www.ull.es\/portal\/noticias\/\",\"name\":\"ULL - Noticias\",\"description\":\"\",\"potentialAction\":[{\"@type\":\"SearchAction\",\"target\":{\"@type\":\"EntryPoint\",\"urlTemplate\":\"https:\/\/www.ull.es\/portal\/noticias\/?s={search_term_string}\"},\"query-input\":\"required name=search_term_string\"}],\"inLanguage\":\"es\"},{\"@type\":\"Person\",\"@id\":\"https:\/\/www.ull.es\/portal\/noticias\/#\/schema\/person\/c3b2aa857797592927a03740d6664376\",\"name\":\"prensa2\",\"image\":{\"@type\":\"ImageObject\",\"inLanguage\":\"es\",\"@id\":\"https:\/\/www.ull.es\/portal\/noticias\/#\/schema\/person\/image\/\",\"url\":\"https:\/\/secure.gravatar.com\/avatar\/b58f310a5de5feb33d1e026d2493f23c?s=96&d=mm&r=g\",\"contentUrl\":\"https:\/\/secure.gravatar.com\/avatar\/b58f310a5de5feb33d1e026d2493f23c?s=96&d=mm&r=g\",\"caption\":\"prensa2\"},\"url\":\"https:\/\/www.ull.es\/portal\/noticias\/author\/prensa2\/\"}]}<\/script>\n<!-- \/ Yoast SEO plugin. -->","yoast_head_json":{"title":"La ULL publica las convocatorias de sus Premios Institucionales","description":"Podr\u00e1n presentarse candidaturas a estos cert\u00e1menes que destacan las buenas pr\u00e1cticas de la comunidad universitaria hasta el 25 de febrero.","robots":{"index":"index","follow":"follow","max-snippet":"max-snippet:-1","max-image-preview":"max-image-preview:large","max-video-preview":"max-video-preview:-1"},"canonical":"https:\/\/www.ull.es\/portal\/noticias\/2026\/convocatorias-premios-institucionales-2026\/","og_locale":"es_ES","og_type":"article","og_title":"La ULL publica las convocatorias de sus Premios Institucionales","og_description":"Podr\u00e1n presentarse candidaturas a estos cert\u00e1menes que destacan las buenas pr\u00e1cticas de la comunidad universitaria hasta el 25 de febrero.","og_url":"https:\/\/www.ull.es\/portal\/noticias\/2026\/convocatorias-premios-institucionales-2026\/","og_site_name":"ULL - Noticias","article_publisher":"https:\/\/www.facebook.com\/universidaddelalaguna\/","article_published_time":"2026-02-06T09:27:34+00:00","article_modified_time":"2026-02-06T09:32:51+00:00","og_image":[{"width":1200,"height":800,"url":"https:\/\/www.ull.es\/portal\/noticias\/wp-content\/uploads\/sites\/13\/2025\/05\/Dia-ULL-2025-040.jpg","type":"image\/jpeg"}],"author":"prensa2","twitter_card":"summary_large_image","twitter_creator":"@CanalULL","twitter_site":"@CanalULL","twitter_misc":{"Escrito por":"prensa2","Tiempo de lectura":"3 minutos"},"schema":{"@context":"https:\/\/schema.org","@graph":[{"@type":"WebPage","@id":"https:\/\/www.ull.es\/portal\/noticias\/2026\/convocatorias-premios-institucionales-2026\/","url":"https:\/\/www.ull.es\/portal\/noticias\/2026\/convocatorias-premios-institucionales-2026\/","name":"La ULL publica las convocatorias de sus Premios Institucionales","isPartOf":{"@id":"https:\/\/www.ull.es\/portal\/noticias\/#website"},"datePublished":"2026-02-06T09:27:34+00:00","dateModified":"2026-02-06T09:32:51+00:00","author":{"@id":"https:\/\/www.ull.es\/portal\/noticias\/#\/schema\/person\/c3b2aa857797592927a03740d6664376"},"description":"Podr\u00e1n presentarse candidaturas a estos cert\u00e1menes que destacan las buenas pr\u00e1cticas de la comunidad universitaria hasta el 25 de febrero.","breadcrumb":{"@id":"https:\/\/www.ull.es\/portal\/noticias\/2026\/convocatorias-premios-institucionales-2026\/#breadcrumb"},"inLanguage":"es","potentialAction":[{"@type":"ReadAction","target":["https:\/\/www.ull.es\/portal\/noticias\/2026\/convocatorias-premios-institucionales-2026\/"]}]},{"@type":"BreadcrumbList","@id":"https:\/\/www.ull.es\/portal\/noticias\/2026\/convocatorias-premios-institucionales-2026\/#breadcrumb","itemListElement":[{"@type":"ListItem","position":1,"name":"Portada","item":"https:\/\/www.ull.es\/portal\/noticias\/"},{"@type":"ListItem","position":2,"name":"La ULL publica las convocatorias de los Premios Institucionales 2026"}]},{"@type":"WebSite","@id":"https:\/\/www.ull.es\/portal\/noticias\/#website","url":"https:\/\/www.ull.es\/portal\/noticias\/","name":"ULL - Noticias","description":"","potentialAction":[{"@type":"SearchAction","target":{"@type":"EntryPoint","urlTemplate":"https:\/\/www.ull.es\/portal\/noticias\/?s={search_term_string}"},"query-input":"required name=search_term_string"}],"inLanguage":"es"},{"@type":"Person","@id":"https:\/\/www.ull.es\/portal\/noticias\/#\/schema\/person\/c3b2aa857797592927a03740d6664376","name":"prensa2","image":{"@type":"ImageObject","inLanguage":"es","@id":"https:\/\/www.ull.es\/portal\/noticias\/#\/schema\/person\/image\/","url":"https:\/\/secure.gravatar.com\/avatar\/b58f310a5de5feb33d1e026d2493f23c?s=96&d=mm&r=g","contentUrl":"https:\/\/secure.gravatar.com\/avatar\/b58f310a5de5feb33d1e026d2493f23c?s=96&d=mm&r=g","caption":"prensa2"},"url":"https:\/\/www.ull.es\/portal\/noticias\/author\/prensa2\/"}]}},"primary_category":{"id":345,"name":"Destacado","slug":"destacado","link":"https:\/\/www.ull.es\/portal\/noticias\/category\/destacado\/"},"featured_image_thumbnail_url":"https:\/\/www.ull.es\/portal\/noticias\/wp-content\/uploads\/sites\/13\/2025\/05\/Dia-ULL-2025-040-300x200.jpg","_links":{"self":[{"href":"https:\/\/www.ull.es\/portal\/noticias\/wp-json\/wp\/v2\/posts\/86875"}],"collection":[{"href":"https:\/\/www.ull.es\/portal\/noticias\/wp-json\/wp\/v2\/posts"}],"about":[{"href":"https:\/\/www.ull.es\/portal\/noticias\/wp-json\/wp\/v2\/types\/post"}],"author":[{"embeddable":true,"href":"https:\/\/www.ull.es\/portal\/noticias\/wp-json\/wp\/v2\/users\/21"}],"replies":[{"embeddable":true,"href":"https:\/\/www.ull.es\/portal\/noticias\/wp-json\/wp\/v2\/comments?post=86875"}],"version-history":[{"count":3,"href":"https:\/\/www.ull.es\/portal\/noticias\/wp-json\/wp\/v2\/posts\/86875\/revisions"}],"predecessor-version":[{"id":86878,"href":"https:\/\/www.ull.es\/portal\/noticias\/wp-json\/wp\/v2\/posts\/86875\/revisions\/86878"}],"wp:featuredmedia":[{"embeddable":true,"href":"https:\/\/www.ull.es\/portal\/noticias\/wp-json\/wp\/v2\/media\/81886"}],"wp:attachment":[{"href":"https:\/\/www.ull.es\/portal\/noticias\/wp-json\/wp\/v2\/media?parent=86875"}],"wp:term":[{"taxonomy":"category","embeddable":true,"href":"https:\/\/www.ull.es\/portal\/noticias\/wp-json\/wp\/v2\/categories?post=86875"},{"taxonomy":"post_tag","embeddable":true,"href":"https:\/\/www.ull.es\/portal\/noticias\/wp-json\/wp\/v2\/tags?post=86875"}],"curies":[{"name":"wp","href":"https:\/\/api.w.org\/{rel}","templated":true}]}}