{"id":87035,"date":"2026-02-13T13:14:51","date_gmt":"2026-02-13T13:14:51","guid":{"rendered":"https:\/\/www.ull.es\/portal\/noticias\/?p=87035"},"modified":"2026-02-13T13:14:51","modified_gmt":"2026-02-13T13:14:51","slug":"la-universidad-de-la-laguna-participa-por-primera-vez-en-la-ronda-nacional-del-jessup-moot-court","status":"publish","type":"post","link":"https:\/\/www.ull.es\/portal\/noticias\/2026\/la-universidad-de-la-laguna-participa-por-primera-vez-en-la-ronda-nacional-del-jessup-moot-court\/","title":{"rendered":"La Universidad de La Laguna participa por primera vez en la ronda nacional del Jessup Moot Court"},"content":{"rendered":"<p>Seis estudiantes del Grado en Derecho de la Universidad de La Laguna participaron recientemente en la ronda nacional de la Philip C. Jessup International Law Moot Court Competition, que se celebr\u00f3 en Barcelona, una de las competiciones universitarias m\u00e1s prestigiosas del mundo y la m\u00e1s importante en el \u00e1mbito del Derecho Internacional.<\/p>\n<p>El equipo est\u00e1 formado por Alba Garc\u00eda Delgado, Daniel Rodr\u00edguez Gallart, Eduardo Nicol\u00e1s Marichal Mart\u00edn, Ernesto Ismael D\u00edaz Carballo, Lara Nathalie Chinea Dierks y Raymi Horst Luis Hummel, quienes representaron a la Facultad de Derecho frente a otras universidades de toda Espa\u00f1a.<\/p>\n<p>La preparaci\u00f3n del grupo ha sido posible gracias al trabajo desarrollado desde el pasado a\u00f1o por los profesores Lucas de Erice Aranda, Daniel Iglesias M\u00e1rquez y Guayas\u00e9n Marrero Gonz\u00e1lez, bajo la direcci\u00f3n de la profesora Ruth Martin\u00f3n Quintero, en el marco de un Proyecto de Innovaci\u00f3n y Transferencia Educativa. Este esfuerzo culmin\u00f3 con la participaci\u00f3n en una competici\u00f3n de muy alto nivel en la que nuestro equipo finaliz\u00f3 en el top 10 de la clasificaci\u00f3n general. Este resultado pone de manifiesto la dedicaci\u00f3n y el trabajo realizado por los y las estudiantes a lo largo de la preparaci\u00f3n y el desarrollo de la competici\u00f3n. Cabe destacar, adem\u00e1s, que el equipo obtuvo una posici\u00f3n especialmente relevante durante la fase escrita, alcanzando el quinto puesto en el ranking, lo que evidencia su capacidad para elaborar y defender argumentos jur\u00eddicos s\u00f3lidos en el \u00e1mbito del Derecho Internacional.<\/p>\n<p>La realizaci\u00f3n de esta actividad ha sido posible gracias al respaldo econ\u00f3mico proporcionado por diferentes organismos de la Universidad de La Laguna. En concreto, el Vicerrectorado de Docencia, la Facultad de Derecho y la asociaci\u00f3n ALUMNI ULL han contribuido con su financiaci\u00f3n, lo que ha permitido tanto la preparaci\u00f3n del equipo como su participaci\u00f3n en la ronda nacional de la Philip C. Jessup International Law Moot Court Competition.<\/p>\n<p>Desde la Facultad de Derecho, queremos expresar nuestra m\u00e1s sincera felicitaci\u00f3n al equipo que ha participado en la ronda nacional de la Philip C. Jessup International Law Moot Court Competition. La implicaci\u00f3n y el esfuerzo demostrados por los estudiantes en esta experiencia acad\u00e9mica de alto nivel refuerzan el compromiso de nuestra facultad con la excelencia y la formaci\u00f3n pr\u00e1ctica del estudiantado.<\/p>\n<p>La participaci\u00f3n en competiciones de prestigio internacional como el Jessup Moot Court representa una oportunidad \u00fanica para que nuestros alumnos apliquen y desarrollen sus conocimientos jur\u00eddicos en un entorno competitivo y realista.<\/p>\n<p>El \u00e9xito alcanzado por el equipo, tanto en la clasificaci\u00f3n general como en la fase escrita, es un reflejo del esfuerzo colectivo y la dedicaci\u00f3n constante durante todo el proceso de preparaci\u00f3n. En la Facultad de Derecho, seguiremos promoviendo y apoyando iniciativas que impulsen la excelencia y el desarrollo integral de nuestros estudiantes.<\/p>\n","protected":false},"excerpt":{"rendered":"<p>Seis estudiantes del Grado en Derecho de la Universidad de La Laguna participaron recientemente en la ronda nacional de la&#8230;<\/p>\n","protected":false},"author":65,"featured_media":87036,"comment_status":"closed","ping_status":"closed","sticky":false,"template":"","format":"standard","meta":{"inline_featured_image":false,"footnotes":""},"categories":[3799],"tags":[],"acf":[],"yoast_head":"<!-- This site is optimized with the Yoast SEO plugin v21.3 - https:\/\/yoast.com\/wordpress\/plugins\/seo\/ -->\n<title>La Universidad de La Laguna participa por primera vez en la ronda nacional del Jessup Moot Court - ULL - Noticias<\/title>\n<meta name=\"robots\" content=\"index, follow, max-snippet:-1, max-image-preview:large, max-video-preview:-1\" \/>\n<link rel=\"canonical\" href=\"https:\/\/www.ull.es\/portal\/noticias\/2026\/la-universidad-de-la-laguna-participa-por-primera-vez-en-la-ronda-nacional-del-jessup-moot-court\/\" \/>\n<meta property=\"og:locale\" content=\"es_ES\" \/>\n<meta property=\"og:type\" content=\"article\" \/>\n<meta property=\"og:title\" content=\"La Universidad de La Laguna participa por primera vez en la ronda nacional del Jessup Moot Court - ULL - Noticias\" \/>\n<meta property=\"og:description\" content=\"Seis estudiantes del Grado en Derecho de la Universidad de La Laguna participaron recientemente en la ronda nacional de la...\" \/>\n<meta property=\"og:url\" content=\"https:\/\/www.ull.es\/portal\/noticias\/2026\/la-universidad-de-la-laguna-participa-por-primera-vez-en-la-ronda-nacional-del-jessup-moot-court\/\" \/>\n<meta property=\"og:site_name\" content=\"ULL - Noticias\" \/>\n<meta property=\"article:publisher\" content=\"https:\/\/www.facebook.com\/universidaddelalaguna\/\" \/>\n<meta property=\"article:published_time\" content=\"2026-02-13T13:14:51+00:00\" \/>\n<meta property=\"og:image\" content=\"https:\/\/www.ull.es\/portal\/noticias\/wp-content\/uploads\/sites\/13\/2026\/02\/image3_edited.jpg\" \/>\n\t<meta property=\"og:image:width\" content=\"800\" \/>\n\t<meta property=\"og:image:height\" content=\"533\" \/>\n\t<meta property=\"og:image:type\" content=\"image\/jpeg\" \/>\n<meta name=\"author\" content=\"gcom4\" \/>\n<meta name=\"twitter:card\" content=\"summary_large_image\" \/>\n<meta name=\"twitter:creator\" content=\"@CanalULL\" \/>\n<meta name=\"twitter:site\" content=\"@CanalULL\" \/>\n<meta name=\"twitter:label1\" content=\"Escrito por\" \/>\n\t<meta name=\"twitter:data1\" content=\"gcom4\" \/>\n\t<meta name=\"twitter:label2\" content=\"Tiempo de lectura\" \/>\n\t<meta name=\"twitter:data2\" content=\"3 minutos\" \/>\n<script type=\"application\/ld+json\" class=\"yoast-schema-graph\">{\"@context\":\"https:\/\/schema.org\",\"@graph\":[{\"@type\":\"WebPage\",\"@id\":\"https:\/\/www.ull.es\/portal\/noticias\/2026\/la-universidad-de-la-laguna-participa-por-primera-vez-en-la-ronda-nacional-del-jessup-moot-court\/\",\"url\":\"https:\/\/www.ull.es\/portal\/noticias\/2026\/la-universidad-de-la-laguna-participa-por-primera-vez-en-la-ronda-nacional-del-jessup-moot-court\/\",\"name\":\"La Universidad de La Laguna participa por primera vez en la ronda nacional del Jessup Moot Court - ULL - Noticias\",\"isPartOf\":{\"@id\":\"https:\/\/www.ull.es\/portal\/noticias\/#website\"},\"datePublished\":\"2026-02-13T13:14:51+00:00\",\"dateModified\":\"2026-02-13T13:14:51+00:00\",\"author\":{\"@id\":\"https:\/\/www.ull.es\/portal\/noticias\/#\/schema\/person\/9924518fb1ad37d4428e7b5d6f311773\"},\"breadcrumb\":{\"@id\":\"https:\/\/www.ull.es\/portal\/noticias\/2026\/la-universidad-de-la-laguna-participa-por-primera-vez-en-la-ronda-nacional-del-jessup-moot-court\/#breadcrumb\"},\"inLanguage\":\"es\",\"potentialAction\":[{\"@type\":\"ReadAction\",\"target\":[\"https:\/\/www.ull.es\/portal\/noticias\/2026\/la-universidad-de-la-laguna-participa-por-primera-vez-en-la-ronda-nacional-del-jessup-moot-court\/\"]}]},{\"@type\":\"BreadcrumbList\",\"@id\":\"https:\/\/www.ull.es\/portal\/noticias\/2026\/la-universidad-de-la-laguna-participa-por-primera-vez-en-la-ronda-nacional-del-jessup-moot-court\/#breadcrumb\",\"itemListElement\":[{\"@type\":\"ListItem\",\"position\":1,\"name\":\"Portada\",\"item\":\"https:\/\/www.ull.es\/portal\/noticias\/\"},{\"@type\":\"ListItem\",\"position\":2,\"name\":\"La Universidad de La Laguna participa por primera vez en la ronda nacional del Jessup Moot Court\"}]},{\"@type\":\"WebSite\",\"@id\":\"https:\/\/www.ull.es\/portal\/noticias\/#website\",\"url\":\"https:\/\/www.ull.es\/portal\/noticias\/\",\"name\":\"ULL - Noticias\",\"description\":\"\",\"potentialAction\":[{\"@type\":\"SearchAction\",\"target\":{\"@type\":\"EntryPoint\",\"urlTemplate\":\"https:\/\/www.ull.es\/portal\/noticias\/?s={search_term_string}\"},\"query-input\":\"required name=search_term_string\"}],\"inLanguage\":\"es\"},{\"@type\":\"Person\",\"@id\":\"https:\/\/www.ull.es\/portal\/noticias\/#\/schema\/person\/9924518fb1ad37d4428e7b5d6f311773\",\"name\":\"gcom4\",\"image\":{\"@type\":\"ImageObject\",\"inLanguage\":\"es\",\"@id\":\"https:\/\/www.ull.es\/portal\/noticias\/#\/schema\/person\/image\/\",\"url\":\"https:\/\/secure.gravatar.com\/avatar\/a5d1f5573f10617ccfcc209aaf6aa7fb?s=96&d=mm&r=g\",\"contentUrl\":\"https:\/\/secure.gravatar.com\/avatar\/a5d1f5573f10617ccfcc209aaf6aa7fb?s=96&d=mm&r=g\",\"caption\":\"gcom4\"},\"url\":\"https:\/\/www.ull.es\/portal\/noticias\/author\/gcom4\/\"}]}<\/script>\n<!-- \/ Yoast SEO plugin. -->","yoast_head_json":{"title":"La Universidad de La Laguna participa por primera vez en la ronda nacional del Jessup Moot Court - ULL - Noticias","robots":{"index":"index","follow":"follow","max-snippet":"max-snippet:-1","max-image-preview":"max-image-preview:large","max-video-preview":"max-video-preview:-1"},"canonical":"https:\/\/www.ull.es\/portal\/noticias\/2026\/la-universidad-de-la-laguna-participa-por-primera-vez-en-la-ronda-nacional-del-jessup-moot-court\/","og_locale":"es_ES","og_type":"article","og_title":"La Universidad de La Laguna participa por primera vez en la ronda nacional del Jessup Moot Court - ULL - Noticias","og_description":"Seis estudiantes del Grado en Derecho de la Universidad de La Laguna participaron recientemente en la ronda nacional de la...","og_url":"https:\/\/www.ull.es\/portal\/noticias\/2026\/la-universidad-de-la-laguna-participa-por-primera-vez-en-la-ronda-nacional-del-jessup-moot-court\/","og_site_name":"ULL - Noticias","article_publisher":"https:\/\/www.facebook.com\/universidaddelalaguna\/","article_published_time":"2026-02-13T13:14:51+00:00","og_image":[{"width":800,"height":533,"url":"https:\/\/www.ull.es\/portal\/noticias\/wp-content\/uploads\/sites\/13\/2026\/02\/image3_edited.jpg","type":"image\/jpeg"}],"author":"gcom4","twitter_card":"summary_large_image","twitter_creator":"@CanalULL","twitter_site":"@CanalULL","twitter_misc":{"Escrito por":"gcom4","Tiempo de lectura":"3 minutos"},"schema":{"@context":"https:\/\/schema.org","@graph":[{"@type":"WebPage","@id":"https:\/\/www.ull.es\/portal\/noticias\/2026\/la-universidad-de-la-laguna-participa-por-primera-vez-en-la-ronda-nacional-del-jessup-moot-court\/","url":"https:\/\/www.ull.es\/portal\/noticias\/2026\/la-universidad-de-la-laguna-participa-por-primera-vez-en-la-ronda-nacional-del-jessup-moot-court\/","name":"La Universidad de La Laguna participa por primera vez en la ronda nacional del Jessup Moot Court - ULL - Noticias","isPartOf":{"@id":"https:\/\/www.ull.es\/portal\/noticias\/#website"},"datePublished":"2026-02-13T13:14:51+00:00","dateModified":"2026-02-13T13:14:51+00:00","author":{"@id":"https:\/\/www.ull.es\/portal\/noticias\/#\/schema\/person\/9924518fb1ad37d4428e7b5d6f311773"},"breadcrumb":{"@id":"https:\/\/www.ull.es\/portal\/noticias\/2026\/la-universidad-de-la-laguna-participa-por-primera-vez-en-la-ronda-nacional-del-jessup-moot-court\/#breadcrumb"},"inLanguage":"es","potentialAction":[{"@type":"ReadAction","target":["https:\/\/www.ull.es\/portal\/noticias\/2026\/la-universidad-de-la-laguna-participa-por-primera-vez-en-la-ronda-nacional-del-jessup-moot-court\/"]}]},{"@type":"BreadcrumbList","@id":"https:\/\/www.ull.es\/portal\/noticias\/2026\/la-universidad-de-la-laguna-participa-por-primera-vez-en-la-ronda-nacional-del-jessup-moot-court\/#breadcrumb","itemListElement":[{"@type":"ListItem","position":1,"name":"Portada","item":"https:\/\/www.ull.es\/portal\/noticias\/"},{"@type":"ListItem","position":2,"name":"La Universidad de La Laguna participa por primera vez en la ronda nacional del Jessup Moot Court"}]},{"@type":"WebSite","@id":"https:\/\/www.ull.es\/portal\/noticias\/#website","url":"https:\/\/www.ull.es\/portal\/noticias\/","name":"ULL - Noticias","description":"","potentialAction":[{"@type":"SearchAction","target":{"@type":"EntryPoint","urlTemplate":"https:\/\/www.ull.es\/portal\/noticias\/?s={search_term_string}"},"query-input":"required name=search_term_string"}],"inLanguage":"es"},{"@type":"Person","@id":"https:\/\/www.ull.es\/portal\/noticias\/#\/schema\/person\/9924518fb1ad37d4428e7b5d6f311773","name":"gcom4","image":{"@type":"ImageObject","inLanguage":"es","@id":"https:\/\/www.ull.es\/portal\/noticias\/#\/schema\/person\/image\/","url":"https:\/\/secure.gravatar.com\/avatar\/a5d1f5573f10617ccfcc209aaf6aa7fb?s=96&d=mm&r=g","contentUrl":"https:\/\/secure.gravatar.com\/avatar\/a5d1f5573f10617ccfcc209aaf6aa7fb?s=96&d=mm&r=g","caption":"gcom4"},"url":"https:\/\/www.ull.es\/portal\/noticias\/author\/gcom4\/"}]}},"primary_category":{"id":3799,"name":"Facultad de Derecho","slug":"facultad-de-derecho","link":"https:\/\/www.ull.es\/portal\/noticias\/category\/facultades-y-escuelas\/facultad-de-derecho\/"},"featured_image_thumbnail_url":"https:\/\/www.ull.es\/portal\/noticias\/wp-content\/uploads\/sites\/13\/2026\/02\/image3_edited-300x200.jpg","_links":{"self":[{"href":"https:\/\/www.ull.es\/portal\/noticias\/wp-json\/wp\/v2\/posts\/87035"}],"collection":[{"href":"https:\/\/www.ull.es\/portal\/noticias\/wp-json\/wp\/v2\/posts"}],"about":[{"href":"https:\/\/www.ull.es\/portal\/noticias\/wp-json\/wp\/v2\/types\/post"}],"author":[{"embeddable":true,"href":"https:\/\/www.ull.es\/portal\/noticias\/wp-json\/wp\/v2\/users\/65"}],"replies":[{"embeddable":true,"href":"https:\/\/www.ull.es\/portal\/noticias\/wp-json\/wp\/v2\/comments?post=87035"}],"version-history":[{"count":1,"href":"https:\/\/www.ull.es\/portal\/noticias\/wp-json\/wp\/v2\/posts\/87035\/revisions"}],"predecessor-version":[{"id":87037,"href":"https:\/\/www.ull.es\/portal\/noticias\/wp-json\/wp\/v2\/posts\/87035\/revisions\/87037"}],"wp:featuredmedia":[{"embeddable":true,"href":"https:\/\/www.ull.es\/portal\/noticias\/wp-json\/wp\/v2\/media\/87036"}],"wp:attachment":[{"href":"https:\/\/www.ull.es\/portal\/noticias\/wp-json\/wp\/v2\/media?parent=87035"}],"wp:term":[{"taxonomy":"category","embeddable":true,"href":"https:\/\/www.ull.es\/portal\/noticias\/wp-json\/wp\/v2\/categories?post=87035"},{"taxonomy":"post_tag","embeddable":true,"href":"https:\/\/www.ull.es\/portal\/noticias\/wp-json\/wp\/v2\/tags?post=87035"}],"curies":[{"name":"wp","href":"https:\/\/api.w.org\/{rel}","templated":true}]}}