{"id":87056,"date":"2026-02-19T12:12:27","date_gmt":"2026-02-19T12:12:27","guid":{"rendered":"https:\/\/www.ull.es\/portal\/noticias\/?p=87056"},"modified":"2026-02-19T12:12:27","modified_gmt":"2026-02-19T12:12:27","slug":"ull-representacion-profesorado-firman-nueva-oferta-empleo-publico","status":"publish","type":"post","link":"https:\/\/www.ull.es\/portal\/noticias\/2026\/ull-representacion-profesorado-firman-nueva-oferta-empleo-publico\/","title":{"rendered":"La ULL y la representaci\u00f3n del profesorado firman la nueva oferta de empleo p\u00fablico"},"content":{"rendered":"<p>El equipo de gobierno de la Universidad de La Laguna y la representaci\u00f3n sindical del personal docente e investigador firmaron en el Rectorado ayer, mi\u00e9rcoles 18 de febrero, la propuesta de Oferta de Empleo P\u00fablico (OEP) de 2025, fruto de meses de negociaci\u00f3n entre las partes, y que asciende a un total de 92 plazas de diferente categor\u00eda.<\/p>\n<p>Esto oferta consiste, concretamente, en 15 plazas de catedr\u00e1tico o catedr\u00e1tica de universidad, 35 de titular de universidad, 9 de titular para personal investigador con el certificado R3, y 33 de profesorado permanente laboral (PPL). Las convocatorias correspondientes se ir\u00e1n publicando a lo largo del a\u00f1o y, en cuanto a la oferta de 2026, est\u00e1 previsto que su negociaci\u00f3n comience en octubre.<\/p>\n<p>Por parte del equipo de gobierno estuvo en la mesa el rector, Francisco J. Garc\u00eda; la gerenta, Lidia Pereira; y el vicerrector de Personal Docente e Investigador, Alfonso Ruiz. Del lado de los trabajadores firmaron el presidente de la Junta del PDI Funcionario, Luis Cabrera; el presidente del Comit\u00e9 de Empresa del PDI Laboral, Fernando Rivera; as\u00ed como varios delegados y delegadas de las diferentes fuerzas sindicales presentes en ambos \u00f3rganos.<\/p>\n<p>El rector resumi\u00f3 el triple reto al que se ha tratado de responder con este acuerdo, en la l\u00ednea del esfuerzo de contrataci\u00f3n de los \u00faltimos a\u00f1os: por un lado, renovar la plantilla para hacer frente al problema de envejecimiento que se experimentaba; en segundo lugar, asegurar la continuidad de la carrera profesional del profesorado de la instituci\u00f3n que desea promocionar; y finalmente, actualizar las titulaciones, para lo cual es imprescindible contar con una plantilla suficiente y adecuada. Agradeci\u00f3 a los representantes del profesorado su colaboraci\u00f3n durante la negociaci\u00f3n y tambi\u00e9n sus aportaciones cr\u00edticas, siempre constructivas, gracias a las cuales es posible conocer mejor la realidad del colectivo.<\/p>\n<p><a href=\"https:\/\/www.ull.es\/portal\/noticias\/wp-content\/uploads\/sites\/13\/2026\/02\/firma-oep-02.jpg\" target=\"_blank\" rel=\"noopener\" target=\"_blank\" rel=\"noopener\"><img decoding=\"async\" loading=\"lazy\" class=\"alignleft wp-image-87063 size-medium\" src=\"https:\/\/www.ull.es\/portal\/noticias\/wp-content\/uploads\/sites\/13\/2026\/02\/firma-oep-02-300x200.jpg\" alt=\"\" width=\"300\" height=\"200\" srcset=\"https:\/\/www.ull.es\/portal\/noticias\/wp-content\/uploads\/sites\/13\/2026\/02\/firma-oep-02-300x200.jpg 300w, https:\/\/www.ull.es\/portal\/noticias\/wp-content\/uploads\/sites\/13\/2026\/02\/firma-oep-02-1024x683.jpg 1024w, https:\/\/www.ull.es\/portal\/noticias\/wp-content\/uploads\/sites\/13\/2026\/02\/firma-oep-02-768x512.jpg 768w, https:\/\/www.ull.es\/portal\/noticias\/wp-content\/uploads\/sites\/13\/2026\/02\/firma-oep-02-375x250.jpg 375w, https:\/\/www.ull.es\/portal\/noticias\/wp-content\/uploads\/sites\/13\/2026\/02\/firma-oep-02-750x500.jpg 750w, https:\/\/www.ull.es\/portal\/noticias\/wp-content\/uploads\/sites\/13\/2026\/02\/firma-oep-02-1140x760.jpg 1140w, https:\/\/www.ull.es\/portal\/noticias\/wp-content\/uploads\/sites\/13\/2026\/02\/firma-oep-02.jpg 1200w\" sizes=\"(max-width: 300px) 100vw, 300px\" \/><\/a>El presidente de la Junta de PDI Funcionario, Luis Cabrera, mostr\u00f3 sus satisfacci\u00f3n por esta firma, que supone uno de los retos pendientes que se van cumpliendo, pero se\u00f1al\u00f3 que ahora hay que seguir trabajando para ampliar, consolidar y diversificar las plantillas tanto de PDI como de PTGAS, as\u00ed como negociar un contrato programa con el ejecutivo regional que proporcione estabilidad presupuestaria.<\/p>\n<p>El presidente del Comit\u00e9 de Empresa del PDI Laboral, Fernando Rivera, destac\u00f3 la transparencia por parte del vicerrectorado en todo lo concerniente a esta oferta de plazas y su negociaci\u00f3n, y el esfuerzo realizado para tratar de cubrir en la medida de las posibilidades las plazas solicitadas, facilitando as\u00ed la posibilidad de promoci\u00f3n de muchos docentes que esperaban este proceso.<\/p>\n<p>El vicerrector de Personal Docente e Investigador, Alfonso Ruiz, se\u00f1al\u00f3 que esta es la tercera oferta de empleo p\u00fablico formulada durante este mandato, cuya tramitaci\u00f3n consider\u00f3 que ha resultado m\u00e1s fluida gracias a la experiencia acumulada en las anteriores. Aunque la tasa de reposici\u00f3n de plazas es un requisito inevitable en este proceso, destac\u00f3 que se ha logrado una oferta abierta a todos los perfiles de solicitante.<\/p>\n<p>Por parte de la gerencia, Lidia Saavedra se\u00f1al\u00f3 que la tramitaci\u00f3n de esta oferta, as\u00ed como la de a\u00f1os anteriores, indica que se ha avanzado en agilidad en este \u00e1mbito, pero hay que seguir trabajando para consolidar la metodolog\u00eda de trabajo. Saavedra explic\u00f3 que se est\u00e1 trabajando en esa l\u00ednea no solo centr\u00e1ndose en el dise\u00f1o de una nueva relaci\u00f3n de puestos de trabajo sino apostando por una metodolog\u00eda de procesos que culmine en una redistribuci\u00f3n de tareas que permita actuar con mayor celeridad.<\/p>\n","protected":false},"excerpt":{"rendered":"<p>El equipo de gobierno de la Universidad de La Laguna y la representaci\u00f3n sindical del personal docente e investigador firmaron&#8230;<\/p>\n","protected":false},"author":21,"featured_media":87057,"comment_status":"closed","ping_status":"closed","sticky":false,"template":"","format":"standard","meta":{"inline_featured_image":false,"footnotes":""},"categories":[345,348,2754,2765],"tags":[12413,3623,12108,6947,5133],"acf":[],"yoast_head":"<!-- This site is optimized with the Yoast SEO plugin v21.3 - https:\/\/yoast.com\/wordpress\/plugins\/seo\/ -->\n<title>La ULL y la representaci\u00f3n del profesorado firman la nueva OEP<\/title>\n<meta name=\"description\" content=\"La Oferta de Empleo P\u00fablico de 2025 asciende a un total de 92 plazas de diferente categor\u00eda cuyas convocatorias ir\u00e1n saliendo durante el a\u00f1o.\" \/>\n<meta name=\"robots\" content=\"index, follow, max-snippet:-1, max-image-preview:large, max-video-preview:-1\" \/>\n<link rel=\"canonical\" href=\"https:\/\/www.ull.es\/portal\/noticias\/2026\/ull-representacion-profesorado-firman-nueva-oferta-empleo-publico\/\" \/>\n<meta property=\"og:locale\" content=\"es_ES\" \/>\n<meta property=\"og:type\" content=\"article\" \/>\n<meta property=\"og:title\" content=\"La ULL y la representaci\u00f3n del profesorado firman la nueva OEP\" \/>\n<meta property=\"og:description\" content=\"La Oferta de Empleo P\u00fablico de 2025 asciende a un total de 92 plazas de diferente categor\u00eda cuyas convocatorias ir\u00e1n saliendo durante el a\u00f1o.\" \/>\n<meta property=\"og:url\" content=\"https:\/\/www.ull.es\/portal\/noticias\/2026\/ull-representacion-profesorado-firman-nueva-oferta-empleo-publico\/\" \/>\n<meta property=\"og:site_name\" content=\"ULL - Noticias\" \/>\n<meta property=\"article:publisher\" content=\"https:\/\/www.facebook.com\/universidaddelalaguna\/\" \/>\n<meta property=\"article:published_time\" content=\"2026-02-19T12:12:27+00:00\" \/>\n<meta property=\"og:image\" content=\"https:\/\/www.ull.es\/portal\/noticias\/wp-content\/uploads\/sites\/13\/2026\/02\/firma-oep-03.jpg\" \/>\n\t<meta property=\"og:image:width\" content=\"1600\" \/>\n\t<meta property=\"og:image:height\" content=\"1067\" \/>\n\t<meta property=\"og:image:type\" content=\"image\/jpeg\" \/>\n<meta name=\"author\" content=\"prensa2\" \/>\n<meta name=\"twitter:card\" content=\"summary_large_image\" \/>\n<meta name=\"twitter:creator\" content=\"@CanalULL\" \/>\n<meta name=\"twitter:site\" content=\"@CanalULL\" \/>\n<meta name=\"twitter:label1\" content=\"Escrito por\" \/>\n\t<meta name=\"twitter:data1\" content=\"prensa2\" \/>\n\t<meta name=\"twitter:label2\" content=\"Tiempo de lectura\" \/>\n\t<meta name=\"twitter:data2\" content=\"3 minutos\" \/>\n<script type=\"application\/ld+json\" class=\"yoast-schema-graph\">{\"@context\":\"https:\/\/schema.org\",\"@graph\":[{\"@type\":\"WebPage\",\"@id\":\"https:\/\/www.ull.es\/portal\/noticias\/2026\/ull-representacion-profesorado-firman-nueva-oferta-empleo-publico\/\",\"url\":\"https:\/\/www.ull.es\/portal\/noticias\/2026\/ull-representacion-profesorado-firman-nueva-oferta-empleo-publico\/\",\"name\":\"La ULL y la representaci\u00f3n del profesorado firman la nueva OEP\",\"isPartOf\":{\"@id\":\"https:\/\/www.ull.es\/portal\/noticias\/#website\"},\"datePublished\":\"2026-02-19T12:12:27+00:00\",\"dateModified\":\"2026-02-19T12:12:27+00:00\",\"author\":{\"@id\":\"https:\/\/www.ull.es\/portal\/noticias\/#\/schema\/person\/c3b2aa857797592927a03740d6664376\"},\"description\":\"La Oferta de Empleo P\u00fablico de 2025 asciende a un total de 92 plazas de diferente categor\u00eda cuyas convocatorias ir\u00e1n saliendo durante el a\u00f1o.\",\"breadcrumb\":{\"@id\":\"https:\/\/www.ull.es\/portal\/noticias\/2026\/ull-representacion-profesorado-firman-nueva-oferta-empleo-publico\/#breadcrumb\"},\"inLanguage\":\"es\",\"potentialAction\":[{\"@type\":\"ReadAction\",\"target\":[\"https:\/\/www.ull.es\/portal\/noticias\/2026\/ull-representacion-profesorado-firman-nueva-oferta-empleo-publico\/\"]}]},{\"@type\":\"BreadcrumbList\",\"@id\":\"https:\/\/www.ull.es\/portal\/noticias\/2026\/ull-representacion-profesorado-firman-nueva-oferta-empleo-publico\/#breadcrumb\",\"itemListElement\":[{\"@type\":\"ListItem\",\"position\":1,\"name\":\"Portada\",\"item\":\"https:\/\/www.ull.es\/portal\/noticias\/\"},{\"@type\":\"ListItem\",\"position\":2,\"name\":\"La ULL y la representaci\u00f3n del profesorado firman la nueva oferta de empleo p\u00fablico\"}]},{\"@type\":\"WebSite\",\"@id\":\"https:\/\/www.ull.es\/portal\/noticias\/#website\",\"url\":\"https:\/\/www.ull.es\/portal\/noticias\/\",\"name\":\"ULL - Noticias\",\"description\":\"\",\"potentialAction\":[{\"@type\":\"SearchAction\",\"target\":{\"@type\":\"EntryPoint\",\"urlTemplate\":\"https:\/\/www.ull.es\/portal\/noticias\/?s={search_term_string}\"},\"query-input\":\"required name=search_term_string\"}],\"inLanguage\":\"es\"},{\"@type\":\"Person\",\"@id\":\"https:\/\/www.ull.es\/portal\/noticias\/#\/schema\/person\/c3b2aa857797592927a03740d6664376\",\"name\":\"prensa2\",\"image\":{\"@type\":\"ImageObject\",\"inLanguage\":\"es\",\"@id\":\"https:\/\/www.ull.es\/portal\/noticias\/#\/schema\/person\/image\/\",\"url\":\"https:\/\/secure.gravatar.com\/avatar\/b58f310a5de5feb33d1e026d2493f23c?s=96&d=mm&r=g\",\"contentUrl\":\"https:\/\/secure.gravatar.com\/avatar\/b58f310a5de5feb33d1e026d2493f23c?s=96&d=mm&r=g\",\"caption\":\"prensa2\"},\"url\":\"https:\/\/www.ull.es\/portal\/noticias\/author\/prensa2\/\"}]}<\/script>\n<!-- \/ Yoast SEO plugin. -->","yoast_head_json":{"title":"La ULL y la representaci\u00f3n del profesorado firman la nueva OEP","description":"La Oferta de Empleo P\u00fablico de 2025 asciende a un total de 92 plazas de diferente categor\u00eda cuyas convocatorias ir\u00e1n saliendo durante el a\u00f1o.","robots":{"index":"index","follow":"follow","max-snippet":"max-snippet:-1","max-image-preview":"max-image-preview:large","max-video-preview":"max-video-preview:-1"},"canonical":"https:\/\/www.ull.es\/portal\/noticias\/2026\/ull-representacion-profesorado-firman-nueva-oferta-empleo-publico\/","og_locale":"es_ES","og_type":"article","og_title":"La ULL y la representaci\u00f3n del profesorado firman la nueva OEP","og_description":"La Oferta de Empleo P\u00fablico de 2025 asciende a un total de 92 plazas de diferente categor\u00eda cuyas convocatorias ir\u00e1n saliendo durante el a\u00f1o.","og_url":"https:\/\/www.ull.es\/portal\/noticias\/2026\/ull-representacion-profesorado-firman-nueva-oferta-empleo-publico\/","og_site_name":"ULL - Noticias","article_publisher":"https:\/\/www.facebook.com\/universidaddelalaguna\/","article_published_time":"2026-02-19T12:12:27+00:00","og_image":[{"width":1600,"height":1067,"url":"https:\/\/www.ull.es\/portal\/noticias\/wp-content\/uploads\/sites\/13\/2026\/02\/firma-oep-03.jpg","type":"image\/jpeg"}],"author":"prensa2","twitter_card":"summary_large_image","twitter_creator":"@CanalULL","twitter_site":"@CanalULL","twitter_misc":{"Escrito por":"prensa2","Tiempo de lectura":"3 minutos"},"schema":{"@context":"https:\/\/schema.org","@graph":[{"@type":"WebPage","@id":"https:\/\/www.ull.es\/portal\/noticias\/2026\/ull-representacion-profesorado-firman-nueva-oferta-empleo-publico\/","url":"https:\/\/www.ull.es\/portal\/noticias\/2026\/ull-representacion-profesorado-firman-nueva-oferta-empleo-publico\/","name":"La ULL y la representaci\u00f3n del profesorado firman la nueva OEP","isPartOf":{"@id":"https:\/\/www.ull.es\/portal\/noticias\/#website"},"datePublished":"2026-02-19T12:12:27+00:00","dateModified":"2026-02-19T12:12:27+00:00","author":{"@id":"https:\/\/www.ull.es\/portal\/noticias\/#\/schema\/person\/c3b2aa857797592927a03740d6664376"},"description":"La Oferta de Empleo P\u00fablico de 2025 asciende a un total de 92 plazas de diferente categor\u00eda cuyas convocatorias ir\u00e1n saliendo durante el a\u00f1o.","breadcrumb":{"@id":"https:\/\/www.ull.es\/portal\/noticias\/2026\/ull-representacion-profesorado-firman-nueva-oferta-empleo-publico\/#breadcrumb"},"inLanguage":"es","potentialAction":[{"@type":"ReadAction","target":["https:\/\/www.ull.es\/portal\/noticias\/2026\/ull-representacion-profesorado-firman-nueva-oferta-empleo-publico\/"]}]},{"@type":"BreadcrumbList","@id":"https:\/\/www.ull.es\/portal\/noticias\/2026\/ull-representacion-profesorado-firman-nueva-oferta-empleo-publico\/#breadcrumb","itemListElement":[{"@type":"ListItem","position":1,"name":"Portada","item":"https:\/\/www.ull.es\/portal\/noticias\/"},{"@type":"ListItem","position":2,"name":"La ULL y la representaci\u00f3n del profesorado firman la nueva oferta de empleo p\u00fablico"}]},{"@type":"WebSite","@id":"https:\/\/www.ull.es\/portal\/noticias\/#website","url":"https:\/\/www.ull.es\/portal\/noticias\/","name":"ULL - Noticias","description":"","potentialAction":[{"@type":"SearchAction","target":{"@type":"EntryPoint","urlTemplate":"https:\/\/www.ull.es\/portal\/noticias\/?s={search_term_string}"},"query-input":"required name=search_term_string"}],"inLanguage":"es"},{"@type":"Person","@id":"https:\/\/www.ull.es\/portal\/noticias\/#\/schema\/person\/c3b2aa857797592927a03740d6664376","name":"prensa2","image":{"@type":"ImageObject","inLanguage":"es","@id":"https:\/\/www.ull.es\/portal\/noticias\/#\/schema\/person\/image\/","url":"https:\/\/secure.gravatar.com\/avatar\/b58f310a5de5feb33d1e026d2493f23c?s=96&d=mm&r=g","contentUrl":"https:\/\/secure.gravatar.com\/avatar\/b58f310a5de5feb33d1e026d2493f23c?s=96&d=mm&r=g","caption":"prensa2"},"url":"https:\/\/www.ull.es\/portal\/noticias\/author\/prensa2\/"}]}},"primary_category":{"id":345,"name":"Destacado","slug":"destacado","link":"https:\/\/www.ull.es\/portal\/noticias\/category\/destacado\/"},"featured_image_thumbnail_url":"https:\/\/www.ull.es\/portal\/noticias\/wp-content\/uploads\/sites\/13\/2026\/02\/firma-oep-03-300x200.jpg","_links":{"self":[{"href":"https:\/\/www.ull.es\/portal\/noticias\/wp-json\/wp\/v2\/posts\/87056"}],"collection":[{"href":"https:\/\/www.ull.es\/portal\/noticias\/wp-json\/wp\/v2\/posts"}],"about":[{"href":"https:\/\/www.ull.es\/portal\/noticias\/wp-json\/wp\/v2\/types\/post"}],"author":[{"embeddable":true,"href":"https:\/\/www.ull.es\/portal\/noticias\/wp-json\/wp\/v2\/users\/21"}],"replies":[{"embeddable":true,"href":"https:\/\/www.ull.es\/portal\/noticias\/wp-json\/wp\/v2\/comments?post=87056"}],"version-history":[{"count":1,"href":"https:\/\/www.ull.es\/portal\/noticias\/wp-json\/wp\/v2\/posts\/87056\/revisions"}],"predecessor-version":[{"id":87064,"href":"https:\/\/www.ull.es\/portal\/noticias\/wp-json\/wp\/v2\/posts\/87056\/revisions\/87064"}],"wp:featuredmedia":[{"embeddable":true,"href":"https:\/\/www.ull.es\/portal\/noticias\/wp-json\/wp\/v2\/media\/87057"}],"wp:attachment":[{"href":"https:\/\/www.ull.es\/portal\/noticias\/wp-json\/wp\/v2\/media?parent=87056"}],"wp:term":[{"taxonomy":"category","embeddable":true,"href":"https:\/\/www.ull.es\/portal\/noticias\/wp-json\/wp\/v2\/categories?post=87056"},{"taxonomy":"post_tag","embeddable":true,"href":"https:\/\/www.ull.es\/portal\/noticias\/wp-json\/wp\/v2\/tags?post=87056"}],"curies":[{"name":"wp","href":"https:\/\/api.w.org\/{rel}","templated":true}]}}