{"id":87069,"date":"2026-02-19T13:40:58","date_gmt":"2026-02-19T13:40:58","guid":{"rendered":"https:\/\/www.ull.es\/portal\/noticias\/?p=87069"},"modified":"2026-02-19T13:54:49","modified_gmt":"2026-02-19T13:54:49","slug":"facultad-ciencias-dedica-laboratorio-arturo-gullon-macarron","status":"publish","type":"post","link":"https:\/\/www.ull.es\/portal\/noticias\/2026\/facultad-ciencias-dedica-laboratorio-arturo-gullon-macarron\/","title":{"rendered":"La Facultad de Ciencias dedica uno de sus laboratorios a la memoria del profesor Arturo Gull\u00f3n Macarr\u00f3n"},"content":{"rendered":"<p>La Facultad de Ciencias de la Universidad de La Laguna celebr\u00f3 ayer, mi\u00e9rcoles 18 de febrero, un sencillo pero emotivo acto en memoria de Arturo Gull\u00f3n Macarr\u00f3n, primer catedr\u00e1tico de Gen\u00e9tica de la instituci\u00f3n que falleci\u00f3 el pasado 10 de octubre en Estella (Navarra) a los 97 a\u00f1os de edad. El recuerdo a su aportaci\u00f3n a esta casa de estudios, la que fuera su facultad ha puesto su nombre a uno de los laboratorios de gen\u00e9tica de la Secci\u00f3n de Biolog\u00eda.<\/p>\n<p><a href=\"https:\/\/www.ull.es\/portal\/noticias\/wp-content\/uploads\/sites\/13\/2026\/02\/Laboratorio-Arturo-Gullon-11.jpg\" target=\"_blank\" rel=\"noopener\" target=\"_blank\" rel=\"noopener\"><img decoding=\"async\" loading=\"lazy\" class=\"alignleft wp-image-87071 size-medium\" src=\"https:\/\/www.ull.es\/portal\/noticias\/wp-content\/uploads\/sites\/13\/2026\/02\/Laboratorio-Arturo-Gullon-11-300x200.jpg\" alt=\"Placa en homenaje a Arturo Gull\u00f3n\" width=\"300\" height=\"200\" srcset=\"https:\/\/www.ull.es\/portal\/noticias\/wp-content\/uploads\/sites\/13\/2026\/02\/Laboratorio-Arturo-Gullon-11-300x200.jpg 300w, https:\/\/www.ull.es\/portal\/noticias\/wp-content\/uploads\/sites\/13\/2026\/02\/Laboratorio-Arturo-Gullon-11-1024x683.jpg 1024w, https:\/\/www.ull.es\/portal\/noticias\/wp-content\/uploads\/sites\/13\/2026\/02\/Laboratorio-Arturo-Gullon-11-768x512.jpg 768w, https:\/\/www.ull.es\/portal\/noticias\/wp-content\/uploads\/sites\/13\/2026\/02\/Laboratorio-Arturo-Gullon-11-375x250.jpg 375w, https:\/\/www.ull.es\/portal\/noticias\/wp-content\/uploads\/sites\/13\/2026\/02\/Laboratorio-Arturo-Gullon-11-750x500.jpg 750w, https:\/\/www.ull.es\/portal\/noticias\/wp-content\/uploads\/sites\/13\/2026\/02\/Laboratorio-Arturo-Gullon-11-1140x760.jpg 1140w, https:\/\/www.ull.es\/portal\/noticias\/wp-content\/uploads\/sites\/13\/2026\/02\/Laboratorio-Arturo-Gullon-11.jpg 1200w\" sizes=\"(max-width: 300px) 100vw, 300px\" \/><\/a>El encargado de descubrir la placa con la denominaci\u00f3n que a partir de ahora tendr\u00e1 esta infraestructura cient\u00edfica, que entronca con la especialidad del profesor Gull\u00f3n Macarr\u00f3n, fue el vicerrector de Docencia, Jos\u00e9 Manuel Garc\u00eda Fraga. En la ceremonia tambi\u00e9n estuvo presente la decana de la Facultad de Ciencias, Mar\u00eda de Mar Afoso Rodr\u00edguez, y el catedr\u00e1tico del \u00e1rea de Gen\u00e9tica Mariano Hern\u00e1ndez Ferrer.<\/p>\n<p>El profesor Arturo Gull\u00f3n Macarr\u00f3n fue el primer catedr\u00e1tico de Gen\u00e9tica y el primer director del antiguo Departamento de Gen\u00e9tica de la Universidad de La Laguna. Don Arturo, como lo llamaban sus estudiantes, naci\u00f3 en Sevilla y se gradu\u00f3 en medicina para posteriormente realizar una estancia en Alemania con una beca de la Fundaci\u00f3n Alexander Von Humboldt.<\/p>\n<p>Tras su paso por la Universidad de Navarra, se incorpor\u00f3 a la Universidad de La Laguna, donde obtuvo primero el nombramiento de profesor agregado y, posteriormente, la c\u00e1tedra de Gen\u00e9tica en 1975. Particip\u00f3 en la segregaci\u00f3n de la que fuera Secci\u00f3n de Biolog\u00eda de la antigua Facultad de Ciencias en el a\u00f1o 1978, lo que dio lugar a la Facultad de Biolog\u00eda y a su actual ubicaci\u00f3n en el campus de Anchieta.<\/p>\n<p><a href=\"https:\/\/www.ull.es\/portal\/noticias\/wp-content\/uploads\/sites\/13\/2026\/02\/Laboratorio-Arturo-Gullon-12.jpg\" target=\"_blank\" rel=\"noopener\" target=\"_blank\" rel=\"noopener\"><img decoding=\"async\" loading=\"lazy\" class=\"alignright wp-image-87072 size-medium\" src=\"https:\/\/www.ull.es\/portal\/noticias\/wp-content\/uploads\/sites\/13\/2026\/02\/Laboratorio-Arturo-Gullon-12-300x200.jpg\" alt=\"Laboratorio en homenaje a Arturo Gull\u00f3n\" width=\"300\" height=\"200\" srcset=\"https:\/\/www.ull.es\/portal\/noticias\/wp-content\/uploads\/sites\/13\/2026\/02\/Laboratorio-Arturo-Gullon-12-300x200.jpg 300w, https:\/\/www.ull.es\/portal\/noticias\/wp-content\/uploads\/sites\/13\/2026\/02\/Laboratorio-Arturo-Gullon-12-1024x683.jpg 1024w, https:\/\/www.ull.es\/portal\/noticias\/wp-content\/uploads\/sites\/13\/2026\/02\/Laboratorio-Arturo-Gullon-12-768x512.jpg 768w, https:\/\/www.ull.es\/portal\/noticias\/wp-content\/uploads\/sites\/13\/2026\/02\/Laboratorio-Arturo-Gullon-12-375x250.jpg 375w, https:\/\/www.ull.es\/portal\/noticias\/wp-content\/uploads\/sites\/13\/2026\/02\/Laboratorio-Arturo-Gullon-12-750x500.jpg 750w, https:\/\/www.ull.es\/portal\/noticias\/wp-content\/uploads\/sites\/13\/2026\/02\/Laboratorio-Arturo-Gullon-12-1140x760.jpg 1140w, https:\/\/www.ull.es\/portal\/noticias\/wp-content\/uploads\/sites\/13\/2026\/02\/Laboratorio-Arturo-Gullon-12.jpg 1200w\" sizes=\"(max-width: 300px) 100vw, 300px\" \/><\/a>M\u00e1s de quince promociones de bi\u00f3logos tuvieron la suerte de disfrutar de sus magn\u00edficas clases hasta que retorn\u00f3 a la instituci\u00f3n acad\u00e9mica navarra. Durante el acto homenaje fue recordado el hecho de que todos quienes fueron sus alumnos y alumnas guardan un recuerdo inmejorable no solo de sus clases, sino tambi\u00e9n de su amabilidad y generosidad, pues nunca escatimaba esfuerzos para ayudar siempre a sus estudiantes y compa\u00f1eros.<\/p>\n","protected":false},"excerpt":{"rendered":"<p>La Facultad de Ciencias de la Universidad de La Laguna celebr\u00f3 ayer, mi\u00e9rcoles 18 de febrero, un sencillo pero emotivo&#8230;<\/p>\n","protected":false},"author":21,"featured_media":87070,"comment_status":"closed","ping_status":"closed","sticky":false,"template":"","format":"standard","meta":{"inline_featured_image":false,"footnotes":""},"categories":[3162,345,3924,348,2754,2765],"tags":[12414,1215,4541,1437,1734,12415,1843,2337],"acf":[],"yoast_head":"<!-- This site is optimized with the Yoast SEO plugin v21.3 - https:\/\/yoast.com\/wordpress\/plugins\/seo\/ -->\n<title>La Facultad de Ciencias dedica un laboratorio a Arturo Gull\u00f3n<\/title>\n<meta name=\"description\" content=\"La Secci\u00f3n de Biolog\u00eda recuerda as\u00ed a quien fuera el primer catedr\u00e1tico de Gen\u00e9tica de la ULL, recientemente fallecido en Navarra.\" \/>\n<meta name=\"robots\" content=\"index, follow, max-snippet:-1, max-image-preview:large, max-video-preview:-1\" \/>\n<link rel=\"canonical\" href=\"https:\/\/www.ull.es\/portal\/noticias\/2026\/facultad-ciencias-dedica-laboratorio-arturo-gullon-macarron\/\" \/>\n<meta property=\"og:locale\" content=\"es_ES\" \/>\n<meta property=\"og:type\" content=\"article\" \/>\n<meta property=\"og:title\" content=\"La Facultad de Ciencias dedica un laboratorio a Arturo Gull\u00f3n\" \/>\n<meta property=\"og:description\" content=\"La Secci\u00f3n de Biolog\u00eda recuerda as\u00ed a quien fuera el primer catedr\u00e1tico de Gen\u00e9tica de la ULL, recientemente fallecido en Navarra.\" \/>\n<meta property=\"og:url\" content=\"https:\/\/www.ull.es\/portal\/noticias\/2026\/facultad-ciencias-dedica-laboratorio-arturo-gullon-macarron\/\" \/>\n<meta property=\"og:site_name\" content=\"ULL - Noticias\" \/>\n<meta property=\"article:publisher\" content=\"https:\/\/www.facebook.com\/universidaddelalaguna\/\" \/>\n<meta property=\"article:published_time\" content=\"2026-02-19T13:40:58+00:00\" \/>\n<meta property=\"article:modified_time\" content=\"2026-02-19T13:54:49+00:00\" \/>\n<meta property=\"og:image\" content=\"https:\/\/www.ull.es\/portal\/noticias\/wp-content\/uploads\/sites\/13\/2026\/02\/Laboratorio-Arturo-Gullon-07.jpg\" \/>\n\t<meta property=\"og:image:width\" content=\"1200\" \/>\n\t<meta property=\"og:image:height\" content=\"800\" \/>\n\t<meta property=\"og:image:type\" content=\"image\/jpeg\" \/>\n<meta name=\"author\" content=\"prensa2\" \/>\n<meta name=\"twitter:card\" content=\"summary_large_image\" \/>\n<meta name=\"twitter:creator\" content=\"@CanalULL\" \/>\n<meta name=\"twitter:site\" content=\"@CanalULL\" \/>\n<meta name=\"twitter:label1\" content=\"Escrito por\" \/>\n\t<meta name=\"twitter:data1\" content=\"prensa2\" \/>\n\t<meta name=\"twitter:label2\" content=\"Tiempo de lectura\" \/>\n\t<meta name=\"twitter:data2\" content=\"2 minutos\" \/>\n<script type=\"application\/ld+json\" class=\"yoast-schema-graph\">{\"@context\":\"https:\/\/schema.org\",\"@graph\":[{\"@type\":\"WebPage\",\"@id\":\"https:\/\/www.ull.es\/portal\/noticias\/2026\/facultad-ciencias-dedica-laboratorio-arturo-gullon-macarron\/\",\"url\":\"https:\/\/www.ull.es\/portal\/noticias\/2026\/facultad-ciencias-dedica-laboratorio-arturo-gullon-macarron\/\",\"name\":\"La Facultad de Ciencias dedica un laboratorio a Arturo Gull\u00f3n\",\"isPartOf\":{\"@id\":\"https:\/\/www.ull.es\/portal\/noticias\/#website\"},\"datePublished\":\"2026-02-19T13:40:58+00:00\",\"dateModified\":\"2026-02-19T13:54:49+00:00\",\"author\":{\"@id\":\"https:\/\/www.ull.es\/portal\/noticias\/#\/schema\/person\/c3b2aa857797592927a03740d6664376\"},\"description\":\"La Secci\u00f3n de Biolog\u00eda recuerda as\u00ed a quien fuera el primer catedr\u00e1tico de Gen\u00e9tica de la ULL, recientemente fallecido en Navarra.\",\"breadcrumb\":{\"@id\":\"https:\/\/www.ull.es\/portal\/noticias\/2026\/facultad-ciencias-dedica-laboratorio-arturo-gullon-macarron\/#breadcrumb\"},\"inLanguage\":\"es\",\"potentialAction\":[{\"@type\":\"ReadAction\",\"target\":[\"https:\/\/www.ull.es\/portal\/noticias\/2026\/facultad-ciencias-dedica-laboratorio-arturo-gullon-macarron\/\"]}]},{\"@type\":\"BreadcrumbList\",\"@id\":\"https:\/\/www.ull.es\/portal\/noticias\/2026\/facultad-ciencias-dedica-laboratorio-arturo-gullon-macarron\/#breadcrumb\",\"itemListElement\":[{\"@type\":\"ListItem\",\"position\":1,\"name\":\"Portada\",\"item\":\"https:\/\/www.ull.es\/portal\/noticias\/\"},{\"@type\":\"ListItem\",\"position\":2,\"name\":\"La Facultad de Ciencias dedica uno de sus laboratorios a la memoria del profesor Arturo Gull\u00f3n Macarr\u00f3n\"}]},{\"@type\":\"WebSite\",\"@id\":\"https:\/\/www.ull.es\/portal\/noticias\/#website\",\"url\":\"https:\/\/www.ull.es\/portal\/noticias\/\",\"name\":\"ULL - Noticias\",\"description\":\"\",\"potentialAction\":[{\"@type\":\"SearchAction\",\"target\":{\"@type\":\"EntryPoint\",\"urlTemplate\":\"https:\/\/www.ull.es\/portal\/noticias\/?s={search_term_string}\"},\"query-input\":\"required name=search_term_string\"}],\"inLanguage\":\"es\"},{\"@type\":\"Person\",\"@id\":\"https:\/\/www.ull.es\/portal\/noticias\/#\/schema\/person\/c3b2aa857797592927a03740d6664376\",\"name\":\"prensa2\",\"image\":{\"@type\":\"ImageObject\",\"inLanguage\":\"es\",\"@id\":\"https:\/\/www.ull.es\/portal\/noticias\/#\/schema\/person\/image\/\",\"url\":\"https:\/\/secure.gravatar.com\/avatar\/b58f310a5de5feb33d1e026d2493f23c?s=96&d=mm&r=g\",\"contentUrl\":\"https:\/\/secure.gravatar.com\/avatar\/b58f310a5de5feb33d1e026d2493f23c?s=96&d=mm&r=g\",\"caption\":\"prensa2\"},\"url\":\"https:\/\/www.ull.es\/portal\/noticias\/author\/prensa2\/\"}]}<\/script>\n<!-- \/ Yoast SEO plugin. -->","yoast_head_json":{"title":"La Facultad de Ciencias dedica un laboratorio a Arturo Gull\u00f3n","description":"La Secci\u00f3n de Biolog\u00eda recuerda as\u00ed a quien fuera el primer catedr\u00e1tico de Gen\u00e9tica de la ULL, recientemente fallecido en Navarra.","robots":{"index":"index","follow":"follow","max-snippet":"max-snippet:-1","max-image-preview":"max-image-preview:large","max-video-preview":"max-video-preview:-1"},"canonical":"https:\/\/www.ull.es\/portal\/noticias\/2026\/facultad-ciencias-dedica-laboratorio-arturo-gullon-macarron\/","og_locale":"es_ES","og_type":"article","og_title":"La Facultad de Ciencias dedica un laboratorio a Arturo Gull\u00f3n","og_description":"La Secci\u00f3n de Biolog\u00eda recuerda as\u00ed a quien fuera el primer catedr\u00e1tico de Gen\u00e9tica de la ULL, recientemente fallecido en Navarra.","og_url":"https:\/\/www.ull.es\/portal\/noticias\/2026\/facultad-ciencias-dedica-laboratorio-arturo-gullon-macarron\/","og_site_name":"ULL - Noticias","article_publisher":"https:\/\/www.facebook.com\/universidaddelalaguna\/","article_published_time":"2026-02-19T13:40:58+00:00","article_modified_time":"2026-02-19T13:54:49+00:00","og_image":[{"width":1200,"height":800,"url":"https:\/\/www.ull.es\/portal\/noticias\/wp-content\/uploads\/sites\/13\/2026\/02\/Laboratorio-Arturo-Gullon-07.jpg","type":"image\/jpeg"}],"author":"prensa2","twitter_card":"summary_large_image","twitter_creator":"@CanalULL","twitter_site":"@CanalULL","twitter_misc":{"Escrito por":"prensa2","Tiempo de lectura":"2 minutos"},"schema":{"@context":"https:\/\/schema.org","@graph":[{"@type":"WebPage","@id":"https:\/\/www.ull.es\/portal\/noticias\/2026\/facultad-ciencias-dedica-laboratorio-arturo-gullon-macarron\/","url":"https:\/\/www.ull.es\/portal\/noticias\/2026\/facultad-ciencias-dedica-laboratorio-arturo-gullon-macarron\/","name":"La Facultad de Ciencias dedica un laboratorio a Arturo Gull\u00f3n","isPartOf":{"@id":"https:\/\/www.ull.es\/portal\/noticias\/#website"},"datePublished":"2026-02-19T13:40:58+00:00","dateModified":"2026-02-19T13:54:49+00:00","author":{"@id":"https:\/\/www.ull.es\/portal\/noticias\/#\/schema\/person\/c3b2aa857797592927a03740d6664376"},"description":"La Secci\u00f3n de Biolog\u00eda recuerda as\u00ed a quien fuera el primer catedr\u00e1tico de Gen\u00e9tica de la ULL, recientemente fallecido en Navarra.","breadcrumb":{"@id":"https:\/\/www.ull.es\/portal\/noticias\/2026\/facultad-ciencias-dedica-laboratorio-arturo-gullon-macarron\/#breadcrumb"},"inLanguage":"es","potentialAction":[{"@type":"ReadAction","target":["https:\/\/www.ull.es\/portal\/noticias\/2026\/facultad-ciencias-dedica-laboratorio-arturo-gullon-macarron\/"]}]},{"@type":"BreadcrumbList","@id":"https:\/\/www.ull.es\/portal\/noticias\/2026\/facultad-ciencias-dedica-laboratorio-arturo-gullon-macarron\/#breadcrumb","itemListElement":[{"@type":"ListItem","position":1,"name":"Portada","item":"https:\/\/www.ull.es\/portal\/noticias\/"},{"@type":"ListItem","position":2,"name":"La Facultad de Ciencias dedica uno de sus laboratorios a la memoria del profesor Arturo Gull\u00f3n Macarr\u00f3n"}]},{"@type":"WebSite","@id":"https:\/\/www.ull.es\/portal\/noticias\/#website","url":"https:\/\/www.ull.es\/portal\/noticias\/","name":"ULL - Noticias","description":"","potentialAction":[{"@type":"SearchAction","target":{"@type":"EntryPoint","urlTemplate":"https:\/\/www.ull.es\/portal\/noticias\/?s={search_term_string}"},"query-input":"required name=search_term_string"}],"inLanguage":"es"},{"@type":"Person","@id":"https:\/\/www.ull.es\/portal\/noticias\/#\/schema\/person\/c3b2aa857797592927a03740d6664376","name":"prensa2","image":{"@type":"ImageObject","inLanguage":"es","@id":"https:\/\/www.ull.es\/portal\/noticias\/#\/schema\/person\/image\/","url":"https:\/\/secure.gravatar.com\/avatar\/b58f310a5de5feb33d1e026d2493f23c?s=96&d=mm&r=g","contentUrl":"https:\/\/secure.gravatar.com\/avatar\/b58f310a5de5feb33d1e026d2493f23c?s=96&d=mm&r=g","caption":"prensa2"},"url":"https:\/\/www.ull.es\/portal\/noticias\/author\/prensa2\/"}]}},"primary_category":{"id":345,"name":"Destacado","slug":"destacado","link":"https:\/\/www.ull.es\/portal\/noticias\/category\/destacado\/"},"featured_image_thumbnail_url":"https:\/\/www.ull.es\/portal\/noticias\/wp-content\/uploads\/sites\/13\/2026\/02\/Laboratorio-Arturo-Gullon-07-300x200.jpg","_links":{"self":[{"href":"https:\/\/www.ull.es\/portal\/noticias\/wp-json\/wp\/v2\/posts\/87069"}],"collection":[{"href":"https:\/\/www.ull.es\/portal\/noticias\/wp-json\/wp\/v2\/posts"}],"about":[{"href":"https:\/\/www.ull.es\/portal\/noticias\/wp-json\/wp\/v2\/types\/post"}],"author":[{"embeddable":true,"href":"https:\/\/www.ull.es\/portal\/noticias\/wp-json\/wp\/v2\/users\/21"}],"replies":[{"embeddable":true,"href":"https:\/\/www.ull.es\/portal\/noticias\/wp-json\/wp\/v2\/comments?post=87069"}],"version-history":[{"count":2,"href":"https:\/\/www.ull.es\/portal\/noticias\/wp-json\/wp\/v2\/posts\/87069\/revisions"}],"predecessor-version":[{"id":87074,"href":"https:\/\/www.ull.es\/portal\/noticias\/wp-json\/wp\/v2\/posts\/87069\/revisions\/87074"}],"wp:featuredmedia":[{"embeddable":true,"href":"https:\/\/www.ull.es\/portal\/noticias\/wp-json\/wp\/v2\/media\/87070"}],"wp:attachment":[{"href":"https:\/\/www.ull.es\/portal\/noticias\/wp-json\/wp\/v2\/media?parent=87069"}],"wp:term":[{"taxonomy":"category","embeddable":true,"href":"https:\/\/www.ull.es\/portal\/noticias\/wp-json\/wp\/v2\/categories?post=87069"},{"taxonomy":"post_tag","embeddable":true,"href":"https:\/\/www.ull.es\/portal\/noticias\/wp-json\/wp\/v2\/tags?post=87069"}],"curies":[{"name":"wp","href":"https:\/\/api.w.org\/{rel}","templated":true}]}}