{"id":87087,"date":"2026-02-20T13:54:24","date_gmt":"2026-02-20T13:54:24","guid":{"rendered":"https:\/\/www.ull.es\/portal\/noticias\/?p=87087"},"modified":"2026-02-20T13:54:24","modified_gmt":"2026-02-20T13:54:24","slug":"ayuntamiento-ull-avanzan-creacion-nueva-residencia-guajara","status":"publish","type":"post","link":"https:\/\/www.ull.es\/portal\/noticias\/2026\/ayuntamiento-ull-avanzan-creacion-nueva-residencia-guajara\/","title":{"rendered":"El Ayuntamiento de La Laguna y la ULL avanzan en la creaci\u00f3n de una nueva residencia universitaria en Guajara"},"content":{"rendered":"<p>El Ayuntamiento de La Laguna y la Universidad de La Laguna han dado un paso decisivo para la creaci\u00f3n de una nueva residencia universitaria p\u00fablica en el Campus de Guajara, tras la emisi\u00f3n del informe urban\u00edstico que confirma la viabilidad del uso residencial estudiantil en la parcela situada en la Avenida C\u00e9sar Manrique, dentro del Sistema General Docente de este Campus Universitario. Este avance consolida el compromiso compartido de ambas instituciones para incrementar de forma sustancial las plazas p\u00fablicas de alojamiento para estudiantes y contribuir a reducir la presi\u00f3n sobre el mercado de alquiler en el municipio.<\/p>\n<p>El documento municipal certifica que el uso de residencia universitaria encaja plenamente en la ordenaci\u00f3n vigente, al estar contemplado como \u201calojamientos para la poblaci\u00f3n estudiantil\u201d dentro del equipamiento docente. Adem\u00e1s, recuerda que, al tratarse de una dotaci\u00f3n, solo se permiten usos y servicios p\u00fablicos, lo que garantiza que el futuro equipamiento ser\u00e1 \u00edntegramente de car\u00e1cter p\u00fablico y orientado a las necesidades del estudiantado.<\/p>\n<p>El alcalde de La Laguna, Luis Yeray Guti\u00e9rrez, subraya que este paso \u201crepresenta un avance fundamental en la estrategia municipal para garantizar que La Laguna siga siendo una ciudad universitaria accesible, inclusiva y con oportunidades reales para quienes desean formarse en la Universidad de La Laguna\u201d.<\/p>\n<p>El regidor destaca que \u201cla falta de alojamiento asequible se ha convertido en una barrera para muchos j\u00f3venes y sus familias, y este proyecto demuestra que, cuando las instituciones trabajan juntas, se pueden ofrecer soluciones estructurales y no solo medidas paliativas\u201d.<\/p>\n<p>Seg\u00fan los datos de la propia universidad, cada curso se registra alrededor de 1.400 solicitudes de alojamiento, frente a una oferta p\u00fablica que apenas supera las 550 plazas. Esta situaci\u00f3n, unida al incremento del precio del alquiler en Canarias, ha generado una presi\u00f3n creciente sobre el estudiantado, especialmente el procedente de otras islas.<\/p>\n<p>El rector de la Universidad de La Laguna, Francisco Garc\u00eda, celebra el avance: \u201cLa creaci\u00f3n de nuevas plazas residenciales no es solo una necesidad social, sino una prioridad estrat\u00e9gica para nuestra Universidad\u201d. En sus palabras, \u201cuna nueva oferta residencial en Guajara permitir\u00e1 atender la demanda creciente, mejorar la igualdad de oportunidades y reforzar la capacidad de la Universidad de La Laguna para atraer talento, tanto de Canarias como de fuera del Archipi\u00e9lago\u201d.<\/p>\n<p>\u201cLa colaboraci\u00f3n con el Ayuntamiento est\u00e1 siendo muy fruct\u00edfera y demuestra que compartimos una visi\u00f3n com\u00fan: garantizar que estudiar en la ULL no dependa de la capacidad econ\u00f3mica de cada familia\u201d, a\u00f1ade Garc\u00eda. Asimismo, desde la instituci\u00f3n universitaria se indica que, con esta concreci\u00f3n de la disponibilidad de los terrenos por parte del Ayuntamiento, se da un paso decisivo, siendo ahora necesario garantizar los recursos para acometer la iniciativa.<\/p>\n<p>Por su parte, el concejal de Ordenaci\u00f3n del Territorio del Ayuntamiento de La Laguna, Adolfo Cordob\u00e9s, explica que \u201cel planeamiento vigente no solo permite este uso, sino que lo considera coherente con la funci\u00f3n del Campus de Guajara como gran sistema general docente de nuestro municipio\u201d.<\/p>\n<p>Cordob\u00e9s destaca que \u201cla Gerencia de Urbanismo ha trabajado con rigor para ofrecer seguridad jur\u00eddica y claridad t\u00e9cnica, y ahora corresponde a las partes avanzar en los acuerdos que definir\u00e1n los plazos del proyecto\u201d. Asimismo, el edil subraya que \u201ceste es un ejemplo de c\u00f3mo la planificaci\u00f3n urbana puede ponerse al servicio de las necesidades sociales y educativas del municipio\u201d.<\/p>\n<p><strong>Detalles del i<\/strong><strong>n<\/strong><strong>forme<\/strong><\/p>\n<p>El informe urban\u00edstico del Organismo Aut\u00f3nomo lagunero confirma que la parcela se encuentra en Suelo Urbano Consolidado, con una tipolog\u00eda que permite edificaciones de hasta cuatro plantas destinadas a usos docentes y dotacionales. El documento se\u00f1ala expresamente que \u201cel uso Residencia de Estudiantes cabe en este \u00e1mbito\u201d, y recuerda que, al tratarse de una dotaci\u00f3n p\u00fablica, la implantaci\u00f3n deber\u00e1 ser promovida por la administraci\u00f3n competente.<\/p>\n<p>Asimismo, se detallan los condicionantes sectoriales, como la autorizaci\u00f3n del Consejo Insular de Aguas por la presencia del barranquillo El Charc\u00f3n o el informe preceptivo de AESA por servidumbres aeron\u00e1uticas, todos ellos habituales y plenamente integrables en el dise\u00f1o del proyecto.<\/p>\n<p>Entre los pr\u00f3ximos pasos, se encuentran la solicitud del informe de alineaciones y rasantes, la tramitaci\u00f3n de los informes sectoriales preceptivos y la definici\u00f3n del programa funcional del equipamiento, que permitir\u00e1 determinar el n\u00famero de plazas y servicios que ofrecer\u00e1.<\/p>\n<p>Ambas instituciones coinciden en que la residencia de Guajara ser\u00e1 un proyecto transformador, capaz de aliviar la presi\u00f3n sobre el mercado de alquiler, mejorar la calidad de vida del estudiantado y reforzar el papel de La Laguna como ciudad universitaria de referencia en Canarias. Una iniciativa que, en palabras de Luis Yeray Guti\u00e9rrez, representa \u201cun compromiso firme con la juventud, con la educaci\u00f3n p\u00fablica y con el futuro de nuestra ciudad\u201d.<\/p>\n","protected":false},"excerpt":{"rendered":"<p>El Ayuntamiento de La Laguna y la Universidad de La Laguna han dado un paso decisivo para la creaci\u00f3n de&#8230;<\/p>\n","protected":false},"author":21,"featured_media":87088,"comment_status":"closed","ping_status":"closed","sticky":false,"template":"","format":"standard","meta":{"inline_featured_image":false,"footnotes":""},"categories":[345,348,2765],"tags":[12417,457,604,689,5895,6628],"acf":[],"yoast_head":"<!-- This site is optimized with the Yoast SEO plugin v21.3 - https:\/\/yoast.com\/wordpress\/plugins\/seo\/ -->\n<title>Ayuntamiento y ULL avanzan en la creaci\u00f3n de una residencia<\/title>\n<meta name=\"description\" content=\"Un informe urban\u00edstico confirma la viabilidad del uso residencial estudiantil en la parcela situada en la Avenida C\u00e9sar Manrique.\" \/>\n<meta name=\"robots\" content=\"index, follow, max-snippet:-1, max-image-preview:large, max-video-preview:-1\" \/>\n<link rel=\"canonical\" href=\"https:\/\/www.ull.es\/portal\/noticias\/2026\/ayuntamiento-ull-avanzan-creacion-nueva-residencia-guajara\/\" \/>\n<meta property=\"og:locale\" content=\"es_ES\" \/>\n<meta property=\"og:type\" content=\"article\" \/>\n<meta property=\"og:title\" content=\"Ayuntamiento y ULL avanzan en la creaci\u00f3n de una residencia\" \/>\n<meta property=\"og:description\" content=\"Un informe urban\u00edstico confirma la viabilidad del uso residencial estudiantil en la parcela situada en la Avenida C\u00e9sar Manrique.\" \/>\n<meta property=\"og:url\" content=\"https:\/\/www.ull.es\/portal\/noticias\/2026\/ayuntamiento-ull-avanzan-creacion-nueva-residencia-guajara\/\" \/>\n<meta property=\"og:site_name\" content=\"ULL - Noticias\" \/>\n<meta property=\"article:publisher\" content=\"https:\/\/www.facebook.com\/universidaddelalaguna\/\" \/>\n<meta property=\"article:published_time\" content=\"2026-02-20T13:54:24+00:00\" \/>\n<meta property=\"og:image\" content=\"https:\/\/www.ull.es\/portal\/noticias\/wp-content\/uploads\/sites\/13\/2026\/02\/rector-ull-alcalde-laguna-reunion.jpg\" \/>\n\t<meta property=\"og:image:width\" content=\"1200\" \/>\n\t<meta property=\"og:image:height\" content=\"798\" \/>\n\t<meta property=\"og:image:type\" content=\"image\/jpeg\" \/>\n<meta name=\"author\" content=\"prensa2\" \/>\n<meta name=\"twitter:card\" content=\"summary_large_image\" \/>\n<meta name=\"twitter:creator\" content=\"@CanalULL\" \/>\n<meta name=\"twitter:site\" content=\"@CanalULL\" \/>\n<meta name=\"twitter:label1\" content=\"Escrito por\" \/>\n\t<meta name=\"twitter:data1\" content=\"prensa2\" \/>\n\t<meta name=\"twitter:label2\" content=\"Tiempo de lectura\" \/>\n\t<meta name=\"twitter:data2\" content=\"4 minutos\" \/>\n<script type=\"application\/ld+json\" class=\"yoast-schema-graph\">{\"@context\":\"https:\/\/schema.org\",\"@graph\":[{\"@type\":\"WebPage\",\"@id\":\"https:\/\/www.ull.es\/portal\/noticias\/2026\/ayuntamiento-ull-avanzan-creacion-nueva-residencia-guajara\/\",\"url\":\"https:\/\/www.ull.es\/portal\/noticias\/2026\/ayuntamiento-ull-avanzan-creacion-nueva-residencia-guajara\/\",\"name\":\"Ayuntamiento y ULL avanzan en la creaci\u00f3n de una residencia\",\"isPartOf\":{\"@id\":\"https:\/\/www.ull.es\/portal\/noticias\/#website\"},\"datePublished\":\"2026-02-20T13:54:24+00:00\",\"dateModified\":\"2026-02-20T13:54:24+00:00\",\"author\":{\"@id\":\"https:\/\/www.ull.es\/portal\/noticias\/#\/schema\/person\/c3b2aa857797592927a03740d6664376\"},\"description\":\"Un informe urban\u00edstico confirma la viabilidad del uso residencial estudiantil en la parcela situada en la Avenida C\u00e9sar Manrique.\",\"breadcrumb\":{\"@id\":\"https:\/\/www.ull.es\/portal\/noticias\/2026\/ayuntamiento-ull-avanzan-creacion-nueva-residencia-guajara\/#breadcrumb\"},\"inLanguage\":\"es\",\"potentialAction\":[{\"@type\":\"ReadAction\",\"target\":[\"https:\/\/www.ull.es\/portal\/noticias\/2026\/ayuntamiento-ull-avanzan-creacion-nueva-residencia-guajara\/\"]}]},{\"@type\":\"BreadcrumbList\",\"@id\":\"https:\/\/www.ull.es\/portal\/noticias\/2026\/ayuntamiento-ull-avanzan-creacion-nueva-residencia-guajara\/#breadcrumb\",\"itemListElement\":[{\"@type\":\"ListItem\",\"position\":1,\"name\":\"Portada\",\"item\":\"https:\/\/www.ull.es\/portal\/noticias\/\"},{\"@type\":\"ListItem\",\"position\":2,\"name\":\"El Ayuntamiento de La Laguna y la ULL avanzan en la creaci\u00f3n de una nueva residencia universitaria en Guajara\"}]},{\"@type\":\"WebSite\",\"@id\":\"https:\/\/www.ull.es\/portal\/noticias\/#website\",\"url\":\"https:\/\/www.ull.es\/portal\/noticias\/\",\"name\":\"ULL - Noticias\",\"description\":\"\",\"potentialAction\":[{\"@type\":\"SearchAction\",\"target\":{\"@type\":\"EntryPoint\",\"urlTemplate\":\"https:\/\/www.ull.es\/portal\/noticias\/?s={search_term_string}\"},\"query-input\":\"required name=search_term_string\"}],\"inLanguage\":\"es\"},{\"@type\":\"Person\",\"@id\":\"https:\/\/www.ull.es\/portal\/noticias\/#\/schema\/person\/c3b2aa857797592927a03740d6664376\",\"name\":\"prensa2\",\"image\":{\"@type\":\"ImageObject\",\"inLanguage\":\"es\",\"@id\":\"https:\/\/www.ull.es\/portal\/noticias\/#\/schema\/person\/image\/\",\"url\":\"https:\/\/secure.gravatar.com\/avatar\/b58f310a5de5feb33d1e026d2493f23c?s=96&d=mm&r=g\",\"contentUrl\":\"https:\/\/secure.gravatar.com\/avatar\/b58f310a5de5feb33d1e026d2493f23c?s=96&d=mm&r=g\",\"caption\":\"prensa2\"},\"url\":\"https:\/\/www.ull.es\/portal\/noticias\/author\/prensa2\/\"}]}<\/script>\n<!-- \/ Yoast SEO plugin. -->","yoast_head_json":{"title":"Ayuntamiento y ULL avanzan en la creaci\u00f3n de una residencia","description":"Un informe urban\u00edstico confirma la viabilidad del uso residencial estudiantil en la parcela situada en la Avenida C\u00e9sar Manrique.","robots":{"index":"index","follow":"follow","max-snippet":"max-snippet:-1","max-image-preview":"max-image-preview:large","max-video-preview":"max-video-preview:-1"},"canonical":"https:\/\/www.ull.es\/portal\/noticias\/2026\/ayuntamiento-ull-avanzan-creacion-nueva-residencia-guajara\/","og_locale":"es_ES","og_type":"article","og_title":"Ayuntamiento y ULL avanzan en la creaci\u00f3n de una residencia","og_description":"Un informe urban\u00edstico confirma la viabilidad del uso residencial estudiantil en la parcela situada en la Avenida C\u00e9sar Manrique.","og_url":"https:\/\/www.ull.es\/portal\/noticias\/2026\/ayuntamiento-ull-avanzan-creacion-nueva-residencia-guajara\/","og_site_name":"ULL - Noticias","article_publisher":"https:\/\/www.facebook.com\/universidaddelalaguna\/","article_published_time":"2026-02-20T13:54:24+00:00","og_image":[{"width":1200,"height":798,"url":"https:\/\/www.ull.es\/portal\/noticias\/wp-content\/uploads\/sites\/13\/2026\/02\/rector-ull-alcalde-laguna-reunion.jpg","type":"image\/jpeg"}],"author":"prensa2","twitter_card":"summary_large_image","twitter_creator":"@CanalULL","twitter_site":"@CanalULL","twitter_misc":{"Escrito por":"prensa2","Tiempo de lectura":"4 minutos"},"schema":{"@context":"https:\/\/schema.org","@graph":[{"@type":"WebPage","@id":"https:\/\/www.ull.es\/portal\/noticias\/2026\/ayuntamiento-ull-avanzan-creacion-nueva-residencia-guajara\/","url":"https:\/\/www.ull.es\/portal\/noticias\/2026\/ayuntamiento-ull-avanzan-creacion-nueva-residencia-guajara\/","name":"Ayuntamiento y ULL avanzan en la creaci\u00f3n de una residencia","isPartOf":{"@id":"https:\/\/www.ull.es\/portal\/noticias\/#website"},"datePublished":"2026-02-20T13:54:24+00:00","dateModified":"2026-02-20T13:54:24+00:00","author":{"@id":"https:\/\/www.ull.es\/portal\/noticias\/#\/schema\/person\/c3b2aa857797592927a03740d6664376"},"description":"Un informe urban\u00edstico confirma la viabilidad del uso residencial estudiantil en la parcela situada en la Avenida C\u00e9sar Manrique.","breadcrumb":{"@id":"https:\/\/www.ull.es\/portal\/noticias\/2026\/ayuntamiento-ull-avanzan-creacion-nueva-residencia-guajara\/#breadcrumb"},"inLanguage":"es","potentialAction":[{"@type":"ReadAction","target":["https:\/\/www.ull.es\/portal\/noticias\/2026\/ayuntamiento-ull-avanzan-creacion-nueva-residencia-guajara\/"]}]},{"@type":"BreadcrumbList","@id":"https:\/\/www.ull.es\/portal\/noticias\/2026\/ayuntamiento-ull-avanzan-creacion-nueva-residencia-guajara\/#breadcrumb","itemListElement":[{"@type":"ListItem","position":1,"name":"Portada","item":"https:\/\/www.ull.es\/portal\/noticias\/"},{"@type":"ListItem","position":2,"name":"El Ayuntamiento de La Laguna y la ULL avanzan en la creaci\u00f3n de una nueva residencia universitaria en Guajara"}]},{"@type":"WebSite","@id":"https:\/\/www.ull.es\/portal\/noticias\/#website","url":"https:\/\/www.ull.es\/portal\/noticias\/","name":"ULL - Noticias","description":"","potentialAction":[{"@type":"SearchAction","target":{"@type":"EntryPoint","urlTemplate":"https:\/\/www.ull.es\/portal\/noticias\/?s={search_term_string}"},"query-input":"required name=search_term_string"}],"inLanguage":"es"},{"@type":"Person","@id":"https:\/\/www.ull.es\/portal\/noticias\/#\/schema\/person\/c3b2aa857797592927a03740d6664376","name":"prensa2","image":{"@type":"ImageObject","inLanguage":"es","@id":"https:\/\/www.ull.es\/portal\/noticias\/#\/schema\/person\/image\/","url":"https:\/\/secure.gravatar.com\/avatar\/b58f310a5de5feb33d1e026d2493f23c?s=96&d=mm&r=g","contentUrl":"https:\/\/secure.gravatar.com\/avatar\/b58f310a5de5feb33d1e026d2493f23c?s=96&d=mm&r=g","caption":"prensa2"},"url":"https:\/\/www.ull.es\/portal\/noticias\/author\/prensa2\/"}]}},"primary_category":{"id":345,"name":"Destacado","slug":"destacado","link":"https:\/\/www.ull.es\/portal\/noticias\/category\/destacado\/"},"featured_image_thumbnail_url":"https:\/\/www.ull.es\/portal\/noticias\/wp-content\/uploads\/sites\/13\/2026\/02\/rector-ull-alcalde-laguna-reunion-300x200.jpg","_links":{"self":[{"href":"https:\/\/www.ull.es\/portal\/noticias\/wp-json\/wp\/v2\/posts\/87087"}],"collection":[{"href":"https:\/\/www.ull.es\/portal\/noticias\/wp-json\/wp\/v2\/posts"}],"about":[{"href":"https:\/\/www.ull.es\/portal\/noticias\/wp-json\/wp\/v2\/types\/post"}],"author":[{"embeddable":true,"href":"https:\/\/www.ull.es\/portal\/noticias\/wp-json\/wp\/v2\/users\/21"}],"replies":[{"embeddable":true,"href":"https:\/\/www.ull.es\/portal\/noticias\/wp-json\/wp\/v2\/comments?post=87087"}],"version-history":[{"count":1,"href":"https:\/\/www.ull.es\/portal\/noticias\/wp-json\/wp\/v2\/posts\/87087\/revisions"}],"predecessor-version":[{"id":87089,"href":"https:\/\/www.ull.es\/portal\/noticias\/wp-json\/wp\/v2\/posts\/87087\/revisions\/87089"}],"wp:featuredmedia":[{"embeddable":true,"href":"https:\/\/www.ull.es\/portal\/noticias\/wp-json\/wp\/v2\/media\/87088"}],"wp:attachment":[{"href":"https:\/\/www.ull.es\/portal\/noticias\/wp-json\/wp\/v2\/media?parent=87087"}],"wp:term":[{"taxonomy":"category","embeddable":true,"href":"https:\/\/www.ull.es\/portal\/noticias\/wp-json\/wp\/v2\/categories?post=87087"},{"taxonomy":"post_tag","embeddable":true,"href":"https:\/\/www.ull.es\/portal\/noticias\/wp-json\/wp\/v2\/tags?post=87087"}],"curies":[{"name":"wp","href":"https:\/\/api.w.org\/{rel}","templated":true}]}}