{"id":87094,"date":"2026-02-23T09:57:38","date_gmt":"2026-02-23T09:57:38","guid":{"rendered":"https:\/\/www.ull.es\/portal\/noticias\/?p=87094"},"modified":"2026-02-23T09:57:38","modified_gmt":"2026-02-23T09:57:38","slug":"quince-anos-escepticos-pub","status":"publish","type":"post","link":"https:\/\/www.ull.es\/portal\/noticias\/2026\/quince-anos-escepticos-pub\/","title":{"rendered":"El Aula Cultural de Divulgaci\u00f3n Cient\u00edfica celebra los quince a\u00f1os de Esc\u00e9pticos en el Pub en Tenerife"},"content":{"rendered":"<p>El pasado 11 de febrero el <a href=\"https:\/\/www.ull.es\/portal\/aulasycatedrasculturales\/aula-cultural-de-divulgacion-cientifica\/\" target=\"_blank\" rel=\"noopener\" target=\"_blank\" rel=\"noopener\">Aula Cultural de Divulgaci\u00f3n Cient\u00edfica<\/a> de la Universidad de La Laguna celebr\u00f3 la cent\u00e9simo vig\u00e9simo quinta edici\u00f3n de su ciclo de conferencias informales de divulgaci\u00f3n \u201c<a href=\"https:\/\/www.facebook.com\/groups\/eeepcanarias\/?fref=ts\" target=\"_blank\" rel=\"noopener\" target=\"_blank\" rel=\"noopener\">Esc\u00e9pticos en el Pub en Tenerife<\/a>\u201d conmemorando el d\u00e9cimo quinto aniversario de su primera sesi\u00f3n, el 11 de febrero de 2011.<\/p>\n<p>Los ponentes de esta edici\u00f3n fueron Beatriz Villa Benito -promotora del ciclo- y <a href=\"https:\/\/www.ull.es\/portal\/cienciaull\/luis-javier-capote-perez\/\" target=\"_blank\" rel=\"noopener\" target=\"_blank\" rel=\"noopener\">Luis Javier Capote P\u00e9rez<\/a> -su coordinador- los cuales rememoraron aquella primera conferencia e hicieron balance de estos tres lustros de divulgaci\u00f3n del conocimiento cient\u00edfico y del pensamiento cr\u00edtico.<\/p>\n<p>\u201cEsc\u00e9pticos en el Pub en Tenerife\u201d fue una propuesta que Villa Benito, en aquel entonces estudiante de la titulaci\u00f3n en medicina en la Universidad de La Laguna, realiz\u00f3 al Aula de Divulgaci\u00f3n Cient\u00edfica para traer a las islas una iniciativa que ya estaba activa en ciudades como Madrid, Barcelona o Bilbao. Lo que empez\u00f3 como una actividad puntual se ha convertido en un ciclo consolidado con quince temporadas -actualmente se desarrolla la d\u00e9cimo sexta- y ciento veinticinco ponencias que han versado sobre todas las ramas del conocimiento.<\/p>\n<p>El ciclo cuenta con la colaboraci\u00f3n del <a href=\"https:\/\/www.ull.es\/portal\/aulasycatedrasculturales\/aula-cultural-radio-campus\" target=\"_blank\" rel=\"noopener\" target=\"_blank\" rel=\"noopener\">Aula Cultural Radio Campus<\/a>, la <a href=\"https:\/\/www.ull.es\/portal\/aulasycatedrasculturales\/francisco-tomas-y-valiente\/\" target=\"_blank\" rel=\"noopener\" target=\"_blank\" rel=\"noopener\">C\u00e1tedra Cultural Francisco Tom\u00e1s y Valiente<\/a>, la asociaci\u00f3n cultural de estudios internacionales <a href=\"https:\/\/www.hacerparaeldesarrollo.com\/\" target=\"_blank\" rel=\"noopener\" target=\"_blank\" rel=\"noopener\">Hacer para el desarrollo<\/a>, Docencia en Derecho Civil, ARP-Sociedad para el avance del pensamiento cr\u00edtico y el pub S\u00f3crates de La Laguna, sede del ciclo y lugar de celebraci\u00f3n de sus ediciones presenciales.<\/p>\n","protected":false},"excerpt":{"rendered":"<p>El pasado 11 de febrero el Aula Cultural de Divulgaci\u00f3n Cient\u00edfica de la Universidad de La Laguna celebr\u00f3 la cent\u00e9simo&#8230;<\/p>\n","protected":false},"author":21,"featured_media":87095,"comment_status":"closed","ping_status":"closed","sticky":false,"template":"","format":"standard","meta":{"inline_featured_image":false,"footnotes":""},"categories":[344,345,2765],"tags":[578,12421,1049,11156,1771],"acf":[],"yoast_head":"<!-- This site is optimized with the Yoast SEO plugin v21.3 - https:\/\/yoast.com\/wordpress\/plugins\/seo\/ -->\n<title>Esc\u00e9pticos en el Pub en Tenerife celebr\u00f3 15 a\u00f1os de andadura<\/title>\n<meta name=\"description\" content=\"Este ciclo de conferencias divulgativas que comenz\u00f3 en febrero de 2011 est\u00e1 auspiciado por el Aula Cultural de Divulgaci\u00f3n Cient\u00edfica ULL.\" \/>\n<meta name=\"robots\" content=\"index, follow, max-snippet:-1, max-image-preview:large, max-video-preview:-1\" \/>\n<link rel=\"canonical\" href=\"https:\/\/www.ull.es\/portal\/noticias\/2026\/quince-anos-escepticos-pub\/\" \/>\n<meta property=\"og:locale\" content=\"es_ES\" \/>\n<meta property=\"og:type\" content=\"article\" \/>\n<meta property=\"og:title\" content=\"Esc\u00e9pticos en el Pub en Tenerife celebr\u00f3 15 a\u00f1os de andadura\" \/>\n<meta property=\"og:description\" content=\"Este ciclo de conferencias divulgativas que comenz\u00f3 en febrero de 2011 est\u00e1 auspiciado por el Aula Cultural de Divulgaci\u00f3n Cient\u00edfica ULL.\" \/>\n<meta property=\"og:url\" content=\"https:\/\/www.ull.es\/portal\/noticias\/2026\/quince-anos-escepticos-pub\/\" \/>\n<meta property=\"og:site_name\" content=\"ULL - Noticias\" \/>\n<meta property=\"article:publisher\" content=\"https:\/\/www.facebook.com\/universidaddelalaguna\/\" \/>\n<meta property=\"article:published_time\" content=\"2026-02-23T09:57:38+00:00\" \/>\n<meta property=\"og:image\" content=\"https:\/\/www.ull.es\/portal\/noticias\/wp-content\/uploads\/sites\/13\/2026\/02\/quince-anios-escepticos.jpg\" \/>\n\t<meta property=\"og:image:width\" content=\"540\" \/>\n\t<meta property=\"og:image:height\" content=\"266\" \/>\n\t<meta property=\"og:image:type\" content=\"image\/jpeg\" \/>\n<meta name=\"author\" content=\"prensa2\" \/>\n<meta name=\"twitter:card\" content=\"summary_large_image\" \/>\n<meta name=\"twitter:creator\" content=\"@CanalULL\" \/>\n<meta name=\"twitter:site\" content=\"@CanalULL\" \/>\n<meta name=\"twitter:label1\" content=\"Escrito por\" \/>\n\t<meta name=\"twitter:data1\" content=\"prensa2\" \/>\n\t<meta name=\"twitter:label2\" content=\"Tiempo de lectura\" \/>\n\t<meta name=\"twitter:data2\" content=\"2 minutos\" \/>\n<script type=\"application\/ld+json\" class=\"yoast-schema-graph\">{\"@context\":\"https:\/\/schema.org\",\"@graph\":[{\"@type\":\"WebPage\",\"@id\":\"https:\/\/www.ull.es\/portal\/noticias\/2026\/quince-anos-escepticos-pub\/\",\"url\":\"https:\/\/www.ull.es\/portal\/noticias\/2026\/quince-anos-escepticos-pub\/\",\"name\":\"Esc\u00e9pticos en el Pub en Tenerife celebr\u00f3 15 a\u00f1os de andadura\",\"isPartOf\":{\"@id\":\"https:\/\/www.ull.es\/portal\/noticias\/#website\"},\"datePublished\":\"2026-02-23T09:57:38+00:00\",\"dateModified\":\"2026-02-23T09:57:38+00:00\",\"author\":{\"@id\":\"https:\/\/www.ull.es\/portal\/noticias\/#\/schema\/person\/c3b2aa857797592927a03740d6664376\"},\"description\":\"Este ciclo de conferencias divulgativas que comenz\u00f3 en febrero de 2011 est\u00e1 auspiciado por el Aula Cultural de Divulgaci\u00f3n Cient\u00edfica ULL.\",\"breadcrumb\":{\"@id\":\"https:\/\/www.ull.es\/portal\/noticias\/2026\/quince-anos-escepticos-pub\/#breadcrumb\"},\"inLanguage\":\"es\",\"potentialAction\":[{\"@type\":\"ReadAction\",\"target\":[\"https:\/\/www.ull.es\/portal\/noticias\/2026\/quince-anos-escepticos-pub\/\"]}]},{\"@type\":\"BreadcrumbList\",\"@id\":\"https:\/\/www.ull.es\/portal\/noticias\/2026\/quince-anos-escepticos-pub\/#breadcrumb\",\"itemListElement\":[{\"@type\":\"ListItem\",\"position\":1,\"name\":\"Portada\",\"item\":\"https:\/\/www.ull.es\/portal\/noticias\/\"},{\"@type\":\"ListItem\",\"position\":2,\"name\":\"El Aula Cultural de Divulgaci\u00f3n Cient\u00edfica celebra los quince a\u00f1os de Esc\u00e9pticos en el Pub en Tenerife\"}]},{\"@type\":\"WebSite\",\"@id\":\"https:\/\/www.ull.es\/portal\/noticias\/#website\",\"url\":\"https:\/\/www.ull.es\/portal\/noticias\/\",\"name\":\"ULL - Noticias\",\"description\":\"\",\"potentialAction\":[{\"@type\":\"SearchAction\",\"target\":{\"@type\":\"EntryPoint\",\"urlTemplate\":\"https:\/\/www.ull.es\/portal\/noticias\/?s={search_term_string}\"},\"query-input\":\"required name=search_term_string\"}],\"inLanguage\":\"es\"},{\"@type\":\"Person\",\"@id\":\"https:\/\/www.ull.es\/portal\/noticias\/#\/schema\/person\/c3b2aa857797592927a03740d6664376\",\"name\":\"prensa2\",\"image\":{\"@type\":\"ImageObject\",\"inLanguage\":\"es\",\"@id\":\"https:\/\/www.ull.es\/portal\/noticias\/#\/schema\/person\/image\/\",\"url\":\"https:\/\/secure.gravatar.com\/avatar\/b58f310a5de5feb33d1e026d2493f23c?s=96&d=mm&r=g\",\"contentUrl\":\"https:\/\/secure.gravatar.com\/avatar\/b58f310a5de5feb33d1e026d2493f23c?s=96&d=mm&r=g\",\"caption\":\"prensa2\"},\"url\":\"https:\/\/www.ull.es\/portal\/noticias\/author\/prensa2\/\"}]}<\/script>\n<!-- \/ Yoast SEO plugin. -->","yoast_head_json":{"title":"Esc\u00e9pticos en el Pub en Tenerife celebr\u00f3 15 a\u00f1os de andadura","description":"Este ciclo de conferencias divulgativas que comenz\u00f3 en febrero de 2011 est\u00e1 auspiciado por el Aula Cultural de Divulgaci\u00f3n Cient\u00edfica ULL.","robots":{"index":"index","follow":"follow","max-snippet":"max-snippet:-1","max-image-preview":"max-image-preview:large","max-video-preview":"max-video-preview:-1"},"canonical":"https:\/\/www.ull.es\/portal\/noticias\/2026\/quince-anos-escepticos-pub\/","og_locale":"es_ES","og_type":"article","og_title":"Esc\u00e9pticos en el Pub en Tenerife celebr\u00f3 15 a\u00f1os de andadura","og_description":"Este ciclo de conferencias divulgativas que comenz\u00f3 en febrero de 2011 est\u00e1 auspiciado por el Aula Cultural de Divulgaci\u00f3n Cient\u00edfica ULL.","og_url":"https:\/\/www.ull.es\/portal\/noticias\/2026\/quince-anos-escepticos-pub\/","og_site_name":"ULL - Noticias","article_publisher":"https:\/\/www.facebook.com\/universidaddelalaguna\/","article_published_time":"2026-02-23T09:57:38+00:00","og_image":[{"width":540,"height":266,"url":"https:\/\/www.ull.es\/portal\/noticias\/wp-content\/uploads\/sites\/13\/2026\/02\/quince-anios-escepticos.jpg","type":"image\/jpeg"}],"author":"prensa2","twitter_card":"summary_large_image","twitter_creator":"@CanalULL","twitter_site":"@CanalULL","twitter_misc":{"Escrito por":"prensa2","Tiempo de lectura":"2 minutos"},"schema":{"@context":"https:\/\/schema.org","@graph":[{"@type":"WebPage","@id":"https:\/\/www.ull.es\/portal\/noticias\/2026\/quince-anos-escepticos-pub\/","url":"https:\/\/www.ull.es\/portal\/noticias\/2026\/quince-anos-escepticos-pub\/","name":"Esc\u00e9pticos en el Pub en Tenerife celebr\u00f3 15 a\u00f1os de andadura","isPartOf":{"@id":"https:\/\/www.ull.es\/portal\/noticias\/#website"},"datePublished":"2026-02-23T09:57:38+00:00","dateModified":"2026-02-23T09:57:38+00:00","author":{"@id":"https:\/\/www.ull.es\/portal\/noticias\/#\/schema\/person\/c3b2aa857797592927a03740d6664376"},"description":"Este ciclo de conferencias divulgativas que comenz\u00f3 en febrero de 2011 est\u00e1 auspiciado por el Aula Cultural de Divulgaci\u00f3n Cient\u00edfica ULL.","breadcrumb":{"@id":"https:\/\/www.ull.es\/portal\/noticias\/2026\/quince-anos-escepticos-pub\/#breadcrumb"},"inLanguage":"es","potentialAction":[{"@type":"ReadAction","target":["https:\/\/www.ull.es\/portal\/noticias\/2026\/quince-anos-escepticos-pub\/"]}]},{"@type":"BreadcrumbList","@id":"https:\/\/www.ull.es\/portal\/noticias\/2026\/quince-anos-escepticos-pub\/#breadcrumb","itemListElement":[{"@type":"ListItem","position":1,"name":"Portada","item":"https:\/\/www.ull.es\/portal\/noticias\/"},{"@type":"ListItem","position":2,"name":"El Aula Cultural de Divulgaci\u00f3n Cient\u00edfica celebra los quince a\u00f1os de Esc\u00e9pticos en el Pub en Tenerife"}]},{"@type":"WebSite","@id":"https:\/\/www.ull.es\/portal\/noticias\/#website","url":"https:\/\/www.ull.es\/portal\/noticias\/","name":"ULL - Noticias","description":"","potentialAction":[{"@type":"SearchAction","target":{"@type":"EntryPoint","urlTemplate":"https:\/\/www.ull.es\/portal\/noticias\/?s={search_term_string}"},"query-input":"required name=search_term_string"}],"inLanguage":"es"},{"@type":"Person","@id":"https:\/\/www.ull.es\/portal\/noticias\/#\/schema\/person\/c3b2aa857797592927a03740d6664376","name":"prensa2","image":{"@type":"ImageObject","inLanguage":"es","@id":"https:\/\/www.ull.es\/portal\/noticias\/#\/schema\/person\/image\/","url":"https:\/\/secure.gravatar.com\/avatar\/b58f310a5de5feb33d1e026d2493f23c?s=96&d=mm&r=g","contentUrl":"https:\/\/secure.gravatar.com\/avatar\/b58f310a5de5feb33d1e026d2493f23c?s=96&d=mm&r=g","caption":"prensa2"},"url":"https:\/\/www.ull.es\/portal\/noticias\/author\/prensa2\/"}]}},"primary_category":{"id":345,"name":"Destacado","slug":"destacado","link":"https:\/\/www.ull.es\/portal\/noticias\/category\/destacado\/"},"featured_image_thumbnail_url":"https:\/\/www.ull.es\/portal\/noticias\/wp-content\/uploads\/sites\/13\/2026\/02\/quince-anios-escepticos-300x148.jpg","_links":{"self":[{"href":"https:\/\/www.ull.es\/portal\/noticias\/wp-json\/wp\/v2\/posts\/87094"}],"collection":[{"href":"https:\/\/www.ull.es\/portal\/noticias\/wp-json\/wp\/v2\/posts"}],"about":[{"href":"https:\/\/www.ull.es\/portal\/noticias\/wp-json\/wp\/v2\/types\/post"}],"author":[{"embeddable":true,"href":"https:\/\/www.ull.es\/portal\/noticias\/wp-json\/wp\/v2\/users\/21"}],"replies":[{"embeddable":true,"href":"https:\/\/www.ull.es\/portal\/noticias\/wp-json\/wp\/v2\/comments?post=87094"}],"version-history":[{"count":1,"href":"https:\/\/www.ull.es\/portal\/noticias\/wp-json\/wp\/v2\/posts\/87094\/revisions"}],"predecessor-version":[{"id":87096,"href":"https:\/\/www.ull.es\/portal\/noticias\/wp-json\/wp\/v2\/posts\/87094\/revisions\/87096"}],"wp:featuredmedia":[{"embeddable":true,"href":"https:\/\/www.ull.es\/portal\/noticias\/wp-json\/wp\/v2\/media\/87095"}],"wp:attachment":[{"href":"https:\/\/www.ull.es\/portal\/noticias\/wp-json\/wp\/v2\/media?parent=87094"}],"wp:term":[{"taxonomy":"category","embeddable":true,"href":"https:\/\/www.ull.es\/portal\/noticias\/wp-json\/wp\/v2\/categories?post=87094"},{"taxonomy":"post_tag","embeddable":true,"href":"https:\/\/www.ull.es\/portal\/noticias\/wp-json\/wp\/v2\/tags?post=87094"}],"curies":[{"name":"wp","href":"https:\/\/api.w.org\/{rel}","templated":true}]}}