{"id":87311,"date":"2026-03-05T11:33:56","date_gmt":"2026-03-05T11:33:56","guid":{"rendered":"https:\/\/www.ull.es\/portal\/noticias\/?p=87311"},"modified":"2026-03-05T11:33:56","modified_gmt":"2026-03-05T11:33:56","slug":"la-biblioteca-de-la-ull-ofrece-una-formacion-sobre-la-base-de-datos-scopus-en-el-mes-de-marzo","status":"publish","type":"post","link":"https:\/\/www.ull.es\/portal\/noticias\/2026\/la-biblioteca-de-la-ull-ofrece-una-formacion-sobre-la-base-de-datos-scopus-en-el-mes-de-marzo\/","title":{"rendered":"La Biblioteca de la ULL ofrece una formaci\u00f3n sobre la base de datos Scopus en el mes de marzo"},"content":{"rendered":"<p dir=\"ltr\">La FECYT junto con Elsevier ha organizado para este mes de marzo la misma formaci\u00f3n que ya dio el pasado mes. Se trata de una formaci\u00f3n online gratuita y en espa\u00f1ol, enmarcada dentro del I Ciclo de Formaci\u00f3n Online de la base de datos de Scopus.<\/p>\n<p dir=\"ltr\">Cuenta con cinco sesiones impartidas entre los d\u00edas\u00a016 y el 20 de marzo\u00a0de 2026<\/p>\n<ul>\n<li dir=\"ltr\">B\u00fasqueda de documentos en Scopus<\/li>\n<li dir=\"ltr\">Perfil de autor y organizaciones en Scopus<\/li>\n<li dir=\"ltr\">C\u00f3mo identificar las revistas m\u00e1s importantes en Scopus<\/li>\n<li dir=\"ltr\">Seminario de autores en Scopus<\/li>\n<li dir=\"ltr\">C\u00f3mo identificar el impacto de la producci\u00f3n cient\u00edfica de un autor con Scopus<\/li>\n<li style=\"list-style-type: none;\"><\/li>\n<\/ul>\n<p dir=\"ltr\">Esta formaci\u00f3n est\u00e1 abierta al alumnado y PDI que forman parte de cualquier\u00a0instituci\u00f3n de I+D+i espa\u00f1olas con licencia en Scopus, y cuente con un\u00a0mail institucional\u00a0con el que inscribirse.<\/p>\n<p dir=\"ltr\">La inscripci\u00f3n ya se encuentra abierta y ser\u00e1 requisito indispensable para obtener el certificado FECYT, responder al 100% de las cuestiones planteadas por los formadores durante la sesi\u00f3n en directo.<\/p>\n<p dir=\"ltr\">Pueden encontrar la convocatoria completa de las jornadas de formaci\u00f3n, informaci\u00f3n sobre la nueva estructura de las jornadas, as\u00ed como m\u00e1s detalles sobre la obtenci\u00f3n del certificado, en\u00a0<a href=\"https:\/\/urldefense.com\/v3\/__https:\/\/www.recursoscientificos.fecyt.es\/noticias\/i-ciclo-de-formacion-online-scopus-jornadas-de-febrero-2026__;!!D9dNQwwGXtA!S80gdbOzzm5xBOQuowJmQWwQNEZ80Wbf5gY337dSsJv1ushTmshllE8dQpvUmAk8RelqhV4EGQ_ayME$\" target=\"_blank\" rel=\"noopener\" data-saferedirecturl=\"https:\/\/www.google.com\/url?q=https:\/\/urldefense.com\/v3\/__https:\/\/www.recursoscientificos.fecyt.es\/noticias\/i-ciclo-de-formacion-online-scopus-jornadas-de-febrero-2026__;!!D9dNQwwGXtA!S80gdbOzzm5xBOQuowJmQWwQNEZ80Wbf5gY337dSsJv1ushTmshllE8dQpvUmAk8RelqhV4EGQ_ayME$&amp;source=gmail&amp;ust=1772786292424000&amp;usg=AOvVaw2PDPq5NTKqKEcSO5gVzlyC\" target=\"_blank\" rel=\"noopener\">este enlace<\/a><\/p>\n","protected":false},"excerpt":{"rendered":"<p>La FECYT junto con Elsevier ha organizado para este mes de marzo la misma formaci\u00f3n que ya dio el pasado&#8230;<\/p>\n","protected":false},"author":117,"featured_media":68233,"comment_status":"closed","ping_status":"closed","sticky":false,"template":"","format":"standard","meta":{"inline_featured_image":false,"footnotes":""},"categories":[4534],"tags":[],"acf":[],"yoast_head":"<!-- This site is optimized with the Yoast SEO plugin v21.3 - https:\/\/yoast.com\/wordpress\/plugins\/seo\/ -->\n<title>La Biblioteca de la ULL ofrece una formaci\u00f3n sobre la base de datos Scopus en el mes de marzo - ULL - Noticias<\/title>\n<meta name=\"robots\" content=\"index, follow, max-snippet:-1, max-image-preview:large, max-video-preview:-1\" \/>\n<link rel=\"canonical\" href=\"https:\/\/www.ull.es\/portal\/noticias\/2026\/la-biblioteca-de-la-ull-ofrece-una-formacion-sobre-la-base-de-datos-scopus-en-el-mes-de-marzo\/\" \/>\n<meta property=\"og:locale\" content=\"es_ES\" \/>\n<meta property=\"og:type\" content=\"article\" \/>\n<meta property=\"og:title\" content=\"La Biblioteca de la ULL ofrece una formaci\u00f3n sobre la base de datos Scopus en el mes de marzo - ULL - Noticias\" \/>\n<meta property=\"og:description\" content=\"La FECYT junto con Elsevier ha organizado para este mes de marzo la misma formaci\u00f3n que ya dio el pasado...\" \/>\n<meta property=\"og:url\" content=\"https:\/\/www.ull.es\/portal\/noticias\/2026\/la-biblioteca-de-la-ull-ofrece-una-formacion-sobre-la-base-de-datos-scopus-en-el-mes-de-marzo\/\" \/>\n<meta property=\"og:site_name\" content=\"ULL - Noticias\" \/>\n<meta property=\"article:publisher\" content=\"https:\/\/www.facebook.com\/universidaddelalaguna\/\" \/>\n<meta property=\"article:published_time\" content=\"2026-03-05T11:33:56+00:00\" \/>\n<meta property=\"og:image\" content=\"https:\/\/www.ull.es\/portal\/noticias\/wp-content\/uploads\/sites\/13\/2023\/03\/scopus-1.jpg\" \/>\n\t<meta property=\"og:image:width\" content=\"678\" \/>\n\t<meta property=\"og:image:height\" content=\"339\" \/>\n\t<meta property=\"og:image:type\" content=\"image\/jpeg\" \/>\n<meta name=\"author\" content=\"fgmgarciap\" \/>\n<meta name=\"twitter:card\" content=\"summary_large_image\" \/>\n<meta name=\"twitter:creator\" content=\"@CanalULL\" \/>\n<meta name=\"twitter:site\" content=\"@CanalULL\" \/>\n<meta name=\"twitter:label1\" content=\"Escrito por\" \/>\n\t<meta name=\"twitter:data1\" content=\"fgmgarciap\" \/>\n\t<meta name=\"twitter:label2\" content=\"Tiempo de lectura\" \/>\n\t<meta name=\"twitter:data2\" content=\"1 minuto\" \/>\n<script type=\"application\/ld+json\" class=\"yoast-schema-graph\">{\"@context\":\"https:\/\/schema.org\",\"@graph\":[{\"@type\":\"WebPage\",\"@id\":\"https:\/\/www.ull.es\/portal\/noticias\/2026\/la-biblioteca-de-la-ull-ofrece-una-formacion-sobre-la-base-de-datos-scopus-en-el-mes-de-marzo\/\",\"url\":\"https:\/\/www.ull.es\/portal\/noticias\/2026\/la-biblioteca-de-la-ull-ofrece-una-formacion-sobre-la-base-de-datos-scopus-en-el-mes-de-marzo\/\",\"name\":\"La Biblioteca de la ULL ofrece una formaci\u00f3n sobre la base de datos Scopus en el mes de marzo - ULL - Noticias\",\"isPartOf\":{\"@id\":\"https:\/\/www.ull.es\/portal\/noticias\/#website\"},\"datePublished\":\"2026-03-05T11:33:56+00:00\",\"dateModified\":\"2026-03-05T11:33:56+00:00\",\"author\":{\"@id\":\"https:\/\/www.ull.es\/portal\/noticias\/#\/schema\/person\/846d89d17f66084807e31cc493c050df\"},\"breadcrumb\":{\"@id\":\"https:\/\/www.ull.es\/portal\/noticias\/2026\/la-biblioteca-de-la-ull-ofrece-una-formacion-sobre-la-base-de-datos-scopus-en-el-mes-de-marzo\/#breadcrumb\"},\"inLanguage\":\"es\",\"potentialAction\":[{\"@type\":\"ReadAction\",\"target\":[\"https:\/\/www.ull.es\/portal\/noticias\/2026\/la-biblioteca-de-la-ull-ofrece-una-formacion-sobre-la-base-de-datos-scopus-en-el-mes-de-marzo\/\"]}]},{\"@type\":\"BreadcrumbList\",\"@id\":\"https:\/\/www.ull.es\/portal\/noticias\/2026\/la-biblioteca-de-la-ull-ofrece-una-formacion-sobre-la-base-de-datos-scopus-en-el-mes-de-marzo\/#breadcrumb\",\"itemListElement\":[{\"@type\":\"ListItem\",\"position\":1,\"name\":\"Portada\",\"item\":\"https:\/\/www.ull.es\/portal\/noticias\/\"},{\"@type\":\"ListItem\",\"position\":2,\"name\":\"La Biblioteca de la ULL ofrece una formaci\u00f3n sobre la base de datos Scopus en el mes de marzo\"}]},{\"@type\":\"WebSite\",\"@id\":\"https:\/\/www.ull.es\/portal\/noticias\/#website\",\"url\":\"https:\/\/www.ull.es\/portal\/noticias\/\",\"name\":\"ULL - Noticias\",\"description\":\"\",\"potentialAction\":[{\"@type\":\"SearchAction\",\"target\":{\"@type\":\"EntryPoint\",\"urlTemplate\":\"https:\/\/www.ull.es\/portal\/noticias\/?s={search_term_string}\"},\"query-input\":\"required name=search_term_string\"}],\"inLanguage\":\"es\"},{\"@type\":\"Person\",\"@id\":\"https:\/\/www.ull.es\/portal\/noticias\/#\/schema\/person\/846d89d17f66084807e31cc493c050df\",\"name\":\"fgmgarciap\",\"image\":{\"@type\":\"ImageObject\",\"inLanguage\":\"es\",\"@id\":\"https:\/\/www.ull.es\/portal\/noticias\/#\/schema\/person\/image\/\",\"url\":\"https:\/\/secure.gravatar.com\/avatar\/9bca052f95fc53ecf42d4bc70ce0618b?s=96&d=mm&r=g\",\"contentUrl\":\"https:\/\/secure.gravatar.com\/avatar\/9bca052f95fc53ecf42d4bc70ce0618b?s=96&d=mm&r=g\",\"caption\":\"fgmgarciap\"},\"url\":\"https:\/\/www.ull.es\/portal\/noticias\/author\/fgmgarciap\/\"}]}<\/script>\n<!-- \/ Yoast SEO plugin. -->","yoast_head_json":{"title":"La Biblioteca de la ULL ofrece una formaci\u00f3n sobre la base de datos Scopus en el mes de marzo - ULL - Noticias","robots":{"index":"index","follow":"follow","max-snippet":"max-snippet:-1","max-image-preview":"max-image-preview:large","max-video-preview":"max-video-preview:-1"},"canonical":"https:\/\/www.ull.es\/portal\/noticias\/2026\/la-biblioteca-de-la-ull-ofrece-una-formacion-sobre-la-base-de-datos-scopus-en-el-mes-de-marzo\/","og_locale":"es_ES","og_type":"article","og_title":"La Biblioteca de la ULL ofrece una formaci\u00f3n sobre la base de datos Scopus en el mes de marzo - ULL - Noticias","og_description":"La FECYT junto con Elsevier ha organizado para este mes de marzo la misma formaci\u00f3n que ya dio el pasado...","og_url":"https:\/\/www.ull.es\/portal\/noticias\/2026\/la-biblioteca-de-la-ull-ofrece-una-formacion-sobre-la-base-de-datos-scopus-en-el-mes-de-marzo\/","og_site_name":"ULL - Noticias","article_publisher":"https:\/\/www.facebook.com\/universidaddelalaguna\/","article_published_time":"2026-03-05T11:33:56+00:00","og_image":[{"width":678,"height":339,"url":"https:\/\/www.ull.es\/portal\/noticias\/wp-content\/uploads\/sites\/13\/2023\/03\/scopus-1.jpg","type":"image\/jpeg"}],"author":"fgmgarciap","twitter_card":"summary_large_image","twitter_creator":"@CanalULL","twitter_site":"@CanalULL","twitter_misc":{"Escrito por":"fgmgarciap","Tiempo de lectura":"1 minuto"},"schema":{"@context":"https:\/\/schema.org","@graph":[{"@type":"WebPage","@id":"https:\/\/www.ull.es\/portal\/noticias\/2026\/la-biblioteca-de-la-ull-ofrece-una-formacion-sobre-la-base-de-datos-scopus-en-el-mes-de-marzo\/","url":"https:\/\/www.ull.es\/portal\/noticias\/2026\/la-biblioteca-de-la-ull-ofrece-una-formacion-sobre-la-base-de-datos-scopus-en-el-mes-de-marzo\/","name":"La Biblioteca de la ULL ofrece una formaci\u00f3n sobre la base de datos Scopus en el mes de marzo - ULL - Noticias","isPartOf":{"@id":"https:\/\/www.ull.es\/portal\/noticias\/#website"},"datePublished":"2026-03-05T11:33:56+00:00","dateModified":"2026-03-05T11:33:56+00:00","author":{"@id":"https:\/\/www.ull.es\/portal\/noticias\/#\/schema\/person\/846d89d17f66084807e31cc493c050df"},"breadcrumb":{"@id":"https:\/\/www.ull.es\/portal\/noticias\/2026\/la-biblioteca-de-la-ull-ofrece-una-formacion-sobre-la-base-de-datos-scopus-en-el-mes-de-marzo\/#breadcrumb"},"inLanguage":"es","potentialAction":[{"@type":"ReadAction","target":["https:\/\/www.ull.es\/portal\/noticias\/2026\/la-biblioteca-de-la-ull-ofrece-una-formacion-sobre-la-base-de-datos-scopus-en-el-mes-de-marzo\/"]}]},{"@type":"BreadcrumbList","@id":"https:\/\/www.ull.es\/portal\/noticias\/2026\/la-biblioteca-de-la-ull-ofrece-una-formacion-sobre-la-base-de-datos-scopus-en-el-mes-de-marzo\/#breadcrumb","itemListElement":[{"@type":"ListItem","position":1,"name":"Portada","item":"https:\/\/www.ull.es\/portal\/noticias\/"},{"@type":"ListItem","position":2,"name":"La Biblioteca de la ULL ofrece una formaci\u00f3n sobre la base de datos Scopus en el mes de marzo"}]},{"@type":"WebSite","@id":"https:\/\/www.ull.es\/portal\/noticias\/#website","url":"https:\/\/www.ull.es\/portal\/noticias\/","name":"ULL - Noticias","description":"","potentialAction":[{"@type":"SearchAction","target":{"@type":"EntryPoint","urlTemplate":"https:\/\/www.ull.es\/portal\/noticias\/?s={search_term_string}"},"query-input":"required name=search_term_string"}],"inLanguage":"es"},{"@type":"Person","@id":"https:\/\/www.ull.es\/portal\/noticias\/#\/schema\/person\/846d89d17f66084807e31cc493c050df","name":"fgmgarciap","image":{"@type":"ImageObject","inLanguage":"es","@id":"https:\/\/www.ull.es\/portal\/noticias\/#\/schema\/person\/image\/","url":"https:\/\/secure.gravatar.com\/avatar\/9bca052f95fc53ecf42d4bc70ce0618b?s=96&d=mm&r=g","contentUrl":"https:\/\/secure.gravatar.com\/avatar\/9bca052f95fc53ecf42d4bc70ce0618b?s=96&d=mm&r=g","caption":"fgmgarciap"},"url":"https:\/\/www.ull.es\/portal\/noticias\/author\/fgmgarciap\/"}]}},"primary_category":{"id":4534,"name":"Biblioteca Universitaria","slug":"biblioteca-universitaria","link":"https:\/\/www.ull.es\/portal\/noticias\/category\/servicios\/biblioteca-universitaria\/"},"featured_image_thumbnail_url":"https:\/\/www.ull.es\/portal\/noticias\/wp-content\/uploads\/sites\/13\/2023\/03\/scopus-1-300x150.jpg","_links":{"self":[{"href":"https:\/\/www.ull.es\/portal\/noticias\/wp-json\/wp\/v2\/posts\/87311"}],"collection":[{"href":"https:\/\/www.ull.es\/portal\/noticias\/wp-json\/wp\/v2\/posts"}],"about":[{"href":"https:\/\/www.ull.es\/portal\/noticias\/wp-json\/wp\/v2\/types\/post"}],"author":[{"embeddable":true,"href":"https:\/\/www.ull.es\/portal\/noticias\/wp-json\/wp\/v2\/users\/117"}],"replies":[{"embeddable":true,"href":"https:\/\/www.ull.es\/portal\/noticias\/wp-json\/wp\/v2\/comments?post=87311"}],"version-history":[{"count":1,"href":"https:\/\/www.ull.es\/portal\/noticias\/wp-json\/wp\/v2\/posts\/87311\/revisions"}],"predecessor-version":[{"id":87312,"href":"https:\/\/www.ull.es\/portal\/noticias\/wp-json\/wp\/v2\/posts\/87311\/revisions\/87312"}],"wp:featuredmedia":[{"embeddable":true,"href":"https:\/\/www.ull.es\/portal\/noticias\/wp-json\/wp\/v2\/media\/68233"}],"wp:attachment":[{"href":"https:\/\/www.ull.es\/portal\/noticias\/wp-json\/wp\/v2\/media?parent=87311"}],"wp:term":[{"taxonomy":"category","embeddable":true,"href":"https:\/\/www.ull.es\/portal\/noticias\/wp-json\/wp\/v2\/categories?post=87311"},{"taxonomy":"post_tag","embeddable":true,"href":"https:\/\/www.ull.es\/portal\/noticias\/wp-json\/wp\/v2\/tags?post=87311"}],"curies":[{"name":"wp","href":"https:\/\/api.w.org\/{rel}","templated":true}]}}