{"id":87408,"date":"2026-03-10T08:55:26","date_gmt":"2026-03-10T08:55:26","guid":{"rendered":"https:\/\/www.ull.es\/portal\/noticias\/?p=87408"},"modified":"2026-03-10T08:55:26","modified_gmt":"2026-03-10T08:55:26","slug":"seminario-proyecto-viviendas-amables-personas-discapacidad-intelectual","status":"publish","type":"post","link":"https:\/\/www.ull.es\/portal\/noticias\/2026\/seminario-proyecto-viviendas-amables-personas-discapacidad-intelectual\/","title":{"rendered":"La ULL acoge un seminario de un proyecto sobre viviendas amables para personas con discapacidad intelectual"},"content":{"rendered":"<p>La Facultad de Ciencias Sociales y de la Comunicaci\u00f3n celebr\u00f3 los d\u00edas 5 y 6 de marzo el seminario \u201cViviendas amables para personas con discapacidad intelectual desde la perspectiva de agentes clave\u201d, enmarcado en el proyecto de investigaci\u00f3n Fri-Housing, dirigido por las profesoras Rosa D\u00edaz, de la Universidad Pablo de Olavide, y Yolanda de la Fuente, de la Universidad de Ja\u00e9n. En la Universidad de La Laguna el equipo investigador est\u00e1 coordinado por la profesora <a href=\"https:\/\/portalciencia.ull.es\/investigadores\/81557\/detalle\" target=\"_blank\" rel=\"noopener\" target=\"_blank\" rel=\"noopener\">Celsa C\u00e1ceres<\/a>, del \u00e1rea de Trabajo Social y Servicios Sociales.<\/p>\n<p>El encuentro reuni\u00f3 a equipos investigadores, profesionales del \u00e1mbito social, entidades vinculadas a la discapacidad y personas que han participado en el estudio, con el objetivo de avanzar en el desarrollo conceptual y metodol\u00f3gico del proyecto y compartir resultados con la comunidad. Fri-Housing busca generar herramientas que permitan identificar y evaluar las caracter\u00edsticas que deben reunir los entornos residenciales para favorecer una vida independiente y plenamente integrada en la comunidad de las personas con discapacidad intelectual.<\/p>\n<p><strong>Una primera propuesta<\/strong><\/p>\n<p>La primera jornada, celebrada el jueves 5 de marzo, estuvo dedicada al trabajo t\u00e9cnico del equipo investigador. Durante esta sesi\u00f3n se revisaron los avances del proyecto y se present\u00f3 la primera versi\u00f3n del prototipo de escala destinada a evaluar el grado de \u201camabilidad\u201d de las viviendas, tanto en aquellas ya existentes como en las que puedan dise\u00f1arse en el futuro.<\/p>\n<p>Esta herramienta pretende traducir en indicadores concretos las caracter\u00edsticas que deben reunir los espacios residenciales para favorecer la autonom\u00eda, la accesibilidad y la inclusi\u00f3n social de las personas con discapacidad intelectual. El desarrollo de esta escala constituye uno de los principales resultados del proyecto y permitir\u00e1, en fases posteriores, evaluar distintas alternativas habitacionales y orientar el dise\u00f1o de nuevos modelos de vivienda.<\/p>\n<div id=\"attachment_87410\" style=\"width: 310px\" class=\"wp-caption alignleft\"><a href=\"https:\/\/www.ull.es\/portal\/noticias\/wp-content\/uploads\/sites\/13\/2026\/03\/Seminario-vivienda-11.jpg\" target=\"_blank\" rel=\"noopener\" target=\"_blank\" rel=\"noopener\"><img aria-describedby=\"caption-attachment-87410\" decoding=\"async\" loading=\"lazy\" class=\"wp-image-87410 size-medium\" src=\"https:\/\/www.ull.es\/portal\/noticias\/wp-content\/uploads\/sites\/13\/2026\/03\/Seminario-vivienda-11-300x200.jpg\" alt=\"Celsa C\u00e1ceres (i) y Rosa D\u00edaz (d).\" width=\"300\" height=\"200\" srcset=\"https:\/\/www.ull.es\/portal\/noticias\/wp-content\/uploads\/sites\/13\/2026\/03\/Seminario-vivienda-11-300x200.jpg 300w, https:\/\/www.ull.es\/portal\/noticias\/wp-content\/uploads\/sites\/13\/2026\/03\/Seminario-vivienda-11-1024x683.jpg 1024w, https:\/\/www.ull.es\/portal\/noticias\/wp-content\/uploads\/sites\/13\/2026\/03\/Seminario-vivienda-11-768x512.jpg 768w, https:\/\/www.ull.es\/portal\/noticias\/wp-content\/uploads\/sites\/13\/2026\/03\/Seminario-vivienda-11-375x250.jpg 375w, https:\/\/www.ull.es\/portal\/noticias\/wp-content\/uploads\/sites\/13\/2026\/03\/Seminario-vivienda-11-750x500.jpg 750w, https:\/\/www.ull.es\/portal\/noticias\/wp-content\/uploads\/sites\/13\/2026\/03\/Seminario-vivienda-11-1140x760.jpg 1140w, https:\/\/www.ull.es\/portal\/noticias\/wp-content\/uploads\/sites\/13\/2026\/03\/Seminario-vivienda-11.jpg 1200w\" sizes=\"(max-width: 300px) 100vw, 300px\" \/><\/a><p id=\"caption-attachment-87410\" class=\"wp-caption-text\">Celsa C\u00e1ceres (i) y Rosa D\u00edaz (d).<\/p><\/div>\n<p><strong>Devolver los resultados<\/strong><\/p>\n<p>La jornada del viernes 6 de marzo tuvo un car\u00e1cter abierto y participativo. El decano de la Facultad de Ciencias Sociales y de la Comunicaci\u00f3n, Jos\u00e9 Antonio Batista, dio la bienvenida a las personas asistentes e inaugur\u00f3 la sesi\u00f3n, que reuni\u00f3 a profesionales, entidades sociales, personas participantes en los grupos focales y p\u00fablico interesado.<\/p>\n<p>Concebido como un seminario de transferencia, el encuentro tuvo como objetivo devolver a la poblaci\u00f3n participante los resultados obtenidos y reflexionar conjuntamente sobre la experiencia desarrollada, con vistas a la siguiente fase del proyecto. Durante la sesi\u00f3n se presentaron los resultados del trabajo realizado en Canarias, seguido de espacios de di\u00e1logo y mesas de experiencias en las que participaron personas implicadas en el proceso de investigaci\u00f3n. Estas actividades permitieron contrastar los hallazgos con la experiencia directa de los participantes y recoger nuevas aportaciones para el desarrollo de la herramienta de evaluaci\u00f3n y de futuros modelos residenciales m\u00e1s inclusivos.<\/p>\n<p><strong>Conclusiones en Canarias<\/strong><\/p>\n<p>Los resultados obtenidos en Canarias apuntan a que las viviendas verdaderamente amables para personas con discapacidad intelectual deben dise\u00f1arse desde un enfoque integral, que tenga en cuenta tanto las caracter\u00edsticas del espacio residencial como su relaci\u00f3n con el entorno comunitario.<\/p>\n<p>Entre los aspectos m\u00e1s relevantes identificados destacan el hecho de potenciar la autonom\u00eda personal, favoreciendo entornos que permitan a las personas desarrollar su proyecto de vida con el mayor grado posible de independencia.<\/p>\n<p>Tambi\u00e9n es relevante aplicar los principios del dise\u00f1o universal, incorporando todos los recursos necesarios para garantizar una accesibilidad completa, no solo f\u00edsica, sino tambi\u00e9n sensorial y cognitiva.<\/p>\n<p>Otro punto importante es ubicar las viviendas en barrios con servicios de proximidad, que faciliten la movilidad cotidiana, el acceso a recursos y la interacci\u00f3n con el vecindario, as\u00ed como favorecer las relaciones interpersonales y la participaci\u00f3n comunitaria, como elemento clave para una inclusi\u00f3n social aut\u00e9ntica.<\/p>\n<p>Estos resultados refuerzan la idea de que el concepto de vivienda amable no se limita a las condiciones f\u00edsicas del inmueble, sino que incluye tambi\u00e9n la calidad del entorno urbano y comunitario en el que se inserta.<\/p>\n<p>El seminario concluy\u00f3 con la intervenci\u00f3n de la vicerrectora de Cultura y Extensi\u00f3n Universitaria de la Universidad de La Laguna, Isabel Le\u00f3n, quien clausur\u00f3 el acto y destac\u00f3 la importancia de la investigaci\u00f3n aplicada y participativa para avanzar hacia entornos m\u00e1s inclusivos y respetuosos con los derechos de las personas con discapacidad.<\/p>\n","protected":false},"excerpt":{"rendered":"<p>La Facultad de Ciencias Sociales y de la Comunicaci\u00f3n celebr\u00f3 los d\u00edas 5 y 6 de marzo el seminario \u201cViviendas&#8230;<\/p>\n","protected":false},"author":21,"featured_media":87409,"comment_status":"closed","ping_status":"closed","sticky":false,"template":"","format":"standard","meta":{"inline_featured_image":false,"footnotes":""},"categories":[345,4966,350,2765],"tags":[786,7214,11482,12479,12478,12480],"acf":[],"yoast_head":"<!-- This site is optimized with the Yoast SEO plugin v21.3 - https:\/\/yoast.com\/wordpress\/plugins\/seo\/ -->\n<title>Estudian las viviendas para personas con discapacidad intelectual<\/title>\n<meta name=\"description\" content=\"La ULL ha acogido un seminario enmarcado en el proyecto Fri-Housing y avanza caracter\u00edsticas de &quot;vivindas amables&quot; para este colectivo.\" \/>\n<meta name=\"robots\" content=\"index, follow, max-snippet:-1, max-image-preview:large, max-video-preview:-1\" \/>\n<link rel=\"canonical\" href=\"https:\/\/www.ull.es\/portal\/noticias\/2026\/seminario-proyecto-viviendas-amables-personas-discapacidad-intelectual\/\" \/>\n<meta property=\"og:locale\" content=\"es_ES\" \/>\n<meta property=\"og:type\" content=\"article\" \/>\n<meta property=\"og:title\" content=\"Estudian las viviendas para personas con discapacidad intelectual\" \/>\n<meta property=\"og:description\" content=\"La ULL ha acogido un seminario enmarcado en el proyecto Fri-Housing y avanza caracter\u00edsticas de &quot;vivindas amables&quot; para este colectivo.\" \/>\n<meta property=\"og:url\" content=\"https:\/\/www.ull.es\/portal\/noticias\/2026\/seminario-proyecto-viviendas-amables-personas-discapacidad-intelectual\/\" \/>\n<meta property=\"og:site_name\" content=\"ULL - Noticias\" \/>\n<meta property=\"article:publisher\" content=\"https:\/\/www.facebook.com\/universidaddelalaguna\/\" \/>\n<meta property=\"article:published_time\" content=\"2026-03-10T08:55:26+00:00\" \/>\n<meta property=\"og:image\" content=\"https:\/\/www.ull.es\/portal\/noticias\/wp-content\/uploads\/sites\/13\/2026\/03\/Seminario-vivienda-02.jpg\" \/>\n\t<meta property=\"og:image:width\" content=\"1200\" \/>\n\t<meta property=\"og:image:height\" content=\"800\" \/>\n\t<meta property=\"og:image:type\" content=\"image\/jpeg\" \/>\n<meta name=\"author\" content=\"prensa2\" \/>\n<meta name=\"twitter:card\" content=\"summary_large_image\" \/>\n<meta name=\"twitter:creator\" content=\"@CanalULL\" \/>\n<meta name=\"twitter:site\" content=\"@CanalULL\" \/>\n<meta name=\"twitter:label1\" content=\"Escrito por\" \/>\n\t<meta name=\"twitter:data1\" content=\"prensa2\" \/>\n\t<meta name=\"twitter:label2\" content=\"Tiempo de lectura\" \/>\n\t<meta name=\"twitter:data2\" content=\"4 minutos\" \/>\n<script type=\"application\/ld+json\" class=\"yoast-schema-graph\">{\"@context\":\"https:\/\/schema.org\",\"@graph\":[{\"@type\":\"WebPage\",\"@id\":\"https:\/\/www.ull.es\/portal\/noticias\/2026\/seminario-proyecto-viviendas-amables-personas-discapacidad-intelectual\/\",\"url\":\"https:\/\/www.ull.es\/portal\/noticias\/2026\/seminario-proyecto-viviendas-amables-personas-discapacidad-intelectual\/\",\"name\":\"Estudian las viviendas para personas con discapacidad intelectual\",\"isPartOf\":{\"@id\":\"https:\/\/www.ull.es\/portal\/noticias\/#website\"},\"datePublished\":\"2026-03-10T08:55:26+00:00\",\"dateModified\":\"2026-03-10T08:55:26+00:00\",\"author\":{\"@id\":\"https:\/\/www.ull.es\/portal\/noticias\/#\/schema\/person\/c3b2aa857797592927a03740d6664376\"},\"description\":\"La ULL ha acogido un seminario enmarcado en el proyecto Fri-Housing y avanza caracter\u00edsticas de \\\"vivindas amables\\\" para este colectivo.\",\"breadcrumb\":{\"@id\":\"https:\/\/www.ull.es\/portal\/noticias\/2026\/seminario-proyecto-viviendas-amables-personas-discapacidad-intelectual\/#breadcrumb\"},\"inLanguage\":\"es\",\"potentialAction\":[{\"@type\":\"ReadAction\",\"target\":[\"https:\/\/www.ull.es\/portal\/noticias\/2026\/seminario-proyecto-viviendas-amables-personas-discapacidad-intelectual\/\"]}]},{\"@type\":\"BreadcrumbList\",\"@id\":\"https:\/\/www.ull.es\/portal\/noticias\/2026\/seminario-proyecto-viviendas-amables-personas-discapacidad-intelectual\/#breadcrumb\",\"itemListElement\":[{\"@type\":\"ListItem\",\"position\":1,\"name\":\"Portada\",\"item\":\"https:\/\/www.ull.es\/portal\/noticias\/\"},{\"@type\":\"ListItem\",\"position\":2,\"name\":\"La ULL acoge un seminario de un proyecto sobre viviendas amables para personas con discapacidad intelectual\"}]},{\"@type\":\"WebSite\",\"@id\":\"https:\/\/www.ull.es\/portal\/noticias\/#website\",\"url\":\"https:\/\/www.ull.es\/portal\/noticias\/\",\"name\":\"ULL - Noticias\",\"description\":\"\",\"potentialAction\":[{\"@type\":\"SearchAction\",\"target\":{\"@type\":\"EntryPoint\",\"urlTemplate\":\"https:\/\/www.ull.es\/portal\/noticias\/?s={search_term_string}\"},\"query-input\":\"required name=search_term_string\"}],\"inLanguage\":\"es\"},{\"@type\":\"Person\",\"@id\":\"https:\/\/www.ull.es\/portal\/noticias\/#\/schema\/person\/c3b2aa857797592927a03740d6664376\",\"name\":\"prensa2\",\"image\":{\"@type\":\"ImageObject\",\"inLanguage\":\"es\",\"@id\":\"https:\/\/www.ull.es\/portal\/noticias\/#\/schema\/person\/image\/\",\"url\":\"https:\/\/secure.gravatar.com\/avatar\/b58f310a5de5feb33d1e026d2493f23c?s=96&d=mm&r=g\",\"contentUrl\":\"https:\/\/secure.gravatar.com\/avatar\/b58f310a5de5feb33d1e026d2493f23c?s=96&d=mm&r=g\",\"caption\":\"prensa2\"},\"url\":\"https:\/\/www.ull.es\/portal\/noticias\/author\/prensa2\/\"}]}<\/script>\n<!-- \/ Yoast SEO plugin. -->","yoast_head_json":{"title":"Estudian las viviendas para personas con discapacidad intelectual","description":"La ULL ha acogido un seminario enmarcado en el proyecto Fri-Housing y avanza caracter\u00edsticas de \"vivindas amables\" para este colectivo.","robots":{"index":"index","follow":"follow","max-snippet":"max-snippet:-1","max-image-preview":"max-image-preview:large","max-video-preview":"max-video-preview:-1"},"canonical":"https:\/\/www.ull.es\/portal\/noticias\/2026\/seminario-proyecto-viviendas-amables-personas-discapacidad-intelectual\/","og_locale":"es_ES","og_type":"article","og_title":"Estudian las viviendas para personas con discapacidad intelectual","og_description":"La ULL ha acogido un seminario enmarcado en el proyecto Fri-Housing y avanza caracter\u00edsticas de \"vivindas amables\" para este colectivo.","og_url":"https:\/\/www.ull.es\/portal\/noticias\/2026\/seminario-proyecto-viviendas-amables-personas-discapacidad-intelectual\/","og_site_name":"ULL - Noticias","article_publisher":"https:\/\/www.facebook.com\/universidaddelalaguna\/","article_published_time":"2026-03-10T08:55:26+00:00","og_image":[{"width":1200,"height":800,"url":"https:\/\/www.ull.es\/portal\/noticias\/wp-content\/uploads\/sites\/13\/2026\/03\/Seminario-vivienda-02.jpg","type":"image\/jpeg"}],"author":"prensa2","twitter_card":"summary_large_image","twitter_creator":"@CanalULL","twitter_site":"@CanalULL","twitter_misc":{"Escrito por":"prensa2","Tiempo de lectura":"4 minutos"},"schema":{"@context":"https:\/\/schema.org","@graph":[{"@type":"WebPage","@id":"https:\/\/www.ull.es\/portal\/noticias\/2026\/seminario-proyecto-viviendas-amables-personas-discapacidad-intelectual\/","url":"https:\/\/www.ull.es\/portal\/noticias\/2026\/seminario-proyecto-viviendas-amables-personas-discapacidad-intelectual\/","name":"Estudian las viviendas para personas con discapacidad intelectual","isPartOf":{"@id":"https:\/\/www.ull.es\/portal\/noticias\/#website"},"datePublished":"2026-03-10T08:55:26+00:00","dateModified":"2026-03-10T08:55:26+00:00","author":{"@id":"https:\/\/www.ull.es\/portal\/noticias\/#\/schema\/person\/c3b2aa857797592927a03740d6664376"},"description":"La ULL ha acogido un seminario enmarcado en el proyecto Fri-Housing y avanza caracter\u00edsticas de \"vivindas amables\" para este colectivo.","breadcrumb":{"@id":"https:\/\/www.ull.es\/portal\/noticias\/2026\/seminario-proyecto-viviendas-amables-personas-discapacidad-intelectual\/#breadcrumb"},"inLanguage":"es","potentialAction":[{"@type":"ReadAction","target":["https:\/\/www.ull.es\/portal\/noticias\/2026\/seminario-proyecto-viviendas-amables-personas-discapacidad-intelectual\/"]}]},{"@type":"BreadcrumbList","@id":"https:\/\/www.ull.es\/portal\/noticias\/2026\/seminario-proyecto-viviendas-amables-personas-discapacidad-intelectual\/#breadcrumb","itemListElement":[{"@type":"ListItem","position":1,"name":"Portada","item":"https:\/\/www.ull.es\/portal\/noticias\/"},{"@type":"ListItem","position":2,"name":"La ULL acoge un seminario de un proyecto sobre viviendas amables para personas con discapacidad intelectual"}]},{"@type":"WebSite","@id":"https:\/\/www.ull.es\/portal\/noticias\/#website","url":"https:\/\/www.ull.es\/portal\/noticias\/","name":"ULL - Noticias","description":"","potentialAction":[{"@type":"SearchAction","target":{"@type":"EntryPoint","urlTemplate":"https:\/\/www.ull.es\/portal\/noticias\/?s={search_term_string}"},"query-input":"required name=search_term_string"}],"inLanguage":"es"},{"@type":"Person","@id":"https:\/\/www.ull.es\/portal\/noticias\/#\/schema\/person\/c3b2aa857797592927a03740d6664376","name":"prensa2","image":{"@type":"ImageObject","inLanguage":"es","@id":"https:\/\/www.ull.es\/portal\/noticias\/#\/schema\/person\/image\/","url":"https:\/\/secure.gravatar.com\/avatar\/b58f310a5de5feb33d1e026d2493f23c?s=96&d=mm&r=g","contentUrl":"https:\/\/secure.gravatar.com\/avatar\/b58f310a5de5feb33d1e026d2493f23c?s=96&d=mm&r=g","caption":"prensa2"},"url":"https:\/\/www.ull.es\/portal\/noticias\/author\/prensa2\/"}]}},"primary_category":{"id":345,"name":"Destacado","slug":"destacado","link":"https:\/\/www.ull.es\/portal\/noticias\/category\/destacado\/"},"featured_image_thumbnail_url":"https:\/\/www.ull.es\/portal\/noticias\/wp-content\/uploads\/sites\/13\/2026\/03\/Seminario-vivienda-02-300x200.jpg","_links":{"self":[{"href":"https:\/\/www.ull.es\/portal\/noticias\/wp-json\/wp\/v2\/posts\/87408"}],"collection":[{"href":"https:\/\/www.ull.es\/portal\/noticias\/wp-json\/wp\/v2\/posts"}],"about":[{"href":"https:\/\/www.ull.es\/portal\/noticias\/wp-json\/wp\/v2\/types\/post"}],"author":[{"embeddable":true,"href":"https:\/\/www.ull.es\/portal\/noticias\/wp-json\/wp\/v2\/users\/21"}],"replies":[{"embeddable":true,"href":"https:\/\/www.ull.es\/portal\/noticias\/wp-json\/wp\/v2\/comments?post=87408"}],"version-history":[{"count":1,"href":"https:\/\/www.ull.es\/portal\/noticias\/wp-json\/wp\/v2\/posts\/87408\/revisions"}],"predecessor-version":[{"id":87411,"href":"https:\/\/www.ull.es\/portal\/noticias\/wp-json\/wp\/v2\/posts\/87408\/revisions\/87411"}],"wp:featuredmedia":[{"embeddable":true,"href":"https:\/\/www.ull.es\/portal\/noticias\/wp-json\/wp\/v2\/media\/87409"}],"wp:attachment":[{"href":"https:\/\/www.ull.es\/portal\/noticias\/wp-json\/wp\/v2\/media?parent=87408"}],"wp:term":[{"taxonomy":"category","embeddable":true,"href":"https:\/\/www.ull.es\/portal\/noticias\/wp-json\/wp\/v2\/categories?post=87408"},{"taxonomy":"post_tag","embeddable":true,"href":"https:\/\/www.ull.es\/portal\/noticias\/wp-json\/wp\/v2\/tags?post=87408"}],"curies":[{"name":"wp","href":"https:\/\/api.w.org\/{rel}","templated":true}]}}