{"id":87414,"date":"2026-03-10T10:38:18","date_gmt":"2026-03-10T10:38:18","guid":{"rendered":"https:\/\/www.ull.es\/portal\/noticias\/?p=87414"},"modified":"2026-03-10T10:39:05","modified_gmt":"2026-03-10T10:39:05","slug":"el-derecho-a-la-identidad-de-la-persona-y-la-determinacion-de-la-filiacion-fueron-debaticos-en-las-xv-jornadas-sobre-derecho-de-la-union-europea","status":"publish","type":"post","link":"https:\/\/www.ull.es\/portal\/noticias\/2026\/el-derecho-a-la-identidad-de-la-persona-y-la-determinacion-de-la-filiacion-fueron-debaticos-en-las-xv-jornadas-sobre-derecho-de-la-union-europea\/","title":{"rendered":"El derecho a la identidad de la persona y la determinaci\u00f3n de la filiaci\u00f3n fueron debatidos en las XV Jornadas sobre Derecho de la Uni\u00f3n Europea"},"content":{"rendered":"<p>&nbsp;<\/p>\n<p><span style=\"font-weight: 400;\">La Sala Francisco Tom\u00e1s y Valiente de la Facultad de Derecho de la Universidad de La Laguna acogi\u00f3 el pasado viernes 6 de marzo\u00a0 las<\/span> <a href=\"https:\/\/www.ull.es\/portal\/agenda\/evento\/xv-jornadas-sobre-derecho-de-la-union-europea\/\" target=\"_blank\" rel=\"noopener\"><span style=\"font-weight: 400;\">XV Jornadas sobre Derecho de la Uni\u00f3n Europea<\/span><\/a><span style=\"font-weight: 400;\">,<\/span><span style=\"font-weight: 400;\"> organizadas por la <\/span><a href=\"https:\/\/www.ull.es\/centros\/facultad-derecho\/\" target=\"_blank\" rel=\"noopener\"><span style=\"font-weight: 400;\">Facultad de Derecho<\/span><\/a> <span style=\"font-weight: 400;\">y el <\/span><a href=\"https:\/\/www.ull.es\/centros\/centro-documentacion-europea\/\" target=\"_blank\" rel=\"noopener\"><span style=\"font-weight: 400;\">Centro de Documentaci\u00f3n Europea<\/span><\/a><span style=\"font-weight: 400;\">, consolidando ya un evento acad\u00e9mico que se celebra anualmente desde 2010. El evento fue inaugurado por la Decana de la Facultad de Derecho, Dulce Cair\u00f3s Barreto que resalt\u00f3 la val\u00eda de estas Jornadas y agradeci\u00f3 a ponentes, moderadores y directoras el trabajo realizado.\u00a0<\/span><\/p>\n<p><span style=\"font-weight: 400;\">Estas jornadas, contaron con la colaboraci\u00f3n de la <\/span><a href=\"https:\/\/www.ull.es\/catedras\/catedra-infancia-y-adolescencia\/\" target=\"_blank\" rel=\"noopener\"><span style=\"font-weight: 400;\">C\u00e1tedra institucional de Infancia y Adolescencia de la Universidad de La Laguna<\/span><\/a><span style=\"font-weight: 400;\"> que posibilit\u00f3 la impartici\u00f3n de la ponencia <\/span><span style=\"font-weight: 400;\">\u201cIdentidad y no discriminaci\u00f3n: algunas certezas y muchas incertidumbres en la determinaci\u00f3n de la filiaci\u00f3n\u201d<\/span><span style=\"font-weight: 400;\">, por <\/span><a href=\"https:\/\/investigacion.unirioja.es\/investigadores\/29\/detalle\" target=\"_blank\" rel=\"noopener\"><span style=\"font-weight: 400;\">Roncesvalles Barber C\u00e1rcamo<\/span><\/a><span style=\"font-weight: 400;\">, catedr\u00e1tica de Derecho Civil de la Universidad de La Rioja,\u00a0 y moderada por <\/span><a href=\"https:\/\/portalciencia.ull.es\/investigadores\/81421\/detalle\" target=\"_blank\" rel=\"noopener\"><span style=\"font-weight: 400;\">Mar\u00eda Ar\u00e1nzazu Cazadilla Medina<\/span><\/a><span style=\"font-weight: 400;\">, en la que analiz\u00f3 con brillantez los desaf\u00edos jur\u00eddicos actuales en Espa\u00f1a y para la Uni\u00f3n Europea en torno al derecho a la identidad de la persona y la determinaci\u00f3n de la filiaci\u00f3n.<\/span><\/p>\n<p><span style=\"font-weight: 400;\">Durante su intervenci\u00f3n, la profesora explic\u00f3 que los cambios sociales y la aparici\u00f3n de nuevas realidades familiares han generado debates jur\u00eddicos en torno a la determinaci\u00f3n de la filiaci\u00f3n. En este sentido, se\u00f1al\u00f3 que el Derecho de familia debe adaptarse a modelos familiares cada vez m\u00e1s diversos, garantizando el derecho de los menores a su identidad y evitando cualquier forma de discriminaci\u00f3n vinculada a su origen o al tipo de familia al que pertenecen.<\/span><\/p>\n<p><span style=\"font-weight: 400;\">La ponente analiz\u00f3 una norma en preparaci\u00f3n en la Uni\u00f3n Europea: la Propuesta de Reglamento del Consejo en materia de filiaci\u00f3n, publicada a finales de 2022, cuyo objetivo radica en tutelar el derecho de los ni\u00f1os a tener una identidad \u00fanica en el \u00e1mbito europeo. Por ende, persigue el reconocimiento en todos los Estados de la filiaci\u00f3n determinada en uno de ellos. Dicho as\u00ed, el empe\u00f1o parece algo obvio, pero su correcto abordaje desde la necesaria perspectiva jur\u00eddica muestra su complejidad, por estar lleno de facetas de distinta \u00edndole y afectar a uno de los pocos \u00e1mbitos del Derecho de familia en el que no existen normas internacionales uniformes: el de la filiaci\u00f3n por naturaleza.<\/span><\/p>\n<p><span style=\"font-weight: 400;\">Para procurar un correcto marco a este proyecto, se enunciaron los problemas m\u00e1s relevantes y actuales en la determinaci\u00f3n de la filiaci\u00f3n en Espa\u00f1a, como son el concepto vigente sobre el reconocimiento, la doble maternidad y la gestaci\u00f3n subrogada. Todos ellos revelan una tensi\u00f3n entre la voluntad como t\u00edtulo emergente de determinaci\u00f3n de la filiaci\u00f3n y el derecho a la identidad del ni\u00f1o, o m\u00e1s precisamente, del hijo.<\/span><\/p>\n<p><span style=\"font-weight: 400;\">Por \u00faltimo, Barber C\u00e1rcamo, resalt\u00f3 que el derecho a la identidad va m\u00e1s all\u00e1 del simple objetivo de reconocer la misma filiaci\u00f3n en todos los Estados. Seg\u00fan explic\u00f3, que un ni\u00f1o sepa qui\u00e9n es, de d\u00f3nde viene y cu\u00e1l es el origen de su nacimiento resulta fundamental para la construcci\u00f3n de su personalidad. En este sentido, defendi\u00f3 que se trata de una cuesti\u00f3n profundamente vinculada a la identidad y a los valores de la sociedad. La Catedr\u00e1tica afirm\u00f3 confiar en la capacidad de los instrumentos jur\u00eddicos para abordar estos desaf\u00edos, aunque insisti\u00f3 en la necesidad de tratar este tipo de cuestiones desde un enfoque t\u00e9cnico y jur\u00eddico, dejando a un lado las posiciones ideol\u00f3gicas y actuando con la delicadeza que exige un asunto tan sensible.<\/span><\/p>\n","protected":false},"excerpt":{"rendered":"<p>&nbsp; La Sala Francisco Tom\u00e1s y Valiente de la Facultad de Derecho de la Universidad de La Laguna acogi\u00f3 el&#8230;<\/p>\n","protected":false},"author":65,"featured_media":87415,"comment_status":"closed","ping_status":"closed","sticky":false,"template":"","format":"standard","meta":{"inline_featured_image":false,"footnotes":""},"categories":[10954,3773],"tags":[],"acf":[],"yoast_head":"<!-- This site is optimized with the Yoast SEO plugin v21.3 - https:\/\/yoast.com\/wordpress\/plugins\/seo\/ -->\n<title>El derecho a la identidad de la persona y la determinaci\u00f3n de la filiaci\u00f3n fueron debatidos en las XV Jornadas sobre Derecho de la Uni\u00f3n Europea - ULL - Noticias<\/title>\n<meta name=\"robots\" content=\"index, follow, max-snippet:-1, max-image-preview:large, max-video-preview:-1\" \/>\n<link rel=\"canonical\" href=\"https:\/\/www.ull.es\/portal\/noticias\/2026\/el-derecho-a-la-identidad-de-la-persona-y-la-determinacion-de-la-filiacion-fueron-debaticos-en-las-xv-jornadas-sobre-derecho-de-la-union-europea\/\" \/>\n<meta property=\"og:locale\" content=\"es_ES\" \/>\n<meta property=\"og:type\" content=\"article\" \/>\n<meta property=\"og:title\" content=\"El derecho a la identidad de la persona y la determinaci\u00f3n de la filiaci\u00f3n fueron debatidos en las XV Jornadas sobre Derecho de la Uni\u00f3n Europea - ULL - Noticias\" \/>\n<meta property=\"og:description\" content=\"&nbsp; La Sala Francisco Tom\u00e1s y Valiente de la Facultad de Derecho de la Universidad de La Laguna acogi\u00f3 el...\" \/>\n<meta property=\"og:url\" content=\"https:\/\/www.ull.es\/portal\/noticias\/2026\/el-derecho-a-la-identidad-de-la-persona-y-la-determinacion-de-la-filiacion-fueron-debaticos-en-las-xv-jornadas-sobre-derecho-de-la-union-europea\/\" \/>\n<meta property=\"og:site_name\" content=\"ULL - Noticias\" \/>\n<meta property=\"article:publisher\" content=\"https:\/\/www.facebook.com\/universidaddelalaguna\/\" \/>\n<meta property=\"article:published_time\" content=\"2026-03-10T10:38:18+00:00\" \/>\n<meta property=\"article:modified_time\" content=\"2026-03-10T10:39:05+00:00\" \/>\n<meta property=\"og:image\" content=\"https:\/\/www.ull.es\/portal\/noticias\/wp-content\/uploads\/sites\/13\/2026\/03\/tempImageuwFpkV.jpg-4-.jpg\" \/>\n\t<meta property=\"og:image:width\" content=\"1067\" \/>\n\t<meta property=\"og:image:height\" content=\"711\" \/>\n\t<meta property=\"og:image:type\" content=\"image\/jpeg\" \/>\n<meta name=\"author\" content=\"gcom4\" \/>\n<meta name=\"twitter:card\" content=\"summary_large_image\" \/>\n<meta name=\"twitter:creator\" content=\"@CanalULL\" \/>\n<meta name=\"twitter:site\" content=\"@CanalULL\" \/>\n<meta name=\"twitter:label1\" content=\"Escrito por\" \/>\n\t<meta name=\"twitter:data1\" content=\"gcom4\" \/>\n\t<meta name=\"twitter:label2\" content=\"Tiempo de lectura\" \/>\n\t<meta name=\"twitter:data2\" content=\"3 minutos\" \/>\n<script type=\"application\/ld+json\" class=\"yoast-schema-graph\">{\"@context\":\"https:\/\/schema.org\",\"@graph\":[{\"@type\":\"WebPage\",\"@id\":\"https:\/\/www.ull.es\/portal\/noticias\/2026\/el-derecho-a-la-identidad-de-la-persona-y-la-determinacion-de-la-filiacion-fueron-debaticos-en-las-xv-jornadas-sobre-derecho-de-la-union-europea\/\",\"url\":\"https:\/\/www.ull.es\/portal\/noticias\/2026\/el-derecho-a-la-identidad-de-la-persona-y-la-determinacion-de-la-filiacion-fueron-debaticos-en-las-xv-jornadas-sobre-derecho-de-la-union-europea\/\",\"name\":\"El derecho a la identidad de la persona y la determinaci\u00f3n de la filiaci\u00f3n fueron debatidos en las XV Jornadas sobre Derecho de la Uni\u00f3n Europea - ULL - Noticias\",\"isPartOf\":{\"@id\":\"https:\/\/www.ull.es\/portal\/noticias\/#website\"},\"datePublished\":\"2026-03-10T10:38:18+00:00\",\"dateModified\":\"2026-03-10T10:39:05+00:00\",\"author\":{\"@id\":\"https:\/\/www.ull.es\/portal\/noticias\/#\/schema\/person\/9924518fb1ad37d4428e7b5d6f311773\"},\"breadcrumb\":{\"@id\":\"https:\/\/www.ull.es\/portal\/noticias\/2026\/el-derecho-a-la-identidad-de-la-persona-y-la-determinacion-de-la-filiacion-fueron-debaticos-en-las-xv-jornadas-sobre-derecho-de-la-union-europea\/#breadcrumb\"},\"inLanguage\":\"es\",\"potentialAction\":[{\"@type\":\"ReadAction\",\"target\":[\"https:\/\/www.ull.es\/portal\/noticias\/2026\/el-derecho-a-la-identidad-de-la-persona-y-la-determinacion-de-la-filiacion-fueron-debaticos-en-las-xv-jornadas-sobre-derecho-de-la-union-europea\/\"]}]},{\"@type\":\"BreadcrumbList\",\"@id\":\"https:\/\/www.ull.es\/portal\/noticias\/2026\/el-derecho-a-la-identidad-de-la-persona-y-la-determinacion-de-la-filiacion-fueron-debaticos-en-las-xv-jornadas-sobre-derecho-de-la-union-europea\/#breadcrumb\",\"itemListElement\":[{\"@type\":\"ListItem\",\"position\":1,\"name\":\"Portada\",\"item\":\"https:\/\/www.ull.es\/portal\/noticias\/\"},{\"@type\":\"ListItem\",\"position\":2,\"name\":\"El derecho a la identidad de la persona y la determinaci\u00f3n de la filiaci\u00f3n fueron debatidos en las XV Jornadas sobre Derecho de la Uni\u00f3n Europea\"}]},{\"@type\":\"WebSite\",\"@id\":\"https:\/\/www.ull.es\/portal\/noticias\/#website\",\"url\":\"https:\/\/www.ull.es\/portal\/noticias\/\",\"name\":\"ULL - Noticias\",\"description\":\"\",\"potentialAction\":[{\"@type\":\"SearchAction\",\"target\":{\"@type\":\"EntryPoint\",\"urlTemplate\":\"https:\/\/www.ull.es\/portal\/noticias\/?s={search_term_string}\"},\"query-input\":\"required name=search_term_string\"}],\"inLanguage\":\"es\"},{\"@type\":\"Person\",\"@id\":\"https:\/\/www.ull.es\/portal\/noticias\/#\/schema\/person\/9924518fb1ad37d4428e7b5d6f311773\",\"name\":\"gcom4\",\"image\":{\"@type\":\"ImageObject\",\"inLanguage\":\"es\",\"@id\":\"https:\/\/www.ull.es\/portal\/noticias\/#\/schema\/person\/image\/\",\"url\":\"https:\/\/secure.gravatar.com\/avatar\/a5d1f5573f10617ccfcc209aaf6aa7fb?s=96&d=mm&r=g\",\"contentUrl\":\"https:\/\/secure.gravatar.com\/avatar\/a5d1f5573f10617ccfcc209aaf6aa7fb?s=96&d=mm&r=g\",\"caption\":\"gcom4\"},\"url\":\"https:\/\/www.ull.es\/portal\/noticias\/author\/gcom4\/\"}]}<\/script>\n<!-- \/ Yoast SEO plugin. -->","yoast_head_json":{"title":"El derecho a la identidad de la persona y la determinaci\u00f3n de la filiaci\u00f3n fueron debatidos en las XV Jornadas sobre Derecho de la Uni\u00f3n Europea - ULL - Noticias","robots":{"index":"index","follow":"follow","max-snippet":"max-snippet:-1","max-image-preview":"max-image-preview:large","max-video-preview":"max-video-preview:-1"},"canonical":"https:\/\/www.ull.es\/portal\/noticias\/2026\/el-derecho-a-la-identidad-de-la-persona-y-la-determinacion-de-la-filiacion-fueron-debaticos-en-las-xv-jornadas-sobre-derecho-de-la-union-europea\/","og_locale":"es_ES","og_type":"article","og_title":"El derecho a la identidad de la persona y la determinaci\u00f3n de la filiaci\u00f3n fueron debatidos en las XV Jornadas sobre Derecho de la Uni\u00f3n Europea - ULL - Noticias","og_description":"&nbsp; La Sala Francisco Tom\u00e1s y Valiente de la Facultad de Derecho de la Universidad de La Laguna acogi\u00f3 el...","og_url":"https:\/\/www.ull.es\/portal\/noticias\/2026\/el-derecho-a-la-identidad-de-la-persona-y-la-determinacion-de-la-filiacion-fueron-debaticos-en-las-xv-jornadas-sobre-derecho-de-la-union-europea\/","og_site_name":"ULL - Noticias","article_publisher":"https:\/\/www.facebook.com\/universidaddelalaguna\/","article_published_time":"2026-03-10T10:38:18+00:00","article_modified_time":"2026-03-10T10:39:05+00:00","og_image":[{"width":1067,"height":711,"url":"https:\/\/www.ull.es\/portal\/noticias\/wp-content\/uploads\/sites\/13\/2026\/03\/tempImageuwFpkV.jpg-4-.jpg","type":"image\/jpeg"}],"author":"gcom4","twitter_card":"summary_large_image","twitter_creator":"@CanalULL","twitter_site":"@CanalULL","twitter_misc":{"Escrito por":"gcom4","Tiempo de lectura":"3 minutos"},"schema":{"@context":"https:\/\/schema.org","@graph":[{"@type":"WebPage","@id":"https:\/\/www.ull.es\/portal\/noticias\/2026\/el-derecho-a-la-identidad-de-la-persona-y-la-determinacion-de-la-filiacion-fueron-debaticos-en-las-xv-jornadas-sobre-derecho-de-la-union-europea\/","url":"https:\/\/www.ull.es\/portal\/noticias\/2026\/el-derecho-a-la-identidad-de-la-persona-y-la-determinacion-de-la-filiacion-fueron-debaticos-en-las-xv-jornadas-sobre-derecho-de-la-union-europea\/","name":"El derecho a la identidad de la persona y la determinaci\u00f3n de la filiaci\u00f3n fueron debatidos en las XV Jornadas sobre Derecho de la Uni\u00f3n Europea - ULL - Noticias","isPartOf":{"@id":"https:\/\/www.ull.es\/portal\/noticias\/#website"},"datePublished":"2026-03-10T10:38:18+00:00","dateModified":"2026-03-10T10:39:05+00:00","author":{"@id":"https:\/\/www.ull.es\/portal\/noticias\/#\/schema\/person\/9924518fb1ad37d4428e7b5d6f311773"},"breadcrumb":{"@id":"https:\/\/www.ull.es\/portal\/noticias\/2026\/el-derecho-a-la-identidad-de-la-persona-y-la-determinacion-de-la-filiacion-fueron-debaticos-en-las-xv-jornadas-sobre-derecho-de-la-union-europea\/#breadcrumb"},"inLanguage":"es","potentialAction":[{"@type":"ReadAction","target":["https:\/\/www.ull.es\/portal\/noticias\/2026\/el-derecho-a-la-identidad-de-la-persona-y-la-determinacion-de-la-filiacion-fueron-debaticos-en-las-xv-jornadas-sobre-derecho-de-la-union-europea\/"]}]},{"@type":"BreadcrumbList","@id":"https:\/\/www.ull.es\/portal\/noticias\/2026\/el-derecho-a-la-identidad-de-la-persona-y-la-determinacion-de-la-filiacion-fueron-debaticos-en-las-xv-jornadas-sobre-derecho-de-la-union-europea\/#breadcrumb","itemListElement":[{"@type":"ListItem","position":1,"name":"Portada","item":"https:\/\/www.ull.es\/portal\/noticias\/"},{"@type":"ListItem","position":2,"name":"El derecho a la identidad de la persona y la determinaci\u00f3n de la filiaci\u00f3n fueron debatidos en las XV Jornadas sobre Derecho de la Uni\u00f3n Europea"}]},{"@type":"WebSite","@id":"https:\/\/www.ull.es\/portal\/noticias\/#website","url":"https:\/\/www.ull.es\/portal\/noticias\/","name":"ULL - Noticias","description":"","potentialAction":[{"@type":"SearchAction","target":{"@type":"EntryPoint","urlTemplate":"https:\/\/www.ull.es\/portal\/noticias\/?s={search_term_string}"},"query-input":"required name=search_term_string"}],"inLanguage":"es"},{"@type":"Person","@id":"https:\/\/www.ull.es\/portal\/noticias\/#\/schema\/person\/9924518fb1ad37d4428e7b5d6f311773","name":"gcom4","image":{"@type":"ImageObject","inLanguage":"es","@id":"https:\/\/www.ull.es\/portal\/noticias\/#\/schema\/person\/image\/","url":"https:\/\/secure.gravatar.com\/avatar\/a5d1f5573f10617ccfcc209aaf6aa7fb?s=96&d=mm&r=g","contentUrl":"https:\/\/secure.gravatar.com\/avatar\/a5d1f5573f10617ccfcc209aaf6aa7fb?s=96&d=mm&r=g","caption":"gcom4"},"url":"https:\/\/www.ull.es\/portal\/noticias\/author\/gcom4\/"}]}},"primary_category":{"id":3773,"name":"Centro de Documentaci\u00f3n Europea","slug":"centro-documentacion-europea","link":"https:\/\/www.ull.es\/portal\/noticias\/category\/otras-unidades-y-centros-universitarios\/centro-documentacion-europea\/"},"featured_image_thumbnail_url":"https:\/\/www.ull.es\/portal\/noticias\/wp-content\/uploads\/sites\/13\/2026\/03\/tempImageuwFpkV.jpg-4--300x200.jpg","_links":{"self":[{"href":"https:\/\/www.ull.es\/portal\/noticias\/wp-json\/wp\/v2\/posts\/87414"}],"collection":[{"href":"https:\/\/www.ull.es\/portal\/noticias\/wp-json\/wp\/v2\/posts"}],"about":[{"href":"https:\/\/www.ull.es\/portal\/noticias\/wp-json\/wp\/v2\/types\/post"}],"author":[{"embeddable":true,"href":"https:\/\/www.ull.es\/portal\/noticias\/wp-json\/wp\/v2\/users\/65"}],"replies":[{"embeddable":true,"href":"https:\/\/www.ull.es\/portal\/noticias\/wp-json\/wp\/v2\/comments?post=87414"}],"version-history":[{"count":2,"href":"https:\/\/www.ull.es\/portal\/noticias\/wp-json\/wp\/v2\/posts\/87414\/revisions"}],"predecessor-version":[{"id":87417,"href":"https:\/\/www.ull.es\/portal\/noticias\/wp-json\/wp\/v2\/posts\/87414\/revisions\/87417"}],"wp:featuredmedia":[{"embeddable":true,"href":"https:\/\/www.ull.es\/portal\/noticias\/wp-json\/wp\/v2\/media\/87415"}],"wp:attachment":[{"href":"https:\/\/www.ull.es\/portal\/noticias\/wp-json\/wp\/v2\/media?parent=87414"}],"wp:term":[{"taxonomy":"category","embeddable":true,"href":"https:\/\/www.ull.es\/portal\/noticias\/wp-json\/wp\/v2\/categories?post=87414"},{"taxonomy":"post_tag","embeddable":true,"href":"https:\/\/www.ull.es\/portal\/noticias\/wp-json\/wp\/v2\/tags?post=87414"}],"curies":[{"name":"wp","href":"https:\/\/api.w.org\/{rel}","templated":true}]}}