{"id":87436,"date":"2026-03-11T10:00:18","date_gmt":"2026-03-11T10:00:18","guid":{"rendered":"https:\/\/www.ull.es\/portal\/noticias\/?p=87436"},"modified":"2026-03-11T10:00:18","modified_gmt":"2026-03-11T10:00:18","slug":"nuevo-episodio-stars-eu-highlights-situa-universidades-como-motores-cambio-social-desarrollo-regional","status":"publish","type":"post","link":"https:\/\/www.ull.es\/portal\/noticias\/2026\/nuevo-episodio-stars-eu-highlights-situa-universidades-como-motores-cambio-social-desarrollo-regional\/","title":{"rendered":"El nuevo episodio de STARS EU Highlights sit\u00faa a las universidades como motores de cambio social y desarrollo regional en Europa"},"content":{"rendered":"<p>La tercera entrega del video podcast <em>STARS EU Highlights, <\/em>que explora los valores europeos para la innovaci\u00f3n en el campo educativo, aborda c\u00f3mo las instituciones de educaci\u00f3n superior, especialmente aquellas ubicadas fuera de las grandes capitales, est\u00e1n reforzando su conexi\u00f3n con el entorno socioecon\u00f3mico que las rodea. Bajo el t\u00edtulo \u00ab<em>From Campuses to Communities: Universities Driving Social Change in Europe\u00bb<\/em>, el programa reflexiona sobre la capacidad de estas instituciones para generar impacto en la ciudadan\u00eda.<\/p>\n<p><strong><a href=\"https:\/\/youtu.be\/pbX5Pq2WRUU\" target=\"_blank\" rel=\"noopener\">Youtube<\/a><\/strong><\/p>\n<p><strong><a href=\"mailto:@119821081510059%20For%20the%20social%20media%20post%20about%20the%20podcast,%20remember%20to%20mention%20the%20Spotify%20version%20too:%20%20https:\/\/open.spotify.com\/episode\/7tY6tkroXghnF06gD2PATs?si=XM6eMzatTdiN0Y1-pA4q4Q\" target=\"_blank\" rel=\"noopener\">Spotify<\/a><\/strong><\/p>\n<p>&nbsp;<\/p>\n<p>La protagonista de este tercer episodio es <a href=\"https:\/\/www.researchgate.net\/profile\/Dorina-Gjipali-2\" target=\"_blank\" rel=\"noopener\">Dorina Gjipali<\/a>, lecturer at Faculty of Political Science &amp; Law de la Universidad Alexander Moisiu de Durr\u00ebs (Albania), una de las nueve universidades miembros de STAR EU Alliance. Gjipali analiza en este tercer cap\u00edtulo el papel que desempe\u00f1an los centros de educaci\u00f3n superior en la construcci\u00f3n de sociedades m\u00e1s inclusivas, sostenibles y comprometidas con su entorno.<\/p>\n<p><strong>Conexi\u00f3n entre conocimiento y comunidad<\/strong><\/p>\n<p>Durante la entrevista se pone de relieve la importancia de fortalecer el v\u00ednculo entre la actividad acad\u00e9mica y las necesidades reales de la sociedad. En este contexto, Gipali destaca la llamada \u201ctercera misi\u00f3n\u201d de las instituciones de educaci\u00f3n superior: una dimensi\u00f3n que complementa la ense\u00f1anza y la investigaci\u00f3n, y que se centra en generar beneficios tangibles y medibles para la sociedad.<\/p>\n<p>Esta aproximaci\u00f3n se traduce en iniciativas que buscan abrir las universidades a su entorno, a trav\u00e9s de la puesta en marcha de programas de colaboraci\u00f3n con administraciones locales, organizaciones sociales o empresas. Entre los ejemplos mencionados se encuentran proyectos de voluntariado, actividades de formaci\u00f3n c\u00edvica o cl\u00ednicas jur\u00eddicas universitarias que ofrecen asesoramiento legal gratuito a personas con menos recursos econ\u00f3micos.<\/p>\n<p><strong>El papel transformador del alumnado<\/strong><\/p>\n<p>Uno de los elementos centrales de este podcast es la importancia de la participaci\u00f3n del alumnado en este tipo de iniciativas. A trav\u00e9s de proyectos comunitarios, programas de voluntariado y actividades educativas, los estudiantes desarrollan, no solo habilidades profesionales, sino que refuerzan su compromiso con la sociedad.<\/p>\n<p>Gipali apunta, adem\u00e1s, que este tipo de experiencias permite a los j\u00f3venes adquirir conocimientos acad\u00e9micos, formarse como ciudadanos responsables, adquirir consciencia de los desaf\u00edos sociales y sentirse capacitados para contribuir a mejorar su entorno.<\/p>\n<p><strong>Cooperaci\u00f3n para afrontar retos comunes<\/strong><\/p>\n<p>El episodio subraya, a su vez, la importancia de las alianzas entre instituciones acad\u00e9micas europeas, como es el caso de STARS EU, que promueve el intercambio de buenas pr\u00e1cticas y la cooperaci\u00f3n en \u00e1mbitos como la transici\u00f3n digital, la sostenibilidad ambiental o la inclusi\u00f3n social. A trav\u00e9s de estas redes de colaboraci\u00f3n, las instituciones participantes buscan fortalecer su impacto en los territorios donde se ubican y contribuir as\u00ed al desarrollo sostenible de las regiones europeas.<\/p>\n<p>Con este nuevo episodio, STARS EU Highlights enfatiza el papel de las instituciones de educaci\u00f3n superior como actores clave en la construcci\u00f3n de sociedades m\u00e1s participativas, innovadoras y conectadas con las necesidades y demandas de sus comunidades.<\/p>\n<p>&nbsp;<\/p>\n","protected":false},"excerpt":{"rendered":"<p>La tercera entrega del video podcast STARS EU Highlights, que explora los valores europeos para la innovaci\u00f3n en el campo&#8230;<\/p>\n","protected":false},"author":21,"featured_media":87437,"comment_status":"closed","ping_status":"closed","sticky":false,"template":"","format":"standard","meta":{"inline_featured_image":false,"footnotes":""},"categories":[349,8764],"tags":[3684,12483,9030,12482,8684,12481,2668],"acf":[],"yoast_head":"<!-- This site is optimized with the Yoast SEO plugin v21.3 - https:\/\/yoast.com\/wordpress\/plugins\/seo\/ -->\n<title>Publicado el tercer episodio del podcast STARS EU Highlights<\/title>\n<meta name=\"description\" content=\"El cap\u00edtulo aborda c\u00f3mo las universidades, especialmente aquellas no capitalinas, est\u00e1n reforzando su conexi\u00f3n con su entorno socioecon\u00f3mico.\" \/>\n<meta name=\"robots\" content=\"index, follow, max-snippet:-1, max-image-preview:large, max-video-preview:-1\" \/>\n<link rel=\"canonical\" href=\"https:\/\/www.ull.es\/portal\/noticias\/2026\/nuevo-episodio-stars-eu-highlights-situa-universidades-como-motores-cambio-social-desarrollo-regional\/\" \/>\n<meta property=\"og:locale\" content=\"es_ES\" \/>\n<meta property=\"og:type\" content=\"article\" \/>\n<meta property=\"og:title\" content=\"Publicado el tercer episodio del podcast STARS EU Highlights\" \/>\n<meta property=\"og:description\" content=\"El cap\u00edtulo aborda c\u00f3mo las universidades, especialmente aquellas no capitalinas, est\u00e1n reforzando su conexi\u00f3n con su entorno socioecon\u00f3mico.\" \/>\n<meta property=\"og:url\" content=\"https:\/\/www.ull.es\/portal\/noticias\/2026\/nuevo-episodio-stars-eu-highlights-situa-universidades-como-motores-cambio-social-desarrollo-regional\/\" \/>\n<meta property=\"og:site_name\" content=\"ULL - Noticias\" \/>\n<meta property=\"article:publisher\" content=\"https:\/\/www.facebook.com\/universidaddelalaguna\/\" \/>\n<meta property=\"article:published_time\" content=\"2026-03-11T10:00:18+00:00\" \/>\n<meta property=\"og:image\" content=\"https:\/\/www.ull.es\/portal\/noticias\/wp-content\/uploads\/sites\/13\/2026\/03\/2-episode-3-stars-eu-Youtube.jpg\" \/>\n\t<meta property=\"og:image:width\" content=\"1280\" \/>\n\t<meta property=\"og:image:height\" content=\"720\" \/>\n\t<meta property=\"og:image:type\" content=\"image\/jpeg\" \/>\n<meta name=\"author\" content=\"prensa2\" \/>\n<meta name=\"twitter:card\" content=\"summary_large_image\" \/>\n<meta name=\"twitter:creator\" content=\"@CanalULL\" \/>\n<meta name=\"twitter:site\" content=\"@CanalULL\" \/>\n<meta name=\"twitter:label1\" content=\"Escrito por\" \/>\n\t<meta name=\"twitter:data1\" content=\"prensa2\" \/>\n\t<meta name=\"twitter:label2\" content=\"Tiempo de lectura\" \/>\n\t<meta name=\"twitter:data2\" content=\"3 minutos\" \/>\n<script type=\"application\/ld+json\" class=\"yoast-schema-graph\">{\"@context\":\"https:\/\/schema.org\",\"@graph\":[{\"@type\":\"WebPage\",\"@id\":\"https:\/\/www.ull.es\/portal\/noticias\/2026\/nuevo-episodio-stars-eu-highlights-situa-universidades-como-motores-cambio-social-desarrollo-regional\/\",\"url\":\"https:\/\/www.ull.es\/portal\/noticias\/2026\/nuevo-episodio-stars-eu-highlights-situa-universidades-como-motores-cambio-social-desarrollo-regional\/\",\"name\":\"Publicado el tercer episodio del podcast STARS EU Highlights\",\"isPartOf\":{\"@id\":\"https:\/\/www.ull.es\/portal\/noticias\/#website\"},\"datePublished\":\"2026-03-11T10:00:18+00:00\",\"dateModified\":\"2026-03-11T10:00:18+00:00\",\"author\":{\"@id\":\"https:\/\/www.ull.es\/portal\/noticias\/#\/schema\/person\/c3b2aa857797592927a03740d6664376\"},\"description\":\"El cap\u00edtulo aborda c\u00f3mo las universidades, especialmente aquellas no capitalinas, est\u00e1n reforzando su conexi\u00f3n con su entorno socioecon\u00f3mico.\",\"breadcrumb\":{\"@id\":\"https:\/\/www.ull.es\/portal\/noticias\/2026\/nuevo-episodio-stars-eu-highlights-situa-universidades-como-motores-cambio-social-desarrollo-regional\/#breadcrumb\"},\"inLanguage\":\"es\",\"potentialAction\":[{\"@type\":\"ReadAction\",\"target\":[\"https:\/\/www.ull.es\/portal\/noticias\/2026\/nuevo-episodio-stars-eu-highlights-situa-universidades-como-motores-cambio-social-desarrollo-regional\/\"]}]},{\"@type\":\"BreadcrumbList\",\"@id\":\"https:\/\/www.ull.es\/portal\/noticias\/2026\/nuevo-episodio-stars-eu-highlights-situa-universidades-como-motores-cambio-social-desarrollo-regional\/#breadcrumb\",\"itemListElement\":[{\"@type\":\"ListItem\",\"position\":1,\"name\":\"Portada\",\"item\":\"https:\/\/www.ull.es\/portal\/noticias\/\"},{\"@type\":\"ListItem\",\"position\":2,\"name\":\"El nuevo episodio de STARS EU Highlights sit\u00faa a las universidades como motores de cambio social y desarrollo regional en Europa\"}]},{\"@type\":\"WebSite\",\"@id\":\"https:\/\/www.ull.es\/portal\/noticias\/#website\",\"url\":\"https:\/\/www.ull.es\/portal\/noticias\/\",\"name\":\"ULL - Noticias\",\"description\":\"\",\"potentialAction\":[{\"@type\":\"SearchAction\",\"target\":{\"@type\":\"EntryPoint\",\"urlTemplate\":\"https:\/\/www.ull.es\/portal\/noticias\/?s={search_term_string}\"},\"query-input\":\"required name=search_term_string\"}],\"inLanguage\":\"es\"},{\"@type\":\"Person\",\"@id\":\"https:\/\/www.ull.es\/portal\/noticias\/#\/schema\/person\/c3b2aa857797592927a03740d6664376\",\"name\":\"prensa2\",\"image\":{\"@type\":\"ImageObject\",\"inLanguage\":\"es\",\"@id\":\"https:\/\/www.ull.es\/portal\/noticias\/#\/schema\/person\/image\/\",\"url\":\"https:\/\/secure.gravatar.com\/avatar\/b58f310a5de5feb33d1e026d2493f23c?s=96&d=mm&r=g\",\"contentUrl\":\"https:\/\/secure.gravatar.com\/avatar\/b58f310a5de5feb33d1e026d2493f23c?s=96&d=mm&r=g\",\"caption\":\"prensa2\"},\"url\":\"https:\/\/www.ull.es\/portal\/noticias\/author\/prensa2\/\"}]}<\/script>\n<!-- \/ Yoast SEO plugin. -->","yoast_head_json":{"title":"Publicado el tercer episodio del podcast STARS EU Highlights","description":"El cap\u00edtulo aborda c\u00f3mo las universidades, especialmente aquellas no capitalinas, est\u00e1n reforzando su conexi\u00f3n con su entorno socioecon\u00f3mico.","robots":{"index":"index","follow":"follow","max-snippet":"max-snippet:-1","max-image-preview":"max-image-preview:large","max-video-preview":"max-video-preview:-1"},"canonical":"https:\/\/www.ull.es\/portal\/noticias\/2026\/nuevo-episodio-stars-eu-highlights-situa-universidades-como-motores-cambio-social-desarrollo-regional\/","og_locale":"es_ES","og_type":"article","og_title":"Publicado el tercer episodio del podcast STARS EU Highlights","og_description":"El cap\u00edtulo aborda c\u00f3mo las universidades, especialmente aquellas no capitalinas, est\u00e1n reforzando su conexi\u00f3n con su entorno socioecon\u00f3mico.","og_url":"https:\/\/www.ull.es\/portal\/noticias\/2026\/nuevo-episodio-stars-eu-highlights-situa-universidades-como-motores-cambio-social-desarrollo-regional\/","og_site_name":"ULL - Noticias","article_publisher":"https:\/\/www.facebook.com\/universidaddelalaguna\/","article_published_time":"2026-03-11T10:00:18+00:00","og_image":[{"width":1280,"height":720,"url":"https:\/\/www.ull.es\/portal\/noticias\/wp-content\/uploads\/sites\/13\/2026\/03\/2-episode-3-stars-eu-Youtube.jpg","type":"image\/jpeg"}],"author":"prensa2","twitter_card":"summary_large_image","twitter_creator":"@CanalULL","twitter_site":"@CanalULL","twitter_misc":{"Escrito por":"prensa2","Tiempo de lectura":"3 minutos"},"schema":{"@context":"https:\/\/schema.org","@graph":[{"@type":"WebPage","@id":"https:\/\/www.ull.es\/portal\/noticias\/2026\/nuevo-episodio-stars-eu-highlights-situa-universidades-como-motores-cambio-social-desarrollo-regional\/","url":"https:\/\/www.ull.es\/portal\/noticias\/2026\/nuevo-episodio-stars-eu-highlights-situa-universidades-como-motores-cambio-social-desarrollo-regional\/","name":"Publicado el tercer episodio del podcast STARS EU Highlights","isPartOf":{"@id":"https:\/\/www.ull.es\/portal\/noticias\/#website"},"datePublished":"2026-03-11T10:00:18+00:00","dateModified":"2026-03-11T10:00:18+00:00","author":{"@id":"https:\/\/www.ull.es\/portal\/noticias\/#\/schema\/person\/c3b2aa857797592927a03740d6664376"},"description":"El cap\u00edtulo aborda c\u00f3mo las universidades, especialmente aquellas no capitalinas, est\u00e1n reforzando su conexi\u00f3n con su entorno socioecon\u00f3mico.","breadcrumb":{"@id":"https:\/\/www.ull.es\/portal\/noticias\/2026\/nuevo-episodio-stars-eu-highlights-situa-universidades-como-motores-cambio-social-desarrollo-regional\/#breadcrumb"},"inLanguage":"es","potentialAction":[{"@type":"ReadAction","target":["https:\/\/www.ull.es\/portal\/noticias\/2026\/nuevo-episodio-stars-eu-highlights-situa-universidades-como-motores-cambio-social-desarrollo-regional\/"]}]},{"@type":"BreadcrumbList","@id":"https:\/\/www.ull.es\/portal\/noticias\/2026\/nuevo-episodio-stars-eu-highlights-situa-universidades-como-motores-cambio-social-desarrollo-regional\/#breadcrumb","itemListElement":[{"@type":"ListItem","position":1,"name":"Portada","item":"https:\/\/www.ull.es\/portal\/noticias\/"},{"@type":"ListItem","position":2,"name":"El nuevo episodio de STARS EU Highlights sit\u00faa a las universidades como motores de cambio social y desarrollo regional en Europa"}]},{"@type":"WebSite","@id":"https:\/\/www.ull.es\/portal\/noticias\/#website","url":"https:\/\/www.ull.es\/portal\/noticias\/","name":"ULL - Noticias","description":"","potentialAction":[{"@type":"SearchAction","target":{"@type":"EntryPoint","urlTemplate":"https:\/\/www.ull.es\/portal\/noticias\/?s={search_term_string}"},"query-input":"required name=search_term_string"}],"inLanguage":"es"},{"@type":"Person","@id":"https:\/\/www.ull.es\/portal\/noticias\/#\/schema\/person\/c3b2aa857797592927a03740d6664376","name":"prensa2","image":{"@type":"ImageObject","inLanguage":"es","@id":"https:\/\/www.ull.es\/portal\/noticias\/#\/schema\/person\/image\/","url":"https:\/\/secure.gravatar.com\/avatar\/b58f310a5de5feb33d1e026d2493f23c?s=96&d=mm&r=g","contentUrl":"https:\/\/secure.gravatar.com\/avatar\/b58f310a5de5feb33d1e026d2493f23c?s=96&d=mm&r=g","caption":"prensa2"},"url":"https:\/\/www.ull.es\/portal\/noticias\/author\/prensa2\/"}]}},"primary_category":{"id":349,"name":"Internacionalizaci\u00f3n","slug":"internacionalizacion","link":"https:\/\/www.ull.es\/portal\/noticias\/category\/internacionalizacion\/"},"featured_image_thumbnail_url":"https:\/\/www.ull.es\/portal\/noticias\/wp-content\/uploads\/sites\/13\/2026\/03\/2-episode-3-stars-eu-Youtube-300x169.jpg","_links":{"self":[{"href":"https:\/\/www.ull.es\/portal\/noticias\/wp-json\/wp\/v2\/posts\/87436"}],"collection":[{"href":"https:\/\/www.ull.es\/portal\/noticias\/wp-json\/wp\/v2\/posts"}],"about":[{"href":"https:\/\/www.ull.es\/portal\/noticias\/wp-json\/wp\/v2\/types\/post"}],"author":[{"embeddable":true,"href":"https:\/\/www.ull.es\/portal\/noticias\/wp-json\/wp\/v2\/users\/21"}],"replies":[{"embeddable":true,"href":"https:\/\/www.ull.es\/portal\/noticias\/wp-json\/wp\/v2\/comments?post=87436"}],"version-history":[{"count":1,"href":"https:\/\/www.ull.es\/portal\/noticias\/wp-json\/wp\/v2\/posts\/87436\/revisions"}],"predecessor-version":[{"id":87438,"href":"https:\/\/www.ull.es\/portal\/noticias\/wp-json\/wp\/v2\/posts\/87436\/revisions\/87438"}],"wp:featuredmedia":[{"embeddable":true,"href":"https:\/\/www.ull.es\/portal\/noticias\/wp-json\/wp\/v2\/media\/87437"}],"wp:attachment":[{"href":"https:\/\/www.ull.es\/portal\/noticias\/wp-json\/wp\/v2\/media?parent=87436"}],"wp:term":[{"taxonomy":"category","embeddable":true,"href":"https:\/\/www.ull.es\/portal\/noticias\/wp-json\/wp\/v2\/categories?post=87436"},{"taxonomy":"post_tag","embeddable":true,"href":"https:\/\/www.ull.es\/portal\/noticias\/wp-json\/wp\/v2\/tags?post=87436"}],"curies":[{"name":"wp","href":"https:\/\/api.w.org\/{rel}","templated":true}]}}