{"id":87463,"date":"2026-03-12T09:32:52","date_gmt":"2026-03-12T09:32:52","guid":{"rendered":"https:\/\/www.ull.es\/portal\/noticias\/?p=87463"},"modified":"2026-03-12T09:32:52","modified_gmt":"2026-03-12T09:32:52","slug":"ull-acoge-jornada-informativa-aesan","status":"publish","type":"post","link":"https:\/\/www.ull.es\/portal\/noticias\/2026\/ull-acoge-jornada-informativa-aesan\/","title":{"rendered":"La ULL acoge una jornada informativa de la Agencia Espa\u00f1ola de Seguridad Alimentaria y Nutrici\u00f3n (AESAN)"},"content":{"rendered":"<p>La Universidad de La Laguna celebr\u00f3 ayer, 11 de marzo, la jornada \u201cSeguridad Alimentaria y Aspectos Sociales\u201d, organizada en colaboraci\u00f3n con la <a href=\"https:\/\/www.aesan.gob.es\/AECOSAN\/web\/home\/aecosan_inicio.htm\" target=\"_blank\" rel=\"noopener\" target=\"_blank\" rel=\"noopener\">Agencia Espa\u00f1ola de Seguridad Alimentaria y Nutrici\u00f3n (AESAN<\/a>), un \u00f3rgano p\u00fablico responsable de la evaluaci\u00f3n de riesgos alimentarios en Espa\u00f1a que depende del Ministerio de Derechos Sociales, Consumo y Agenda 2030. Este acto celebrado en el Aula Magna de la Facultad de Econom\u00eda, Empresa y Turismo tuvo como fin difundir de forma p\u00fablica algunos de los principales informes elaborados por el comit\u00e9 cient\u00edfico de la AESAN, especialmente aquellos relacionados con aspectos que afectan a la sociedad.<\/p>\n<p>El evento se celebr\u00f3 tras la reuni\u00f3n ordinaria del comit\u00e9 cient\u00edfico, que tuvo lugar el 10 de marzo y en la que ejerci\u00f3 de anfitri\u00f3n <a href=\"https:\/\/portalciencia.ull.es\/investigadores\/82268\/detalle\" target=\"_blank\" rel=\"noopener\" target=\"_blank\" rel=\"noopener\">\u00c1ngel Jos\u00e9 Guti\u00e9rrez<\/a>, investigador del \u00e1rea de Toxicolog\u00eda de la Universidad de La Laguna y uno de los 20 expertos y expertas que conforman el comit\u00e9 cient\u00edfico de la AESAN.<\/p>\n<div id=\"attachment_87465\" style=\"width: 310px\" class=\"wp-caption alignleft\"><a href=\"https:\/\/www.ull.es\/portal\/noticias\/wp-content\/uploads\/sites\/13\/2026\/03\/Segur-alimentaria-AESAN-04.jpg\" target=\"_blank\" rel=\"noopener\" target=\"_blank\" rel=\"noopener\"><img aria-describedby=\"caption-attachment-87465\" decoding=\"async\" loading=\"lazy\" class=\"wp-image-87465 size-medium\" src=\"https:\/\/www.ull.es\/portal\/noticias\/wp-content\/uploads\/sites\/13\/2026\/03\/Segur-alimentaria-AESAN-04-300x200.jpg\" alt=\"Francisco Garc\u00eda y Andr\u00e9s Barrag\u00e1n.\" width=\"300\" height=\"200\" srcset=\"https:\/\/www.ull.es\/portal\/noticias\/wp-content\/uploads\/sites\/13\/2026\/03\/Segur-alimentaria-AESAN-04-300x200.jpg 300w, https:\/\/www.ull.es\/portal\/noticias\/wp-content\/uploads\/sites\/13\/2026\/03\/Segur-alimentaria-AESAN-04-1024x683.jpg 1024w, https:\/\/www.ull.es\/portal\/noticias\/wp-content\/uploads\/sites\/13\/2026\/03\/Segur-alimentaria-AESAN-04-768x512.jpg 768w, https:\/\/www.ull.es\/portal\/noticias\/wp-content\/uploads\/sites\/13\/2026\/03\/Segur-alimentaria-AESAN-04-375x250.jpg 375w, https:\/\/www.ull.es\/portal\/noticias\/wp-content\/uploads\/sites\/13\/2026\/03\/Segur-alimentaria-AESAN-04-750x500.jpg 750w, https:\/\/www.ull.es\/portal\/noticias\/wp-content\/uploads\/sites\/13\/2026\/03\/Segur-alimentaria-AESAN-04-1140x760.jpg 1140w, https:\/\/www.ull.es\/portal\/noticias\/wp-content\/uploads\/sites\/13\/2026\/03\/Segur-alimentaria-AESAN-04.jpg 1200w\" sizes=\"(max-width: 300px) 100vw, 300px\" \/><\/a><p id=\"caption-attachment-87465\" class=\"wp-caption-text\">Francisco Garc\u00eda y Andr\u00e9s Barrag\u00e1n.<\/p><\/div>\n<p>La jornada fue inaugurada por Francisco J. Garc\u00eda, rector de la Universidad de La Laguna; y Andr\u00e9s Barrag\u00e1n, presidente de la AESAN. Tal y como se\u00f1al\u00f3 su directora ejecutiva, Ana L\u00f3pez-Santacruz, la entidad, \u201cque cumple 25 a\u00f1os, es todav\u00eda poco conocida por la sociedad y este tipo de encuentros es una manera de dar a conocer el papel que desempe\u00f1a, as\u00ed como vigilar que los alimentos que est\u00e1n en el mercado sean seguros\u201d.<\/p>\n<p>Durante la jornada se presentaron informes muy relevantes sobre distintos aspectos vinculados con la nutrici\u00f3n y salud, como la importancia de la alimentaci\u00f3n con yodo en todas las etapas de la vida, especialmente durante el embarazo y la lactancia, as\u00ed como sobre sustancias obesog\u00e9nicas, es decir, que pueden afectar al desarrollo de la obesidad. Tambi\u00e9n se han abordado cuestiones relacionadas con la menopausia y con otras etapas de la vida en las que la nutrici\u00f3n adquiere una relevancia especial.<\/p>\n<p>Otro de los aspectos m\u00e1s destacables que se trataron en este evento fue el informe relativo a las intolerancias y las alergias alimentarias, que cada vez afectan a m\u00e1s personas. Los expertos y expertas se\u00f1alan que aumenta la frecuencia de aparici\u00f3n de m\u00e1s intolerancias a distintos al\u00e9rgenos como la fructosa, que se suman a otras m\u00e1s conocidas como el gluten.<\/p>\n<p>El papel de la Universidad de La Laguna en esta jornada fue importante por la contribuci\u00f3n del investigador \u00c1ngel Guti\u00e9rrez, jefe de filas desde la instituci\u00f3n del proyecto europeo <a href=\"https:\/\/alsemacproject.com\/\" target=\"_blank\" rel=\"noopener\" target=\"_blank\" rel=\"noopener\">ALSEMAC<\/a>. Esta iniciativa, que recibe financiaci\u00f3n dentro del programa Interreg-MAC, aborda la seguridad alimentaria, la econom\u00eda circular y el uso de alimentos de kil\u00f3metro cero, tanto en el \u00e1mbito de la Macaronesia como en pa\u00edses africanos como Costa de Marfil o Senegal. \u201cEsta jornada es muy importante porque es la primera vez que el comit\u00e9 cient\u00edfico de la AESAN se re\u00fane en Canarias, concretamente en la Universidad de La Laguna\u201d, afirma. Adem\u00e1s, destaca que no solo se abordan con m\u00e1ximo rigor cuestiones relacionadas con la seguridad alimentaria, sino tambi\u00e9n aspectos sociales relacionados que afectan a la poblaci\u00f3n.<\/p>\n<p>Entre estos temas se incluyeron intervenciones acerca del estado nutricional de la poblaci\u00f3n inmigrante residente en Espa\u00f1a o el impacto de la discapacidad visual en los h\u00e1bitos alimentarios, a cargo de distintos especialistas, sanitarios y cient\u00edficos del territorio espa\u00f1ol.<\/p>\n<p><strong>Enfoque preventivo<\/strong><\/p>\n<p>El objetivo de esta jornada es contribuir a poner el foco en la importancia de cuidar la alimentaci\u00f3n de la poblaci\u00f3n espa\u00f1ola, promoviendo la prevenci\u00f3n de problemas como la obesidad y prestando atenci\u00f3n a las necesidades espec\u00edficas de distintos colectivos, y a la vez se persigue dar a conocer las pol\u00edticas y medidas de protecci\u00f3n que impulsa la AESAN. Seg\u00fan su directora ejecutiva, tanto la Uni\u00f3n Europea como Espa\u00f1a son dos regiones con un alto nivel de seguridad alimentaria y la agencia se asegura de coordinar esfuerzos con todas las comunidades aut\u00f3nomas y organismos internacionales para garantizar no solo esto, sino que los alimentos sean saludables y sostenibles.<\/p>\n<p>L\u00f3pez-Santacruz subraya que la existencia de este comit\u00e9 cient\u00edfico compuesto por especialistas independientes de universidades y centros de investigaci\u00f3n espa\u00f1oles permite elaborar informes rigurosos, independientes y basados en evidencia cient\u00edfica, y adoptar medidas para proteger a la poblaci\u00f3n, ya sea mediante legislaci\u00f3n o recomendaciones de consumo.<\/p>\n","protected":false},"excerpt":{"rendered":"<p>La Universidad de La Laguna celebr\u00f3 ayer, 11 de marzo, la jornada \u201cSeguridad Alimentaria y Aspectos Sociales\u201d, organizada en colaboraci\u00f3n&#8230;<\/p>\n","protected":false},"author":21,"featured_media":87464,"comment_status":"closed","ping_status":"closed","sticky":false,"template":"","format":"standard","meta":{"inline_featured_image":false,"footnotes":""},"categories":[345,3906,348,2765],"tags":[12486,12487,12489,12488,11897,1986,7897],"acf":[],"yoast_head":"<!-- This site is optimized with the Yoast SEO plugin v21.3 - https:\/\/yoast.com\/wordpress\/plugins\/seo\/ -->\n<title>La Agencia Espa\u00f1ola de Seguridad Alimentaria se re\u00fane en la ULL<\/title>\n<meta name=\"description\" content=\"AESAN celebra en la Facultad de Econom\u00eda, Empresa y Turismo la jornada &quot;Seguridad Alimentaria y Aspectos Sociales\u201d.\" \/>\n<meta name=\"robots\" content=\"index, follow, max-snippet:-1, max-image-preview:large, max-video-preview:-1\" \/>\n<link rel=\"canonical\" href=\"https:\/\/www.ull.es\/portal\/noticias\/2026\/ull-acoge-jornada-informativa-aesan\/\" \/>\n<meta property=\"og:locale\" content=\"es_ES\" \/>\n<meta property=\"og:type\" content=\"article\" \/>\n<meta property=\"og:title\" content=\"La Agencia Espa\u00f1ola de Seguridad Alimentaria se re\u00fane en la ULL\" \/>\n<meta property=\"og:description\" content=\"AESAN celebra en la Facultad de Econom\u00eda, Empresa y Turismo la jornada &quot;Seguridad Alimentaria y Aspectos Sociales\u201d.\" \/>\n<meta property=\"og:url\" content=\"https:\/\/www.ull.es\/portal\/noticias\/2026\/ull-acoge-jornada-informativa-aesan\/\" \/>\n<meta property=\"og:site_name\" content=\"ULL - Noticias\" \/>\n<meta property=\"article:publisher\" content=\"https:\/\/www.facebook.com\/universidaddelalaguna\/\" \/>\n<meta property=\"article:published_time\" content=\"2026-03-12T09:32:52+00:00\" \/>\n<meta property=\"og:image\" content=\"https:\/\/www.ull.es\/portal\/noticias\/wp-content\/uploads\/sites\/13\/2026\/03\/Segur-alimentaria-AESAN-01.jpg\" \/>\n\t<meta property=\"og:image:width\" content=\"1200\" \/>\n\t<meta property=\"og:image:height\" content=\"800\" \/>\n\t<meta property=\"og:image:type\" content=\"image\/jpeg\" \/>\n<meta name=\"author\" content=\"prensa2\" \/>\n<meta name=\"twitter:card\" content=\"summary_large_image\" \/>\n<meta name=\"twitter:creator\" content=\"@CanalULL\" \/>\n<meta name=\"twitter:site\" content=\"@CanalULL\" \/>\n<meta name=\"twitter:label1\" content=\"Escrito por\" \/>\n\t<meta name=\"twitter:data1\" content=\"prensa2\" \/>\n\t<meta name=\"twitter:label2\" content=\"Tiempo de lectura\" \/>\n\t<meta name=\"twitter:data2\" content=\"4 minutos\" \/>\n<script type=\"application\/ld+json\" class=\"yoast-schema-graph\">{\"@context\":\"https:\/\/schema.org\",\"@graph\":[{\"@type\":\"WebPage\",\"@id\":\"https:\/\/www.ull.es\/portal\/noticias\/2026\/ull-acoge-jornada-informativa-aesan\/\",\"url\":\"https:\/\/www.ull.es\/portal\/noticias\/2026\/ull-acoge-jornada-informativa-aesan\/\",\"name\":\"La Agencia Espa\u00f1ola de Seguridad Alimentaria se re\u00fane en la ULL\",\"isPartOf\":{\"@id\":\"https:\/\/www.ull.es\/portal\/noticias\/#website\"},\"datePublished\":\"2026-03-12T09:32:52+00:00\",\"dateModified\":\"2026-03-12T09:32:52+00:00\",\"author\":{\"@id\":\"https:\/\/www.ull.es\/portal\/noticias\/#\/schema\/person\/c3b2aa857797592927a03740d6664376\"},\"description\":\"AESAN celebra en la Facultad de Econom\u00eda, Empresa y Turismo la jornada \\\"Seguridad Alimentaria y Aspectos Sociales\u201d.\",\"breadcrumb\":{\"@id\":\"https:\/\/www.ull.es\/portal\/noticias\/2026\/ull-acoge-jornada-informativa-aesan\/#breadcrumb\"},\"inLanguage\":\"es\",\"potentialAction\":[{\"@type\":\"ReadAction\",\"target\":[\"https:\/\/www.ull.es\/portal\/noticias\/2026\/ull-acoge-jornada-informativa-aesan\/\"]}]},{\"@type\":\"BreadcrumbList\",\"@id\":\"https:\/\/www.ull.es\/portal\/noticias\/2026\/ull-acoge-jornada-informativa-aesan\/#breadcrumb\",\"itemListElement\":[{\"@type\":\"ListItem\",\"position\":1,\"name\":\"Portada\",\"item\":\"https:\/\/www.ull.es\/portal\/noticias\/\"},{\"@type\":\"ListItem\",\"position\":2,\"name\":\"La ULL acoge una jornada informativa de la Agencia Espa\u00f1ola de Seguridad Alimentaria y Nutrici\u00f3n (AESAN)\"}]},{\"@type\":\"WebSite\",\"@id\":\"https:\/\/www.ull.es\/portal\/noticias\/#website\",\"url\":\"https:\/\/www.ull.es\/portal\/noticias\/\",\"name\":\"ULL - Noticias\",\"description\":\"\",\"potentialAction\":[{\"@type\":\"SearchAction\",\"target\":{\"@type\":\"EntryPoint\",\"urlTemplate\":\"https:\/\/www.ull.es\/portal\/noticias\/?s={search_term_string}\"},\"query-input\":\"required name=search_term_string\"}],\"inLanguage\":\"es\"},{\"@type\":\"Person\",\"@id\":\"https:\/\/www.ull.es\/portal\/noticias\/#\/schema\/person\/c3b2aa857797592927a03740d6664376\",\"name\":\"prensa2\",\"image\":{\"@type\":\"ImageObject\",\"inLanguage\":\"es\",\"@id\":\"https:\/\/www.ull.es\/portal\/noticias\/#\/schema\/person\/image\/\",\"url\":\"https:\/\/secure.gravatar.com\/avatar\/b58f310a5de5feb33d1e026d2493f23c?s=96&d=mm&r=g\",\"contentUrl\":\"https:\/\/secure.gravatar.com\/avatar\/b58f310a5de5feb33d1e026d2493f23c?s=96&d=mm&r=g\",\"caption\":\"prensa2\"},\"url\":\"https:\/\/www.ull.es\/portal\/noticias\/author\/prensa2\/\"}]}<\/script>\n<!-- \/ Yoast SEO plugin. -->","yoast_head_json":{"title":"La Agencia Espa\u00f1ola de Seguridad Alimentaria se re\u00fane en la ULL","description":"AESAN celebra en la Facultad de Econom\u00eda, Empresa y Turismo la jornada \"Seguridad Alimentaria y Aspectos Sociales\u201d.","robots":{"index":"index","follow":"follow","max-snippet":"max-snippet:-1","max-image-preview":"max-image-preview:large","max-video-preview":"max-video-preview:-1"},"canonical":"https:\/\/www.ull.es\/portal\/noticias\/2026\/ull-acoge-jornada-informativa-aesan\/","og_locale":"es_ES","og_type":"article","og_title":"La Agencia Espa\u00f1ola de Seguridad Alimentaria se re\u00fane en la ULL","og_description":"AESAN celebra en la Facultad de Econom\u00eda, Empresa y Turismo la jornada \"Seguridad Alimentaria y Aspectos Sociales\u201d.","og_url":"https:\/\/www.ull.es\/portal\/noticias\/2026\/ull-acoge-jornada-informativa-aesan\/","og_site_name":"ULL - Noticias","article_publisher":"https:\/\/www.facebook.com\/universidaddelalaguna\/","article_published_time":"2026-03-12T09:32:52+00:00","og_image":[{"width":1200,"height":800,"url":"https:\/\/www.ull.es\/portal\/noticias\/wp-content\/uploads\/sites\/13\/2026\/03\/Segur-alimentaria-AESAN-01.jpg","type":"image\/jpeg"}],"author":"prensa2","twitter_card":"summary_large_image","twitter_creator":"@CanalULL","twitter_site":"@CanalULL","twitter_misc":{"Escrito por":"prensa2","Tiempo de lectura":"4 minutos"},"schema":{"@context":"https:\/\/schema.org","@graph":[{"@type":"WebPage","@id":"https:\/\/www.ull.es\/portal\/noticias\/2026\/ull-acoge-jornada-informativa-aesan\/","url":"https:\/\/www.ull.es\/portal\/noticias\/2026\/ull-acoge-jornada-informativa-aesan\/","name":"La Agencia Espa\u00f1ola de Seguridad Alimentaria se re\u00fane en la ULL","isPartOf":{"@id":"https:\/\/www.ull.es\/portal\/noticias\/#website"},"datePublished":"2026-03-12T09:32:52+00:00","dateModified":"2026-03-12T09:32:52+00:00","author":{"@id":"https:\/\/www.ull.es\/portal\/noticias\/#\/schema\/person\/c3b2aa857797592927a03740d6664376"},"description":"AESAN celebra en la Facultad de Econom\u00eda, Empresa y Turismo la jornada \"Seguridad Alimentaria y Aspectos Sociales\u201d.","breadcrumb":{"@id":"https:\/\/www.ull.es\/portal\/noticias\/2026\/ull-acoge-jornada-informativa-aesan\/#breadcrumb"},"inLanguage":"es","potentialAction":[{"@type":"ReadAction","target":["https:\/\/www.ull.es\/portal\/noticias\/2026\/ull-acoge-jornada-informativa-aesan\/"]}]},{"@type":"BreadcrumbList","@id":"https:\/\/www.ull.es\/portal\/noticias\/2026\/ull-acoge-jornada-informativa-aesan\/#breadcrumb","itemListElement":[{"@type":"ListItem","position":1,"name":"Portada","item":"https:\/\/www.ull.es\/portal\/noticias\/"},{"@type":"ListItem","position":2,"name":"La ULL acoge una jornada informativa de la Agencia Espa\u00f1ola de Seguridad Alimentaria y Nutrici\u00f3n (AESAN)"}]},{"@type":"WebSite","@id":"https:\/\/www.ull.es\/portal\/noticias\/#website","url":"https:\/\/www.ull.es\/portal\/noticias\/","name":"ULL - Noticias","description":"","potentialAction":[{"@type":"SearchAction","target":{"@type":"EntryPoint","urlTemplate":"https:\/\/www.ull.es\/portal\/noticias\/?s={search_term_string}"},"query-input":"required name=search_term_string"}],"inLanguage":"es"},{"@type":"Person","@id":"https:\/\/www.ull.es\/portal\/noticias\/#\/schema\/person\/c3b2aa857797592927a03740d6664376","name":"prensa2","image":{"@type":"ImageObject","inLanguage":"es","@id":"https:\/\/www.ull.es\/portal\/noticias\/#\/schema\/person\/image\/","url":"https:\/\/secure.gravatar.com\/avatar\/b58f310a5de5feb33d1e026d2493f23c?s=96&d=mm&r=g","contentUrl":"https:\/\/secure.gravatar.com\/avatar\/b58f310a5de5feb33d1e026d2493f23c?s=96&d=mm&r=g","caption":"prensa2"},"url":"https:\/\/www.ull.es\/portal\/noticias\/author\/prensa2\/"}]}},"primary_category":{"id":345,"name":"Destacado","slug":"destacado","link":"https:\/\/www.ull.es\/portal\/noticias\/category\/destacado\/"},"featured_image_thumbnail_url":"https:\/\/www.ull.es\/portal\/noticias\/wp-content\/uploads\/sites\/13\/2026\/03\/Segur-alimentaria-AESAN-01-300x200.jpg","_links":{"self":[{"href":"https:\/\/www.ull.es\/portal\/noticias\/wp-json\/wp\/v2\/posts\/87463"}],"collection":[{"href":"https:\/\/www.ull.es\/portal\/noticias\/wp-json\/wp\/v2\/posts"}],"about":[{"href":"https:\/\/www.ull.es\/portal\/noticias\/wp-json\/wp\/v2\/types\/post"}],"author":[{"embeddable":true,"href":"https:\/\/www.ull.es\/portal\/noticias\/wp-json\/wp\/v2\/users\/21"}],"replies":[{"embeddable":true,"href":"https:\/\/www.ull.es\/portal\/noticias\/wp-json\/wp\/v2\/comments?post=87463"}],"version-history":[{"count":1,"href":"https:\/\/www.ull.es\/portal\/noticias\/wp-json\/wp\/v2\/posts\/87463\/revisions"}],"predecessor-version":[{"id":87466,"href":"https:\/\/www.ull.es\/portal\/noticias\/wp-json\/wp\/v2\/posts\/87463\/revisions\/87466"}],"wp:featuredmedia":[{"embeddable":true,"href":"https:\/\/www.ull.es\/portal\/noticias\/wp-json\/wp\/v2\/media\/87464"}],"wp:attachment":[{"href":"https:\/\/www.ull.es\/portal\/noticias\/wp-json\/wp\/v2\/media?parent=87463"}],"wp:term":[{"taxonomy":"category","embeddable":true,"href":"https:\/\/www.ull.es\/portal\/noticias\/wp-json\/wp\/v2\/categories?post=87463"},{"taxonomy":"post_tag","embeddable":true,"href":"https:\/\/www.ull.es\/portal\/noticias\/wp-json\/wp\/v2\/tags?post=87463"}],"curies":[{"name":"wp","href":"https:\/\/api.w.org\/{rel}","templated":true}]}}