{"id":87470,"date":"2026-03-12T11:34:06","date_gmt":"2026-03-12T11:34:06","guid":{"rendered":"https:\/\/www.ull.es\/portal\/noticias\/?p=87470"},"modified":"2026-03-23T14:09:38","modified_gmt":"2026-03-23T14:09:38","slug":"un-coloquio-con-el-escritor-david-ucles-abre-el-proyecto-cultural-de-la-ull-sobre-los-dias-del-libro","status":"publish","type":"post","link":"https:\/\/www.ull.es\/portal\/noticias\/2026\/un-coloquio-con-el-escritor-david-ucles-abre-el-proyecto-cultural-de-la-ull-sobre-los-dias-del-libro\/","title":{"rendered":"Un coloquio con el escritor David Ucl\u00e9s abre el proyecto cultural de la ULL sobre los d\u00edas del libro"},"content":{"rendered":"<p><a href=\"https:\/\/www.daviducles.com\/\" target=\"_blank\" rel=\"noopener\">David Ucl\u00e9s<\/a>, uno de los escritores en prosa con m\u00e1s renombre del actual panorama literario nacional, <a href=\"https:\/\/www.ull.es\/portal\/agenda\/evento\/en-la-insula-de-las-casas-vacias-conversacion-con-david-ucles\/\" target=\"_blank\" rel=\"noopener\">ser\u00e1 entrevistado por dos estudiantes<\/a> de la Universidad de La Laguna ma\u00f1ana viernes, 13 de marzo a las 12 horas en el sal\u00f3n de actos de la Facultad de Ciencias Sociales y de la Comunicaci\u00f3n (Periodismo). Esta es la primera actividad de la edici\u00f3n 2026 del proyecto estructural \u201cPor Amor al Arte\u201d del Vicerrectorado de Cultura y Extensi\u00f3n Universitaria\u201d, que este a\u00f1o gira en torno al eje tem\u00e1tico \u201cLos d\u00edas del libro: un a\u00f1o para habitar la palabra\u201d.<\/p>\n<p>El alumnado dialogar\u00e1 con el escritor sobre su obra \u201cLa pen\u00ednsula de las casas vac\u00edas\u201d, que ha sido galardonada con m\u00faltiples premios, entre los que destacan el Premio C\u00e1lamo al Libro del A\u00f1o 2024, el Premio Andaluc\u00eda de la Cr\u00edtica y el Premio Espartaco a la Mejor Novela Hist\u00f3rica en la Semana Negra de Gij\u00f3n. La actividad cuenta con el apoyo de Cajasiete y ser\u00e1 retransmitida por streaming a trav\u00e9s de este <a href=\"https:\/\/www.youtube.com\/watch?v=d5qkdlOgqgY\" target=\"_blank\" rel=\"noopener\">enlace<\/a>.<\/p>\n<p>La que es la tercera novela del escritor jiennense narra la Guerra Civil espa\u00f1ola en clave de realismo m\u00e1gico. Es fruto de quince a\u00f1os de trabajo y de un exhaustivo trabajo de documentaci\u00f3n y memoria por la geograf\u00eda espa\u00f1ola. La obra se desarrolla principalmente en J\u00e1ndula, un pueblo ficticio de Ja\u00e9n, inspirado en el pueblo real de Quesada, dentro del pa\u00eds imaginario de Iberia, que abarca los territorios de Espa\u00f1a y Portugal durante la Guerra Civil Espa\u00f1ola (1936-1939). La trama se enfoca en la historia de la familia Ardolento y sus vecinos, utilizando el realismo m\u00e1gico para narrar sus experiencias en ese contexto hist\u00f3rico.<\/p>\n<p>El acto se centrar\u00e1 principalmente en el an\u00e1lisis de esta novela poni\u00e9ndola en relaci\u00f3n con la trayectoria global del autor, quien ha ganado recientemente el Premio Nadal con su \u00faltima novela \u2018La ciudad de las luces muertas\u2019. El acto finalizar\u00e1 con una representaci\u00f3n de fragmentos de la obra de Ucl\u00e9s a cargo de la Agrupaci\u00f3n Teatral de Filolog\u00eda.<\/p>\n<p><strong>Los d\u00edas del libro<\/strong><\/p>\n<p>Cada a\u00f1o, el Vicerrectorado de Cultura y Extensi\u00f3n Universitaria desarrolla su programa \u201cPor amor al arte\u201d con varias actividades que giran en torno a un eje tem\u00e1ticos: en 2024, fue el centenario de la publicaci\u00f3n del primer manifiesto surrealista de Andr\u00e9 Bret\u00f3n; en 2025, el 50 aniversario del inicio de la transici\u00f3n democr\u00e1tica en Espala; y en 2026, bajo el t\u00edtulo gen\u00e9rico \u201cLos d\u00edas del libro: un a\u00f1o para habitar la palabra\u201d, celebra el centenario de la creaci\u00f3n oficial del D\u00eda del Libro el 23 de abril.<\/p>\n<p>De este modo, el proyecto promover\u00e1 actividades acad\u00e9micas y culturales que fortalezcan el di\u00e1logo, el pensamiento cr\u00edtico y el v\u00ednculo con la cultura escrita con la idea de que leer no es solo un acto individual, sino una experiencia que une y transforma. La Universidad de La Laguna aspira a que todos los d\u00edas sean el d\u00eda del libro porque leer no es solo recorrer l\u00edneas impresas y sumergirse en espacios ficticios: es tambi\u00e9n reflexionar sobre el entorno, interpretar im\u00e1genes, escuchar m\u00fasicas, experimentar dramaturgias y sumergirse en narrativas cinematogr\u00e1ficas, as\u00ed como descifrar gestos, habitar espacios y comprender silencios. Leer es situarse en el mundo con conciencia amplia y esp\u00edritu cr\u00edtico.<\/p>\n<p>A lo largo del a\u00f1o se organizar\u00e1n varias actividades. El programa est\u00e1 todav\u00eda en desarrollo, pero ya hay varias actividades confirmadas; adem\u00e1s de la conversaci\u00f3n con David Ucl\u00e9s de ma\u00f1ana viernes 13 de marzo, habr\u00e1 otro encuentro con Mar\u00eda Folguera, dramaturga nominada a un Premio Max, que conversar\u00e1 el 15 de abril a las 11:30 en el Sal\u00f3n de Grados del Aulario General C\u00e9sar Manrique del Campus de Guajara con el profesor y director de la Agrupaci\u00f3n de Teatro de Filolog\u00eda, Jos\u00e9 Antonio Ramos Arteaga.<\/p>\n<p>Esa conversaci\u00f3n ser\u00e1 la antesala para la representaci\u00f3n el domingo 19 de abril a las 19:00 horas en el Paraninfo de una de las obras de Folguera, \u201cMarcela, una canci\u00f3n de Cervantes\u201d, en un montaje dirigido por la propia autora.<\/p>\n<p>D\u00edas antes se celebrar\u00e1 el Congreso Internacional \u201cAdelantar el reloj de Espa\u00f1a. Mujeres, esfera p\u00fablica e intermedialidad en Torno al Lyceum Club femenino (1926-2026)\u201d. Dentro del mismo, el 14 de abril a las 19:30 horas en el hall de la Facultad de Econom\u00eda Empresa y Turismo se celebrar\u00e1 la conferencia musical\u00b7 \u201cDanza mi coraz\u00f3n en la inmensa m\u00fasica\u201d, a partir del repertorio y la trayectoria de Josefina de la Torre, a cargo de la soprano Raquel Lojendio, la pianista Irene Alfageme y la poeta Katya V\u00e1zquez Schr\u00f6der, con dramaturgia e investigaci\u00f3n de Ale Coello Hern\u00e1ndez y presentaci\u00f3n de Carlos Alay\u00f3n Galindo.<\/p>\n<p>El D\u00eda del Libro propiamente dicho, el 23 de abril de 2026, tendr\u00e1 como lema \u201cLetras en danza, una visi\u00f3n performativa de la lectura\u201d. Este a\u00f1o, la Biblioteca General y de Humanidades celebrar\u00e1 la lectura de una forma din\u00e1mica e interdisciplinar, a trav\u00e9s de una interpretaci\u00f3n de diferentes textos literarios mediante la combinaci\u00f3n de recitado y danza.<\/p>\n<p>Finalmente, en una fecha a\u00fan por determinar de junio se desarrollar\u00e1 la experiencia art\u00edstica educativa: \u201cLas moradas o el tablao interior\u201d, una interpretaci\u00f3n del texto \u201cLas moradas\u201d de Teresa de Jes\u00fas a trav\u00e9s de la danza flamenca.<\/p>\n","protected":false},"excerpt":{"rendered":"<p>David Ucl\u00e9s, uno de los escritores en prosa con m\u00e1s renombre del actual panorama literario nacional, ser\u00e1 entrevistado por dos&#8230;<\/p>\n","protected":false},"author":23,"featured_media":87476,"comment_status":"closed","ping_status":"closed","sticky":false,"template":"","format":"standard","meta":{"inline_featured_image":false,"footnotes":""},"categories":[4534,344,345,2765],"tags":[],"acf":[],"yoast_head":"<!-- This site is optimized with the Yoast SEO plugin v21.3 - https:\/\/yoast.com\/wordpress\/plugins\/seo\/ -->\n<title>Un coloquio con el escritor David Ucl\u00e9s abre el proyecto cultural de la ULL sobre los d\u00edas del libro - ULL - Noticias<\/title>\n<meta name=\"robots\" content=\"index, follow, max-snippet:-1, max-image-preview:large, max-video-preview:-1\" \/>\n<link rel=\"canonical\" href=\"https:\/\/www.ull.es\/portal\/noticias\/2026\/un-coloquio-con-el-escritor-david-ucles-abre-el-proyecto-cultural-de-la-ull-sobre-los-dias-del-libro\/\" \/>\n<meta property=\"og:locale\" content=\"es_ES\" \/>\n<meta property=\"og:type\" content=\"article\" \/>\n<meta property=\"og:title\" content=\"Un coloquio con el escritor David Ucl\u00e9s abre el proyecto cultural de la ULL sobre los d\u00edas del libro - ULL - Noticias\" \/>\n<meta property=\"og:description\" content=\"David Ucl\u00e9s, uno de los escritores en prosa con m\u00e1s renombre del actual panorama literario nacional, ser\u00e1 entrevistado por dos...\" \/>\n<meta property=\"og:url\" content=\"https:\/\/www.ull.es\/portal\/noticias\/2026\/un-coloquio-con-el-escritor-david-ucles-abre-el-proyecto-cultural-de-la-ull-sobre-los-dias-del-libro\/\" \/>\n<meta property=\"og:site_name\" content=\"ULL - Noticias\" \/>\n<meta property=\"article:publisher\" content=\"https:\/\/www.facebook.com\/universidaddelalaguna\/\" \/>\n<meta property=\"article:published_time\" content=\"2026-03-12T11:34:06+00:00\" \/>\n<meta property=\"article:modified_time\" content=\"2026-03-23T14:09:38+00:00\" \/>\n<meta property=\"og:image\" content=\"https:\/\/www.ull.es\/portal\/noticias\/wp-content\/uploads\/sites\/13\/2026\/03\/banner-eventos-42.jpg\" \/>\n\t<meta property=\"og:image:width\" content=\"750\" \/>\n\t<meta property=\"og:image:height\" content=\"370\" \/>\n\t<meta property=\"og:image:type\" content=\"image\/jpeg\" \/>\n<meta name=\"author\" content=\"gaprsa\" \/>\n<meta name=\"twitter:card\" content=\"summary_large_image\" \/>\n<meta name=\"twitter:creator\" content=\"@CanalULL\" \/>\n<meta name=\"twitter:site\" content=\"@CanalULL\" \/>\n<meta name=\"twitter:label1\" content=\"Escrito por\" \/>\n\t<meta name=\"twitter:data1\" content=\"gaprsa\" \/>\n\t<meta name=\"twitter:label2\" content=\"Tiempo de lectura\" \/>\n\t<meta name=\"twitter:data2\" content=\"4 minutos\" \/>\n<script type=\"application\/ld+json\" class=\"yoast-schema-graph\">{\"@context\":\"https:\/\/schema.org\",\"@graph\":[{\"@type\":\"WebPage\",\"@id\":\"https:\/\/www.ull.es\/portal\/noticias\/2026\/un-coloquio-con-el-escritor-david-ucles-abre-el-proyecto-cultural-de-la-ull-sobre-los-dias-del-libro\/\",\"url\":\"https:\/\/www.ull.es\/portal\/noticias\/2026\/un-coloquio-con-el-escritor-david-ucles-abre-el-proyecto-cultural-de-la-ull-sobre-los-dias-del-libro\/\",\"name\":\"Un coloquio con el escritor David Ucl\u00e9s abre el proyecto cultural de la ULL sobre los d\u00edas del libro - ULL - Noticias\",\"isPartOf\":{\"@id\":\"https:\/\/www.ull.es\/portal\/noticias\/#website\"},\"datePublished\":\"2026-03-12T11:34:06+00:00\",\"dateModified\":\"2026-03-23T14:09:38+00:00\",\"author\":{\"@id\":\"https:\/\/www.ull.es\/portal\/noticias\/#\/schema\/person\/b2b1a89d43ffa609e591f7df8ef3e817\"},\"breadcrumb\":{\"@id\":\"https:\/\/www.ull.es\/portal\/noticias\/2026\/un-coloquio-con-el-escritor-david-ucles-abre-el-proyecto-cultural-de-la-ull-sobre-los-dias-del-libro\/#breadcrumb\"},\"inLanguage\":\"es\",\"potentialAction\":[{\"@type\":\"ReadAction\",\"target\":[\"https:\/\/www.ull.es\/portal\/noticias\/2026\/un-coloquio-con-el-escritor-david-ucles-abre-el-proyecto-cultural-de-la-ull-sobre-los-dias-del-libro\/\"]}]},{\"@type\":\"BreadcrumbList\",\"@id\":\"https:\/\/www.ull.es\/portal\/noticias\/2026\/un-coloquio-con-el-escritor-david-ucles-abre-el-proyecto-cultural-de-la-ull-sobre-los-dias-del-libro\/#breadcrumb\",\"itemListElement\":[{\"@type\":\"ListItem\",\"position\":1,\"name\":\"Portada\",\"item\":\"https:\/\/www.ull.es\/portal\/noticias\/\"},{\"@type\":\"ListItem\",\"position\":2,\"name\":\"Un coloquio con el escritor David Ucl\u00e9s abre el proyecto cultural de la ULL sobre los d\u00edas del libro\"}]},{\"@type\":\"WebSite\",\"@id\":\"https:\/\/www.ull.es\/portal\/noticias\/#website\",\"url\":\"https:\/\/www.ull.es\/portal\/noticias\/\",\"name\":\"ULL - Noticias\",\"description\":\"\",\"potentialAction\":[{\"@type\":\"SearchAction\",\"target\":{\"@type\":\"EntryPoint\",\"urlTemplate\":\"https:\/\/www.ull.es\/portal\/noticias\/?s={search_term_string}\"},\"query-input\":\"required name=search_term_string\"}],\"inLanguage\":\"es\"},{\"@type\":\"Person\",\"@id\":\"https:\/\/www.ull.es\/portal\/noticias\/#\/schema\/person\/b2b1a89d43ffa609e591f7df8ef3e817\",\"name\":\"gaprsa\",\"image\":{\"@type\":\"ImageObject\",\"inLanguage\":\"es\",\"@id\":\"https:\/\/www.ull.es\/portal\/noticias\/#\/schema\/person\/image\/\",\"url\":\"https:\/\/secure.gravatar.com\/avatar\/443820550921091458b4823867723b3d?s=96&d=mm&r=g\",\"contentUrl\":\"https:\/\/secure.gravatar.com\/avatar\/443820550921091458b4823867723b3d?s=96&d=mm&r=g\",\"caption\":\"gaprsa\"},\"url\":\"https:\/\/www.ull.es\/portal\/noticias\/author\/gaprsa\/\"}]}<\/script>\n<!-- \/ Yoast SEO plugin. -->","yoast_head_json":{"title":"Un coloquio con el escritor David Ucl\u00e9s abre el proyecto cultural de la ULL sobre los d\u00edas del libro - ULL - Noticias","robots":{"index":"index","follow":"follow","max-snippet":"max-snippet:-1","max-image-preview":"max-image-preview:large","max-video-preview":"max-video-preview:-1"},"canonical":"https:\/\/www.ull.es\/portal\/noticias\/2026\/un-coloquio-con-el-escritor-david-ucles-abre-el-proyecto-cultural-de-la-ull-sobre-los-dias-del-libro\/","og_locale":"es_ES","og_type":"article","og_title":"Un coloquio con el escritor David Ucl\u00e9s abre el proyecto cultural de la ULL sobre los d\u00edas del libro - ULL - Noticias","og_description":"David Ucl\u00e9s, uno de los escritores en prosa con m\u00e1s renombre del actual panorama literario nacional, ser\u00e1 entrevistado por dos...","og_url":"https:\/\/www.ull.es\/portal\/noticias\/2026\/un-coloquio-con-el-escritor-david-ucles-abre-el-proyecto-cultural-de-la-ull-sobre-los-dias-del-libro\/","og_site_name":"ULL - Noticias","article_publisher":"https:\/\/www.facebook.com\/universidaddelalaguna\/","article_published_time":"2026-03-12T11:34:06+00:00","article_modified_time":"2026-03-23T14:09:38+00:00","og_image":[{"width":750,"height":370,"url":"https:\/\/www.ull.es\/portal\/noticias\/wp-content\/uploads\/sites\/13\/2026\/03\/banner-eventos-42.jpg","type":"image\/jpeg"}],"author":"gaprsa","twitter_card":"summary_large_image","twitter_creator":"@CanalULL","twitter_site":"@CanalULL","twitter_misc":{"Escrito por":"gaprsa","Tiempo de lectura":"4 minutos"},"schema":{"@context":"https:\/\/schema.org","@graph":[{"@type":"WebPage","@id":"https:\/\/www.ull.es\/portal\/noticias\/2026\/un-coloquio-con-el-escritor-david-ucles-abre-el-proyecto-cultural-de-la-ull-sobre-los-dias-del-libro\/","url":"https:\/\/www.ull.es\/portal\/noticias\/2026\/un-coloquio-con-el-escritor-david-ucles-abre-el-proyecto-cultural-de-la-ull-sobre-los-dias-del-libro\/","name":"Un coloquio con el escritor David Ucl\u00e9s abre el proyecto cultural de la ULL sobre los d\u00edas del libro - ULL - Noticias","isPartOf":{"@id":"https:\/\/www.ull.es\/portal\/noticias\/#website"},"datePublished":"2026-03-12T11:34:06+00:00","dateModified":"2026-03-23T14:09:38+00:00","author":{"@id":"https:\/\/www.ull.es\/portal\/noticias\/#\/schema\/person\/b2b1a89d43ffa609e591f7df8ef3e817"},"breadcrumb":{"@id":"https:\/\/www.ull.es\/portal\/noticias\/2026\/un-coloquio-con-el-escritor-david-ucles-abre-el-proyecto-cultural-de-la-ull-sobre-los-dias-del-libro\/#breadcrumb"},"inLanguage":"es","potentialAction":[{"@type":"ReadAction","target":["https:\/\/www.ull.es\/portal\/noticias\/2026\/un-coloquio-con-el-escritor-david-ucles-abre-el-proyecto-cultural-de-la-ull-sobre-los-dias-del-libro\/"]}]},{"@type":"BreadcrumbList","@id":"https:\/\/www.ull.es\/portal\/noticias\/2026\/un-coloquio-con-el-escritor-david-ucles-abre-el-proyecto-cultural-de-la-ull-sobre-los-dias-del-libro\/#breadcrumb","itemListElement":[{"@type":"ListItem","position":1,"name":"Portada","item":"https:\/\/www.ull.es\/portal\/noticias\/"},{"@type":"ListItem","position":2,"name":"Un coloquio con el escritor David Ucl\u00e9s abre el proyecto cultural de la ULL sobre los d\u00edas del libro"}]},{"@type":"WebSite","@id":"https:\/\/www.ull.es\/portal\/noticias\/#website","url":"https:\/\/www.ull.es\/portal\/noticias\/","name":"ULL - Noticias","description":"","potentialAction":[{"@type":"SearchAction","target":{"@type":"EntryPoint","urlTemplate":"https:\/\/www.ull.es\/portal\/noticias\/?s={search_term_string}"},"query-input":"required name=search_term_string"}],"inLanguage":"es"},{"@type":"Person","@id":"https:\/\/www.ull.es\/portal\/noticias\/#\/schema\/person\/b2b1a89d43ffa609e591f7df8ef3e817","name":"gaprsa","image":{"@type":"ImageObject","inLanguage":"es","@id":"https:\/\/www.ull.es\/portal\/noticias\/#\/schema\/person\/image\/","url":"https:\/\/secure.gravatar.com\/avatar\/443820550921091458b4823867723b3d?s=96&d=mm&r=g","contentUrl":"https:\/\/secure.gravatar.com\/avatar\/443820550921091458b4823867723b3d?s=96&d=mm&r=g","caption":"gaprsa"},"url":"https:\/\/www.ull.es\/portal\/noticias\/author\/gaprsa\/"}]}},"primary_category":{"id":345,"name":"Destacado","slug":"destacado","link":"https:\/\/www.ull.es\/portal\/noticias\/category\/destacado\/"},"featured_image_thumbnail_url":"https:\/\/www.ull.es\/portal\/noticias\/wp-content\/uploads\/sites\/13\/2026\/03\/banner-eventos-42-300x148.jpg","_links":{"self":[{"href":"https:\/\/www.ull.es\/portal\/noticias\/wp-json\/wp\/v2\/posts\/87470"}],"collection":[{"href":"https:\/\/www.ull.es\/portal\/noticias\/wp-json\/wp\/v2\/posts"}],"about":[{"href":"https:\/\/www.ull.es\/portal\/noticias\/wp-json\/wp\/v2\/types\/post"}],"author":[{"embeddable":true,"href":"https:\/\/www.ull.es\/portal\/noticias\/wp-json\/wp\/v2\/users\/23"}],"replies":[{"embeddable":true,"href":"https:\/\/www.ull.es\/portal\/noticias\/wp-json\/wp\/v2\/comments?post=87470"}],"version-history":[{"count":2,"href":"https:\/\/www.ull.es\/portal\/noticias\/wp-json\/wp\/v2\/posts\/87470\/revisions"}],"predecessor-version":[{"id":87477,"href":"https:\/\/www.ull.es\/portal\/noticias\/wp-json\/wp\/v2\/posts\/87470\/revisions\/87477"}],"wp:featuredmedia":[{"embeddable":true,"href":"https:\/\/www.ull.es\/portal\/noticias\/wp-json\/wp\/v2\/media\/87476"}],"wp:attachment":[{"href":"https:\/\/www.ull.es\/portal\/noticias\/wp-json\/wp\/v2\/media?parent=87470"}],"wp:term":[{"taxonomy":"category","embeddable":true,"href":"https:\/\/www.ull.es\/portal\/noticias\/wp-json\/wp\/v2\/categories?post=87470"},{"taxonomy":"post_tag","embeddable":true,"href":"https:\/\/www.ull.es\/portal\/noticias\/wp-json\/wp\/v2\/tags?post=87470"}],"curies":[{"name":"wp","href":"https:\/\/api.w.org\/{rel}","templated":true}]}}