{"id":87473,"date":"2026-03-12T12:48:25","date_gmt":"2026-03-12T12:48:25","guid":{"rendered":"https:\/\/www.ull.es\/portal\/noticias\/?p=87473"},"modified":"2026-03-12T12:48:25","modified_gmt":"2026-03-12T12:48:25","slug":"juezas-y-magistradas-de-toda-espana-debaten-las-facetas-de-la-violencia-de-genero-en-la-ull","status":"publish","type":"post","link":"https:\/\/www.ull.es\/portal\/noticias\/2026\/juezas-y-magistradas-de-toda-espana-debaten-las-facetas-de-la-violencia-de-genero-en-la-ull\/","title":{"rendered":"Juezas y magistradas de toda Espa\u00f1a debaten las facetas de la violencia de g\u00e9nero en la ULL"},"content":{"rendered":"<p>El <a href=\"https:\/\/www.ull.es\/institutos\/instituto-universitario-estudios-mujeres\/\" target=\"_blank\" rel=\"noopener\">Instituto Universitario de Estudios de las Mujeres<\/a> de la Universidad de La Laguna (IUEM), en colaboraci\u00f3n con el Instituto Insular de Atenci\u00f3n Social y Sociosanitaria, organiza con motivo de la conmemoraci\u00f3n del 8M \u201c<a href=\"https:\/\/www.ull.es\/portal\/agenda\/evento\/hijas-del-miedo-la-violencia-de-genero-a-traves-de-los-ojos-de-la-infancia\/\" target=\"_blank\" rel=\"noopener\">Hijas del Miedo: La violencia de g\u00e9nero a trav\u00e9s de los ojos de la infancia<\/a>\u201d, un espacio de reflexi\u00f3n acad\u00e9mica, jur\u00eddica e institucional centrado en el impacto de la violencia de g\u00e9nero sobre la infancia. El encuentro se celebrar\u00e1 ma\u00f1ana viernes, 13 de marzo a partir de las 9 horas en el Paraninfo.<\/p>\n<p>El evento reunir\u00e1 a las autoras del libro \u2018Hijas del Miedo\u2019, profesionales de la judicatura pertenecientes a la Asociaci\u00f3n de Mujeres Juezas de Espa\u00f1a, que han recopilado relatos reales de mujeres v\u00edctimas de violencia de g\u00e9nero para abordar as\u00ed esta lacra social situando en primer plano a la infancia que crece en estos contextos violentos. A trav\u00e9s del di\u00e1logo, se analizar\u00e1n las consecuencias psicol\u00f3gicas, sociales y educativas que estas experiencias tienen en el desarrollo y el bienestar de menores, as\u00ed como la situaci\u00f3n de las mujeres que las sufren y los desaf\u00edos que enfrentan los sistemas de protecci\u00f3n.<\/p>\n<p>El evento se articula en torno a tres grandes mesas redondas tem\u00e1ticas: la primera, a las 10 horas, aborda la violencia de g\u00e9nero en la infancia y adolescencia y la violencia Vicaria. Moderada por la psic\u00f3loga forense Sonia Vaccaro, participan Flor de Torres Porras, fiscala delegada de Violencia sobre la Mujer en Andaluc\u00eda; Ana Libertad Laliena Piedrafita, magistrada; Isabel Gim\u00e9nez Garc\u00eda, jueza; y Cristina Mer\u00e9 Bermejo, jueza.<\/p>\n<p>La segunda mesa, a las 11:15, aborda la violencia de g\u00e9nero institucional, sexual y econ\u00f3mica y contar\u00e1 con la moderaci\u00f3n de Margarita Ramos Quintana, catedr\u00e1tica de Derecho del Trabajo y de la Seguridad Social de la Universidad de La Laguna. Participan Victoria Rosell Aguilar, magistrada; Luna Taboada Mart\u00ednez, magistrada; y Margarita Rodr\u00edguez Moreira, jueza.<\/p>\n<p>La tercera mesa, sobre el maltrato continuado y silencioso, est\u00e1 moderada por la profesora del \u00e1rea de L\u00f3gica y Filosof\u00eda de la Ciencia e integrante del IUEM Inmaculada Perdomo Reyes. Participan las magistradas Ana M\u00aa Fern\u00e1ndez, Helena Amor\u00f3s, Adoraci\u00f3n Jim\u00e9nez y Cira Garc\u00eda.<\/p>\n<p>Adicionalmente, al inicio del acto, a las 9:20 horas, se presentar\u00e1 el libro que ha reunido a estas profesionales, \u201cHijas del miedo\u201d, con una lectura de algunos de sus fragmentos.<\/p>\n","protected":false},"excerpt":{"rendered":"<p>El Instituto Universitario de Estudios de las Mujeres de la Universidad de La Laguna (IUEM), en colaboraci\u00f3n con el Instituto&#8230;<\/p>\n","protected":false},"author":23,"featured_media":87474,"comment_status":"closed","ping_status":"closed","sticky":false,"template":"","format":"standard","meta":{"inline_featured_image":false,"footnotes":""},"categories":[345,348,2765],"tags":[],"acf":[],"yoast_head":"<!-- This site is optimized with the Yoast SEO plugin v21.3 - https:\/\/yoast.com\/wordpress\/plugins\/seo\/ -->\n<title>Juezas y magistradas de toda Espa\u00f1a debaten las facetas de la violencia de g\u00e9nero en la ULL - ULL - Noticias<\/title>\n<meta name=\"robots\" content=\"index, follow, max-snippet:-1, max-image-preview:large, max-video-preview:-1\" \/>\n<link rel=\"canonical\" href=\"https:\/\/www.ull.es\/portal\/noticias\/2026\/juezas-y-magistradas-de-toda-espana-debaten-las-facetas-de-la-violencia-de-genero-en-la-ull\/\" \/>\n<meta property=\"og:locale\" content=\"es_ES\" \/>\n<meta property=\"og:type\" content=\"article\" \/>\n<meta property=\"og:title\" content=\"Juezas y magistradas de toda Espa\u00f1a debaten las facetas de la violencia de g\u00e9nero en la ULL - ULL - Noticias\" \/>\n<meta property=\"og:description\" content=\"El Instituto Universitario de Estudios de las Mujeres de la Universidad de La Laguna (IUEM), en colaboraci\u00f3n con el Instituto...\" \/>\n<meta property=\"og:url\" content=\"https:\/\/www.ull.es\/portal\/noticias\/2026\/juezas-y-magistradas-de-toda-espana-debaten-las-facetas-de-la-violencia-de-genero-en-la-ull\/\" \/>\n<meta property=\"og:site_name\" content=\"ULL - Noticias\" \/>\n<meta property=\"article:publisher\" content=\"https:\/\/www.facebook.com\/universidaddelalaguna\/\" \/>\n<meta property=\"article:published_time\" content=\"2026-03-12T12:48:25+00:00\" \/>\n<meta property=\"og:image\" content=\"https:\/\/www.ull.es\/portal\/noticias\/wp-content\/uploads\/sites\/13\/2026\/03\/hijas-del-miedo-paraninfo.png\" \/>\n\t<meta property=\"og:image:width\" content=\"750\" \/>\n\t<meta property=\"og:image:height\" content=\"370\" \/>\n\t<meta property=\"og:image:type\" content=\"image\/png\" \/>\n<meta name=\"author\" content=\"gaprsa\" \/>\n<meta name=\"twitter:card\" content=\"summary_large_image\" \/>\n<meta name=\"twitter:creator\" content=\"@CanalULL\" \/>\n<meta name=\"twitter:site\" content=\"@CanalULL\" \/>\n<meta name=\"twitter:label1\" content=\"Escrito por\" \/>\n\t<meta name=\"twitter:data1\" content=\"gaprsa\" \/>\n\t<meta name=\"twitter:label2\" content=\"Tiempo de lectura\" \/>\n\t<meta name=\"twitter:data2\" content=\"2 minutos\" \/>\n<script type=\"application\/ld+json\" class=\"yoast-schema-graph\">{\"@context\":\"https:\/\/schema.org\",\"@graph\":[{\"@type\":\"WebPage\",\"@id\":\"https:\/\/www.ull.es\/portal\/noticias\/2026\/juezas-y-magistradas-de-toda-espana-debaten-las-facetas-de-la-violencia-de-genero-en-la-ull\/\",\"url\":\"https:\/\/www.ull.es\/portal\/noticias\/2026\/juezas-y-magistradas-de-toda-espana-debaten-las-facetas-de-la-violencia-de-genero-en-la-ull\/\",\"name\":\"Juezas y magistradas de toda Espa\u00f1a debaten las facetas de la violencia de g\u00e9nero en la ULL - ULL - Noticias\",\"isPartOf\":{\"@id\":\"https:\/\/www.ull.es\/portal\/noticias\/#website\"},\"datePublished\":\"2026-03-12T12:48:25+00:00\",\"dateModified\":\"2026-03-12T12:48:25+00:00\",\"author\":{\"@id\":\"https:\/\/www.ull.es\/portal\/noticias\/#\/schema\/person\/b2b1a89d43ffa609e591f7df8ef3e817\"},\"breadcrumb\":{\"@id\":\"https:\/\/www.ull.es\/portal\/noticias\/2026\/juezas-y-magistradas-de-toda-espana-debaten-las-facetas-de-la-violencia-de-genero-en-la-ull\/#breadcrumb\"},\"inLanguage\":\"es\",\"potentialAction\":[{\"@type\":\"ReadAction\",\"target\":[\"https:\/\/www.ull.es\/portal\/noticias\/2026\/juezas-y-magistradas-de-toda-espana-debaten-las-facetas-de-la-violencia-de-genero-en-la-ull\/\"]}]},{\"@type\":\"BreadcrumbList\",\"@id\":\"https:\/\/www.ull.es\/portal\/noticias\/2026\/juezas-y-magistradas-de-toda-espana-debaten-las-facetas-de-la-violencia-de-genero-en-la-ull\/#breadcrumb\",\"itemListElement\":[{\"@type\":\"ListItem\",\"position\":1,\"name\":\"Portada\",\"item\":\"https:\/\/www.ull.es\/portal\/noticias\/\"},{\"@type\":\"ListItem\",\"position\":2,\"name\":\"Juezas y magistradas de toda Espa\u00f1a debaten las facetas de la violencia de g\u00e9nero en la ULL\"}]},{\"@type\":\"WebSite\",\"@id\":\"https:\/\/www.ull.es\/portal\/noticias\/#website\",\"url\":\"https:\/\/www.ull.es\/portal\/noticias\/\",\"name\":\"ULL - Noticias\",\"description\":\"\",\"potentialAction\":[{\"@type\":\"SearchAction\",\"target\":{\"@type\":\"EntryPoint\",\"urlTemplate\":\"https:\/\/www.ull.es\/portal\/noticias\/?s={search_term_string}\"},\"query-input\":\"required name=search_term_string\"}],\"inLanguage\":\"es\"},{\"@type\":\"Person\",\"@id\":\"https:\/\/www.ull.es\/portal\/noticias\/#\/schema\/person\/b2b1a89d43ffa609e591f7df8ef3e817\",\"name\":\"gaprsa\",\"image\":{\"@type\":\"ImageObject\",\"inLanguage\":\"es\",\"@id\":\"https:\/\/www.ull.es\/portal\/noticias\/#\/schema\/person\/image\/\",\"url\":\"https:\/\/secure.gravatar.com\/avatar\/443820550921091458b4823867723b3d?s=96&d=mm&r=g\",\"contentUrl\":\"https:\/\/secure.gravatar.com\/avatar\/443820550921091458b4823867723b3d?s=96&d=mm&r=g\",\"caption\":\"gaprsa\"},\"url\":\"https:\/\/www.ull.es\/portal\/noticias\/author\/gaprsa\/\"}]}<\/script>\n<!-- \/ Yoast SEO plugin. -->","yoast_head_json":{"title":"Juezas y magistradas de toda Espa\u00f1a debaten las facetas de la violencia de g\u00e9nero en la ULL - ULL - Noticias","robots":{"index":"index","follow":"follow","max-snippet":"max-snippet:-1","max-image-preview":"max-image-preview:large","max-video-preview":"max-video-preview:-1"},"canonical":"https:\/\/www.ull.es\/portal\/noticias\/2026\/juezas-y-magistradas-de-toda-espana-debaten-las-facetas-de-la-violencia-de-genero-en-la-ull\/","og_locale":"es_ES","og_type":"article","og_title":"Juezas y magistradas de toda Espa\u00f1a debaten las facetas de la violencia de g\u00e9nero en la ULL - ULL - Noticias","og_description":"El Instituto Universitario de Estudios de las Mujeres de la Universidad de La Laguna (IUEM), en colaboraci\u00f3n con el Instituto...","og_url":"https:\/\/www.ull.es\/portal\/noticias\/2026\/juezas-y-magistradas-de-toda-espana-debaten-las-facetas-de-la-violencia-de-genero-en-la-ull\/","og_site_name":"ULL - Noticias","article_publisher":"https:\/\/www.facebook.com\/universidaddelalaguna\/","article_published_time":"2026-03-12T12:48:25+00:00","og_image":[{"width":750,"height":370,"url":"https:\/\/www.ull.es\/portal\/noticias\/wp-content\/uploads\/sites\/13\/2026\/03\/hijas-del-miedo-paraninfo.png","type":"image\/png"}],"author":"gaprsa","twitter_card":"summary_large_image","twitter_creator":"@CanalULL","twitter_site":"@CanalULL","twitter_misc":{"Escrito por":"gaprsa","Tiempo de lectura":"2 minutos"},"schema":{"@context":"https:\/\/schema.org","@graph":[{"@type":"WebPage","@id":"https:\/\/www.ull.es\/portal\/noticias\/2026\/juezas-y-magistradas-de-toda-espana-debaten-las-facetas-de-la-violencia-de-genero-en-la-ull\/","url":"https:\/\/www.ull.es\/portal\/noticias\/2026\/juezas-y-magistradas-de-toda-espana-debaten-las-facetas-de-la-violencia-de-genero-en-la-ull\/","name":"Juezas y magistradas de toda Espa\u00f1a debaten las facetas de la violencia de g\u00e9nero en la ULL - ULL - Noticias","isPartOf":{"@id":"https:\/\/www.ull.es\/portal\/noticias\/#website"},"datePublished":"2026-03-12T12:48:25+00:00","dateModified":"2026-03-12T12:48:25+00:00","author":{"@id":"https:\/\/www.ull.es\/portal\/noticias\/#\/schema\/person\/b2b1a89d43ffa609e591f7df8ef3e817"},"breadcrumb":{"@id":"https:\/\/www.ull.es\/portal\/noticias\/2026\/juezas-y-magistradas-de-toda-espana-debaten-las-facetas-de-la-violencia-de-genero-en-la-ull\/#breadcrumb"},"inLanguage":"es","potentialAction":[{"@type":"ReadAction","target":["https:\/\/www.ull.es\/portal\/noticias\/2026\/juezas-y-magistradas-de-toda-espana-debaten-las-facetas-de-la-violencia-de-genero-en-la-ull\/"]}]},{"@type":"BreadcrumbList","@id":"https:\/\/www.ull.es\/portal\/noticias\/2026\/juezas-y-magistradas-de-toda-espana-debaten-las-facetas-de-la-violencia-de-genero-en-la-ull\/#breadcrumb","itemListElement":[{"@type":"ListItem","position":1,"name":"Portada","item":"https:\/\/www.ull.es\/portal\/noticias\/"},{"@type":"ListItem","position":2,"name":"Juezas y magistradas de toda Espa\u00f1a debaten las facetas de la violencia de g\u00e9nero en la ULL"}]},{"@type":"WebSite","@id":"https:\/\/www.ull.es\/portal\/noticias\/#website","url":"https:\/\/www.ull.es\/portal\/noticias\/","name":"ULL - Noticias","description":"","potentialAction":[{"@type":"SearchAction","target":{"@type":"EntryPoint","urlTemplate":"https:\/\/www.ull.es\/portal\/noticias\/?s={search_term_string}"},"query-input":"required name=search_term_string"}],"inLanguage":"es"},{"@type":"Person","@id":"https:\/\/www.ull.es\/portal\/noticias\/#\/schema\/person\/b2b1a89d43ffa609e591f7df8ef3e817","name":"gaprsa","image":{"@type":"ImageObject","inLanguage":"es","@id":"https:\/\/www.ull.es\/portal\/noticias\/#\/schema\/person\/image\/","url":"https:\/\/secure.gravatar.com\/avatar\/443820550921091458b4823867723b3d?s=96&d=mm&r=g","contentUrl":"https:\/\/secure.gravatar.com\/avatar\/443820550921091458b4823867723b3d?s=96&d=mm&r=g","caption":"gaprsa"},"url":"https:\/\/www.ull.es\/portal\/noticias\/author\/gaprsa\/"}]}},"primary_category":{"id":345,"name":"Destacado","slug":"destacado","link":"https:\/\/www.ull.es\/portal\/noticias\/category\/destacado\/"},"featured_image_thumbnail_url":"https:\/\/www.ull.es\/portal\/noticias\/wp-content\/uploads\/sites\/13\/2026\/03\/hijas-del-miedo-paraninfo-300x148.png","_links":{"self":[{"href":"https:\/\/www.ull.es\/portal\/noticias\/wp-json\/wp\/v2\/posts\/87473"}],"collection":[{"href":"https:\/\/www.ull.es\/portal\/noticias\/wp-json\/wp\/v2\/posts"}],"about":[{"href":"https:\/\/www.ull.es\/portal\/noticias\/wp-json\/wp\/v2\/types\/post"}],"author":[{"embeddable":true,"href":"https:\/\/www.ull.es\/portal\/noticias\/wp-json\/wp\/v2\/users\/23"}],"replies":[{"embeddable":true,"href":"https:\/\/www.ull.es\/portal\/noticias\/wp-json\/wp\/v2\/comments?post=87473"}],"version-history":[{"count":1,"href":"https:\/\/www.ull.es\/portal\/noticias\/wp-json\/wp\/v2\/posts\/87473\/revisions"}],"predecessor-version":[{"id":87475,"href":"https:\/\/www.ull.es\/portal\/noticias\/wp-json\/wp\/v2\/posts\/87473\/revisions\/87475"}],"wp:featuredmedia":[{"embeddable":true,"href":"https:\/\/www.ull.es\/portal\/noticias\/wp-json\/wp\/v2\/media\/87474"}],"wp:attachment":[{"href":"https:\/\/www.ull.es\/portal\/noticias\/wp-json\/wp\/v2\/media?parent=87473"}],"wp:term":[{"taxonomy":"category","embeddable":true,"href":"https:\/\/www.ull.es\/portal\/noticias\/wp-json\/wp\/v2\/categories?post=87473"},{"taxonomy":"post_tag","embeddable":true,"href":"https:\/\/www.ull.es\/portal\/noticias\/wp-json\/wp\/v2\/tags?post=87473"}],"curies":[{"name":"wp","href":"https:\/\/api.w.org\/{rel}","templated":true}]}}