{"id":87481,"date":"2026-03-12T14:07:53","date_gmt":"2026-03-12T14:07:53","guid":{"rendered":"https:\/\/www.ull.es\/portal\/noticias\/?p=87481"},"modified":"2026-03-12T14:07:53","modified_gmt":"2026-03-12T14:07:53","slug":"la-ull-lidera-la-lucha-por-salvar-un-alga-endemica-ante-la-amenaza-del-cambio-climatico","status":"publish","type":"post","link":"https:\/\/www.ull.es\/portal\/noticias\/2026\/la-ull-lidera-la-lucha-por-salvar-un-alga-endemica-ante-la-amenaza-del-cambio-climatico\/","title":{"rendered":"La ULL lidera la lucha por salvar un alga end\u00e9mica ante la amenaza del cambio clim\u00e1tico"},"content":{"rendered":"<p>La biodiversidad marina de Canarias est\u00e1 en riesgo por la fuerte disminuci\u00f3n de las algas rojas gelidiales, que son fundamentales para la salud de los ecosistemas costeros y para absorber carbono, entre las que se encuentra la <em>Gelidium canariense<\/em>, especialmente vulnerable. Se trata de la \u00fanica macroalga end\u00e9mica de Canarias que se encuentra en peligro de extinci\u00f3n por el cambio clim\u00e1tico, y que solo se encuentra en zonas fr\u00edas y sombreadas del norte de La Palma, La Gomera, Tenerife y Gran Canaria.<\/p>\n<p>Para frenar esta p\u00e9rdida, la Universidad de La Laguna, con la financiaci\u00f3n de la Fundaci\u00f3n Biodiversidad y el Fondo Europeo de Desarrollo Regional (FEDER), ha puesto en marcha el Proyecto <a href=\"https:\/\/fundacion-biodiversidad.es\/proyecto_feder\/refugios-de-biodiversidad-en-declive-caracterizacion-de-areas-prioritarias-para-la-conservacion-de-la-comunidad-de-gelidiales-en-canarias-gelirock\/\" target=\"_blank\" rel=\"noopener\">GELIROCK<\/a> (Refugios de biodiversidad en declive: caracterizaci\u00f3n de \u00e1reas prioritarias para la conservaci\u00f3n de la comunidad de gelidiales en Canarias), liderado por el investigador <a href=\"https:\/\/portalciencia.ull.es\/investigadores\/82308\/detalle\" target=\"_blank\" rel=\"noopener\">Jos\u00e9 Carlos Hern\u00e1ndez<\/a>, y que cuenta con la participaci\u00f3n de la profesora Roc\u00edo P\u00e9rez, de la Universidad de Barcelona.<\/p>\n<p>Esta iniciativa, con un presupuesto de 501.000\u20ac y que se llevar\u00e1 a cabo hasta finales de 2028, pretende evaluar su estado actual, cartografiar la distribuci\u00f3n de la comunidad y de sus poblaciones e identificar zonas prioritarias para su conservaci\u00f3n y restauraci\u00f3n, con el objetivo de impulsar medidas de protecci\u00f3n espec\u00edficas en el litoral canario.<\/p>\n<p>Hern\u00e1ndez destaca la importancia hist\u00f3rica de la <em>Gelidium canariense<\/em>. \u201cEn el norte de Tenerife, especialmente en el Puerto de la Cruz, esta especie se recolectaba para la extracci\u00f3n de agar porque hab\u00eda grandes arribazones, ac\u00famulos de alga en la costa, y posee el olor t\u00edpico que existe en estos lugares\u201d, se\u00f1ala.<\/p>\n<p>Adem\u00e1s de su valor cultural, el alga cumple una funci\u00f3n ecol\u00f3gica crucial: \u201cHemos localizado m\u00e1s de 200 especies de microinvertebrados que viven en estos lugares, ejemplares espectaculares\u201d, entre las que se incluyen algunas especies nuevas para Canarias que viven exclusivamente en estos sitios. Estas especies act\u00faan como edificios en los que habitan estos peque\u00f1os invertebrados, por lo que, se\u00f1ala el investigador, su p\u00e9rdida supondr\u00eda romper la cadena tr\u00f3fica y afectar\u00eda a la actividad pesquera y a la biodiversidad marina de distintas zonas de Canarias.<\/p>\n<p>La evoluci\u00f3n de las especies objeto del proyecto que ahora se inicia ha sido analizada durante los \u00faltimos a\u00f1os por estos especialistas. Un estudio realizado por investigadores de los grupos de investigaci\u00f3n Ecolog\u00eda de Comunidades Marinas y Conservaci\u00f3n y Bot\u00e1nica Marina de la Universidad de La Laguna, publicado en la revista <a href=\"https:\/\/link.springer.com\/article\/10.1007\/s10113-021-01828-5\" target=\"_blank\" rel=\"noopener\">Regional Environmental Change<\/a>, confirm\u00f3 que m\u00e1s del 90% de las poblaciones de <em>Gelidium canariense<\/em> ha desparecido de la costa norte de Tenerife durante los \u00faltimo a\u00f1os. La investigaci\u00f3n compar\u00f3 datos hist\u00f3ricos de 1987 con registros de 2008 y 2019 y mostr\u00f3 que la disminuci\u00f3n de esta especie se correlaciona directamente con el aumento de la temperatura superficial del mar y del aire y la radiaci\u00f3n ultravioleta.<\/p>\n<p>A su vez, la publicaci\u00f3n revel\u00f3 que las \u00e1reas donde antes predominaba la especie <em>Gelidium canariense<\/em>, ahora se encuentran afectadas por la proliferaci\u00f3n de <em>Pterocladiella capillacea<\/em>, una especie de distribuci\u00f3n global y m\u00e1s resistente a las nuevas condiciones clim\u00e1ticas. Los investigadores comprobaron adem\u00e1s que la cobertura de <em>Gelidium arbuscula<\/em> tambi\u00e9n ha disminuido significativamente, mientras que la comunidad dominada por la end\u00e9mica <em>Gelidium canariense<\/em> se ha fragmentado, afectando a toda la estructura tr\u00f3fica que depende de ella.<\/p>\n<p>El Proyecto GELIROCK combinar\u00e1 diversas herramientas cient\u00edficas, como mapas clim\u00e1ticos, datos satelitales y boyas oceanogr\u00e1ficas para abordar esta crisis y evaluar las condiciones que favorecen la supervivencia de estas algas. Adem\u00e1s, mediante t\u00e9cnicas novedosas de gen\u00e9tica de poblaciones, los investigadores estudiar\u00e1n la diversidad gen\u00e9tica de <em>Gelidium canariense<\/em> y la conectividad entre poblaciones, identificando as\u00ed las \u00e1reas m\u00e1s importantes para su conservaci\u00f3n.<\/p>\n<p>Hern\u00e1ndez compara la desaparici\u00f3n de estas algas con lo que sucede en la selva amaz\u00f3nica: \u201cNo solo estamos perdiendo uno de los pulmones del planeta, est\u00e1n desapareciendo especies que ni siquiera hemos llegado a descubrir, y eso est\u00e1 ocurriendo en Canarias debajo del agua\u201d, advierte.<\/p>\n<p>El proyecto persigue adem\u00e1s identificar posibles refugios clim\u00e1ticos analizando las condiciones ambientales hist\u00f3ricas en las zonas donde a\u00fan sobreviven estas comunidades. De esta manera, se podr\u00e1 entender c\u00f3mo han evolucionado en relaci\u00f3n a variables vinculadas al cambio clim\u00e1tico como el aumento de la temperatura o la radiaci\u00f3n ultravioleta.<\/p>\n","protected":false},"excerpt":{"rendered":"<p>La biodiversidad marina de Canarias est\u00e1 en riesgo por la fuerte disminuci\u00f3n de las algas rojas gelidiales, que son fundamentales&#8230;<\/p>\n","protected":false},"author":23,"featured_media":87485,"comment_status":"closed","ping_status":"closed","sticky":false,"template":"","format":"standard","meta":{"inline_featured_image":false,"footnotes":""},"categories":[3156,345,350,2765],"tags":[],"acf":[],"yoast_head":"<!-- This site is optimized with the Yoast SEO plugin v21.3 - https:\/\/yoast.com\/wordpress\/plugins\/seo\/ -->\n<title>La ULL lidera la lucha por salvar un alga end\u00e9mica ante la amenaza del cambio clim\u00e1tico - ULL - Noticias<\/title>\n<meta name=\"robots\" content=\"index, follow, max-snippet:-1, max-image-preview:large, max-video-preview:-1\" \/>\n<link rel=\"canonical\" href=\"https:\/\/www.ull.es\/portal\/noticias\/2026\/la-ull-lidera-la-lucha-por-salvar-un-alga-endemica-ante-la-amenaza-del-cambio-climatico\/\" \/>\n<meta property=\"og:locale\" content=\"es_ES\" \/>\n<meta property=\"og:type\" content=\"article\" \/>\n<meta property=\"og:title\" content=\"La ULL lidera la lucha por salvar un alga end\u00e9mica ante la amenaza del cambio clim\u00e1tico - ULL - Noticias\" \/>\n<meta property=\"og:description\" content=\"La biodiversidad marina de Canarias est\u00e1 en riesgo por la fuerte disminuci\u00f3n de las algas rojas gelidiales, que son fundamentales...\" \/>\n<meta property=\"og:url\" content=\"https:\/\/www.ull.es\/portal\/noticias\/2026\/la-ull-lidera-la-lucha-por-salvar-un-alga-endemica-ante-la-amenaza-del-cambio-climatico\/\" \/>\n<meta property=\"og:site_name\" content=\"ULL - Noticias\" \/>\n<meta property=\"article:publisher\" content=\"https:\/\/www.facebook.com\/universidaddelalaguna\/\" \/>\n<meta property=\"article:published_time\" content=\"2026-03-12T14:07:53+00:00\" \/>\n<meta property=\"og:image\" content=\"https:\/\/www.ull.es\/portal\/noticias\/wp-content\/uploads\/sites\/13\/2026\/03\/algas-afectadas.jpg\" \/>\n\t<meta property=\"og:image:width\" content=\"1200\" \/>\n\t<meta property=\"og:image:height\" content=\"800\" \/>\n\t<meta property=\"og:image:type\" content=\"image\/jpeg\" \/>\n<meta name=\"author\" content=\"gaprsa\" \/>\n<meta name=\"twitter:card\" content=\"summary_large_image\" \/>\n<meta name=\"twitter:creator\" content=\"@CanalULL\" \/>\n<meta name=\"twitter:site\" content=\"@CanalULL\" \/>\n<meta name=\"twitter:label1\" content=\"Escrito por\" \/>\n\t<meta name=\"twitter:data1\" content=\"gaprsa\" \/>\n\t<meta name=\"twitter:label2\" content=\"Tiempo de lectura\" \/>\n\t<meta name=\"twitter:data2\" content=\"4 minutos\" \/>\n<script type=\"application\/ld+json\" class=\"yoast-schema-graph\">{\"@context\":\"https:\/\/schema.org\",\"@graph\":[{\"@type\":\"WebPage\",\"@id\":\"https:\/\/www.ull.es\/portal\/noticias\/2026\/la-ull-lidera-la-lucha-por-salvar-un-alga-endemica-ante-la-amenaza-del-cambio-climatico\/\",\"url\":\"https:\/\/www.ull.es\/portal\/noticias\/2026\/la-ull-lidera-la-lucha-por-salvar-un-alga-endemica-ante-la-amenaza-del-cambio-climatico\/\",\"name\":\"La ULL lidera la lucha por salvar un alga end\u00e9mica ante la amenaza del cambio clim\u00e1tico - ULL - Noticias\",\"isPartOf\":{\"@id\":\"https:\/\/www.ull.es\/portal\/noticias\/#website\"},\"datePublished\":\"2026-03-12T14:07:53+00:00\",\"dateModified\":\"2026-03-12T14:07:53+00:00\",\"author\":{\"@id\":\"https:\/\/www.ull.es\/portal\/noticias\/#\/schema\/person\/b2b1a89d43ffa609e591f7df8ef3e817\"},\"breadcrumb\":{\"@id\":\"https:\/\/www.ull.es\/portal\/noticias\/2026\/la-ull-lidera-la-lucha-por-salvar-un-alga-endemica-ante-la-amenaza-del-cambio-climatico\/#breadcrumb\"},\"inLanguage\":\"es\",\"potentialAction\":[{\"@type\":\"ReadAction\",\"target\":[\"https:\/\/www.ull.es\/portal\/noticias\/2026\/la-ull-lidera-la-lucha-por-salvar-un-alga-endemica-ante-la-amenaza-del-cambio-climatico\/\"]}]},{\"@type\":\"BreadcrumbList\",\"@id\":\"https:\/\/www.ull.es\/portal\/noticias\/2026\/la-ull-lidera-la-lucha-por-salvar-un-alga-endemica-ante-la-amenaza-del-cambio-climatico\/#breadcrumb\",\"itemListElement\":[{\"@type\":\"ListItem\",\"position\":1,\"name\":\"Portada\",\"item\":\"https:\/\/www.ull.es\/portal\/noticias\/\"},{\"@type\":\"ListItem\",\"position\":2,\"name\":\"La ULL lidera la lucha por salvar un alga end\u00e9mica ante la amenaza del cambio clim\u00e1tico\"}]},{\"@type\":\"WebSite\",\"@id\":\"https:\/\/www.ull.es\/portal\/noticias\/#website\",\"url\":\"https:\/\/www.ull.es\/portal\/noticias\/\",\"name\":\"ULL - Noticias\",\"description\":\"\",\"potentialAction\":[{\"@type\":\"SearchAction\",\"target\":{\"@type\":\"EntryPoint\",\"urlTemplate\":\"https:\/\/www.ull.es\/portal\/noticias\/?s={search_term_string}\"},\"query-input\":\"required name=search_term_string\"}],\"inLanguage\":\"es\"},{\"@type\":\"Person\",\"@id\":\"https:\/\/www.ull.es\/portal\/noticias\/#\/schema\/person\/b2b1a89d43ffa609e591f7df8ef3e817\",\"name\":\"gaprsa\",\"image\":{\"@type\":\"ImageObject\",\"inLanguage\":\"es\",\"@id\":\"https:\/\/www.ull.es\/portal\/noticias\/#\/schema\/person\/image\/\",\"url\":\"https:\/\/secure.gravatar.com\/avatar\/443820550921091458b4823867723b3d?s=96&d=mm&r=g\",\"contentUrl\":\"https:\/\/secure.gravatar.com\/avatar\/443820550921091458b4823867723b3d?s=96&d=mm&r=g\",\"caption\":\"gaprsa\"},\"url\":\"https:\/\/www.ull.es\/portal\/noticias\/author\/gaprsa\/\"}]}<\/script>\n<!-- \/ Yoast SEO plugin. -->","yoast_head_json":{"title":"La ULL lidera la lucha por salvar un alga end\u00e9mica ante la amenaza del cambio clim\u00e1tico - ULL - Noticias","robots":{"index":"index","follow":"follow","max-snippet":"max-snippet:-1","max-image-preview":"max-image-preview:large","max-video-preview":"max-video-preview:-1"},"canonical":"https:\/\/www.ull.es\/portal\/noticias\/2026\/la-ull-lidera-la-lucha-por-salvar-un-alga-endemica-ante-la-amenaza-del-cambio-climatico\/","og_locale":"es_ES","og_type":"article","og_title":"La ULL lidera la lucha por salvar un alga end\u00e9mica ante la amenaza del cambio clim\u00e1tico - ULL - Noticias","og_description":"La biodiversidad marina de Canarias est\u00e1 en riesgo por la fuerte disminuci\u00f3n de las algas rojas gelidiales, que son fundamentales...","og_url":"https:\/\/www.ull.es\/portal\/noticias\/2026\/la-ull-lidera-la-lucha-por-salvar-un-alga-endemica-ante-la-amenaza-del-cambio-climatico\/","og_site_name":"ULL - Noticias","article_publisher":"https:\/\/www.facebook.com\/universidaddelalaguna\/","article_published_time":"2026-03-12T14:07:53+00:00","og_image":[{"width":1200,"height":800,"url":"https:\/\/www.ull.es\/portal\/noticias\/wp-content\/uploads\/sites\/13\/2026\/03\/algas-afectadas.jpg","type":"image\/jpeg"}],"author":"gaprsa","twitter_card":"summary_large_image","twitter_creator":"@CanalULL","twitter_site":"@CanalULL","twitter_misc":{"Escrito por":"gaprsa","Tiempo de lectura":"4 minutos"},"schema":{"@context":"https:\/\/schema.org","@graph":[{"@type":"WebPage","@id":"https:\/\/www.ull.es\/portal\/noticias\/2026\/la-ull-lidera-la-lucha-por-salvar-un-alga-endemica-ante-la-amenaza-del-cambio-climatico\/","url":"https:\/\/www.ull.es\/portal\/noticias\/2026\/la-ull-lidera-la-lucha-por-salvar-un-alga-endemica-ante-la-amenaza-del-cambio-climatico\/","name":"La ULL lidera la lucha por salvar un alga end\u00e9mica ante la amenaza del cambio clim\u00e1tico - ULL - Noticias","isPartOf":{"@id":"https:\/\/www.ull.es\/portal\/noticias\/#website"},"datePublished":"2026-03-12T14:07:53+00:00","dateModified":"2026-03-12T14:07:53+00:00","author":{"@id":"https:\/\/www.ull.es\/portal\/noticias\/#\/schema\/person\/b2b1a89d43ffa609e591f7df8ef3e817"},"breadcrumb":{"@id":"https:\/\/www.ull.es\/portal\/noticias\/2026\/la-ull-lidera-la-lucha-por-salvar-un-alga-endemica-ante-la-amenaza-del-cambio-climatico\/#breadcrumb"},"inLanguage":"es","potentialAction":[{"@type":"ReadAction","target":["https:\/\/www.ull.es\/portal\/noticias\/2026\/la-ull-lidera-la-lucha-por-salvar-un-alga-endemica-ante-la-amenaza-del-cambio-climatico\/"]}]},{"@type":"BreadcrumbList","@id":"https:\/\/www.ull.es\/portal\/noticias\/2026\/la-ull-lidera-la-lucha-por-salvar-un-alga-endemica-ante-la-amenaza-del-cambio-climatico\/#breadcrumb","itemListElement":[{"@type":"ListItem","position":1,"name":"Portada","item":"https:\/\/www.ull.es\/portal\/noticias\/"},{"@type":"ListItem","position":2,"name":"La ULL lidera la lucha por salvar un alga end\u00e9mica ante la amenaza del cambio clim\u00e1tico"}]},{"@type":"WebSite","@id":"https:\/\/www.ull.es\/portal\/noticias\/#website","url":"https:\/\/www.ull.es\/portal\/noticias\/","name":"ULL - Noticias","description":"","potentialAction":[{"@type":"SearchAction","target":{"@type":"EntryPoint","urlTemplate":"https:\/\/www.ull.es\/portal\/noticias\/?s={search_term_string}"},"query-input":"required name=search_term_string"}],"inLanguage":"es"},{"@type":"Person","@id":"https:\/\/www.ull.es\/portal\/noticias\/#\/schema\/person\/b2b1a89d43ffa609e591f7df8ef3e817","name":"gaprsa","image":{"@type":"ImageObject","inLanguage":"es","@id":"https:\/\/www.ull.es\/portal\/noticias\/#\/schema\/person\/image\/","url":"https:\/\/secure.gravatar.com\/avatar\/443820550921091458b4823867723b3d?s=96&d=mm&r=g","contentUrl":"https:\/\/secure.gravatar.com\/avatar\/443820550921091458b4823867723b3d?s=96&d=mm&r=g","caption":"gaprsa"},"url":"https:\/\/www.ull.es\/portal\/noticias\/author\/gaprsa\/"}]}},"primary_category":{"id":345,"name":"Destacado","slug":"destacado","link":"https:\/\/www.ull.es\/portal\/noticias\/category\/destacado\/"},"featured_image_thumbnail_url":"https:\/\/www.ull.es\/portal\/noticias\/wp-content\/uploads\/sites\/13\/2026\/03\/algas-afectadas-300x200.jpg","_links":{"self":[{"href":"https:\/\/www.ull.es\/portal\/noticias\/wp-json\/wp\/v2\/posts\/87481"}],"collection":[{"href":"https:\/\/www.ull.es\/portal\/noticias\/wp-json\/wp\/v2\/posts"}],"about":[{"href":"https:\/\/www.ull.es\/portal\/noticias\/wp-json\/wp\/v2\/types\/post"}],"author":[{"embeddable":true,"href":"https:\/\/www.ull.es\/portal\/noticias\/wp-json\/wp\/v2\/users\/23"}],"replies":[{"embeddable":true,"href":"https:\/\/www.ull.es\/portal\/noticias\/wp-json\/wp\/v2\/comments?post=87481"}],"version-history":[{"count":1,"href":"https:\/\/www.ull.es\/portal\/noticias\/wp-json\/wp\/v2\/posts\/87481\/revisions"}],"predecessor-version":[{"id":87482,"href":"https:\/\/www.ull.es\/portal\/noticias\/wp-json\/wp\/v2\/posts\/87481\/revisions\/87482"}],"wp:featuredmedia":[{"embeddable":true,"href":"https:\/\/www.ull.es\/portal\/noticias\/wp-json\/wp\/v2\/media\/87485"}],"wp:attachment":[{"href":"https:\/\/www.ull.es\/portal\/noticias\/wp-json\/wp\/v2\/media?parent=87481"}],"wp:term":[{"taxonomy":"category","embeddable":true,"href":"https:\/\/www.ull.es\/portal\/noticias\/wp-json\/wp\/v2\/categories?post=87481"},{"taxonomy":"post_tag","embeddable":true,"href":"https:\/\/www.ull.es\/portal\/noticias\/wp-json\/wp\/v2\/tags?post=87481"}],"curies":[{"name":"wp","href":"https:\/\/api.w.org\/{rel}","templated":true}]}}