{"id":87518,"date":"2026-03-13T12:04:33","date_gmt":"2026-03-13T12:04:33","guid":{"rendered":"https:\/\/www.ull.es\/portal\/noticias\/?p=87518"},"modified":"2026-03-16T08:50:54","modified_gmt":"2026-03-16T08:50:54","slug":"correccion-de-errores-de-resolucion-del-vicerrector-de-investigacion-y-transferencia-de-26-de-febrero-de-2026-por-la-que-resuelve-el-reparto-de-costes-indirectos-procedentes-de-la-convocatoria-de-su","status":"publish","type":"post","link":"https:\/\/www.ull.es\/portal\/noticias\/2026\/correccion-de-errores-de-resolucion-del-vicerrector-de-investigacion-y-transferencia-de-26-de-febrero-de-2026-por-la-que-resuelve-el-reparto-de-costes-indirectos-procedentes-de-la-convocatoria-de-su\/","title":{"rendered":"Correcci\u00f3n de errores de Resoluci\u00f3n del Vicerrector de Investigaci\u00f3n y Transferencia, de 26 de febrero de 2026, por la que resuelve el reparto de costes indirectos procedentes de la convocatoria de subvenciones, en r\u00e9gimen de concurrencia competitiva, para el fomento de la econom\u00eda azul y el impulso de la sostenibilidad pesquera y acu\u00edcola"},"content":{"rendered":"<p><a href=\"https:\/\/drive.google.com\/file\/d\/14wMMOp4tDRC3imOYxcfmQrhFPx3guLzd\/view?usp=drive_link\" target=\"_blank\" rel=\"noopener\">Correcci\u00f3n de errores de Resoluci\u00f3n del Vicerrector de Investigaci\u00f3n y Transferencia, de 26 de febrero de 2026, por la que resuelve el reparto de costes indirectos procedentes de la Resoluci\u00f3n de la Direcci\u00f3n de la Fundaci\u00f3n Biodiversidad F.S.P., de 23 de enero de 2026, por la que se resuelve la convocatoria de subvenciones, en r\u00e9gimen de concurrencia competitiva, para el fomento de la econom\u00eda azul y el impulso de la sostenibilidad pesquera y acu\u00edcola, en el marco del programa pleamar, cofinanciado por el Fondo Europeo Mar\u00edtimo, de Pesca y de Acuicultura (FEMPA) en 2025.<\/a><\/p>\n","protected":false},"excerpt":{"rendered":"<p>Correcci\u00f3n de errores de Resoluci\u00f3n del Vicerrector de Investigaci\u00f3n y Transferencia, de 26 de febrero de 2026, por la que&#8230;<\/p>\n","protected":false},"author":65,"featured_media":0,"comment_status":"closed","ping_status":"closed","sticky":false,"template":"","format":"standard","meta":{"inline_featured_image":false,"footnotes":""},"categories":[3398,10237],"tags":[],"acf":[],"yoast_head":"<!-- This site is optimized with the Yoast SEO plugin v21.3 - https:\/\/yoast.com\/wordpress\/plugins\/seo\/ -->\n<title>Correcci\u00f3n de errores de Resoluci\u00f3n del Vicerrector de Investigaci\u00f3n y Transferencia, de 26 de febrero de 2026, por la que resuelve el reparto de costes indirectos procedentes de la convocatoria de subvenciones, en r\u00e9gimen de concurrencia competitiva, para el fomento de la econom\u00eda azul y el impulso de la sostenibilidad pesquera y acu\u00edcola - ULL - Noticias<\/title>\n<meta name=\"robots\" content=\"index, follow, max-snippet:-1, max-image-preview:large, max-video-preview:-1\" \/>\n<link rel=\"canonical\" href=\"https:\/\/www.ull.es\/portal\/noticias\/2026\/correccion-de-errores-de-resolucion-del-vicerrector-de-investigacion-y-transferencia-de-26-de-febrero-de-2026-por-la-que-resuelve-el-reparto-de-costes-indirectos-procedentes-de-la-convocatoria-de-su\/\" \/>\n<meta property=\"og:locale\" content=\"es_ES\" \/>\n<meta property=\"og:type\" content=\"article\" \/>\n<meta property=\"og:title\" content=\"Correcci\u00f3n de errores de Resoluci\u00f3n del Vicerrector de Investigaci\u00f3n y Transferencia, de 26 de febrero de 2026, por la que resuelve el reparto de costes indirectos procedentes de la convocatoria de subvenciones, en r\u00e9gimen de concurrencia competitiva, para el fomento de la econom\u00eda azul y el impulso de la sostenibilidad pesquera y acu\u00edcola - ULL - Noticias\" \/>\n<meta property=\"og:description\" content=\"Correcci\u00f3n de errores de Resoluci\u00f3n del Vicerrector de Investigaci\u00f3n y Transferencia, de 26 de febrero de 2026, por la que...\" \/>\n<meta property=\"og:url\" content=\"https:\/\/www.ull.es\/portal\/noticias\/2026\/correccion-de-errores-de-resolucion-del-vicerrector-de-investigacion-y-transferencia-de-26-de-febrero-de-2026-por-la-que-resuelve-el-reparto-de-costes-indirectos-procedentes-de-la-convocatoria-de-su\/\" \/>\n<meta property=\"og:site_name\" content=\"ULL - Noticias\" \/>\n<meta property=\"article:publisher\" content=\"https:\/\/www.facebook.com\/universidaddelalaguna\/\" \/>\n<meta property=\"article:published_time\" content=\"2026-03-13T12:04:33+00:00\" \/>\n<meta property=\"article:modified_time\" content=\"2026-03-16T08:50:54+00:00\" \/>\n<meta property=\"og:image\" content=\"https:\/\/www.ull.es\/portal\/noticias\/wp-content\/uploads\/sites\/13\/2023\/06\/logo-redimensionado.png\" \/>\n\t<meta property=\"og:image:width\" content=\"1200\" \/>\n\t<meta property=\"og:image:height\" content=\"630\" \/>\n\t<meta property=\"og:image:type\" content=\"image\/png\" \/>\n<meta name=\"author\" content=\"gcom4\" \/>\n<meta name=\"twitter:card\" content=\"summary_large_image\" \/>\n<meta name=\"twitter:creator\" content=\"@CanalULL\" \/>\n<meta name=\"twitter:site\" content=\"@CanalULL\" \/>\n<meta name=\"twitter:label1\" content=\"Escrito por\" \/>\n\t<meta name=\"twitter:data1\" content=\"gcom4\" \/>\n\t<meta name=\"twitter:label2\" content=\"Tiempo de lectura\" \/>\n\t<meta name=\"twitter:data2\" content=\"1 minuto\" \/>\n<script type=\"application\/ld+json\" class=\"yoast-schema-graph\">{\"@context\":\"https:\/\/schema.org\",\"@graph\":[{\"@type\":\"WebPage\",\"@id\":\"https:\/\/www.ull.es\/portal\/noticias\/2026\/correccion-de-errores-de-resolucion-del-vicerrector-de-investigacion-y-transferencia-de-26-de-febrero-de-2026-por-la-que-resuelve-el-reparto-de-costes-indirectos-procedentes-de-la-convocatoria-de-su\/\",\"url\":\"https:\/\/www.ull.es\/portal\/noticias\/2026\/correccion-de-errores-de-resolucion-del-vicerrector-de-investigacion-y-transferencia-de-26-de-febrero-de-2026-por-la-que-resuelve-el-reparto-de-costes-indirectos-procedentes-de-la-convocatoria-de-su\/\",\"name\":\"Correcci\u00f3n de errores de Resoluci\u00f3n del Vicerrector de Investigaci\u00f3n y Transferencia, de 26 de febrero de 2026, por la que resuelve el reparto de costes indirectos procedentes de la convocatoria de subvenciones, en r\u00e9gimen de concurrencia competitiva, para el fomento de la econom\u00eda azul y el impulso de la sostenibilidad pesquera y acu\u00edcola - ULL - Noticias\",\"isPartOf\":{\"@id\":\"https:\/\/www.ull.es\/portal\/noticias\/#website\"},\"datePublished\":\"2026-03-13T12:04:33+00:00\",\"dateModified\":\"2026-03-16T08:50:54+00:00\",\"author\":{\"@id\":\"https:\/\/www.ull.es\/portal\/noticias\/#\/schema\/person\/9924518fb1ad37d4428e7b5d6f311773\"},\"breadcrumb\":{\"@id\":\"https:\/\/www.ull.es\/portal\/noticias\/2026\/correccion-de-errores-de-resolucion-del-vicerrector-de-investigacion-y-transferencia-de-26-de-febrero-de-2026-por-la-que-resuelve-el-reparto-de-costes-indirectos-procedentes-de-la-convocatoria-de-su\/#breadcrumb\"},\"inLanguage\":\"es\",\"potentialAction\":[{\"@type\":\"ReadAction\",\"target\":[\"https:\/\/www.ull.es\/portal\/noticias\/2026\/correccion-de-errores-de-resolucion-del-vicerrector-de-investigacion-y-transferencia-de-26-de-febrero-de-2026-por-la-que-resuelve-el-reparto-de-costes-indirectos-procedentes-de-la-convocatoria-de-su\/\"]}]},{\"@type\":\"BreadcrumbList\",\"@id\":\"https:\/\/www.ull.es\/portal\/noticias\/2026\/correccion-de-errores-de-resolucion-del-vicerrector-de-investigacion-y-transferencia-de-26-de-febrero-de-2026-por-la-que-resuelve-el-reparto-de-costes-indirectos-procedentes-de-la-convocatoria-de-su\/#breadcrumb\",\"itemListElement\":[{\"@type\":\"ListItem\",\"position\":1,\"name\":\"Portada\",\"item\":\"https:\/\/www.ull.es\/portal\/noticias\/\"},{\"@type\":\"ListItem\",\"position\":2,\"name\":\"Correcci\u00f3n de errores de Resoluci\u00f3n del Vicerrector de Investigaci\u00f3n y Transferencia, de 26 de febrero de 2026, por la que resuelve el reparto de costes indirectos procedentes de la convocatoria de subvenciones, en r\u00e9gimen de concurrencia competitiva, para el fomento de la econom\u00eda azul y el impulso de la sostenibilidad pesquera y acu\u00edcola\"}]},{\"@type\":\"WebSite\",\"@id\":\"https:\/\/www.ull.es\/portal\/noticias\/#website\",\"url\":\"https:\/\/www.ull.es\/portal\/noticias\/\",\"name\":\"ULL - Noticias\",\"description\":\"\",\"potentialAction\":[{\"@type\":\"SearchAction\",\"target\":{\"@type\":\"EntryPoint\",\"urlTemplate\":\"https:\/\/www.ull.es\/portal\/noticias\/?s={search_term_string}\"},\"query-input\":\"required name=search_term_string\"}],\"inLanguage\":\"es\"},{\"@type\":\"Person\",\"@id\":\"https:\/\/www.ull.es\/portal\/noticias\/#\/schema\/person\/9924518fb1ad37d4428e7b5d6f311773\",\"name\":\"gcom4\",\"image\":{\"@type\":\"ImageObject\",\"inLanguage\":\"es\",\"@id\":\"https:\/\/www.ull.es\/portal\/noticias\/#\/schema\/person\/image\/\",\"url\":\"https:\/\/secure.gravatar.com\/avatar\/a5d1f5573f10617ccfcc209aaf6aa7fb?s=96&d=mm&r=g\",\"contentUrl\":\"https:\/\/secure.gravatar.com\/avatar\/a5d1f5573f10617ccfcc209aaf6aa7fb?s=96&d=mm&r=g\",\"caption\":\"gcom4\"},\"url\":\"https:\/\/www.ull.es\/portal\/noticias\/author\/gcom4\/\"}]}<\/script>\n<!-- \/ Yoast SEO plugin. -->","yoast_head_json":{"title":"Correcci\u00f3n de errores de Resoluci\u00f3n del Vicerrector de Investigaci\u00f3n y Transferencia, de 26 de febrero de 2026, por la que resuelve el reparto de costes indirectos procedentes de la convocatoria de subvenciones, en r\u00e9gimen de concurrencia competitiva, para el fomento de la econom\u00eda azul y el impulso de la sostenibilidad pesquera y acu\u00edcola - ULL - Noticias","robots":{"index":"index","follow":"follow","max-snippet":"max-snippet:-1","max-image-preview":"max-image-preview:large","max-video-preview":"max-video-preview:-1"},"canonical":"https:\/\/www.ull.es\/portal\/noticias\/2026\/correccion-de-errores-de-resolucion-del-vicerrector-de-investigacion-y-transferencia-de-26-de-febrero-de-2026-por-la-que-resuelve-el-reparto-de-costes-indirectos-procedentes-de-la-convocatoria-de-su\/","og_locale":"es_ES","og_type":"article","og_title":"Correcci\u00f3n de errores de Resoluci\u00f3n del Vicerrector de Investigaci\u00f3n y Transferencia, de 26 de febrero de 2026, por la que resuelve el reparto de costes indirectos procedentes de la convocatoria de subvenciones, en r\u00e9gimen de concurrencia competitiva, para el fomento de la econom\u00eda azul y el impulso de la sostenibilidad pesquera y acu\u00edcola - ULL - Noticias","og_description":"Correcci\u00f3n de errores de Resoluci\u00f3n del Vicerrector de Investigaci\u00f3n y Transferencia, de 26 de febrero de 2026, por la que...","og_url":"https:\/\/www.ull.es\/portal\/noticias\/2026\/correccion-de-errores-de-resolucion-del-vicerrector-de-investigacion-y-transferencia-de-26-de-febrero-de-2026-por-la-que-resuelve-el-reparto-de-costes-indirectos-procedentes-de-la-convocatoria-de-su\/","og_site_name":"ULL - Noticias","article_publisher":"https:\/\/www.facebook.com\/universidaddelalaguna\/","article_published_time":"2026-03-13T12:04:33+00:00","article_modified_time":"2026-03-16T08:50:54+00:00","og_image":[{"width":1200,"height":630,"url":"https:\/\/www.ull.es\/portal\/noticias\/wp-content\/uploads\/sites\/13\/2023\/06\/logo-redimensionado.png","type":"image\/png"}],"author":"gcom4","twitter_card":"summary_large_image","twitter_creator":"@CanalULL","twitter_site":"@CanalULL","twitter_misc":{"Escrito por":"gcom4","Tiempo de lectura":"1 minuto"},"schema":{"@context":"https:\/\/schema.org","@graph":[{"@type":"WebPage","@id":"https:\/\/www.ull.es\/portal\/noticias\/2026\/correccion-de-errores-de-resolucion-del-vicerrector-de-investigacion-y-transferencia-de-26-de-febrero-de-2026-por-la-que-resuelve-el-reparto-de-costes-indirectos-procedentes-de-la-convocatoria-de-su\/","url":"https:\/\/www.ull.es\/portal\/noticias\/2026\/correccion-de-errores-de-resolucion-del-vicerrector-de-investigacion-y-transferencia-de-26-de-febrero-de-2026-por-la-que-resuelve-el-reparto-de-costes-indirectos-procedentes-de-la-convocatoria-de-su\/","name":"Correcci\u00f3n de errores de Resoluci\u00f3n del Vicerrector de Investigaci\u00f3n y Transferencia, de 26 de febrero de 2026, por la que resuelve el reparto de costes indirectos procedentes de la convocatoria de subvenciones, en r\u00e9gimen de concurrencia competitiva, para el fomento de la econom\u00eda azul y el impulso de la sostenibilidad pesquera y acu\u00edcola - ULL - Noticias","isPartOf":{"@id":"https:\/\/www.ull.es\/portal\/noticias\/#website"},"datePublished":"2026-03-13T12:04:33+00:00","dateModified":"2026-03-16T08:50:54+00:00","author":{"@id":"https:\/\/www.ull.es\/portal\/noticias\/#\/schema\/person\/9924518fb1ad37d4428e7b5d6f311773"},"breadcrumb":{"@id":"https:\/\/www.ull.es\/portal\/noticias\/2026\/correccion-de-errores-de-resolucion-del-vicerrector-de-investigacion-y-transferencia-de-26-de-febrero-de-2026-por-la-que-resuelve-el-reparto-de-costes-indirectos-procedentes-de-la-convocatoria-de-su\/#breadcrumb"},"inLanguage":"es","potentialAction":[{"@type":"ReadAction","target":["https:\/\/www.ull.es\/portal\/noticias\/2026\/correccion-de-errores-de-resolucion-del-vicerrector-de-investigacion-y-transferencia-de-26-de-febrero-de-2026-por-la-que-resuelve-el-reparto-de-costes-indirectos-procedentes-de-la-convocatoria-de-su\/"]}]},{"@type":"BreadcrumbList","@id":"https:\/\/www.ull.es\/portal\/noticias\/2026\/correccion-de-errores-de-resolucion-del-vicerrector-de-investigacion-y-transferencia-de-26-de-febrero-de-2026-por-la-que-resuelve-el-reparto-de-costes-indirectos-procedentes-de-la-convocatoria-de-su\/#breadcrumb","itemListElement":[{"@type":"ListItem","position":1,"name":"Portada","item":"https:\/\/www.ull.es\/portal\/noticias\/"},{"@type":"ListItem","position":2,"name":"Correcci\u00f3n de errores de Resoluci\u00f3n del Vicerrector de Investigaci\u00f3n y Transferencia, de 26 de febrero de 2026, por la que resuelve el reparto de costes indirectos procedentes de la convocatoria de subvenciones, en r\u00e9gimen de concurrencia competitiva, para el fomento de la econom\u00eda azul y el impulso de la sostenibilidad pesquera y acu\u00edcola"}]},{"@type":"WebSite","@id":"https:\/\/www.ull.es\/portal\/noticias\/#website","url":"https:\/\/www.ull.es\/portal\/noticias\/","name":"ULL - Noticias","description":"","potentialAction":[{"@type":"SearchAction","target":{"@type":"EntryPoint","urlTemplate":"https:\/\/www.ull.es\/portal\/noticias\/?s={search_term_string}"},"query-input":"required name=search_term_string"}],"inLanguage":"es"},{"@type":"Person","@id":"https:\/\/www.ull.es\/portal\/noticias\/#\/schema\/person\/9924518fb1ad37d4428e7b5d6f311773","name":"gcom4","image":{"@type":"ImageObject","inLanguage":"es","@id":"https:\/\/www.ull.es\/portal\/noticias\/#\/schema\/person\/image\/","url":"https:\/\/secure.gravatar.com\/avatar\/a5d1f5573f10617ccfcc209aaf6aa7fb?s=96&d=mm&r=g","contentUrl":"https:\/\/secure.gravatar.com\/avatar\/a5d1f5573f10617ccfcc209aaf6aa7fb?s=96&d=mm&r=g","caption":"gcom4"},"url":"https:\/\/www.ull.es\/portal\/noticias\/author\/gcom4\/"}]}},"primary_category":{"id":3398,"name":"Notificaciones Investigaci\u00f3n","slug":"notificaciones-investigacion","link":"https:\/\/www.ull.es\/portal\/noticias\/category\/notificaciones-ull\/notificaciones-investigacion\/"},"featured_image_thumbnail_url":null,"_links":{"self":[{"href":"https:\/\/www.ull.es\/portal\/noticias\/wp-json\/wp\/v2\/posts\/87518"}],"collection":[{"href":"https:\/\/www.ull.es\/portal\/noticias\/wp-json\/wp\/v2\/posts"}],"about":[{"href":"https:\/\/www.ull.es\/portal\/noticias\/wp-json\/wp\/v2\/types\/post"}],"author":[{"embeddable":true,"href":"https:\/\/www.ull.es\/portal\/noticias\/wp-json\/wp\/v2\/users\/65"}],"replies":[{"embeddable":true,"href":"https:\/\/www.ull.es\/portal\/noticias\/wp-json\/wp\/v2\/comments?post=87518"}],"version-history":[{"count":2,"href":"https:\/\/www.ull.es\/portal\/noticias\/wp-json\/wp\/v2\/posts\/87518\/revisions"}],"predecessor-version":[{"id":87553,"href":"https:\/\/www.ull.es\/portal\/noticias\/wp-json\/wp\/v2\/posts\/87518\/revisions\/87553"}],"wp:attachment":[{"href":"https:\/\/www.ull.es\/portal\/noticias\/wp-json\/wp\/v2\/media?parent=87518"}],"wp:term":[{"taxonomy":"category","embeddable":true,"href":"https:\/\/www.ull.es\/portal\/noticias\/wp-json\/wp\/v2\/categories?post=87518"},{"taxonomy":"post_tag","embeddable":true,"href":"https:\/\/www.ull.es\/portal\/noticias\/wp-json\/wp\/v2\/tags?post=87518"}],"curies":[{"name":"wp","href":"https:\/\/api.w.org\/{rel}","templated":true}]}}