{"id":87598,"date":"2026-03-18T10:35:18","date_gmt":"2026-03-18T10:35:18","guid":{"rendered":"https:\/\/www.ull.es\/portal\/noticias\/?p=87598"},"modified":"2026-03-18T10:35:18","modified_gmt":"2026-03-18T10:35:18","slug":"comenzaron-pruebas-acceso-ull-mayores-25-45","status":"publish","type":"post","link":"https:\/\/www.ull.es\/portal\/noticias\/2026\/comenzaron-pruebas-acceso-ull-mayores-25-45\/","title":{"rendered":"Comenzaron las pruebas de acceso a la ULL para personas mayores 25 y 45 a\u00f1os"},"content":{"rendered":"<p>La Universidad de La Laguna est\u00e1 celebrando desde ayer, martes 17 de marzo, las Pruebas de Acceso a la Universidad (PAM) para personas mayores de 25 y 45 a\u00f1os, un programa clave para la formaci\u00f3n continua y el acceso a estudios superiores de grado. Este curso se han matriculado 136 personas en la prueba general de mayores de 25 a\u00f1os, mientras que en la espec\u00edfica de mayores de 45 hay 41 inscripciones.<\/p>\n<p>Ayer, martes 17, tuvo lugar la parte general para mayores de 25 a\u00f1os correspondiente a las pruebas de Comentario de Texto, Lengua Castellana, Ingl\u00e9s o Franc\u00e9s. Hoy mi\u00e9rcoles 18 de marzo se llevar\u00e1 a cabo la parte espec\u00edfica, con tres asignaturas por rama de conocimiento. Las pruebas se celebran en el Aulario General de Guajara C\u00e9sar Manrique, con una duraci\u00f3n de hora y media por examen y descansos entre sesiones.<\/p>\n<p>Tambi\u00e9n estaba convocado la tarde de ayer el colectivo de mayores de 45 a\u00f1os para realizar la primera fase de su acceso, que en este caso implicaba pruebas de Comentario de Texto y Legua Castellana. Quienes superen esta fase pasar\u00e1n a la segunda, consistente en la entrevista.<\/p>\n<p><strong><a href=\"https:\/\/www.ull.es\/portal\/noticias\/wp-content\/uploads\/sites\/13\/2026\/03\/Acceso-mayores-25-13.jpg\" target=\"_blank\" rel=\"noopener\" target=\"_blank\" rel=\"noopener\"><img decoding=\"async\" loading=\"lazy\" class=\"alignleft wp-image-87600 size-medium\" src=\"https:\/\/www.ull.es\/portal\/noticias\/wp-content\/uploads\/sites\/13\/2026\/03\/Acceso-mayores-25-13-300x199.jpg\" alt=\"\" width=\"300\" height=\"199\" srcset=\"https:\/\/www.ull.es\/portal\/noticias\/wp-content\/uploads\/sites\/13\/2026\/03\/Acceso-mayores-25-13-300x199.jpg 300w, https:\/\/www.ull.es\/portal\/noticias\/wp-content\/uploads\/sites\/13\/2026\/03\/Acceso-mayores-25-13-1024x680.jpg 1024w, https:\/\/www.ull.es\/portal\/noticias\/wp-content\/uploads\/sites\/13\/2026\/03\/Acceso-mayores-25-13-768x510.jpg 768w, https:\/\/www.ull.es\/portal\/noticias\/wp-content\/uploads\/sites\/13\/2026\/03\/Acceso-mayores-25-13-375x249.jpg 375w, https:\/\/www.ull.es\/portal\/noticias\/wp-content\/uploads\/sites\/13\/2026\/03\/Acceso-mayores-25-13-750x498.jpg 750w, https:\/\/www.ull.es\/portal\/noticias\/wp-content\/uploads\/sites\/13\/2026\/03\/Acceso-mayores-25-13-1140x757.jpg 1140w, https:\/\/www.ull.es\/portal\/noticias\/wp-content\/uploads\/sites\/13\/2026\/03\/Acceso-mayores-25-13.jpg 1200w\" sizes=\"(max-width: 300px) 100vw, 300px\" \/><\/a>Acceso para mayores<\/strong><\/p>\n<p>Todo el alumnado implicado en estos procedimientos de acceso ha tenido la oportunidad de seguir un curso preparatorio de apoyo (CAM 25-45), impartido por profesorado tanto universitario como colaborador de ense\u00f1anza Secundaria, que se ha desarrollado durante quince semanas telem\u00e1ticamente para favorecer la participaci\u00f3n del alumnado, al no tener que trasladarse de lunes a jueves hasta las dependencias de la instituci\u00f3n acad\u00e9mica.<\/p>\n<p>Este programa, coordinado por el Vicerrectorado de Estudiantes de la Universidad de La Laguna, facilita el acceso a la formaci\u00f3n superior a personas adultas con experiencia vital profesional, alineado con la normativa canaria y estatal de acceso para mayores. La convocatoria 2025-26 muestra un cierto repunte en la demanda, especialmente en \u00e1reas cient\u00edficas y de salud.<\/p>\n","protected":false},"excerpt":{"rendered":"<p>La Universidad de La Laguna est\u00e1 celebrando desde ayer, martes 17 de marzo, las Pruebas de Acceso a la Universidad&#8230;<\/p>\n","protected":false},"author":21,"featured_media":87599,"comment_status":"closed","ping_status":"closed","sticky":false,"template":"","format":"standard","meta":{"inline_featured_image":false,"footnotes":""},"categories":[345,346,2765],"tags":[3758,8956,677,678,1867,2039,2040],"acf":[],"yoast_head":"<!-- This site is optimized with the Yoast SEO plugin v21.3 - https:\/\/yoast.com\/wordpress\/plugins\/seo\/ -->\n<title>Comenzaron las pruebas de acceso a la ULL para mayores<\/title>\n<meta name=\"description\" content=\"El acceso para personas mayores de 25 y 45 a\u00f1os es un programa clave para la formaci\u00f3n continua y el acceso a estudios superiores de grado.\" \/>\n<meta name=\"robots\" content=\"index, follow, max-snippet:-1, max-image-preview:large, max-video-preview:-1\" \/>\n<link rel=\"canonical\" href=\"https:\/\/www.ull.es\/portal\/noticias\/2026\/comenzaron-pruebas-acceso-ull-mayores-25-45\/\" \/>\n<meta property=\"og:locale\" content=\"es_ES\" \/>\n<meta property=\"og:type\" content=\"article\" \/>\n<meta property=\"og:title\" content=\"Comenzaron las pruebas de acceso a la ULL para mayores\" \/>\n<meta property=\"og:description\" content=\"El acceso para personas mayores de 25 y 45 a\u00f1os es un programa clave para la formaci\u00f3n continua y el acceso a estudios superiores de grado.\" \/>\n<meta property=\"og:url\" content=\"https:\/\/www.ull.es\/portal\/noticias\/2026\/comenzaron-pruebas-acceso-ull-mayores-25-45\/\" \/>\n<meta property=\"og:site_name\" content=\"ULL - Noticias\" \/>\n<meta property=\"article:publisher\" content=\"https:\/\/www.facebook.com\/universidaddelalaguna\/\" \/>\n<meta property=\"article:published_time\" content=\"2026-03-18T10:35:18+00:00\" \/>\n<meta property=\"og:image\" content=\"https:\/\/www.ull.es\/portal\/noticias\/wp-content\/uploads\/sites\/13\/2026\/03\/Acceso-mayores-45-09.jpg\" \/>\n\t<meta property=\"og:image:width\" content=\"1200\" \/>\n\t<meta property=\"og:image:height\" content=\"800\" \/>\n\t<meta property=\"og:image:type\" content=\"image\/jpeg\" \/>\n<meta name=\"author\" content=\"prensa2\" \/>\n<meta name=\"twitter:card\" content=\"summary_large_image\" \/>\n<meta name=\"twitter:creator\" content=\"@CanalULL\" \/>\n<meta name=\"twitter:site\" content=\"@CanalULL\" \/>\n<meta name=\"twitter:label1\" content=\"Escrito por\" \/>\n\t<meta name=\"twitter:data1\" content=\"prensa2\" \/>\n\t<meta name=\"twitter:label2\" content=\"Tiempo de lectura\" \/>\n\t<meta name=\"twitter:data2\" content=\"2 minutos\" \/>\n<script type=\"application\/ld+json\" class=\"yoast-schema-graph\">{\"@context\":\"https:\/\/schema.org\",\"@graph\":[{\"@type\":\"WebPage\",\"@id\":\"https:\/\/www.ull.es\/portal\/noticias\/2026\/comenzaron-pruebas-acceso-ull-mayores-25-45\/\",\"url\":\"https:\/\/www.ull.es\/portal\/noticias\/2026\/comenzaron-pruebas-acceso-ull-mayores-25-45\/\",\"name\":\"Comenzaron las pruebas de acceso a la ULL para mayores\",\"isPartOf\":{\"@id\":\"https:\/\/www.ull.es\/portal\/noticias\/#website\"},\"datePublished\":\"2026-03-18T10:35:18+00:00\",\"dateModified\":\"2026-03-18T10:35:18+00:00\",\"author\":{\"@id\":\"https:\/\/www.ull.es\/portal\/noticias\/#\/schema\/person\/c3b2aa857797592927a03740d6664376\"},\"description\":\"El acceso para personas mayores de 25 y 45 a\u00f1os es un programa clave para la formaci\u00f3n continua y el acceso a estudios superiores de grado.\",\"breadcrumb\":{\"@id\":\"https:\/\/www.ull.es\/portal\/noticias\/2026\/comenzaron-pruebas-acceso-ull-mayores-25-45\/#breadcrumb\"},\"inLanguage\":\"es\",\"potentialAction\":[{\"@type\":\"ReadAction\",\"target\":[\"https:\/\/www.ull.es\/portal\/noticias\/2026\/comenzaron-pruebas-acceso-ull-mayores-25-45\/\"]}]},{\"@type\":\"BreadcrumbList\",\"@id\":\"https:\/\/www.ull.es\/portal\/noticias\/2026\/comenzaron-pruebas-acceso-ull-mayores-25-45\/#breadcrumb\",\"itemListElement\":[{\"@type\":\"ListItem\",\"position\":1,\"name\":\"Portada\",\"item\":\"https:\/\/www.ull.es\/portal\/noticias\/\"},{\"@type\":\"ListItem\",\"position\":2,\"name\":\"Comenzaron las pruebas de acceso a la ULL para personas mayores 25 y 45 a\u00f1os\"}]},{\"@type\":\"WebSite\",\"@id\":\"https:\/\/www.ull.es\/portal\/noticias\/#website\",\"url\":\"https:\/\/www.ull.es\/portal\/noticias\/\",\"name\":\"ULL - Noticias\",\"description\":\"\",\"potentialAction\":[{\"@type\":\"SearchAction\",\"target\":{\"@type\":\"EntryPoint\",\"urlTemplate\":\"https:\/\/www.ull.es\/portal\/noticias\/?s={search_term_string}\"},\"query-input\":\"required name=search_term_string\"}],\"inLanguage\":\"es\"},{\"@type\":\"Person\",\"@id\":\"https:\/\/www.ull.es\/portal\/noticias\/#\/schema\/person\/c3b2aa857797592927a03740d6664376\",\"name\":\"prensa2\",\"image\":{\"@type\":\"ImageObject\",\"inLanguage\":\"es\",\"@id\":\"https:\/\/www.ull.es\/portal\/noticias\/#\/schema\/person\/image\/\",\"url\":\"https:\/\/secure.gravatar.com\/avatar\/b58f310a5de5feb33d1e026d2493f23c?s=96&d=mm&r=g\",\"contentUrl\":\"https:\/\/secure.gravatar.com\/avatar\/b58f310a5de5feb33d1e026d2493f23c?s=96&d=mm&r=g\",\"caption\":\"prensa2\"},\"url\":\"https:\/\/www.ull.es\/portal\/noticias\/author\/prensa2\/\"}]}<\/script>\n<!-- \/ Yoast SEO plugin. -->","yoast_head_json":{"title":"Comenzaron las pruebas de acceso a la ULL para mayores","description":"El acceso para personas mayores de 25 y 45 a\u00f1os es un programa clave para la formaci\u00f3n continua y el acceso a estudios superiores de grado.","robots":{"index":"index","follow":"follow","max-snippet":"max-snippet:-1","max-image-preview":"max-image-preview:large","max-video-preview":"max-video-preview:-1"},"canonical":"https:\/\/www.ull.es\/portal\/noticias\/2026\/comenzaron-pruebas-acceso-ull-mayores-25-45\/","og_locale":"es_ES","og_type":"article","og_title":"Comenzaron las pruebas de acceso a la ULL para mayores","og_description":"El acceso para personas mayores de 25 y 45 a\u00f1os es un programa clave para la formaci\u00f3n continua y el acceso a estudios superiores de grado.","og_url":"https:\/\/www.ull.es\/portal\/noticias\/2026\/comenzaron-pruebas-acceso-ull-mayores-25-45\/","og_site_name":"ULL - Noticias","article_publisher":"https:\/\/www.facebook.com\/universidaddelalaguna\/","article_published_time":"2026-03-18T10:35:18+00:00","og_image":[{"width":1200,"height":800,"url":"https:\/\/www.ull.es\/portal\/noticias\/wp-content\/uploads\/sites\/13\/2026\/03\/Acceso-mayores-45-09.jpg","type":"image\/jpeg"}],"author":"prensa2","twitter_card":"summary_large_image","twitter_creator":"@CanalULL","twitter_site":"@CanalULL","twitter_misc":{"Escrito por":"prensa2","Tiempo de lectura":"2 minutos"},"schema":{"@context":"https:\/\/schema.org","@graph":[{"@type":"WebPage","@id":"https:\/\/www.ull.es\/portal\/noticias\/2026\/comenzaron-pruebas-acceso-ull-mayores-25-45\/","url":"https:\/\/www.ull.es\/portal\/noticias\/2026\/comenzaron-pruebas-acceso-ull-mayores-25-45\/","name":"Comenzaron las pruebas de acceso a la ULL para mayores","isPartOf":{"@id":"https:\/\/www.ull.es\/portal\/noticias\/#website"},"datePublished":"2026-03-18T10:35:18+00:00","dateModified":"2026-03-18T10:35:18+00:00","author":{"@id":"https:\/\/www.ull.es\/portal\/noticias\/#\/schema\/person\/c3b2aa857797592927a03740d6664376"},"description":"El acceso para personas mayores de 25 y 45 a\u00f1os es un programa clave para la formaci\u00f3n continua y el acceso a estudios superiores de grado.","breadcrumb":{"@id":"https:\/\/www.ull.es\/portal\/noticias\/2026\/comenzaron-pruebas-acceso-ull-mayores-25-45\/#breadcrumb"},"inLanguage":"es","potentialAction":[{"@type":"ReadAction","target":["https:\/\/www.ull.es\/portal\/noticias\/2026\/comenzaron-pruebas-acceso-ull-mayores-25-45\/"]}]},{"@type":"BreadcrumbList","@id":"https:\/\/www.ull.es\/portal\/noticias\/2026\/comenzaron-pruebas-acceso-ull-mayores-25-45\/#breadcrumb","itemListElement":[{"@type":"ListItem","position":1,"name":"Portada","item":"https:\/\/www.ull.es\/portal\/noticias\/"},{"@type":"ListItem","position":2,"name":"Comenzaron las pruebas de acceso a la ULL para personas mayores 25 y 45 a\u00f1os"}]},{"@type":"WebSite","@id":"https:\/\/www.ull.es\/portal\/noticias\/#website","url":"https:\/\/www.ull.es\/portal\/noticias\/","name":"ULL - Noticias","description":"","potentialAction":[{"@type":"SearchAction","target":{"@type":"EntryPoint","urlTemplate":"https:\/\/www.ull.es\/portal\/noticias\/?s={search_term_string}"},"query-input":"required name=search_term_string"}],"inLanguage":"es"},{"@type":"Person","@id":"https:\/\/www.ull.es\/portal\/noticias\/#\/schema\/person\/c3b2aa857797592927a03740d6664376","name":"prensa2","image":{"@type":"ImageObject","inLanguage":"es","@id":"https:\/\/www.ull.es\/portal\/noticias\/#\/schema\/person\/image\/","url":"https:\/\/secure.gravatar.com\/avatar\/b58f310a5de5feb33d1e026d2493f23c?s=96&d=mm&r=g","contentUrl":"https:\/\/secure.gravatar.com\/avatar\/b58f310a5de5feb33d1e026d2493f23c?s=96&d=mm&r=g","caption":"prensa2"},"url":"https:\/\/www.ull.es\/portal\/noticias\/author\/prensa2\/"}]}},"primary_category":{"id":345,"name":"Destacado","slug":"destacado","link":"https:\/\/www.ull.es\/portal\/noticias\/category\/destacado\/"},"featured_image_thumbnail_url":"https:\/\/www.ull.es\/portal\/noticias\/wp-content\/uploads\/sites\/13\/2026\/03\/Acceso-mayores-45-09-300x200.jpg","_links":{"self":[{"href":"https:\/\/www.ull.es\/portal\/noticias\/wp-json\/wp\/v2\/posts\/87598"}],"collection":[{"href":"https:\/\/www.ull.es\/portal\/noticias\/wp-json\/wp\/v2\/posts"}],"about":[{"href":"https:\/\/www.ull.es\/portal\/noticias\/wp-json\/wp\/v2\/types\/post"}],"author":[{"embeddable":true,"href":"https:\/\/www.ull.es\/portal\/noticias\/wp-json\/wp\/v2\/users\/21"}],"replies":[{"embeddable":true,"href":"https:\/\/www.ull.es\/portal\/noticias\/wp-json\/wp\/v2\/comments?post=87598"}],"version-history":[{"count":1,"href":"https:\/\/www.ull.es\/portal\/noticias\/wp-json\/wp\/v2\/posts\/87598\/revisions"}],"predecessor-version":[{"id":87601,"href":"https:\/\/www.ull.es\/portal\/noticias\/wp-json\/wp\/v2\/posts\/87598\/revisions\/87601"}],"wp:featuredmedia":[{"embeddable":true,"href":"https:\/\/www.ull.es\/portal\/noticias\/wp-json\/wp\/v2\/media\/87599"}],"wp:attachment":[{"href":"https:\/\/www.ull.es\/portal\/noticias\/wp-json\/wp\/v2\/media?parent=87598"}],"wp:term":[{"taxonomy":"category","embeddable":true,"href":"https:\/\/www.ull.es\/portal\/noticias\/wp-json\/wp\/v2\/categories?post=87598"},{"taxonomy":"post_tag","embeddable":true,"href":"https:\/\/www.ull.es\/portal\/noticias\/wp-json\/wp\/v2\/tags?post=87598"}],"curies":[{"name":"wp","href":"https:\/\/api.w.org\/{rel}","templated":true}]}}