{"id":87861,"date":"2026-04-08T13:00:26","date_gmt":"2026-04-08T13:00:26","guid":{"rendered":"https:\/\/www.ull.es\/portal\/noticias\/?p=87861"},"modified":"2026-04-08T13:00:26","modified_gmt":"2026-04-08T13:00:26","slug":"la-universidad-de-la-laguna-firma-un-protocolo-de-colaboracion-con-la-humboldt-cosmos-multiversity","status":"publish","type":"post","link":"https:\/\/www.ull.es\/portal\/noticias\/2026\/la-universidad-de-la-laguna-firma-un-protocolo-de-colaboracion-con-la-humboldt-cosmos-multiversity\/","title":{"rendered":"La Universidad de La Laguna firma un protocolo de colaboraci\u00f3n con la Humboldt Cosmos Multiversity"},"content":{"rendered":"<p>El rector de la Universidad de La Laguna, Francisco Garc\u00eda, y el presidente de la Humboldt Cosmos Multiversity, G\u00fcnter Koch, firmaron ayer, martes 7 de abril, un protocolo general de colaboraci\u00f3n con una duraci\u00f3n inicial de cinco a\u00f1os, mediante el cual manifiestan su inter\u00e9s mutuo en poner en marcha iniciativas comunes en el \u00e1mbito de la investigaci\u00f3n, la docencia y la transferencia de conocimiento a la sociedad.<\/p>\n<p><a href=\"https:\/\/www.ull.es\/portal\/noticias\/wp-content\/uploads\/sites\/13\/2026\/04\/humboldt-002.jpg\" target=\"_blank\" rel=\"noopener\"><img decoding=\"async\" loading=\"lazy\" class=\"alignleft size-medium wp-image-87862\" src=\"https:\/\/www.ull.es\/portal\/noticias\/wp-content\/uploads\/sites\/13\/2026\/04\/humboldt-002-300x200.jpg\" alt=\"\" width=\"300\" height=\"200\" srcset=\"https:\/\/www.ull.es\/portal\/noticias\/wp-content\/uploads\/sites\/13\/2026\/04\/humboldt-002-300x200.jpg 300w, https:\/\/www.ull.es\/portal\/noticias\/wp-content\/uploads\/sites\/13\/2026\/04\/humboldt-002-1024x683.jpg 1024w, https:\/\/www.ull.es\/portal\/noticias\/wp-content\/uploads\/sites\/13\/2026\/04\/humboldt-002-768x512.jpg 768w, https:\/\/www.ull.es\/portal\/noticias\/wp-content\/uploads\/sites\/13\/2026\/04\/humboldt-002-375x250.jpg 375w, https:\/\/www.ull.es\/portal\/noticias\/wp-content\/uploads\/sites\/13\/2026\/04\/humboldt-002-750x500.jpg 750w, https:\/\/www.ull.es\/portal\/noticias\/wp-content\/uploads\/sites\/13\/2026\/04\/humboldt-002-1140x760.jpg 1140w, https:\/\/www.ull.es\/portal\/noticias\/wp-content\/uploads\/sites\/13\/2026\/04\/humboldt-002.jpg 1200w\" sizes=\"(max-width: 300px) 100vw, 300px\" \/><\/a>La Asociaci\u00f3n de Transferencia de Conocimiento Humboldt Cosmos Multiversity es una organizaci\u00f3n sin \u00e1nimo de lucro dedicada a la promoci\u00f3n del conocimiento generado en Canarias tanto en el \u00e1mbito local como en nacional e internacional; difundir y ampliar el impacto de las actividades intelectuales basadas en el talento, creatividad y competencias de los profesionales y empresas de las Islas; atraer talento de todo el mundo y consolidarse como un <em>think tank<\/em> multidisciplinar, internacional y cient\u00edfico para abordar desde Canarias las principales prioridades de Europa.<\/p>\n<p>En cualquier caso, el protocolo firmado es una declaraci\u00f3n de intenciones y no constituye un acuerdo jur\u00eddicamente vinculante ni crea derechos u obligaciones legales para ninguna de las dos entidades, ni supone gasto financiero. De este modo, el protocolo establece el marco general de colaboraci\u00f3n para desarrollar actividades acad\u00e9micas conjuntas, proyectos de investigaci\u00f3n alineados con las prioridades europeas, nacionales y regionales, transferencia de conocimiento, y visitas de investigadores y acad\u00e9micos de prestigio. Cada actividad requerir\u00e1 un convenio o acuerdo espec\u00edfico que al regule.<\/p>\n<p>En palabras del rector, \u201ceste acuerdo permitir\u00e1 profundizar la colaboraci\u00f3n con una organizaci\u00f3n focalizada en poner en valor las potencialidades de Canarias, as\u00ed como del conjunto de la Macaronesia, en aprovechar las oportunidades y hacer frente a los grandes retos derivados del complejo contexto internacional\u201d.<\/p>\n<p>El protocolo tambi\u00e9n contempla la colaboraci\u00f3n en el marco de STARS EU, a la que pertenece la Universidad de La Laguna, por lo que se podr\u00e1 designar a la Humboldt Cosmos Multiversity como sede de algunas de las acciones y estancias cortas enmarcadas en dicha alianza universitaria. El acuerdo tambi\u00e9n proporcionar\u00e1 apoyo a candidaturas a C\u00e1tedras UNESCO u otras designaciones acad\u00e9micas internacionales a las que concurra la Universidad de La Laguna para ampliar su internacionalizaci\u00f3n.<\/p>\n","protected":false},"excerpt":{"rendered":"<p>El rector de la Universidad de La Laguna, Francisco Garc\u00eda, y el presidente de la Humboldt Cosmos Multiversity, G\u00fcnter Koch,&#8230;<\/p>\n","protected":false},"author":23,"featured_media":87863,"comment_status":"closed","ping_status":"closed","sticky":false,"template":"","format":"standard","meta":{"inline_featured_image":false,"footnotes":""},"categories":[345,349,2765],"tags":[],"acf":[],"yoast_head":"<!-- This site is optimized with the Yoast SEO plugin v21.3 - https:\/\/yoast.com\/wordpress\/plugins\/seo\/ -->\n<title>La Universidad de La Laguna firma un protocolo de colaboraci\u00f3n con la Humboldt Cosmos Multiversity - ULL - Noticias<\/title>\n<meta name=\"robots\" content=\"index, follow, max-snippet:-1, max-image-preview:large, max-video-preview:-1\" \/>\n<link rel=\"canonical\" href=\"https:\/\/www.ull.es\/portal\/noticias\/2026\/la-universidad-de-la-laguna-firma-un-protocolo-de-colaboracion-con-la-humboldt-cosmos-multiversity\/\" \/>\n<meta property=\"og:locale\" content=\"es_ES\" \/>\n<meta property=\"og:type\" content=\"article\" \/>\n<meta property=\"og:title\" content=\"La Universidad de La Laguna firma un protocolo de colaboraci\u00f3n con la Humboldt Cosmos Multiversity - ULL - Noticias\" \/>\n<meta property=\"og:description\" content=\"El rector de la Universidad de La Laguna, Francisco Garc\u00eda, y el presidente de la Humboldt Cosmos Multiversity, G\u00fcnter Koch,...\" \/>\n<meta property=\"og:url\" content=\"https:\/\/www.ull.es\/portal\/noticias\/2026\/la-universidad-de-la-laguna-firma-un-protocolo-de-colaboracion-con-la-humboldt-cosmos-multiversity\/\" \/>\n<meta property=\"og:site_name\" content=\"ULL - Noticias\" \/>\n<meta property=\"article:publisher\" content=\"https:\/\/www.facebook.com\/universidaddelalaguna\/\" \/>\n<meta property=\"article:published_time\" content=\"2026-04-08T13:00:26+00:00\" \/>\n<meta property=\"og:image\" content=\"https:\/\/www.ull.es\/portal\/noticias\/wp-content\/uploads\/sites\/13\/2026\/04\/humboldt-003-1.jpg\" \/>\n\t<meta property=\"og:image:width\" content=\"1200\" \/>\n\t<meta property=\"og:image:height\" content=\"800\" \/>\n\t<meta property=\"og:image:type\" content=\"image\/jpeg\" \/>\n<meta name=\"author\" content=\"gaprsa\" \/>\n<meta name=\"twitter:card\" content=\"summary_large_image\" \/>\n<meta name=\"twitter:creator\" content=\"@CanalULL\" \/>\n<meta name=\"twitter:site\" content=\"@CanalULL\" \/>\n<meta name=\"twitter:label1\" content=\"Escrito por\" \/>\n\t<meta name=\"twitter:data1\" content=\"gaprsa\" \/>\n\t<meta name=\"twitter:label2\" content=\"Tiempo de lectura\" \/>\n\t<meta name=\"twitter:data2\" content=\"2 minutos\" \/>\n<script type=\"application\/ld+json\" class=\"yoast-schema-graph\">{\"@context\":\"https:\/\/schema.org\",\"@graph\":[{\"@type\":\"WebPage\",\"@id\":\"https:\/\/www.ull.es\/portal\/noticias\/2026\/la-universidad-de-la-laguna-firma-un-protocolo-de-colaboracion-con-la-humboldt-cosmos-multiversity\/\",\"url\":\"https:\/\/www.ull.es\/portal\/noticias\/2026\/la-universidad-de-la-laguna-firma-un-protocolo-de-colaboracion-con-la-humboldt-cosmos-multiversity\/\",\"name\":\"La Universidad de La Laguna firma un protocolo de colaboraci\u00f3n con la Humboldt Cosmos Multiversity - ULL - Noticias\",\"isPartOf\":{\"@id\":\"https:\/\/www.ull.es\/portal\/noticias\/#website\"},\"datePublished\":\"2026-04-08T13:00:26+00:00\",\"dateModified\":\"2026-04-08T13:00:26+00:00\",\"author\":{\"@id\":\"https:\/\/www.ull.es\/portal\/noticias\/#\/schema\/person\/b2b1a89d43ffa609e591f7df8ef3e817\"},\"breadcrumb\":{\"@id\":\"https:\/\/www.ull.es\/portal\/noticias\/2026\/la-universidad-de-la-laguna-firma-un-protocolo-de-colaboracion-con-la-humboldt-cosmos-multiversity\/#breadcrumb\"},\"inLanguage\":\"es\",\"potentialAction\":[{\"@type\":\"ReadAction\",\"target\":[\"https:\/\/www.ull.es\/portal\/noticias\/2026\/la-universidad-de-la-laguna-firma-un-protocolo-de-colaboracion-con-la-humboldt-cosmos-multiversity\/\"]}]},{\"@type\":\"BreadcrumbList\",\"@id\":\"https:\/\/www.ull.es\/portal\/noticias\/2026\/la-universidad-de-la-laguna-firma-un-protocolo-de-colaboracion-con-la-humboldt-cosmos-multiversity\/#breadcrumb\",\"itemListElement\":[{\"@type\":\"ListItem\",\"position\":1,\"name\":\"Portada\",\"item\":\"https:\/\/www.ull.es\/portal\/noticias\/\"},{\"@type\":\"ListItem\",\"position\":2,\"name\":\"La Universidad de La Laguna firma un protocolo de colaboraci\u00f3n con la Humboldt Cosmos Multiversity\"}]},{\"@type\":\"WebSite\",\"@id\":\"https:\/\/www.ull.es\/portal\/noticias\/#website\",\"url\":\"https:\/\/www.ull.es\/portal\/noticias\/\",\"name\":\"ULL - Noticias\",\"description\":\"\",\"potentialAction\":[{\"@type\":\"SearchAction\",\"target\":{\"@type\":\"EntryPoint\",\"urlTemplate\":\"https:\/\/www.ull.es\/portal\/noticias\/?s={search_term_string}\"},\"query-input\":\"required name=search_term_string\"}],\"inLanguage\":\"es\"},{\"@type\":\"Person\",\"@id\":\"https:\/\/www.ull.es\/portal\/noticias\/#\/schema\/person\/b2b1a89d43ffa609e591f7df8ef3e817\",\"name\":\"gaprsa\",\"image\":{\"@type\":\"ImageObject\",\"inLanguage\":\"es\",\"@id\":\"https:\/\/www.ull.es\/portal\/noticias\/#\/schema\/person\/image\/\",\"url\":\"https:\/\/secure.gravatar.com\/avatar\/443820550921091458b4823867723b3d?s=96&d=mm&r=g\",\"contentUrl\":\"https:\/\/secure.gravatar.com\/avatar\/443820550921091458b4823867723b3d?s=96&d=mm&r=g\",\"caption\":\"gaprsa\"},\"url\":\"https:\/\/www.ull.es\/portal\/noticias\/author\/gaprsa\/\"}]}<\/script>\n<!-- \/ Yoast SEO plugin. -->","yoast_head_json":{"title":"La Universidad de La Laguna firma un protocolo de colaboraci\u00f3n con la Humboldt Cosmos Multiversity - ULL - Noticias","robots":{"index":"index","follow":"follow","max-snippet":"max-snippet:-1","max-image-preview":"max-image-preview:large","max-video-preview":"max-video-preview:-1"},"canonical":"https:\/\/www.ull.es\/portal\/noticias\/2026\/la-universidad-de-la-laguna-firma-un-protocolo-de-colaboracion-con-la-humboldt-cosmos-multiversity\/","og_locale":"es_ES","og_type":"article","og_title":"La Universidad de La Laguna firma un protocolo de colaboraci\u00f3n con la Humboldt Cosmos Multiversity - ULL - Noticias","og_description":"El rector de la Universidad de La Laguna, Francisco Garc\u00eda, y el presidente de la Humboldt Cosmos Multiversity, G\u00fcnter Koch,...","og_url":"https:\/\/www.ull.es\/portal\/noticias\/2026\/la-universidad-de-la-laguna-firma-un-protocolo-de-colaboracion-con-la-humboldt-cosmos-multiversity\/","og_site_name":"ULL - Noticias","article_publisher":"https:\/\/www.facebook.com\/universidaddelalaguna\/","article_published_time":"2026-04-08T13:00:26+00:00","og_image":[{"width":1200,"height":800,"url":"https:\/\/www.ull.es\/portal\/noticias\/wp-content\/uploads\/sites\/13\/2026\/04\/humboldt-003-1.jpg","type":"image\/jpeg"}],"author":"gaprsa","twitter_card":"summary_large_image","twitter_creator":"@CanalULL","twitter_site":"@CanalULL","twitter_misc":{"Escrito por":"gaprsa","Tiempo de lectura":"2 minutos"},"schema":{"@context":"https:\/\/schema.org","@graph":[{"@type":"WebPage","@id":"https:\/\/www.ull.es\/portal\/noticias\/2026\/la-universidad-de-la-laguna-firma-un-protocolo-de-colaboracion-con-la-humboldt-cosmos-multiversity\/","url":"https:\/\/www.ull.es\/portal\/noticias\/2026\/la-universidad-de-la-laguna-firma-un-protocolo-de-colaboracion-con-la-humboldt-cosmos-multiversity\/","name":"La Universidad de La Laguna firma un protocolo de colaboraci\u00f3n con la Humboldt Cosmos Multiversity - ULL - Noticias","isPartOf":{"@id":"https:\/\/www.ull.es\/portal\/noticias\/#website"},"datePublished":"2026-04-08T13:00:26+00:00","dateModified":"2026-04-08T13:00:26+00:00","author":{"@id":"https:\/\/www.ull.es\/portal\/noticias\/#\/schema\/person\/b2b1a89d43ffa609e591f7df8ef3e817"},"breadcrumb":{"@id":"https:\/\/www.ull.es\/portal\/noticias\/2026\/la-universidad-de-la-laguna-firma-un-protocolo-de-colaboracion-con-la-humboldt-cosmos-multiversity\/#breadcrumb"},"inLanguage":"es","potentialAction":[{"@type":"ReadAction","target":["https:\/\/www.ull.es\/portal\/noticias\/2026\/la-universidad-de-la-laguna-firma-un-protocolo-de-colaboracion-con-la-humboldt-cosmos-multiversity\/"]}]},{"@type":"BreadcrumbList","@id":"https:\/\/www.ull.es\/portal\/noticias\/2026\/la-universidad-de-la-laguna-firma-un-protocolo-de-colaboracion-con-la-humboldt-cosmos-multiversity\/#breadcrumb","itemListElement":[{"@type":"ListItem","position":1,"name":"Portada","item":"https:\/\/www.ull.es\/portal\/noticias\/"},{"@type":"ListItem","position":2,"name":"La Universidad de La Laguna firma un protocolo de colaboraci\u00f3n con la Humboldt Cosmos Multiversity"}]},{"@type":"WebSite","@id":"https:\/\/www.ull.es\/portal\/noticias\/#website","url":"https:\/\/www.ull.es\/portal\/noticias\/","name":"ULL - Noticias","description":"","potentialAction":[{"@type":"SearchAction","target":{"@type":"EntryPoint","urlTemplate":"https:\/\/www.ull.es\/portal\/noticias\/?s={search_term_string}"},"query-input":"required name=search_term_string"}],"inLanguage":"es"},{"@type":"Person","@id":"https:\/\/www.ull.es\/portal\/noticias\/#\/schema\/person\/b2b1a89d43ffa609e591f7df8ef3e817","name":"gaprsa","image":{"@type":"ImageObject","inLanguage":"es","@id":"https:\/\/www.ull.es\/portal\/noticias\/#\/schema\/person\/image\/","url":"https:\/\/secure.gravatar.com\/avatar\/443820550921091458b4823867723b3d?s=96&d=mm&r=g","contentUrl":"https:\/\/secure.gravatar.com\/avatar\/443820550921091458b4823867723b3d?s=96&d=mm&r=g","caption":"gaprsa"},"url":"https:\/\/www.ull.es\/portal\/noticias\/author\/gaprsa\/"}]}},"primary_category":{"id":345,"name":"Destacado","slug":"destacado","link":"https:\/\/www.ull.es\/portal\/noticias\/category\/destacado\/"},"featured_image_thumbnail_url":"https:\/\/www.ull.es\/portal\/noticias\/wp-content\/uploads\/sites\/13\/2026\/04\/humboldt-003-1-300x200.jpg","_links":{"self":[{"href":"https:\/\/www.ull.es\/portal\/noticias\/wp-json\/wp\/v2\/posts\/87861"}],"collection":[{"href":"https:\/\/www.ull.es\/portal\/noticias\/wp-json\/wp\/v2\/posts"}],"about":[{"href":"https:\/\/www.ull.es\/portal\/noticias\/wp-json\/wp\/v2\/types\/post"}],"author":[{"embeddable":true,"href":"https:\/\/www.ull.es\/portal\/noticias\/wp-json\/wp\/v2\/users\/23"}],"replies":[{"embeddable":true,"href":"https:\/\/www.ull.es\/portal\/noticias\/wp-json\/wp\/v2\/comments?post=87861"}],"version-history":[{"count":1,"href":"https:\/\/www.ull.es\/portal\/noticias\/wp-json\/wp\/v2\/posts\/87861\/revisions"}],"predecessor-version":[{"id":87864,"href":"https:\/\/www.ull.es\/portal\/noticias\/wp-json\/wp\/v2\/posts\/87861\/revisions\/87864"}],"wp:featuredmedia":[{"embeddable":true,"href":"https:\/\/www.ull.es\/portal\/noticias\/wp-json\/wp\/v2\/media\/87863"}],"wp:attachment":[{"href":"https:\/\/www.ull.es\/portal\/noticias\/wp-json\/wp\/v2\/media?parent=87861"}],"wp:term":[{"taxonomy":"category","embeddable":true,"href":"https:\/\/www.ull.es\/portal\/noticias\/wp-json\/wp\/v2\/categories?post=87861"},{"taxonomy":"post_tag","embeddable":true,"href":"https:\/\/www.ull.es\/portal\/noticias\/wp-json\/wp\/v2\/tags?post=87861"}],"curies":[{"name":"wp","href":"https:\/\/api.w.org\/{rel}","templated":true}]}}