{"id":87870,"date":"2026-04-08T14:14:06","date_gmt":"2026-04-08T14:14:06","guid":{"rendered":"https:\/\/www.ull.es\/portal\/noticias\/?p=87870"},"modified":"2026-04-08T14:14:06","modified_gmt":"2026-04-08T14:14:06","slug":"el-estudiantado-expone-sus-demandas-y-propuestas-en-el-tercer-debate-del-estado-de-la-universidad","status":"publish","type":"post","link":"https:\/\/www.ull.es\/portal\/noticias\/2026\/el-estudiantado-expone-sus-demandas-y-propuestas-en-el-tercer-debate-del-estado-de-la-universidad\/","title":{"rendered":"El estudiantado expone sus demandas y propuestas en el tercer debate del estado de la universidad"},"content":{"rendered":"<p>La Universidad de La Laguna ha celebrado en la tarde de ayer el debate del estado de la instituci\u00f3n acad\u00e9mica por tercer a\u00f1o consecutivo, convocado por el Consejo de Estudiantes. En esta cita, a la que ha acudido el rector, Francisco Garc\u00eda Rodr\u00edguez, y parte de su consejo de direcci\u00f3n, participaron unos cuarenta representantes de distintos colectivos de alumnado: grupos claustrales, delegaciones de facultades, escuelas, doctorado y de centros de alojamiento.<\/p>\n<p>El objetivo central de este encuentro es el fortalecimiento de la comunicaci\u00f3n entre el estudiantado de la Universidad de La Laguna y el Rectorado, as\u00ed como fomentar el debate constructivo y la participaci\u00f3n activa, conociendo de primera mano los problemas y prioridades, y pueda aportar soluciones m\u00e1s eficaces. El rector agradeci\u00f3 esta participaci\u00f3n estudiantil en el d\u00eda a d\u00eda de la instituci\u00f3n, en pro de una mejor universidad, defendiendo la labor de la representaci\u00f3n del estudiantado por el enorme aporte que hace no solo a la propia universidad sino tambi\u00e9n el beneficio que supone para futuro de la sociedad.<\/p>\n<p><a href=\"https:\/\/www.ull.es\/portal\/noticias\/wp-content\/uploads\/sites\/13\/2026\/04\/Debate-estado-universidad-18.jpg\" target=\"_blank\" rel=\"noopener\"><img decoding=\"async\" loading=\"lazy\" class=\"alignleft size-medium wp-image-87872\" src=\"https:\/\/www.ull.es\/portal\/noticias\/wp-content\/uploads\/sites\/13\/2026\/04\/Debate-estado-universidad-18-300x199.jpg\" alt=\"\" width=\"300\" height=\"199\" srcset=\"https:\/\/www.ull.es\/portal\/noticias\/wp-content\/uploads\/sites\/13\/2026\/04\/Debate-estado-universidad-18-300x199.jpg 300w, https:\/\/www.ull.es\/portal\/noticias\/wp-content\/uploads\/sites\/13\/2026\/04\/Debate-estado-universidad-18-1024x678.jpg 1024w, https:\/\/www.ull.es\/portal\/noticias\/wp-content\/uploads\/sites\/13\/2026\/04\/Debate-estado-universidad-18-768x509.jpg 768w, https:\/\/www.ull.es\/portal\/noticias\/wp-content\/uploads\/sites\/13\/2026\/04\/Debate-estado-universidad-18-375x248.jpg 375w, https:\/\/www.ull.es\/portal\/noticias\/wp-content\/uploads\/sites\/13\/2026\/04\/Debate-estado-universidad-18-750x497.jpg 750w, https:\/\/www.ull.es\/portal\/noticias\/wp-content\/uploads\/sites\/13\/2026\/04\/Debate-estado-universidad-18-1140x755.jpg 1140w, https:\/\/www.ull.es\/portal\/noticias\/wp-content\/uploads\/sites\/13\/2026\/04\/Debate-estado-universidad-18.jpg 1200w\" sizes=\"(max-width: 300px) 100vw, 300px\" \/><\/a>En la sala de rectores y rectoras de centro acad\u00e9mico estuvieron por primera vez Yoan Michel Rodr\u00edguez Garc\u00eda, alumno de la Escuela Universitaria de Enfermer\u00eda de La Palma, quien acude con \u201cexpectativas de ver c\u00f3mo se responde a las necesidades desde las islas menores\u201d o, Luc\u00eda Padr\u00f3n Ortiz, estudiante de Arquitectura T\u00e9cnica, que considera este tipo de debates como \u201cun gran avance\u201d. Ambos coinciden en que es una \u201coportunidad de enorme relevancia poder tener un espacio de comunicaci\u00f3n directa con el Rectorado en el que se escuche las inquietudes y propuestas que se respondan de una manera m\u00e1s r\u00e1pida y eficaz\u201d.<\/p>\n<p>El turno de intervenciones comenz\u00f3 con la participaci\u00f3n de Bentchey Mart\u00edn, presidente del \u00f3rgano convocante. Mart\u00edn plante\u00f3 como asunto global la revisi\u00f3n de la normativa universitaria, que regula la actividad de la instituci\u00f3n, para valorar si se est\u00e1 respondiendo a las necesidades del estudiantado, as\u00ed como el funcionamiento del reglamento de evaluaci\u00f3n continua, creado en 2022 y que ha tenido algunas actualizaciones en los \u00faltimos a\u00f1os. Tanto la vicerrectora de Estudiantes, Rosario Hern\u00e1ndez, como el vicerrector de Docencia, Jos\u00e9 Manuel Garc\u00eda, coinciden con el equipo directivo del debate en que habr\u00eda que revisar el correcto cumplimiento de las normas que ya regulan estos textos y que han servido como garant\u00eda de un buen funcionamiento de la Universidad.<\/p>\n<p>Desde el Consejo de Estudiantes, se abund\u00f3 tambi\u00e9n en la necesidad de fortalecer el sentimiento de pertenencia, dinamizando los campus con actividades atractivas para el estudiantado, tras el \u00e9xito de acciones como el \u2018Hola ULL\u2019, adem\u00e1s de reforzar la participaci\u00f3n estudiantil en proyectos internacionales punteros como STARS EU.<\/p>\n<p>El debate continu\u00f3 luego con la participaci\u00f3n desde los colegios mayores, seguidos de los representantes estudiantiles por campus, abordando cuestiones concretas de las titulaciones de esos centros. Se abarcaron aspectos sobre infraestructuras universitarias, siendo un tema recurrente la renovaci\u00f3n y puesta en marcha de las cafeter\u00edas. Sobre ello habl\u00f3 Yoan Rodr\u00edguez, pues la Escuela Universitaria de Enfermer\u00eda de La Palma se ubica en la carretera de Las Nieves, una zona m\u00e1s aislada, por lo que reclaman al menos opciones m\u00e1s saludables y asequibles en las m\u00e1quinas expendedoras si no fuera viable poder optar a una cafeter\u00eda en estas instalaciones.<\/p>\n<p>Tambi\u00e9n estuvo muy presente en el discurso la petici\u00f3n de mejora de los edificios y colegios mayores en cuanto los desperfectos habidos como consecuencia del paso reciente de la borrasca<a href=\"https:\/\/www.ull.es\/portal\/noticias\/wp-content\/uploads\/sites\/13\/2026\/04\/Debate-estado-universidad-03.jpg\" target=\"_blank\" rel=\"noopener\"><img decoding=\"async\" loading=\"lazy\" class=\"alignright size-medium wp-image-87871\" src=\"https:\/\/www.ull.es\/portal\/noticias\/wp-content\/uploads\/sites\/13\/2026\/04\/Debate-estado-universidad-03-300x200.jpg\" alt=\"\" width=\"300\" height=\"200\" srcset=\"https:\/\/www.ull.es\/portal\/noticias\/wp-content\/uploads\/sites\/13\/2026\/04\/Debate-estado-universidad-03-300x200.jpg 300w, https:\/\/www.ull.es\/portal\/noticias\/wp-content\/uploads\/sites\/13\/2026\/04\/Debate-estado-universidad-03-1024x683.jpg 1024w, https:\/\/www.ull.es\/portal\/noticias\/wp-content\/uploads\/sites\/13\/2026\/04\/Debate-estado-universidad-03-768x512.jpg 768w, https:\/\/www.ull.es\/portal\/noticias\/wp-content\/uploads\/sites\/13\/2026\/04\/Debate-estado-universidad-03-375x250.jpg 375w, https:\/\/www.ull.es\/portal\/noticias\/wp-content\/uploads\/sites\/13\/2026\/04\/Debate-estado-universidad-03-750x500.jpg 750w, https:\/\/www.ull.es\/portal\/noticias\/wp-content\/uploads\/sites\/13\/2026\/04\/Debate-estado-universidad-03-1140x760.jpg 1140w, https:\/\/www.ull.es\/portal\/noticias\/wp-content\/uploads\/sites\/13\/2026\/04\/Debate-estado-universidad-03.jpg 1200w\" sizes=\"(max-width: 300px) 100vw, 300px\" \/><\/a> Therese. Marta Dom\u00ednguez, vicerrectora de Sostenibilidad e Infraestructuras, inform\u00f3 de que se est\u00e1n recogiendo de manera exhaustiva todas las incidencias y que, en la mayor\u00eda de casos, se est\u00e1 pudiendo reforzar el trabajo previo de impermeabilizaci\u00f3n en el que se lleva invirtiendo grandes esfuerzos en los \u00faltimos a\u00f1os, para poder llevar a cabo una conservaci\u00f3n preventiva. Dom\u00ednguez subray\u00f3 el empe\u00f1o dedicado en los \u00faltimos a\u00f1os a la puesta en marcha de placas el\u00e9ctricas en los aparcamientos de los diferentes campus para llevar a la Universidad de La Laguna, un paso m\u00e1s adelante en la sostenibilidad y modernizaci\u00f3n de sus instalaciones.<\/p>\n<p>Los vicerrectorados de Estudiantes e Infraestructuras trabajan en conjunto para poder ver en el futuro pr\u00f3ximo la creaci\u00f3n de una Casa del Estudiante, con el objeto de fortalecer la labor de la representaci\u00f3n estudiantil as\u00ed como el estudio de diferentes espacios para ampliar la oferta alojativa del estudiantado lo antes posible, una de las demandas que m\u00e1s preocupan hoy a la comunidad universitaria.<\/p>\n<p>El di\u00e1logo result\u00f3 muy constructivo, aport\u00f3 mucha informaci\u00f3n y facilit\u00f3 al rector y su consejo de direcci\u00f3n valiosos datos sobre la vida en los campus y diversos aspectos que son objeto de mejora. Unos y otros agradecieron la existencia de este tipo de espacios para seguir contribuyendo al avance conjunto de la Universidad de La Laguna.<\/p>\n","protected":false},"excerpt":{"rendered":"<p>La Universidad de La Laguna ha celebrado en la tarde de ayer el debate del estado de la instituci\u00f3n acad\u00e9mica&#8230;<\/p>\n","protected":false},"author":23,"featured_media":87873,"comment_status":"closed","ping_status":"closed","sticky":false,"template":"","format":"standard","meta":{"inline_featured_image":false,"footnotes":""},"categories":[343,345,2765],"tags":[],"acf":[],"yoast_head":"<!-- This site is optimized with the Yoast SEO plugin v21.3 - https:\/\/yoast.com\/wordpress\/plugins\/seo\/ -->\n<title>El estudiantado expone sus demandas y propuestas en el tercer debate del estado de la universidad - ULL - Noticias<\/title>\n<meta name=\"robots\" content=\"index, follow, max-snippet:-1, max-image-preview:large, max-video-preview:-1\" \/>\n<link rel=\"canonical\" href=\"https:\/\/www.ull.es\/portal\/noticias\/2026\/el-estudiantado-expone-sus-demandas-y-propuestas-en-el-tercer-debate-del-estado-de-la-universidad\/\" \/>\n<meta property=\"og:locale\" content=\"es_ES\" \/>\n<meta property=\"og:type\" content=\"article\" \/>\n<meta property=\"og:title\" content=\"El estudiantado expone sus demandas y propuestas en el tercer debate del estado de la universidad - ULL - Noticias\" \/>\n<meta property=\"og:description\" content=\"La Universidad de La Laguna ha celebrado en la tarde de ayer el debate del estado de la instituci\u00f3n acad\u00e9mica...\" \/>\n<meta property=\"og:url\" content=\"https:\/\/www.ull.es\/portal\/noticias\/2026\/el-estudiantado-expone-sus-demandas-y-propuestas-en-el-tercer-debate-del-estado-de-la-universidad\/\" \/>\n<meta property=\"og:site_name\" content=\"ULL - Noticias\" \/>\n<meta property=\"article:publisher\" content=\"https:\/\/www.facebook.com\/universidaddelalaguna\/\" \/>\n<meta property=\"article:published_time\" content=\"2026-04-08T14:14:06+00:00\" \/>\n<meta property=\"og:image\" content=\"https:\/\/www.ull.es\/portal\/noticias\/wp-content\/uploads\/sites\/13\/2026\/04\/Debate-estado-universidad-09.jpg\" \/>\n\t<meta property=\"og:image:width\" content=\"1200\" \/>\n\t<meta property=\"og:image:height\" content=\"800\" \/>\n\t<meta property=\"og:image:type\" content=\"image\/jpeg\" \/>\n<meta name=\"author\" content=\"gaprsa\" \/>\n<meta name=\"twitter:card\" content=\"summary_large_image\" \/>\n<meta name=\"twitter:creator\" content=\"@CanalULL\" \/>\n<meta name=\"twitter:site\" content=\"@CanalULL\" \/>\n<meta name=\"twitter:label1\" content=\"Escrito por\" \/>\n\t<meta name=\"twitter:data1\" content=\"gaprsa\" \/>\n\t<meta name=\"twitter:label2\" content=\"Tiempo de lectura\" \/>\n\t<meta name=\"twitter:data2\" content=\"4 minutos\" \/>\n<script type=\"application\/ld+json\" class=\"yoast-schema-graph\">{\"@context\":\"https:\/\/schema.org\",\"@graph\":[{\"@type\":\"WebPage\",\"@id\":\"https:\/\/www.ull.es\/portal\/noticias\/2026\/el-estudiantado-expone-sus-demandas-y-propuestas-en-el-tercer-debate-del-estado-de-la-universidad\/\",\"url\":\"https:\/\/www.ull.es\/portal\/noticias\/2026\/el-estudiantado-expone-sus-demandas-y-propuestas-en-el-tercer-debate-del-estado-de-la-universidad\/\",\"name\":\"El estudiantado expone sus demandas y propuestas en el tercer debate del estado de la universidad - ULL - Noticias\",\"isPartOf\":{\"@id\":\"https:\/\/www.ull.es\/portal\/noticias\/#website\"},\"datePublished\":\"2026-04-08T14:14:06+00:00\",\"dateModified\":\"2026-04-08T14:14:06+00:00\",\"author\":{\"@id\":\"https:\/\/www.ull.es\/portal\/noticias\/#\/schema\/person\/b2b1a89d43ffa609e591f7df8ef3e817\"},\"breadcrumb\":{\"@id\":\"https:\/\/www.ull.es\/portal\/noticias\/2026\/el-estudiantado-expone-sus-demandas-y-propuestas-en-el-tercer-debate-del-estado-de-la-universidad\/#breadcrumb\"},\"inLanguage\":\"es\",\"potentialAction\":[{\"@type\":\"ReadAction\",\"target\":[\"https:\/\/www.ull.es\/portal\/noticias\/2026\/el-estudiantado-expone-sus-demandas-y-propuestas-en-el-tercer-debate-del-estado-de-la-universidad\/\"]}]},{\"@type\":\"BreadcrumbList\",\"@id\":\"https:\/\/www.ull.es\/portal\/noticias\/2026\/el-estudiantado-expone-sus-demandas-y-propuestas-en-el-tercer-debate-del-estado-de-la-universidad\/#breadcrumb\",\"itemListElement\":[{\"@type\":\"ListItem\",\"position\":1,\"name\":\"Portada\",\"item\":\"https:\/\/www.ull.es\/portal\/noticias\/\"},{\"@type\":\"ListItem\",\"position\":2,\"name\":\"El estudiantado expone sus demandas y propuestas en el tercer debate del estado de la universidad\"}]},{\"@type\":\"WebSite\",\"@id\":\"https:\/\/www.ull.es\/portal\/noticias\/#website\",\"url\":\"https:\/\/www.ull.es\/portal\/noticias\/\",\"name\":\"ULL - Noticias\",\"description\":\"\",\"potentialAction\":[{\"@type\":\"SearchAction\",\"target\":{\"@type\":\"EntryPoint\",\"urlTemplate\":\"https:\/\/www.ull.es\/portal\/noticias\/?s={search_term_string}\"},\"query-input\":\"required name=search_term_string\"}],\"inLanguage\":\"es\"},{\"@type\":\"Person\",\"@id\":\"https:\/\/www.ull.es\/portal\/noticias\/#\/schema\/person\/b2b1a89d43ffa609e591f7df8ef3e817\",\"name\":\"gaprsa\",\"image\":{\"@type\":\"ImageObject\",\"inLanguage\":\"es\",\"@id\":\"https:\/\/www.ull.es\/portal\/noticias\/#\/schema\/person\/image\/\",\"url\":\"https:\/\/secure.gravatar.com\/avatar\/443820550921091458b4823867723b3d?s=96&d=mm&r=g\",\"contentUrl\":\"https:\/\/secure.gravatar.com\/avatar\/443820550921091458b4823867723b3d?s=96&d=mm&r=g\",\"caption\":\"gaprsa\"},\"url\":\"https:\/\/www.ull.es\/portal\/noticias\/author\/gaprsa\/\"}]}<\/script>\n<!-- \/ Yoast SEO plugin. -->","yoast_head_json":{"title":"El estudiantado expone sus demandas y propuestas en el tercer debate del estado de la universidad - ULL - Noticias","robots":{"index":"index","follow":"follow","max-snippet":"max-snippet:-1","max-image-preview":"max-image-preview:large","max-video-preview":"max-video-preview:-1"},"canonical":"https:\/\/www.ull.es\/portal\/noticias\/2026\/el-estudiantado-expone-sus-demandas-y-propuestas-en-el-tercer-debate-del-estado-de-la-universidad\/","og_locale":"es_ES","og_type":"article","og_title":"El estudiantado expone sus demandas y propuestas en el tercer debate del estado de la universidad - ULL - Noticias","og_description":"La Universidad de La Laguna ha celebrado en la tarde de ayer el debate del estado de la instituci\u00f3n acad\u00e9mica...","og_url":"https:\/\/www.ull.es\/portal\/noticias\/2026\/el-estudiantado-expone-sus-demandas-y-propuestas-en-el-tercer-debate-del-estado-de-la-universidad\/","og_site_name":"ULL - Noticias","article_publisher":"https:\/\/www.facebook.com\/universidaddelalaguna\/","article_published_time":"2026-04-08T14:14:06+00:00","og_image":[{"width":1200,"height":800,"url":"https:\/\/www.ull.es\/portal\/noticias\/wp-content\/uploads\/sites\/13\/2026\/04\/Debate-estado-universidad-09.jpg","type":"image\/jpeg"}],"author":"gaprsa","twitter_card":"summary_large_image","twitter_creator":"@CanalULL","twitter_site":"@CanalULL","twitter_misc":{"Escrito por":"gaprsa","Tiempo de lectura":"4 minutos"},"schema":{"@context":"https:\/\/schema.org","@graph":[{"@type":"WebPage","@id":"https:\/\/www.ull.es\/portal\/noticias\/2026\/el-estudiantado-expone-sus-demandas-y-propuestas-en-el-tercer-debate-del-estado-de-la-universidad\/","url":"https:\/\/www.ull.es\/portal\/noticias\/2026\/el-estudiantado-expone-sus-demandas-y-propuestas-en-el-tercer-debate-del-estado-de-la-universidad\/","name":"El estudiantado expone sus demandas y propuestas en el tercer debate del estado de la universidad - ULL - Noticias","isPartOf":{"@id":"https:\/\/www.ull.es\/portal\/noticias\/#website"},"datePublished":"2026-04-08T14:14:06+00:00","dateModified":"2026-04-08T14:14:06+00:00","author":{"@id":"https:\/\/www.ull.es\/portal\/noticias\/#\/schema\/person\/b2b1a89d43ffa609e591f7df8ef3e817"},"breadcrumb":{"@id":"https:\/\/www.ull.es\/portal\/noticias\/2026\/el-estudiantado-expone-sus-demandas-y-propuestas-en-el-tercer-debate-del-estado-de-la-universidad\/#breadcrumb"},"inLanguage":"es","potentialAction":[{"@type":"ReadAction","target":["https:\/\/www.ull.es\/portal\/noticias\/2026\/el-estudiantado-expone-sus-demandas-y-propuestas-en-el-tercer-debate-del-estado-de-la-universidad\/"]}]},{"@type":"BreadcrumbList","@id":"https:\/\/www.ull.es\/portal\/noticias\/2026\/el-estudiantado-expone-sus-demandas-y-propuestas-en-el-tercer-debate-del-estado-de-la-universidad\/#breadcrumb","itemListElement":[{"@type":"ListItem","position":1,"name":"Portada","item":"https:\/\/www.ull.es\/portal\/noticias\/"},{"@type":"ListItem","position":2,"name":"El estudiantado expone sus demandas y propuestas en el tercer debate del estado de la universidad"}]},{"@type":"WebSite","@id":"https:\/\/www.ull.es\/portal\/noticias\/#website","url":"https:\/\/www.ull.es\/portal\/noticias\/","name":"ULL - Noticias","description":"","potentialAction":[{"@type":"SearchAction","target":{"@type":"EntryPoint","urlTemplate":"https:\/\/www.ull.es\/portal\/noticias\/?s={search_term_string}"},"query-input":"required name=search_term_string"}],"inLanguage":"es"},{"@type":"Person","@id":"https:\/\/www.ull.es\/portal\/noticias\/#\/schema\/person\/b2b1a89d43ffa609e591f7df8ef3e817","name":"gaprsa","image":{"@type":"ImageObject","inLanguage":"es","@id":"https:\/\/www.ull.es\/portal\/noticias\/#\/schema\/person\/image\/","url":"https:\/\/secure.gravatar.com\/avatar\/443820550921091458b4823867723b3d?s=96&d=mm&r=g","contentUrl":"https:\/\/secure.gravatar.com\/avatar\/443820550921091458b4823867723b3d?s=96&d=mm&r=g","caption":"gaprsa"},"url":"https:\/\/www.ull.es\/portal\/noticias\/author\/gaprsa\/"}]}},"primary_category":{"id":345,"name":"Destacado","slug":"destacado","link":"https:\/\/www.ull.es\/portal\/noticias\/category\/destacado\/"},"featured_image_thumbnail_url":"https:\/\/www.ull.es\/portal\/noticias\/wp-content\/uploads\/sites\/13\/2026\/04\/Debate-estado-universidad-09-300x200.jpg","_links":{"self":[{"href":"https:\/\/www.ull.es\/portal\/noticias\/wp-json\/wp\/v2\/posts\/87870"}],"collection":[{"href":"https:\/\/www.ull.es\/portal\/noticias\/wp-json\/wp\/v2\/posts"}],"about":[{"href":"https:\/\/www.ull.es\/portal\/noticias\/wp-json\/wp\/v2\/types\/post"}],"author":[{"embeddable":true,"href":"https:\/\/www.ull.es\/portal\/noticias\/wp-json\/wp\/v2\/users\/23"}],"replies":[{"embeddable":true,"href":"https:\/\/www.ull.es\/portal\/noticias\/wp-json\/wp\/v2\/comments?post=87870"}],"version-history":[{"count":1,"href":"https:\/\/www.ull.es\/portal\/noticias\/wp-json\/wp\/v2\/posts\/87870\/revisions"}],"predecessor-version":[{"id":87874,"href":"https:\/\/www.ull.es\/portal\/noticias\/wp-json\/wp\/v2\/posts\/87870\/revisions\/87874"}],"wp:featuredmedia":[{"embeddable":true,"href":"https:\/\/www.ull.es\/portal\/noticias\/wp-json\/wp\/v2\/media\/87873"}],"wp:attachment":[{"href":"https:\/\/www.ull.es\/portal\/noticias\/wp-json\/wp\/v2\/media?parent=87870"}],"wp:term":[{"taxonomy":"category","embeddable":true,"href":"https:\/\/www.ull.es\/portal\/noticias\/wp-json\/wp\/v2\/categories?post=87870"},{"taxonomy":"post_tag","embeddable":true,"href":"https:\/\/www.ull.es\/portal\/noticias\/wp-json\/wp\/v2\/tags?post=87870"}],"curies":[{"name":"wp","href":"https:\/\/api.w.org\/{rel}","templated":true}]}}