{"id":88278,"date":"2026-04-27T10:09:27","date_gmt":"2026-04-27T10:09:27","guid":{"rendered":"https:\/\/www.ull.es\/portal\/noticias\/?p=88278"},"modified":"2026-04-27T13:13:42","modified_gmt":"2026-04-27T13:13:42","slug":"talento-joven-que-transforma-la-industria","status":"publish","type":"post","link":"https:\/\/www.ull.es\/portal\/noticias\/2026\/talento-joven-que-transforma-la-industria\/","title":{"rendered":"Talento joven que transforma la industria"},"content":{"rendered":"<p><span style=\"font-weight: 400\">Estudiantes de doctorado de la Universidad de La Laguna desarrollan actualmente sus investigaciones en colaboraci\u00f3n con empresas punteras del sector industrial de Tenerife, gracias al <\/span><a href=\"https:\/\/www.ull.es\/portal\/noticias\/2025\/la-ull-y-el-cabildo-presentan-la-convocatoria-para-realizar-el-doctorado-industrial-en-empresas-de-la-isla\/\" target=\"_blank\" rel=\"noopener\"><span style=\"font-weight: 400\">programa de Doctorados Industriales<\/span><\/a><span style=\"font-weight: 400\"> impulsado por el Cabildo de Tenerife. Esta iniciativa, dotada con un presupuesto de 516.000 euros, fomenta la contrataci\u00f3n y formaci\u00f3n de personal investigador en el entorno empresarial, brindando a estos j\u00f3venes la oportunidad de llevar a cabo proyectos de investigaci\u00f3n aplicada estrechamente vinculados a sus tesis doctorales.<\/span><\/p>\n<p><span style=\"font-weight: 400\">El programa permite que doctorandos de distintos \u00e1mbitos integren sus l\u00edneas de investigaci\u00f3n en la resoluci\u00f3n de retos reales del tejido productivo insular. Durante cuatro a\u00f1os, se incorporan a empresas de sectores estrat\u00e9gicos como la energ\u00eda, la digitalizaci\u00f3n o la biotecnolog\u00eda, donde aplican su conocimiento en contextos reales. Para las empresas, esta colaboraci\u00f3n supone la incorporaci\u00f3n de talento joven y altamente cualificado, capaz de impulsar la innovaci\u00f3n, mejorar la competitividad y transformar el conocimiento acad\u00e9mico en soluciones concretas y viables.<\/span><\/p>\n<p><span style=\"font-weight: 400\">El vicerrector de Investigaci\u00f3n y Transferencia de la Universidad de La Laguna, Antonio Aparicio Juan, subraya que los doctorados industriales son una herramienta muy valiosa para conectar la investigaci\u00f3n universitaria con los retos espec\u00edficos de las empresas. De este modo, la Universidad de La Laguna impulsa activamente la transferencia de conocimiento, favoreciendo que las tesis doctorales se desarrollen en entornos donde ese conocimiento pueda transformarse en innovaci\u00f3n. Aparicio a\u00f1ade que programas como este refuerzan adem\u00e1s la valiosa colaboraci\u00f3n entre la universidad y el tejido productivo.\u00a0<\/span><\/p>\n<p><span style=\"font-weight: 400\">Por su parte, el director de la Escuela de Doctorado, Gustavo Marrero D\u00edaz, precisa que estos programas representan una herramienta clave para trasladar investigaci\u00f3n de alto nivel al sector industrial de la isla. \u201cEs una v\u00eda id\u00f3nea para coordinar grupos de investigaci\u00f3n de excelencia y orientar su trabajo hacia las necesidades de empresas y sectores estrat\u00e9gicos del territorio\u201d, explica.\u00a0<\/span><\/p>\n<p><span style=\"font-weight: 400\">Marrero D\u00edaz destaca adem\u00e1s el papel de los convenios espec\u00edficos que se establecen entre la universidad y las empresas para cada proyecto doctoral, articulados a partir de un acuerdo marco. Estos garantizan aspectos fundamentales como la transferencia de conocimiento, la gesti\u00f3n de la propiedad industrial y la participaci\u00f3n de personal de la empresa como supervisores o cotutores de las tesis, reforzando as\u00ed la conexi\u00f3n entre el \u00e1mbito acad\u00e9mico y el empresarial.<\/span><\/p>\n<p><b>Optimizaci\u00f3n de las renovables<\/b><\/p>\n<div id=\"attachment_88282\" style=\"width: 310px\" class=\"wp-caption alignleft\"><a href=\"https:\/\/www.ull.es\/portal\/noticias\/wp-content\/uploads\/sites\/13\/2026\/04\/Jorge-David-Avila-02.jpg\" target=\"_blank\" rel=\"noopener\"><img aria-describedby=\"caption-attachment-88282\" decoding=\"async\" loading=\"lazy\" class=\"size-medium wp-image-88282\" src=\"https:\/\/www.ull.es\/portal\/noticias\/wp-content\/uploads\/sites\/13\/2026\/04\/Jorge-David-Avila-02-300x202.jpg\" alt=\"\" width=\"300\" height=\"202\" srcset=\"https:\/\/www.ull.es\/portal\/noticias\/wp-content\/uploads\/sites\/13\/2026\/04\/Jorge-David-Avila-02-300x202.jpg 300w, https:\/\/www.ull.es\/portal\/noticias\/wp-content\/uploads\/sites\/13\/2026\/04\/Jorge-David-Avila-02-1024x689.jpg 1024w, https:\/\/www.ull.es\/portal\/noticias\/wp-content\/uploads\/sites\/13\/2026\/04\/Jorge-David-Avila-02-768x517.jpg 768w, https:\/\/www.ull.es\/portal\/noticias\/wp-content\/uploads\/sites\/13\/2026\/04\/Jorge-David-Avila-02-375x253.jpg 375w, https:\/\/www.ull.es\/portal\/noticias\/wp-content\/uploads\/sites\/13\/2026\/04\/Jorge-David-Avila-02-750x505.jpg 750w, https:\/\/www.ull.es\/portal\/noticias\/wp-content\/uploads\/sites\/13\/2026\/04\/Jorge-David-Avila-02-1140x768.jpg 1140w, https:\/\/www.ull.es\/portal\/noticias\/wp-content\/uploads\/sites\/13\/2026\/04\/Jorge-David-Avila-02.jpg 1200w\" sizes=\"(max-width: 300px) 100vw, 300px\" \/><\/a><p id=\"caption-attachment-88282\" class=\"wp-caption-text\">Jorge David \u00c1vila<\/p><\/div>\n<p><span style=\"font-weight: 400\">Jorge David \u00c1vila \u00c1lvarez realiz\u00f3 sus estudios de <\/span><a href=\"https:\/\/www.ull.es\/grados\/matematicas\/\" target=\"_blank\" rel=\"noopener\"><span style=\"font-weight: 400\">grado en Matem\u00e1ticas<\/span><\/a><span style=\"font-weight: 400\"> y un M\u00e1ster en Ingenier\u00eda Matem\u00e1tica a trav\u00e9s del cual comenz\u00f3 a especializarse en el \u00e1mbito del an\u00e1lisis de datos y la Inteligencia Artificial. Su inter\u00e9s por aplicar este perfil anal\u00edtico a problemas reales, en este caso en el sector energ\u00e9tico, le ha llevado a iniciar una investigaci\u00f3n doctoral en el \u00e1mbito de las energ\u00edas renovables, analizando c\u00f3mo la inteligencia artificial puede contribuir a mejorar la estabilidad de la red el\u00e9ctrica mediante la predicci\u00f3n de energ\u00eda solar a corto plazo.\u00a0<\/span><\/p>\n<p><span style=\"font-weight: 400\">El doctorando considera que la investigaci\u00f3n resulta mucho m\u00e1s fruct\u00edfera y satisfactoria si los resultados salen de la teor\u00eda y es posible aplicarlos a la realidad. Esto implica un constante cuestionamiento de la viabilidad de la investigaci\u00f3n, \u201cde forma que los resultados son mucho m\u00e1s \u00fatiles y realistas\u201d, opina.\u00a0<\/span><\/p>\n<p><span style=\"font-weight: 400\">A trav\u00e9s de este doctorado industrial, \u00c1vila \u00c1lvarez se ha incorporado a <\/span><a href=\"https:\/\/energyris.com\/\" target=\"_blank\" rel=\"noopener\"><span style=\"font-weight: 400\">Energy RIS<\/span><\/a><span style=\"font-weight: 400\"> (Energy Research &amp; Intelligence Solutions SLU), empresa spin-off surgida en este centro acad\u00e9mico especializada en la resoluci\u00f3n de desaf\u00edos energ\u00e9ticos complejos, lo que afirma le permitir\u00e1 aunar el rigor acad\u00e9mico de su actividad investigadora con la pr\u00e1ctica empresarial. Para el doctorando, la experiencia est\u00e1 resultando muy positiva y valora la comprensi\u00f3n y flexibilidad de que la investigaci\u00f3n no siempre da los resultados esperados a la primera, contribuyendo adem\u00e1s a fomentar nuevas inquietudes en el curso de la investigaci\u00f3n.\u00a0<\/span><\/p>\n<p><span style=\"font-weight: 400\">David Dorta Hern\u00e1ndez tambi\u00e9n desarrolla su doctorado industrial en la empresa <\/span><a href=\"https:\/\/energyris.com\/\" target=\"_blank\" rel=\"noopener\"><span style=\"font-weight: 400\">Energy RIS<\/span><\/a><span style=\"font-weight: 400\">. Tras obtener el Grado en <\/span><a href=\"https:\/\/www.ull.es\/grados\/ingenieria-electronica-industrial-automatica\/\" target=\"_blank\" rel=\"noopener\"><span style=\"font-weight: 400\">Ingenier\u00eda Electr\u00f3nica Industrial y Autom\u00e1tica<\/span><\/a><span style=\"font-weight: 400\"> y el <\/span><a href=\"https:\/\/www.ull.es\/masteres\/ingenieria-industrial\/\" target=\"_blank\" rel=\"noopener\"><span style=\"font-weight: 400\">M\u00e1ster Universitario en Ingenier\u00eda Industrial<\/span><\/a><span style=\"font-weight: 400\"> por la Universidad de La Laguna, ha orientado su investigaci\u00f3n doctoral hacia la optimizaci\u00f3n de comunidades energ\u00e9ticas mediante sistemas de agregaci\u00f3n de unidades de producci\u00f3n y demanda flexible, empleando algoritmos avanzados e inteligencia artificial.\u00a0<\/span><\/p>\n<div id=\"attachment_88281\" style=\"width: 310px\" class=\"wp-caption alignright\"><a href=\"https:\/\/www.ull.es\/portal\/noticias\/wp-content\/uploads\/sites\/13\/2026\/04\/David-Dorta-01.jpg\" target=\"_blank\" rel=\"noopener\"><img aria-describedby=\"caption-attachment-88281\" decoding=\"async\" loading=\"lazy\" class=\"size-medium wp-image-88281\" src=\"https:\/\/www.ull.es\/portal\/noticias\/wp-content\/uploads\/sites\/13\/2026\/04\/David-Dorta-01-300x200.jpg\" alt=\"\" width=\"300\" height=\"200\" srcset=\"https:\/\/www.ull.es\/portal\/noticias\/wp-content\/uploads\/sites\/13\/2026\/04\/David-Dorta-01-300x200.jpg 300w, https:\/\/www.ull.es\/portal\/noticias\/wp-content\/uploads\/sites\/13\/2026\/04\/David-Dorta-01-1024x683.jpg 1024w, https:\/\/www.ull.es\/portal\/noticias\/wp-content\/uploads\/sites\/13\/2026\/04\/David-Dorta-01-768x512.jpg 768w, https:\/\/www.ull.es\/portal\/noticias\/wp-content\/uploads\/sites\/13\/2026\/04\/David-Dorta-01-375x250.jpg 375w, https:\/\/www.ull.es\/portal\/noticias\/wp-content\/uploads\/sites\/13\/2026\/04\/David-Dorta-01-750x500.jpg 750w, https:\/\/www.ull.es\/portal\/noticias\/wp-content\/uploads\/sites\/13\/2026\/04\/David-Dorta-01-1140x760.jpg 1140w, https:\/\/www.ull.es\/portal\/noticias\/wp-content\/uploads\/sites\/13\/2026\/04\/David-Dorta-01.jpg 1200w\" sizes=\"(max-width: 300px) 100vw, 300px\" \/><\/a><p id=\"caption-attachment-88281\" class=\"wp-caption-text\">David Dorta<\/p><\/div>\n<p><span style=\"font-weight: 400\">Afirma que la experiencia est\u00e1 siendo muy satisfactoria y que su adaptaci\u00f3n a la din\u00e1mica de trabajo de la empresa ha resultado sencilla, ya que ha podido familiarizarse de forma progresiva con las herramientas y los procedimientos necesarios para llevar a cabo su investigaci\u00f3n.<\/span><\/p>\n<p><span style=\"font-weight: 400\">Explica que su motivaci\u00f3n para realizar un doctorado industrial en el entorno empresarial responde al inter\u00e9s por ampliar su formaci\u00f3n y sus conocimientos t\u00e9cnicos, adentr\u00e1ndose en el \u00e1mbito de la investigaci\u00f3n al mismo tiempo que contribuye al desarrollo de soluciones pr\u00e1cticas para problemas reales dentro de un sector estrat\u00e9gico para Tenerife, como es el de la sostenibilidad energ\u00e9tica.\u00a0<\/span><\/p>\n<p><span style=\"font-weight: 400\">Asimismo, destaca que trabajar en una empresa del sector aporta un valor a\u00f1adido significativo al trabajo doctoral, al permitir contrastar de forma continua los planteamientos te\u00f3ricos con situaciones reales. \u201cEsto ayuda a que las ideas y metodolog\u00edas que se desarrollan durante la investigaci\u00f3n puedan evaluarse desde el punto de vista de su aplicabilidad pr\u00e1ctica y contribuye a orientar el trabajo hacia resultados m\u00e1s \u00fatiles y cercanos a la realidad del sector\u201d, concluye.<\/span><\/p>\n<p><b>Ciberseguridad para las infraestructuras<\/b><\/p>\n<p><span style=\"font-weight: 400\">La tesis doctoral de la investigadora Belinda Hazel C\u00e1ceres Barrera, graduada en <\/span><a href=\"https:\/\/www.ull.es\/grados\/matematicas\/\" target=\"_blank\" rel=\"noopener\"><span style=\"font-weight: 400\">Matem\u00e1ticas<\/span><\/a><span style=\"font-weight: 400\"> y <\/span><a href=\"https:\/\/www.ull.es\/masteres\/ciberseguridad-inteligencia-datos\/\" target=\"_blank\" rel=\"noopener\"><span style=\"font-weight: 400\">M\u00e1ster en Ciberseguridad e Inteligencia de Datos<\/span><\/a><span style=\"font-weight: 400\"> por la ULL, tiene como objetivo desarrollar soluciones avanzadas de ciberseguridad que refuercen la protecci\u00f3n de infraestructuras digitales. Su investigaci\u00f3n se centra en mejorar la precisi\u00f3n, eficiencia y adaptabilidad de los Sistemas de Detecci\u00f3n de Intrusiones (IDS) ante entornos cada vez m\u00e1s din\u00e1micos y complejos. Para ello, aplica t\u00e9cnicas consolidadas de inteligencia artificial, como machine learning y deep learning, a la monitorizaci\u00f3n de tr\u00e1fico en entornos reales. El prop\u00f3sito es generar prototipos validados capaces de integrarse en infraestructuras cr\u00edticas y servicios de seguridad gestionada, reforzando la detecci\u00f3n temprana de amenazas y la resiliencia digital.<\/span><\/p>\n<div id=\"attachment_88283\" style=\"width: 310px\" class=\"wp-caption alignleft\"><a href=\"https:\/\/www.ull.es\/portal\/noticias\/wp-content\/uploads\/sites\/13\/2026\/04\/Belinda-Caceres-01.jpg\" target=\"_blank\" rel=\"noopener\"><img aria-describedby=\"caption-attachment-88283\" decoding=\"async\" loading=\"lazy\" class=\"size-medium wp-image-88283\" src=\"https:\/\/www.ull.es\/portal\/noticias\/wp-content\/uploads\/sites\/13\/2026\/04\/Belinda-Caceres-01-300x200.jpg\" alt=\"\" width=\"300\" height=\"200\" srcset=\"https:\/\/www.ull.es\/portal\/noticias\/wp-content\/uploads\/sites\/13\/2026\/04\/Belinda-Caceres-01-300x200.jpg 300w, https:\/\/www.ull.es\/portal\/noticias\/wp-content\/uploads\/sites\/13\/2026\/04\/Belinda-Caceres-01-1024x683.jpg 1024w, https:\/\/www.ull.es\/portal\/noticias\/wp-content\/uploads\/sites\/13\/2026\/04\/Belinda-Caceres-01-768x512.jpg 768w, https:\/\/www.ull.es\/portal\/noticias\/wp-content\/uploads\/sites\/13\/2026\/04\/Belinda-Caceres-01-375x250.jpg 375w, https:\/\/www.ull.es\/portal\/noticias\/wp-content\/uploads\/sites\/13\/2026\/04\/Belinda-Caceres-01-750x500.jpg 750w, https:\/\/www.ull.es\/portal\/noticias\/wp-content\/uploads\/sites\/13\/2026\/04\/Belinda-Caceres-01-1140x760.jpg 1140w, https:\/\/www.ull.es\/portal\/noticias\/wp-content\/uploads\/sites\/13\/2026\/04\/Belinda-Caceres-01.jpg 1200w\" sizes=\"(max-width: 300px) 100vw, 300px\" \/><\/a><p id=\"caption-attachment-88283\" class=\"wp-caption-text\">Belinda C\u00e1ceres<\/p><\/div>\n<p><span style=\"font-weight: 400\">Todo el proceso de investigaci\u00f3n de C\u00e1ceres Barrera est\u00e1 siendo desarrollado actualmente en la empresa <\/span><a href=\"https:\/\/www.atlantistecnologia.com\/?gad_source=1&amp;gad_campaignid=23550398868&amp;gbraid=0AAAABCnHoxVaUKFk_QmHYXG8DDI8_to4q&amp;gclid=Cj0KCQjwj47OBhCmARIsAF5wUEE4ly0JocaYr5O7O7rgsKzqkPvzShhoPKnFswsV8Ih3R-wxGo-8-PkaAiNoEALw_wcB\" target=\"_blank\" rel=\"noopener\"><span style=\"font-weight: 400\">Atlantis Tecnolog\u00edas y Sistemas<\/span><\/a><span style=\"font-weight: 400\">, incluyendo la validaci\u00f3n de modelos y la integraci\u00f3n de prototipos en entornos reales como el SOC de Alerta Temprana y el DataCenter, con el objetivo de contribuir directamente a la mejora de los servicios de ciberseguridad gestionada de la compa\u00f1\u00eda.\u00a0<\/span><\/p>\n<p><span style=\"font-weight: 400\">La investigadora destaca especialmente la diversidad de perfiles que conviven en el departamento en el que trabaja (Innovaci\u00f3n, Datos &amp; IA), con profesionales tanto de negocio como de distintas disciplinas t\u00e9cnicas y cient\u00edficas. \u201cCompartir espacio de trabajo con personas con tanta experiencia y conocimiento del sector hace que inevitablemente surjan nuevas ideas y soluciones que aplicar en mi campo\u201d, se\u00f1ala.<\/span><\/p>\n<p><span style=\"font-weight: 400\">Subraya que durante su formaci\u00f3n en matem\u00e1ticas puras no contempl\u00f3 inicialmente la posibilidad de realizar un doctorado industrial. La oportunidad de desarrollar una investigaci\u00f3n aplicada a la operativa diaria de una empresa ha transformado su perspectiva, especialmente al poder trabajar en un tema con aplicaci\u00f3n directa en el \u00e1mbito de la I+D+i sin perder de vista las matem\u00e1ticas fundamentales que han marcado su trayectoria acad\u00e9mica.<\/span><\/p>\n<p><b>Econom\u00eda circular y gesti\u00f3n inteligente<\/b><\/p>\n<p><span style=\"font-weight: 400\">Javier Garc\u00eda Garc\u00eda, graduado en <\/span><a href=\"https:\/\/www.ull.es\/grados\/ingenieria-quimica-industrial\/\" target=\"_blank\" rel=\"noopener\"><span style=\"font-weight: 400\">Ingenier\u00eda Qu\u00edmica Industrial<\/span><\/a><span style=\"font-weight: 400\"> por la ULL y m\u00e1ster en Ingenier\u00eda Ambiental por la Universidad Polit\u00e9cnica de Madrid, desarrolla una investigaci\u00f3n centrada en la producci\u00f3n de biog\u00e1s a partir de residuos. Realiza su doctorado industrial en la empresa BIOG\u00c1S Canarias, vinculada al <\/span><a href=\"https:\/\/www.ull.es\/servicios\/tekne\/\" target=\"_blank\" rel=\"noopener\"><span style=\"font-weight: 400\">proyecto TEKNE<\/span><\/a><span style=\"font-weight: 400\"> y dedicada al tratamiento de residuos para su conversi\u00f3n en biog\u00e1s y fertilizantes, impulsando as\u00ed la econom\u00eda circular y las energ\u00edas renovables.\u00a0<\/span><\/p>\n<div id=\"attachment_88284\" style=\"width: 208px\" class=\"wp-caption alignright\"><a href=\"https:\/\/www.ull.es\/portal\/noticias\/wp-content\/uploads\/sites\/13\/2026\/04\/Javier-Garcia-02.jpg\" target=\"_blank\" rel=\"noopener\"><img aria-describedby=\"caption-attachment-88284\" decoding=\"async\" loading=\"lazy\" class=\"size-medium wp-image-88284\" src=\"https:\/\/www.ull.es\/portal\/noticias\/wp-content\/uploads\/sites\/13\/2026\/04\/Javier-Garcia-02-198x300.jpg\" alt=\"\" width=\"198\" height=\"300\" srcset=\"https:\/\/www.ull.es\/portal\/noticias\/wp-content\/uploads\/sites\/13\/2026\/04\/Javier-Garcia-02-198x300.jpg 198w, https:\/\/www.ull.es\/portal\/noticias\/wp-content\/uploads\/sites\/13\/2026\/04\/Javier-Garcia-02-676x1024.jpg 676w, https:\/\/www.ull.es\/portal\/noticias\/wp-content\/uploads\/sites\/13\/2026\/04\/Javier-Garcia-02-768x1164.jpg 768w, https:\/\/www.ull.es\/portal\/noticias\/wp-content\/uploads\/sites\/13\/2026\/04\/Javier-Garcia-02-375x568.jpg 375w, https:\/\/www.ull.es\/portal\/noticias\/wp-content\/uploads\/sites\/13\/2026\/04\/Javier-Garcia-02-750x1136.jpg 750w, https:\/\/www.ull.es\/portal\/noticias\/wp-content\/uploads\/sites\/13\/2026\/04\/Javier-Garcia-02.jpg 792w\" sizes=\"(max-width: 198px) 100vw, 198px\" \/><\/a><p id=\"caption-attachment-88284\" class=\"wp-caption-text\">Javier Garc\u00eda<\/p><\/div>\n<p><span style=\"font-weight: 400\">El investigador destaca especialmente que se trata de una spin-off de la Universidad de La Laguna, lo que facilita una estrecha conexi\u00f3n entre el \u00e1mbito acad\u00e9mico y el empresarial, ya que comparte tutores en ambos entornos y puede contribuir directamente a los objetivos de la compa\u00f1\u00eda.<\/span><\/p>\n<p><span style=\"font-weight: 400\">Su investigaci\u00f3n se orienta al desarrollo de microplantas de biog\u00e1s totalmente automatizadas y monitorizadas en remoto, capaces de adaptarse a distintos contextos y ubicarse all\u00ed donde se generan los residuos. Con ello se busca reducir los impactos ambientales y sociales asociados al transporte y la gesti\u00f3n centralizada de residuos.\u00a0<\/span><\/p>\n<p><span style=\"font-weight: 400\">Para Garc\u00eda, resulta clave poder trasladar los ensayos desarrollados durante su investigaci\u00f3n a aplicaciones reales. \u201cEs una oportunidad de hacer algo que a\u00fan no se ha hecho, al menos a nivel europeo, y avanzar en el estado del arte del Internet of Things aplicado a sistemas de biog\u00e1s\u201d, se\u00f1ala. La iniciativa pretende, adem\u00e1s, que los propios generadores de residuos, ya sean agricultores, ganaderos, industrias o el sector hotelero, puedan aprovecharlos para producir su propia energ\u00eda renovable, contribuyendo especialmente a mejorar la autonom\u00eda energ\u00e9tica del sector primario en las islas<\/span><i><span style=\"font-weight: 400\">.<\/span><\/i><\/p>\n<p><span style=\"font-weight: 400\">Por \u00faltimo, el doctorando Santiago Villar V\u00e1zquez, graduado en <\/span><a href=\"https:\/\/www.ull.es\/grados\/ingenieria-informatica\/\" target=\"_blank\" rel=\"noopener\"><span style=\"font-weight: 400\">Ingenier\u00eda Inform\u00e1tica<\/span><\/a><span style=\"font-weight: 400\"> y con un <\/span><a href=\"https:\/\/www.ull.es\/masteres\/ingenieria-informatica\/\" target=\"_blank\" rel=\"noopener\"><span style=\"font-weight: 400\">m\u00e1ster<\/span><\/a><span style=\"font-weight: 400\"> en la misma \u00e1rea por la Universidad de La Laguna, desarrolla su investigaci\u00f3n en la empresa <\/span><a href=\"https:\/\/litenergy.es\/\" target=\"_blank\" rel=\"noopener\"><span style=\"font-weight: 400\">Litenergy Canarias SLU<\/span><\/a><span style=\"font-weight: 400\">, especializada en la instalaci\u00f3n de paneles solares y puntos de recarga en el archipi\u00e9lago. Su trabajo se centra en la integraci\u00f3n de sistemas ERP, software que centraliza, automatiza y gestiona los procesos operativos de una empresa, con tecnolog\u00edas avanzadas como la inteligencia artificial, los gemelos digitales y los sistemas multiagente, con el objetivo de optimizar la gesti\u00f3n de procesos empresariales.<\/span><\/p>\n<p><span style=\"font-weight: 400\">La investigaci\u00f3n busca mejorar la gesti\u00f3n de instalaciones solares y puntos de recarga, optimizando su control, planificaci\u00f3n y eficiencia. En el marco de su trabajo en la empresa, Villar V\u00e1zquez pretende trasladar estos avances a casos reales, reforzar la planificaci\u00f3n y el seguimiento de proyectos, y aportar soluciones innovadoras que incrementen la eficiencia y la competitividad en el sector de las energ\u00edas renovables.\u00a0<\/span><\/p>\n<p><span style=\"font-weight: 400\">El investigador apunta que su experiencia en la empresa le ha permitido comprender el funcionamiento de los distintos departamentos y compartir ideas para la b\u00fasqueda de soluciones en diversas \u00e1reas, lo que impulsa el desarrollo de su investigaci\u00f3n y la definici\u00f3n de objetivos m\u00e1s precisos junto a sus tutores.<\/span><\/p>\n<p><span style=\"font-weight: 400\">A trav\u00e9s de esta convocatoria, el Cabildo de Tenerife fomenta la incorporaci\u00f3n de j\u00f3venes investigadores a empresas de sectores estrat\u00e9gicos para el progreso cient\u00edfico y tecnol\u00f3gico de la isla. Entre estos \u00e1mbitos prioritarios se incluyen la astrof\u00edsica, el espacio y la aeron\u00e1utica; el audiovisual y las industrias creativas; la conectividad; la digitalizaci\u00f3n y la inteligencia artificial; la econom\u00eda azul; la energ\u00eda; la salud y la biotecnolog\u00eda, as\u00ed como la sostenibilidad.<\/span><\/p>\n<p><span style=\"font-weight: 400\">El prop\u00f3sito es reforzar la transferencia de conocimiento entre la universidad y el tejido productivo, favoreciendo que la investigaci\u00f3n desarrollada en el seno de la Universidad de La Laguna tenga una aplicaci\u00f3n directa e inmediata en forma de herramientas, procesos o productos innovadores que den respuesta a las necesidades del entorno empresarial de Tenerife. Una nueva convocatoria de esta iniciativa se encuentra ya abierta en este <\/span><a href=\"https:\/\/sede.tenerife.es\/es\/tramites\/3235581-Subvencion-para-la-contratacion-y-formacion-de-doctores-y-doctoras-en-empresas,-2026\" target=\"_blank\" rel=\"noopener\"><span style=\"font-weight: 400\">enlace<\/span><\/a><span style=\"font-weight: 400\">.<\/span><\/p>\n<p style=\"text-align: right\"><b>Unidad de Cultura Cient\u00edfica y de la Innovaci\u00f3n (Cienci@ULL)<\/b><\/p>\n","protected":false},"excerpt":{"rendered":"<p>Estudiantes de doctorado de la Universidad de La Laguna desarrollan actualmente sus investigaciones en colaboraci\u00f3n con empresas punteras del sector&#8230;<\/p>\n","protected":false},"author":117,"featured_media":88279,"comment_status":"closed","ping_status":"closed","sticky":false,"template":"","format":"standard","meta":{"inline_featured_image":false,"footnotes":""},"categories":[3785,4048,3701,350,2750],"tags":[],"acf":[],"yoast_head":"<!-- This site is optimized with the Yoast SEO plugin v21.3 - https:\/\/yoast.com\/wordpress\/plugins\/seo\/ -->\n<title>Talento joven que transforma la industria - ULL - Noticias<\/title>\n<meta name=\"robots\" content=\"index, follow, max-snippet:-1, max-image-preview:large, max-video-preview:-1\" \/>\n<link rel=\"canonical\" href=\"https:\/\/www.ull.es\/portal\/noticias\/2026\/talento-joven-que-transforma-la-industria\/\" \/>\n<meta property=\"og:locale\" content=\"es_ES\" \/>\n<meta property=\"og:type\" content=\"article\" \/>\n<meta property=\"og:title\" content=\"Talento joven que transforma la industria - ULL - Noticias\" \/>\n<meta property=\"og:description\" content=\"Estudiantes de doctorado de la Universidad de La Laguna desarrollan actualmente sus investigaciones en colaboraci\u00f3n con empresas punteras del sector...\" \/>\n<meta property=\"og:url\" content=\"https:\/\/www.ull.es\/portal\/noticias\/2026\/talento-joven-que-transforma-la-industria\/\" \/>\n<meta property=\"og:site_name\" content=\"ULL - Noticias\" \/>\n<meta property=\"article:publisher\" content=\"https:\/\/www.facebook.com\/universidaddelalaguna\/\" \/>\n<meta property=\"article:published_time\" content=\"2026-04-27T10:09:27+00:00\" \/>\n<meta property=\"article:modified_time\" content=\"2026-04-27T13:13:42+00:00\" \/>\n<meta property=\"og:image\" content=\"https:\/\/www.ull.es\/portal\/noticias\/wp-content\/uploads\/sites\/13\/2026\/04\/Doctorados-industriales-04.jpg\" \/>\n\t<meta property=\"og:image:width\" content=\"1200\" \/>\n\t<meta property=\"og:image:height\" content=\"800\" \/>\n\t<meta property=\"og:image:type\" content=\"image\/jpeg\" \/>\n<meta name=\"author\" content=\"fgmgarciap\" \/>\n<meta name=\"twitter:card\" content=\"summary_large_image\" \/>\n<meta name=\"twitter:creator\" content=\"@CanalULL\" \/>\n<meta name=\"twitter:site\" content=\"@CanalULL\" \/>\n<meta name=\"twitter:label1\" content=\"Escrito por\" \/>\n\t<meta name=\"twitter:data1\" content=\"fgmgarciap\" \/>\n\t<meta name=\"twitter:label2\" content=\"Tiempo de lectura\" \/>\n\t<meta name=\"twitter:data2\" content=\"9 minutos\" \/>\n<script type=\"application\/ld+json\" class=\"yoast-schema-graph\">{\"@context\":\"https:\/\/schema.org\",\"@graph\":[{\"@type\":\"WebPage\",\"@id\":\"https:\/\/www.ull.es\/portal\/noticias\/2026\/talento-joven-que-transforma-la-industria\/\",\"url\":\"https:\/\/www.ull.es\/portal\/noticias\/2026\/talento-joven-que-transforma-la-industria\/\",\"name\":\"Talento joven que transforma la industria - ULL - Noticias\",\"isPartOf\":{\"@id\":\"https:\/\/www.ull.es\/portal\/noticias\/#website\"},\"datePublished\":\"2026-04-27T10:09:27+00:00\",\"dateModified\":\"2026-04-27T13:13:42+00:00\",\"author\":{\"@id\":\"https:\/\/www.ull.es\/portal\/noticias\/#\/schema\/person\/846d89d17f66084807e31cc493c050df\"},\"breadcrumb\":{\"@id\":\"https:\/\/www.ull.es\/portal\/noticias\/2026\/talento-joven-que-transforma-la-industria\/#breadcrumb\"},\"inLanguage\":\"es\",\"potentialAction\":[{\"@type\":\"ReadAction\",\"target\":[\"https:\/\/www.ull.es\/portal\/noticias\/2026\/talento-joven-que-transforma-la-industria\/\"]}]},{\"@type\":\"BreadcrumbList\",\"@id\":\"https:\/\/www.ull.es\/portal\/noticias\/2026\/talento-joven-que-transforma-la-industria\/#breadcrumb\",\"itemListElement\":[{\"@type\":\"ListItem\",\"position\":1,\"name\":\"Portada\",\"item\":\"https:\/\/www.ull.es\/portal\/noticias\/\"},{\"@type\":\"ListItem\",\"position\":2,\"name\":\"Talento joven que transforma la industria\"}]},{\"@type\":\"WebSite\",\"@id\":\"https:\/\/www.ull.es\/portal\/noticias\/#website\",\"url\":\"https:\/\/www.ull.es\/portal\/noticias\/\",\"name\":\"ULL - Noticias\",\"description\":\"\",\"potentialAction\":[{\"@type\":\"SearchAction\",\"target\":{\"@type\":\"EntryPoint\",\"urlTemplate\":\"https:\/\/www.ull.es\/portal\/noticias\/?s={search_term_string}\"},\"query-input\":\"required name=search_term_string\"}],\"inLanguage\":\"es\"},{\"@type\":\"Person\",\"@id\":\"https:\/\/www.ull.es\/portal\/noticias\/#\/schema\/person\/846d89d17f66084807e31cc493c050df\",\"name\":\"fgmgarciap\",\"image\":{\"@type\":\"ImageObject\",\"inLanguage\":\"es\",\"@id\":\"https:\/\/www.ull.es\/portal\/noticias\/#\/schema\/person\/image\/\",\"url\":\"https:\/\/secure.gravatar.com\/avatar\/9bca052f95fc53ecf42d4bc70ce0618b?s=96&d=mm&r=g\",\"contentUrl\":\"https:\/\/secure.gravatar.com\/avatar\/9bca052f95fc53ecf42d4bc70ce0618b?s=96&d=mm&r=g\",\"caption\":\"fgmgarciap\"},\"url\":\"https:\/\/www.ull.es\/portal\/noticias\/author\/fgmgarciap\/\"}]}<\/script>\n<!-- \/ Yoast SEO plugin. -->","yoast_head_json":{"title":"Talento joven que transforma la industria - ULL - Noticias","robots":{"index":"index","follow":"follow","max-snippet":"max-snippet:-1","max-image-preview":"max-image-preview:large","max-video-preview":"max-video-preview:-1"},"canonical":"https:\/\/www.ull.es\/portal\/noticias\/2026\/talento-joven-que-transforma-la-industria\/","og_locale":"es_ES","og_type":"article","og_title":"Talento joven que transforma la industria - ULL - Noticias","og_description":"Estudiantes de doctorado de la Universidad de La Laguna desarrollan actualmente sus investigaciones en colaboraci\u00f3n con empresas punteras del sector...","og_url":"https:\/\/www.ull.es\/portal\/noticias\/2026\/talento-joven-que-transforma-la-industria\/","og_site_name":"ULL - Noticias","article_publisher":"https:\/\/www.facebook.com\/universidaddelalaguna\/","article_published_time":"2026-04-27T10:09:27+00:00","article_modified_time":"2026-04-27T13:13:42+00:00","og_image":[{"width":1200,"height":800,"url":"https:\/\/www.ull.es\/portal\/noticias\/wp-content\/uploads\/sites\/13\/2026\/04\/Doctorados-industriales-04.jpg","type":"image\/jpeg"}],"author":"fgmgarciap","twitter_card":"summary_large_image","twitter_creator":"@CanalULL","twitter_site":"@CanalULL","twitter_misc":{"Escrito por":"fgmgarciap","Tiempo de lectura":"9 minutos"},"schema":{"@context":"https:\/\/schema.org","@graph":[{"@type":"WebPage","@id":"https:\/\/www.ull.es\/portal\/noticias\/2026\/talento-joven-que-transforma-la-industria\/","url":"https:\/\/www.ull.es\/portal\/noticias\/2026\/talento-joven-que-transforma-la-industria\/","name":"Talento joven que transforma la industria - ULL - Noticias","isPartOf":{"@id":"https:\/\/www.ull.es\/portal\/noticias\/#website"},"datePublished":"2026-04-27T10:09:27+00:00","dateModified":"2026-04-27T13:13:42+00:00","author":{"@id":"https:\/\/www.ull.es\/portal\/noticias\/#\/schema\/person\/846d89d17f66084807e31cc493c050df"},"breadcrumb":{"@id":"https:\/\/www.ull.es\/portal\/noticias\/2026\/talento-joven-que-transforma-la-industria\/#breadcrumb"},"inLanguage":"es","potentialAction":[{"@type":"ReadAction","target":["https:\/\/www.ull.es\/portal\/noticias\/2026\/talento-joven-que-transforma-la-industria\/"]}]},{"@type":"BreadcrumbList","@id":"https:\/\/www.ull.es\/portal\/noticias\/2026\/talento-joven-que-transforma-la-industria\/#breadcrumb","itemListElement":[{"@type":"ListItem","position":1,"name":"Portada","item":"https:\/\/www.ull.es\/portal\/noticias\/"},{"@type":"ListItem","position":2,"name":"Talento joven que transforma la industria"}]},{"@type":"WebSite","@id":"https:\/\/www.ull.es\/portal\/noticias\/#website","url":"https:\/\/www.ull.es\/portal\/noticias\/","name":"ULL - Noticias","description":"","potentialAction":[{"@type":"SearchAction","target":{"@type":"EntryPoint","urlTemplate":"https:\/\/www.ull.es\/portal\/noticias\/?s={search_term_string}"},"query-input":"required name=search_term_string"}],"inLanguage":"es"},{"@type":"Person","@id":"https:\/\/www.ull.es\/portal\/noticias\/#\/schema\/person\/846d89d17f66084807e31cc493c050df","name":"fgmgarciap","image":{"@type":"ImageObject","inLanguage":"es","@id":"https:\/\/www.ull.es\/portal\/noticias\/#\/schema\/person\/image\/","url":"https:\/\/secure.gravatar.com\/avatar\/9bca052f95fc53ecf42d4bc70ce0618b?s=96&d=mm&r=g","contentUrl":"https:\/\/secure.gravatar.com\/avatar\/9bca052f95fc53ecf42d4bc70ce0618b?s=96&d=mm&r=g","caption":"fgmgarciap"},"url":"https:\/\/www.ull.es\/portal\/noticias\/author\/fgmgarciap\/"}]}},"primary_category":{"id":2750,"name":"Protagonistas","slug":"protagonistas","link":"https:\/\/www.ull.es\/portal\/noticias\/category\/protagonistas\/"},"featured_image_thumbnail_url":"https:\/\/www.ull.es\/portal\/noticias\/wp-content\/uploads\/sites\/13\/2026\/04\/Doctorados-industriales-04-300x200.jpg","_links":{"self":[{"href":"https:\/\/www.ull.es\/portal\/noticias\/wp-json\/wp\/v2\/posts\/88278"}],"collection":[{"href":"https:\/\/www.ull.es\/portal\/noticias\/wp-json\/wp\/v2\/posts"}],"about":[{"href":"https:\/\/www.ull.es\/portal\/noticias\/wp-json\/wp\/v2\/types\/post"}],"author":[{"embeddable":true,"href":"https:\/\/www.ull.es\/portal\/noticias\/wp-json\/wp\/v2\/users\/117"}],"replies":[{"embeddable":true,"href":"https:\/\/www.ull.es\/portal\/noticias\/wp-json\/wp\/v2\/comments?post=88278"}],"version-history":[{"count":6,"href":"https:\/\/www.ull.es\/portal\/noticias\/wp-json\/wp\/v2\/posts\/88278\/revisions"}],"predecessor-version":[{"id":88310,"href":"https:\/\/www.ull.es\/portal\/noticias\/wp-json\/wp\/v2\/posts\/88278\/revisions\/88310"}],"wp:featuredmedia":[{"embeddable":true,"href":"https:\/\/www.ull.es\/portal\/noticias\/wp-json\/wp\/v2\/media\/88279"}],"wp:attachment":[{"href":"https:\/\/www.ull.es\/portal\/noticias\/wp-json\/wp\/v2\/media?parent=88278"}],"wp:term":[{"taxonomy":"category","embeddable":true,"href":"https:\/\/www.ull.es\/portal\/noticias\/wp-json\/wp\/v2\/categories?post=88278"},{"taxonomy":"post_tag","embeddable":true,"href":"https:\/\/www.ull.es\/portal\/noticias\/wp-json\/wp\/v2\/tags?post=88278"}],"curies":[{"name":"wp","href":"https:\/\/api.w.org\/{rel}","templated":true}]}}