{"id":88287,"date":"2026-04-27T10:38:12","date_gmt":"2026-04-27T10:38:12","guid":{"rendered":"https:\/\/www.ull.es\/portal\/noticias\/?p=88287"},"modified":"2026-04-27T10:38:12","modified_gmt":"2026-04-27T10:38:12","slug":"un-experto-de-la-ull-aporta-su-conocimiento-en-la-comision-de-migraciones-del-congreso-de-los-diputados","status":"publish","type":"post","link":"https:\/\/www.ull.es\/portal\/noticias\/2026\/un-experto-de-la-ull-aporta-su-conocimiento-en-la-comision-de-migraciones-del-congreso-de-los-diputados\/","title":{"rendered":"Un experto de la ULL aporta su conocimiento en la comisi\u00f3n de migraciones del Congreso de los Diputados"},"content":{"rendered":"<p>La Universidad de La Laguna ha sido centro de inter\u00e9s de la reciente Comisi\u00f3n de Trabajo de Econom\u00eda Social, Inclusi\u00f3n, Seguridad Social y Migraciones del Congreso de los Diputados, a trav\u00e9s de la comparecencia del profesor titular <a href=\"https:\/\/portalciencia.ull.es\/investigadores\/81889\/detalle\" target=\"_blank\" rel=\"noopener\">Vicente Zapata Hern\u00e1ndez<\/a>, en la medida en que la instituci\u00f3n acad\u00e9mica viene desarrollando desde 2001 una serie de acciones que promueven el conocimiento cient\u00edfico de las migraciones y la intervenci\u00f3n para la promoci\u00f3n de la cohesi\u00f3n y la convivencia social en el archipi\u00e9lago.<\/p>\n<p>Y m\u00e1s recientemente, se ha implicado en el impulso de un amplio proceso participado de planificaci\u00f3n estrat\u00e9gica que ha concluido con la definici\u00f3n del Plan Canario de Inmigraci\u00f3n y Convivencia Intercultural 2026-2029. Todo ello, en colaboraci\u00f3n con instituciones canarias como el Cabildo de Tenerife o el Gobierno de Canarias.<\/p>\n<p>A instancia del Grupo Mixto, la comparecencia se produce en pleno proceso de regularizaci\u00f3n extraordinaria de personas migrantes en Espa\u00f1a y a punto entrar en vigor el Pacto Europeo de Migraci\u00f3n y Asilo. Dos cuestiones que fueron abordadas en la sesi\u00f3n, pronunci\u00e1ndose Zapata en relaci\u00f3n con el primero, en el sentido de que se debe cuidar con esmero, \u201cde modo que se convierta en un \u00e9xito colectivo de nuestra sociedad\u201d, dijo. Y se\u00f1alando en relaci\u00f3n con el segundo, a dos meses de su activaci\u00f3n, que se deben encontrar f\u00f3rmulas consensuadas \u201cpara que su aplicaci\u00f3n no produzca m\u00e1s dificultades de las ya existentes en lo que respecta a la gesti\u00f3n de determinados flujos migratorios y al asilo\u201d.<\/p>\n<p>Durante la comparecencia, se se\u00f1al\u00f3 que Espa\u00f1a ha pasado de 40 a casi 50 millones de habitantes en lo que va de siglo, creciendo Canarias en m\u00e1s de medio mill\u00f3n de residentes, y que buena parte de las nuevas vecindades proceden de un amplio conjunto de pa\u00edses, en particular latinoamericanos y europeos, lo que arroja una mayor diversificaci\u00f3n cultural y heterogeneidad social.<\/p>\n<p>El \u00e9xito de este proceso, estructural y necesario para un pa\u00eds que languidece desde la perspectiva sociodemogr\u00e1fica y necesita mantener su pulso econ\u00f3mico, seg\u00fan Zapata, \u201crequiere mucha atenci\u00f3n y hasta delicadeza, por lo que, poco le ayuda el ruido y la propagaci\u00f3n del temor, cuando no del odio\u201d. De hecho, una parte significativa de su intervenci\u00f3n la centr\u00f3 en los riesgos del ascenso de las actitudes xen\u00f3fobas y racistas, que contribuyen a afianzar y propagar discursos de odio. Por ello, subray\u00f3 que es un momento m\u00e1s que oportuno por necesario, para la activaci\u00f3n del Plan de Integraci\u00f3n y Convivencia Intercultural que se encuentra elaborando el Estado.<\/p>\n<p>Zapata rechaz\u00f3 el reduccionismo \u201cque centra la migraci\u00f3n en la xcepcionalidad y la emergencia, dejando fuera del foco social su amplio espectro de dimensiones y su contribuci\u00f3n al proceso de desarrollo regional, donde se conecta lo individual y lo colectivo\u201d.<\/p>\n<p>Finalmente destac\u00f3 la importancia de reforzar el trabajo en la escala local con enfoque comunitario, \u201call\u00ed donde se hilvanan las relaciones vecinales con distintas intensidades, forjadas en contextos sociales cada vez m\u00e1s heterog\u00e9neos\u201d, y destac\u00f3 la reciente experiencia obtenida con \u2018ParticipaBarrio\u2019, proyecto de I+D+i multisituado en distintas localidades del pa\u00eds. En este marco debemos colocarnos con criterio y perspectiva, a juicio del investigador, para pensar estrategias \u201cque nos permitan avanzar hacia escenarios m\u00e1s convivenciales, activando el valor positivo de la diversidad\u201d.<\/p>\n<p>Las diputadas y diputados participantes en la comisi\u00f3n centraron sus intervenciones en los efectos del Pacto Europeo de Migraci\u00f3n y Asilo, demandando claves para el enfrentamiento de las tensiones que se derivan de los procesos migratorios. Asimismo, se refirieron a la importancia de contar con estrategias y pol\u00edticas migratorias adecuadas, con car\u00e1cter multinivel, que favorezcan una movilidad regular y segura, dimensionada en relaci\u00f3n con la capacidad de acogida del pa\u00eds.<\/p>\n","protected":false},"excerpt":{"rendered":"<p>La Universidad de La Laguna ha sido centro de inter\u00e9s de la reciente Comisi\u00f3n de Trabajo de Econom\u00eda Social, Inclusi\u00f3n,&#8230;<\/p>\n","protected":false},"author":23,"featured_media":88288,"comment_status":"closed","ping_status":"closed","sticky":false,"template":"","format":"standard","meta":{"inline_featured_image":false,"footnotes":""},"categories":[345,348,2765],"tags":[],"acf":[],"yoast_head":"<!-- This site is optimized with the Yoast SEO plugin v21.3 - https:\/\/yoast.com\/wordpress\/plugins\/seo\/ -->\n<title>Un experto de la ULL aporta su conocimiento en la comisi\u00f3n de migraciones del Congreso de los Diputados - ULL - Noticias<\/title>\n<meta name=\"robots\" content=\"index, follow, max-snippet:-1, max-image-preview:large, max-video-preview:-1\" \/>\n<link rel=\"canonical\" href=\"https:\/\/www.ull.es\/portal\/noticias\/2026\/un-experto-de-la-ull-aporta-su-conocimiento-en-la-comision-de-migraciones-del-congreso-de-los-diputados\/\" \/>\n<meta property=\"og:locale\" content=\"es_ES\" \/>\n<meta property=\"og:type\" content=\"article\" \/>\n<meta property=\"og:title\" content=\"Un experto de la ULL aporta su conocimiento en la comisi\u00f3n de migraciones del Congreso de los Diputados - ULL - Noticias\" \/>\n<meta property=\"og:description\" content=\"La Universidad de La Laguna ha sido centro de inter\u00e9s de la reciente Comisi\u00f3n de Trabajo de Econom\u00eda Social, Inclusi\u00f3n,...\" \/>\n<meta property=\"og:url\" content=\"https:\/\/www.ull.es\/portal\/noticias\/2026\/un-experto-de-la-ull-aporta-su-conocimiento-en-la-comision-de-migraciones-del-congreso-de-los-diputados\/\" \/>\n<meta property=\"og:site_name\" content=\"ULL - Noticias\" \/>\n<meta property=\"article:publisher\" content=\"https:\/\/www.facebook.com\/universidaddelalaguna\/\" \/>\n<meta property=\"article:published_time\" content=\"2026-04-27T10:38:12+00:00\" \/>\n<meta property=\"og:image\" content=\"https:\/\/www.ull.es\/portal\/noticias\/wp-content\/uploads\/sites\/13\/2026\/04\/Proyecto-nuevo-5.jpg\" \/>\n\t<meta property=\"og:image:width\" content=\"1200\" \/>\n\t<meta property=\"og:image:height\" content=\"800\" \/>\n\t<meta property=\"og:image:type\" content=\"image\/jpeg\" \/>\n<meta name=\"author\" content=\"gaprsa\" \/>\n<meta name=\"twitter:card\" content=\"summary_large_image\" \/>\n<meta name=\"twitter:creator\" content=\"@CanalULL\" \/>\n<meta name=\"twitter:site\" content=\"@CanalULL\" \/>\n<meta name=\"twitter:label1\" content=\"Escrito por\" \/>\n\t<meta name=\"twitter:data1\" content=\"gaprsa\" \/>\n\t<meta name=\"twitter:label2\" content=\"Tiempo de lectura\" \/>\n\t<meta name=\"twitter:data2\" content=\"3 minutos\" \/>\n<script type=\"application\/ld+json\" class=\"yoast-schema-graph\">{\"@context\":\"https:\/\/schema.org\",\"@graph\":[{\"@type\":\"WebPage\",\"@id\":\"https:\/\/www.ull.es\/portal\/noticias\/2026\/un-experto-de-la-ull-aporta-su-conocimiento-en-la-comision-de-migraciones-del-congreso-de-los-diputados\/\",\"url\":\"https:\/\/www.ull.es\/portal\/noticias\/2026\/un-experto-de-la-ull-aporta-su-conocimiento-en-la-comision-de-migraciones-del-congreso-de-los-diputados\/\",\"name\":\"Un experto de la ULL aporta su conocimiento en la comisi\u00f3n de migraciones del Congreso de los Diputados - ULL - Noticias\",\"isPartOf\":{\"@id\":\"https:\/\/www.ull.es\/portal\/noticias\/#website\"},\"datePublished\":\"2026-04-27T10:38:12+00:00\",\"dateModified\":\"2026-04-27T10:38:12+00:00\",\"author\":{\"@id\":\"https:\/\/www.ull.es\/portal\/noticias\/#\/schema\/person\/b2b1a89d43ffa609e591f7df8ef3e817\"},\"breadcrumb\":{\"@id\":\"https:\/\/www.ull.es\/portal\/noticias\/2026\/un-experto-de-la-ull-aporta-su-conocimiento-en-la-comision-de-migraciones-del-congreso-de-los-diputados\/#breadcrumb\"},\"inLanguage\":\"es\",\"potentialAction\":[{\"@type\":\"ReadAction\",\"target\":[\"https:\/\/www.ull.es\/portal\/noticias\/2026\/un-experto-de-la-ull-aporta-su-conocimiento-en-la-comision-de-migraciones-del-congreso-de-los-diputados\/\"]}]},{\"@type\":\"BreadcrumbList\",\"@id\":\"https:\/\/www.ull.es\/portal\/noticias\/2026\/un-experto-de-la-ull-aporta-su-conocimiento-en-la-comision-de-migraciones-del-congreso-de-los-diputados\/#breadcrumb\",\"itemListElement\":[{\"@type\":\"ListItem\",\"position\":1,\"name\":\"Portada\",\"item\":\"https:\/\/www.ull.es\/portal\/noticias\/\"},{\"@type\":\"ListItem\",\"position\":2,\"name\":\"Un experto de la ULL aporta su conocimiento en la comisi\u00f3n de migraciones del Congreso de los Diputados\"}]},{\"@type\":\"WebSite\",\"@id\":\"https:\/\/www.ull.es\/portal\/noticias\/#website\",\"url\":\"https:\/\/www.ull.es\/portal\/noticias\/\",\"name\":\"ULL - Noticias\",\"description\":\"\",\"potentialAction\":[{\"@type\":\"SearchAction\",\"target\":{\"@type\":\"EntryPoint\",\"urlTemplate\":\"https:\/\/www.ull.es\/portal\/noticias\/?s={search_term_string}\"},\"query-input\":\"required name=search_term_string\"}],\"inLanguage\":\"es\"},{\"@type\":\"Person\",\"@id\":\"https:\/\/www.ull.es\/portal\/noticias\/#\/schema\/person\/b2b1a89d43ffa609e591f7df8ef3e817\",\"name\":\"gaprsa\",\"image\":{\"@type\":\"ImageObject\",\"inLanguage\":\"es\",\"@id\":\"https:\/\/www.ull.es\/portal\/noticias\/#\/schema\/person\/image\/\",\"url\":\"https:\/\/secure.gravatar.com\/avatar\/443820550921091458b4823867723b3d?s=96&d=mm&r=g\",\"contentUrl\":\"https:\/\/secure.gravatar.com\/avatar\/443820550921091458b4823867723b3d?s=96&d=mm&r=g\",\"caption\":\"gaprsa\"},\"url\":\"https:\/\/www.ull.es\/portal\/noticias\/author\/gaprsa\/\"}]}<\/script>\n<!-- \/ Yoast SEO plugin. -->","yoast_head_json":{"title":"Un experto de la ULL aporta su conocimiento en la comisi\u00f3n de migraciones del Congreso de los Diputados - ULL - Noticias","robots":{"index":"index","follow":"follow","max-snippet":"max-snippet:-1","max-image-preview":"max-image-preview:large","max-video-preview":"max-video-preview:-1"},"canonical":"https:\/\/www.ull.es\/portal\/noticias\/2026\/un-experto-de-la-ull-aporta-su-conocimiento-en-la-comision-de-migraciones-del-congreso-de-los-diputados\/","og_locale":"es_ES","og_type":"article","og_title":"Un experto de la ULL aporta su conocimiento en la comisi\u00f3n de migraciones del Congreso de los Diputados - ULL - Noticias","og_description":"La Universidad de La Laguna ha sido centro de inter\u00e9s de la reciente Comisi\u00f3n de Trabajo de Econom\u00eda Social, Inclusi\u00f3n,...","og_url":"https:\/\/www.ull.es\/portal\/noticias\/2026\/un-experto-de-la-ull-aporta-su-conocimiento-en-la-comision-de-migraciones-del-congreso-de-los-diputados\/","og_site_name":"ULL - Noticias","article_publisher":"https:\/\/www.facebook.com\/universidaddelalaguna\/","article_published_time":"2026-04-27T10:38:12+00:00","og_image":[{"width":1200,"height":800,"url":"https:\/\/www.ull.es\/portal\/noticias\/wp-content\/uploads\/sites\/13\/2026\/04\/Proyecto-nuevo-5.jpg","type":"image\/jpeg"}],"author":"gaprsa","twitter_card":"summary_large_image","twitter_creator":"@CanalULL","twitter_site":"@CanalULL","twitter_misc":{"Escrito por":"gaprsa","Tiempo de lectura":"3 minutos"},"schema":{"@context":"https:\/\/schema.org","@graph":[{"@type":"WebPage","@id":"https:\/\/www.ull.es\/portal\/noticias\/2026\/un-experto-de-la-ull-aporta-su-conocimiento-en-la-comision-de-migraciones-del-congreso-de-los-diputados\/","url":"https:\/\/www.ull.es\/portal\/noticias\/2026\/un-experto-de-la-ull-aporta-su-conocimiento-en-la-comision-de-migraciones-del-congreso-de-los-diputados\/","name":"Un experto de la ULL aporta su conocimiento en la comisi\u00f3n de migraciones del Congreso de los Diputados - ULL - Noticias","isPartOf":{"@id":"https:\/\/www.ull.es\/portal\/noticias\/#website"},"datePublished":"2026-04-27T10:38:12+00:00","dateModified":"2026-04-27T10:38:12+00:00","author":{"@id":"https:\/\/www.ull.es\/portal\/noticias\/#\/schema\/person\/b2b1a89d43ffa609e591f7df8ef3e817"},"breadcrumb":{"@id":"https:\/\/www.ull.es\/portal\/noticias\/2026\/un-experto-de-la-ull-aporta-su-conocimiento-en-la-comision-de-migraciones-del-congreso-de-los-diputados\/#breadcrumb"},"inLanguage":"es","potentialAction":[{"@type":"ReadAction","target":["https:\/\/www.ull.es\/portal\/noticias\/2026\/un-experto-de-la-ull-aporta-su-conocimiento-en-la-comision-de-migraciones-del-congreso-de-los-diputados\/"]}]},{"@type":"BreadcrumbList","@id":"https:\/\/www.ull.es\/portal\/noticias\/2026\/un-experto-de-la-ull-aporta-su-conocimiento-en-la-comision-de-migraciones-del-congreso-de-los-diputados\/#breadcrumb","itemListElement":[{"@type":"ListItem","position":1,"name":"Portada","item":"https:\/\/www.ull.es\/portal\/noticias\/"},{"@type":"ListItem","position":2,"name":"Un experto de la ULL aporta su conocimiento en la comisi\u00f3n de migraciones del Congreso de los Diputados"}]},{"@type":"WebSite","@id":"https:\/\/www.ull.es\/portal\/noticias\/#website","url":"https:\/\/www.ull.es\/portal\/noticias\/","name":"ULL - Noticias","description":"","potentialAction":[{"@type":"SearchAction","target":{"@type":"EntryPoint","urlTemplate":"https:\/\/www.ull.es\/portal\/noticias\/?s={search_term_string}"},"query-input":"required name=search_term_string"}],"inLanguage":"es"},{"@type":"Person","@id":"https:\/\/www.ull.es\/portal\/noticias\/#\/schema\/person\/b2b1a89d43ffa609e591f7df8ef3e817","name":"gaprsa","image":{"@type":"ImageObject","inLanguage":"es","@id":"https:\/\/www.ull.es\/portal\/noticias\/#\/schema\/person\/image\/","url":"https:\/\/secure.gravatar.com\/avatar\/443820550921091458b4823867723b3d?s=96&d=mm&r=g","contentUrl":"https:\/\/secure.gravatar.com\/avatar\/443820550921091458b4823867723b3d?s=96&d=mm&r=g","caption":"gaprsa"},"url":"https:\/\/www.ull.es\/portal\/noticias\/author\/gaprsa\/"}]}},"primary_category":{"id":345,"name":"Destacado","slug":"destacado","link":"https:\/\/www.ull.es\/portal\/noticias\/category\/destacado\/"},"featured_image_thumbnail_url":"https:\/\/www.ull.es\/portal\/noticias\/wp-content\/uploads\/sites\/13\/2026\/04\/Proyecto-nuevo-5-300x200.jpg","_links":{"self":[{"href":"https:\/\/www.ull.es\/portal\/noticias\/wp-json\/wp\/v2\/posts\/88287"}],"collection":[{"href":"https:\/\/www.ull.es\/portal\/noticias\/wp-json\/wp\/v2\/posts"}],"about":[{"href":"https:\/\/www.ull.es\/portal\/noticias\/wp-json\/wp\/v2\/types\/post"}],"author":[{"embeddable":true,"href":"https:\/\/www.ull.es\/portal\/noticias\/wp-json\/wp\/v2\/users\/23"}],"replies":[{"embeddable":true,"href":"https:\/\/www.ull.es\/portal\/noticias\/wp-json\/wp\/v2\/comments?post=88287"}],"version-history":[{"count":2,"href":"https:\/\/www.ull.es\/portal\/noticias\/wp-json\/wp\/v2\/posts\/88287\/revisions"}],"predecessor-version":[{"id":88290,"href":"https:\/\/www.ull.es\/portal\/noticias\/wp-json\/wp\/v2\/posts\/88287\/revisions\/88290"}],"wp:featuredmedia":[{"embeddable":true,"href":"https:\/\/www.ull.es\/portal\/noticias\/wp-json\/wp\/v2\/media\/88288"}],"wp:attachment":[{"href":"https:\/\/www.ull.es\/portal\/noticias\/wp-json\/wp\/v2\/media?parent=88287"}],"wp:term":[{"taxonomy":"category","embeddable":true,"href":"https:\/\/www.ull.es\/portal\/noticias\/wp-json\/wp\/v2\/categories?post=88287"},{"taxonomy":"post_tag","embeddable":true,"href":"https:\/\/www.ull.es\/portal\/noticias\/wp-json\/wp\/v2\/tags?post=88287"}],"curies":[{"name":"wp","href":"https:\/\/api.w.org\/{rel}","templated":true}]}}