{"id":88291,"date":"2026-04-27T10:50:36","date_gmt":"2026-04-27T10:50:36","guid":{"rendered":"https:\/\/www.ull.es\/portal\/noticias\/?p=88291"},"modified":"2026-04-27T10:50:36","modified_gmt":"2026-04-27T10:50:36","slug":"la-facultad-de-educacion-y-el-ceip-practicas-aneja-llevan-a-cabo-una-marcha-para-alertar-sobre-el-cuidado-del-mar","status":"publish","type":"post","link":"https:\/\/www.ull.es\/portal\/noticias\/2026\/la-facultad-de-educacion-y-el-ceip-practicas-aneja-llevan-a-cabo-una-marcha-para-alertar-sobre-el-cuidado-del-mar\/","title":{"rendered":"La Facultad de Educaci\u00f3n y el CEIP Pr\u00e1cticas Aneja llevan a cabo una marcha para alertar sobre el cuidado del mar"},"content":{"rendered":"<p>La <a href=\"https:\/\/www.ull.es\/centros\/facultad-educacion\/\" target=\"_blank\" rel=\"noopener\">Facultad de Educaci\u00f3n<\/a> de la Universidad de La Laguna, a trav\u00e9s del alumnado de 2\u00ba curso del Grado en Pedagog\u00eda, en colaboraci\u00f3n con el CEIP Pr\u00e1cticas Aneja EUP, celebr\u00f3 la pasada semana la actividad socioeducativa de sensibilizaci\u00f3n medioambiental \u201cMarcha comunitaria MANO-MAR\u201d. Esta actividad ha sido la clausura del proyecto de Aprendizaje-Servicio <em>Mirada Activa para la Naturaleza y el Oc\u00e9ano, Medio Ambiente y Recursos<\/em>, que dirige la profesora Itahisa P\u00e9rez del \u00c1rea de Teor\u00eda e Historia de la Educaci\u00f3n, junto a la coordinadora en el CEIP Pr\u00e1cticas Aneja, la maestra Candelaria Vel\u00e1zquez.<\/p>\n<p>Esta acci\u00f3n comunitaria ha tenido como objetivo concienciar a la ciudadan\u00eda sobre la importancia del cuidado del medio ambiente y del entorno marino, as\u00ed como visibilizar el impacto de los residuos en los ecosistemas naturales y en la vida cotidiana. La marcha cont\u00f3 con la participaci\u00f3n de m\u00e1s de 600 personas, entre alumnado del CEIP (desde 3 a\u00f1os hasta 6\u00ba de primaria), alumnado de 2\u00ba de Pedagog\u00eda (grupo 1), profesorado, familias, comercios del entorno y ciudadan\u00eda en general.<\/p>\n<p>El recorrido comenz\u00f3 en el CEIP Pr\u00e1cticas Aneja, con salida por la calle Doctor Antonio Gonz\u00e1lez, continuando por Doctor Zamenhoff y Heraclio S\u00e1nchez hasta calle Herradores, para regresar posteriormente por la misma v\u00eda hasta el acceso del Parque Los Dragos y entrada al CEIP Aneja.<\/p>\n<p>Durante el recorrido, el alumnado participante dinamiz\u00f3 la actividad con una batucada escolar con instrumentos elaborados con materiales reciclados, acompa\u00f1ada por \u2018body percusion\u2019 y una improvisaci\u00f3n comunitaria. Asimismo, se port\u00f3 una gran red simb\u00f3lica que incluy\u00f3 residuos y animales marinos elaborados con materiales reciclados por los ni\u00f1os y ni\u00f1as del CEIP y sus familias, como elemento de sensibilizaci\u00f3n sobre la contaminaci\u00f3n y la protecci\u00f3n de la biodiversidad. Adem\u00e1s, asistieron familias y algunos establecimientos comerciales de la zona junto a ciudadan\u00eda en general, que se sumaron a la iniciativa.<\/p>\n<p>El proyecto MANO-MAR ha constituido una experiencia de Aprendizaje-Servicio en la que el alumnado universitario ha dise\u00f1ado y desarrollado acciones socioeducativas reales con impacto en la comunidad, promoviendo valores de sostenibilidad, participaci\u00f3n y compromiso social.<\/p>\n<p>Durante su ejecuci\u00f3n se han llevado a cabo varias acciones de aula a trav\u00e9s de la rob\u00f3tica, se han realizado salidas de campo para recogida de residuos por diferentes espacios p\u00fablicos de La Laguna y se han realizado limpiezas en la costa, tanto en Punta del Hidalgo como en Bajamar.<\/p>\n<p>&nbsp;<\/p>\n<p>&nbsp;<\/p>\n","protected":false},"excerpt":{"rendered":"<p>La Facultad de Educaci\u00f3n de la Universidad de La Laguna, a trav\u00e9s del alumnado de 2\u00ba curso del Grado en&#8230;<\/p>\n","protected":false},"author":23,"featured_media":88292,"comment_status":"closed","ping_status":"closed","sticky":false,"template":"","format":"standard","meta":{"inline_featured_image":false,"footnotes":""},"categories":[345,3725],"tags":[],"acf":[],"yoast_head":"<!-- This site is optimized with the Yoast SEO plugin v21.3 - https:\/\/yoast.com\/wordpress\/plugins\/seo\/ -->\n<title>La Facultad de Educaci\u00f3n y el CEIP Pr\u00e1cticas Aneja llevan a cabo una marcha para alertar sobre el cuidado del mar - ULL - Noticias<\/title>\n<meta name=\"robots\" content=\"index, follow, max-snippet:-1, max-image-preview:large, max-video-preview:-1\" \/>\n<link rel=\"canonical\" href=\"https:\/\/www.ull.es\/portal\/noticias\/2026\/la-facultad-de-educacion-y-el-ceip-practicas-aneja-llevan-a-cabo-una-marcha-para-alertar-sobre-el-cuidado-del-mar\/\" \/>\n<meta property=\"og:locale\" content=\"es_ES\" \/>\n<meta property=\"og:type\" content=\"article\" \/>\n<meta property=\"og:title\" content=\"La Facultad de Educaci\u00f3n y el CEIP Pr\u00e1cticas Aneja llevan a cabo una marcha para alertar sobre el cuidado del mar - ULL - Noticias\" \/>\n<meta property=\"og:description\" content=\"La Facultad de Educaci\u00f3n de la Universidad de La Laguna, a trav\u00e9s del alumnado de 2\u00ba curso del Grado en...\" \/>\n<meta property=\"og:url\" content=\"https:\/\/www.ull.es\/portal\/noticias\/2026\/la-facultad-de-educacion-y-el-ceip-practicas-aneja-llevan-a-cabo-una-marcha-para-alertar-sobre-el-cuidado-del-mar\/\" \/>\n<meta property=\"og:site_name\" content=\"ULL - Noticias\" \/>\n<meta property=\"article:publisher\" content=\"https:\/\/www.facebook.com\/universidaddelalaguna\/\" \/>\n<meta property=\"article:published_time\" content=\"2026-04-27T10:50:36+00:00\" \/>\n<meta property=\"og:image\" content=\"https:\/\/www.ull.es\/portal\/noticias\/wp-content\/uploads\/sites\/13\/2026\/04\/marcha-por-el-mar.jpg\" \/>\n\t<meta property=\"og:image:width\" content=\"1600\" \/>\n\t<meta property=\"og:image:height\" content=\"1200\" \/>\n\t<meta property=\"og:image:type\" content=\"image\/jpeg\" \/>\n<meta name=\"author\" content=\"gaprsa\" \/>\n<meta name=\"twitter:card\" content=\"summary_large_image\" \/>\n<meta name=\"twitter:creator\" content=\"@CanalULL\" \/>\n<meta name=\"twitter:site\" content=\"@CanalULL\" \/>\n<meta name=\"twitter:label1\" content=\"Escrito por\" \/>\n\t<meta name=\"twitter:data1\" content=\"gaprsa\" \/>\n\t<meta name=\"twitter:label2\" content=\"Tiempo de lectura\" \/>\n\t<meta name=\"twitter:data2\" content=\"2 minutos\" \/>\n<script type=\"application\/ld+json\" class=\"yoast-schema-graph\">{\"@context\":\"https:\/\/schema.org\",\"@graph\":[{\"@type\":\"WebPage\",\"@id\":\"https:\/\/www.ull.es\/portal\/noticias\/2026\/la-facultad-de-educacion-y-el-ceip-practicas-aneja-llevan-a-cabo-una-marcha-para-alertar-sobre-el-cuidado-del-mar\/\",\"url\":\"https:\/\/www.ull.es\/portal\/noticias\/2026\/la-facultad-de-educacion-y-el-ceip-practicas-aneja-llevan-a-cabo-una-marcha-para-alertar-sobre-el-cuidado-del-mar\/\",\"name\":\"La Facultad de Educaci\u00f3n y el CEIP Pr\u00e1cticas Aneja llevan a cabo una marcha para alertar sobre el cuidado del mar - ULL - Noticias\",\"isPartOf\":{\"@id\":\"https:\/\/www.ull.es\/portal\/noticias\/#website\"},\"datePublished\":\"2026-04-27T10:50:36+00:00\",\"dateModified\":\"2026-04-27T10:50:36+00:00\",\"author\":{\"@id\":\"https:\/\/www.ull.es\/portal\/noticias\/#\/schema\/person\/b2b1a89d43ffa609e591f7df8ef3e817\"},\"breadcrumb\":{\"@id\":\"https:\/\/www.ull.es\/portal\/noticias\/2026\/la-facultad-de-educacion-y-el-ceip-practicas-aneja-llevan-a-cabo-una-marcha-para-alertar-sobre-el-cuidado-del-mar\/#breadcrumb\"},\"inLanguage\":\"es\",\"potentialAction\":[{\"@type\":\"ReadAction\",\"target\":[\"https:\/\/www.ull.es\/portal\/noticias\/2026\/la-facultad-de-educacion-y-el-ceip-practicas-aneja-llevan-a-cabo-una-marcha-para-alertar-sobre-el-cuidado-del-mar\/\"]}]},{\"@type\":\"BreadcrumbList\",\"@id\":\"https:\/\/www.ull.es\/portal\/noticias\/2026\/la-facultad-de-educacion-y-el-ceip-practicas-aneja-llevan-a-cabo-una-marcha-para-alertar-sobre-el-cuidado-del-mar\/#breadcrumb\",\"itemListElement\":[{\"@type\":\"ListItem\",\"position\":1,\"name\":\"Portada\",\"item\":\"https:\/\/www.ull.es\/portal\/noticias\/\"},{\"@type\":\"ListItem\",\"position\":2,\"name\":\"La Facultad de Educaci\u00f3n y el CEIP Pr\u00e1cticas Aneja llevan a cabo una marcha para alertar sobre el cuidado del mar\"}]},{\"@type\":\"WebSite\",\"@id\":\"https:\/\/www.ull.es\/portal\/noticias\/#website\",\"url\":\"https:\/\/www.ull.es\/portal\/noticias\/\",\"name\":\"ULL - Noticias\",\"description\":\"\",\"potentialAction\":[{\"@type\":\"SearchAction\",\"target\":{\"@type\":\"EntryPoint\",\"urlTemplate\":\"https:\/\/www.ull.es\/portal\/noticias\/?s={search_term_string}\"},\"query-input\":\"required name=search_term_string\"}],\"inLanguage\":\"es\"},{\"@type\":\"Person\",\"@id\":\"https:\/\/www.ull.es\/portal\/noticias\/#\/schema\/person\/b2b1a89d43ffa609e591f7df8ef3e817\",\"name\":\"gaprsa\",\"image\":{\"@type\":\"ImageObject\",\"inLanguage\":\"es\",\"@id\":\"https:\/\/www.ull.es\/portal\/noticias\/#\/schema\/person\/image\/\",\"url\":\"https:\/\/secure.gravatar.com\/avatar\/443820550921091458b4823867723b3d?s=96&d=mm&r=g\",\"contentUrl\":\"https:\/\/secure.gravatar.com\/avatar\/443820550921091458b4823867723b3d?s=96&d=mm&r=g\",\"caption\":\"gaprsa\"},\"url\":\"https:\/\/www.ull.es\/portal\/noticias\/author\/gaprsa\/\"}]}<\/script>\n<!-- \/ Yoast SEO plugin. -->","yoast_head_json":{"title":"La Facultad de Educaci\u00f3n y el CEIP Pr\u00e1cticas Aneja llevan a cabo una marcha para alertar sobre el cuidado del mar - ULL - Noticias","robots":{"index":"index","follow":"follow","max-snippet":"max-snippet:-1","max-image-preview":"max-image-preview:large","max-video-preview":"max-video-preview:-1"},"canonical":"https:\/\/www.ull.es\/portal\/noticias\/2026\/la-facultad-de-educacion-y-el-ceip-practicas-aneja-llevan-a-cabo-una-marcha-para-alertar-sobre-el-cuidado-del-mar\/","og_locale":"es_ES","og_type":"article","og_title":"La Facultad de Educaci\u00f3n y el CEIP Pr\u00e1cticas Aneja llevan a cabo una marcha para alertar sobre el cuidado del mar - ULL - Noticias","og_description":"La Facultad de Educaci\u00f3n de la Universidad de La Laguna, a trav\u00e9s del alumnado de 2\u00ba curso del Grado en...","og_url":"https:\/\/www.ull.es\/portal\/noticias\/2026\/la-facultad-de-educacion-y-el-ceip-practicas-aneja-llevan-a-cabo-una-marcha-para-alertar-sobre-el-cuidado-del-mar\/","og_site_name":"ULL - Noticias","article_publisher":"https:\/\/www.facebook.com\/universidaddelalaguna\/","article_published_time":"2026-04-27T10:50:36+00:00","og_image":[{"width":1600,"height":1200,"url":"https:\/\/www.ull.es\/portal\/noticias\/wp-content\/uploads\/sites\/13\/2026\/04\/marcha-por-el-mar.jpg","type":"image\/jpeg"}],"author":"gaprsa","twitter_card":"summary_large_image","twitter_creator":"@CanalULL","twitter_site":"@CanalULL","twitter_misc":{"Escrito por":"gaprsa","Tiempo de lectura":"2 minutos"},"schema":{"@context":"https:\/\/schema.org","@graph":[{"@type":"WebPage","@id":"https:\/\/www.ull.es\/portal\/noticias\/2026\/la-facultad-de-educacion-y-el-ceip-practicas-aneja-llevan-a-cabo-una-marcha-para-alertar-sobre-el-cuidado-del-mar\/","url":"https:\/\/www.ull.es\/portal\/noticias\/2026\/la-facultad-de-educacion-y-el-ceip-practicas-aneja-llevan-a-cabo-una-marcha-para-alertar-sobre-el-cuidado-del-mar\/","name":"La Facultad de Educaci\u00f3n y el CEIP Pr\u00e1cticas Aneja llevan a cabo una marcha para alertar sobre el cuidado del mar - ULL - Noticias","isPartOf":{"@id":"https:\/\/www.ull.es\/portal\/noticias\/#website"},"datePublished":"2026-04-27T10:50:36+00:00","dateModified":"2026-04-27T10:50:36+00:00","author":{"@id":"https:\/\/www.ull.es\/portal\/noticias\/#\/schema\/person\/b2b1a89d43ffa609e591f7df8ef3e817"},"breadcrumb":{"@id":"https:\/\/www.ull.es\/portal\/noticias\/2026\/la-facultad-de-educacion-y-el-ceip-practicas-aneja-llevan-a-cabo-una-marcha-para-alertar-sobre-el-cuidado-del-mar\/#breadcrumb"},"inLanguage":"es","potentialAction":[{"@type":"ReadAction","target":["https:\/\/www.ull.es\/portal\/noticias\/2026\/la-facultad-de-educacion-y-el-ceip-practicas-aneja-llevan-a-cabo-una-marcha-para-alertar-sobre-el-cuidado-del-mar\/"]}]},{"@type":"BreadcrumbList","@id":"https:\/\/www.ull.es\/portal\/noticias\/2026\/la-facultad-de-educacion-y-el-ceip-practicas-aneja-llevan-a-cabo-una-marcha-para-alertar-sobre-el-cuidado-del-mar\/#breadcrumb","itemListElement":[{"@type":"ListItem","position":1,"name":"Portada","item":"https:\/\/www.ull.es\/portal\/noticias\/"},{"@type":"ListItem","position":2,"name":"La Facultad de Educaci\u00f3n y el CEIP Pr\u00e1cticas Aneja llevan a cabo una marcha para alertar sobre el cuidado del mar"}]},{"@type":"WebSite","@id":"https:\/\/www.ull.es\/portal\/noticias\/#website","url":"https:\/\/www.ull.es\/portal\/noticias\/","name":"ULL - Noticias","description":"","potentialAction":[{"@type":"SearchAction","target":{"@type":"EntryPoint","urlTemplate":"https:\/\/www.ull.es\/portal\/noticias\/?s={search_term_string}"},"query-input":"required name=search_term_string"}],"inLanguage":"es"},{"@type":"Person","@id":"https:\/\/www.ull.es\/portal\/noticias\/#\/schema\/person\/b2b1a89d43ffa609e591f7df8ef3e817","name":"gaprsa","image":{"@type":"ImageObject","inLanguage":"es","@id":"https:\/\/www.ull.es\/portal\/noticias\/#\/schema\/person\/image\/","url":"https:\/\/secure.gravatar.com\/avatar\/443820550921091458b4823867723b3d?s=96&d=mm&r=g","contentUrl":"https:\/\/secure.gravatar.com\/avatar\/443820550921091458b4823867723b3d?s=96&d=mm&r=g","caption":"gaprsa"},"url":"https:\/\/www.ull.es\/portal\/noticias\/author\/gaprsa\/"}]}},"primary_category":{"id":345,"name":"Destacado","slug":"destacado","link":"https:\/\/www.ull.es\/portal\/noticias\/category\/destacado\/"},"featured_image_thumbnail_url":"https:\/\/www.ull.es\/portal\/noticias\/wp-content\/uploads\/sites\/13\/2026\/04\/marcha-por-el-mar-300x225.jpg","_links":{"self":[{"href":"https:\/\/www.ull.es\/portal\/noticias\/wp-json\/wp\/v2\/posts\/88291"}],"collection":[{"href":"https:\/\/www.ull.es\/portal\/noticias\/wp-json\/wp\/v2\/posts"}],"about":[{"href":"https:\/\/www.ull.es\/portal\/noticias\/wp-json\/wp\/v2\/types\/post"}],"author":[{"embeddable":true,"href":"https:\/\/www.ull.es\/portal\/noticias\/wp-json\/wp\/v2\/users\/23"}],"replies":[{"embeddable":true,"href":"https:\/\/www.ull.es\/portal\/noticias\/wp-json\/wp\/v2\/comments?post=88291"}],"version-history":[{"count":1,"href":"https:\/\/www.ull.es\/portal\/noticias\/wp-json\/wp\/v2\/posts\/88291\/revisions"}],"predecessor-version":[{"id":88293,"href":"https:\/\/www.ull.es\/portal\/noticias\/wp-json\/wp\/v2\/posts\/88291\/revisions\/88293"}],"wp:featuredmedia":[{"embeddable":true,"href":"https:\/\/www.ull.es\/portal\/noticias\/wp-json\/wp\/v2\/media\/88292"}],"wp:attachment":[{"href":"https:\/\/www.ull.es\/portal\/noticias\/wp-json\/wp\/v2\/media?parent=88291"}],"wp:term":[{"taxonomy":"category","embeddable":true,"href":"https:\/\/www.ull.es\/portal\/noticias\/wp-json\/wp\/v2\/categories?post=88291"},{"taxonomy":"post_tag","embeddable":true,"href":"https:\/\/www.ull.es\/portal\/noticias\/wp-json\/wp\/v2\/tags?post=88291"}],"curies":[{"name":"wp","href":"https:\/\/api.w.org\/{rel}","templated":true}]}}