{"id":88305,"date":"2026-04-27T12:45:41","date_gmt":"2026-04-27T12:45:41","guid":{"rendered":"https:\/\/www.ull.es\/portal\/noticias\/?p=88305"},"modified":"2026-04-27T12:45:41","modified_gmt":"2026-04-27T12:45:41","slug":"el-paraninfo-propone-una-noche-de-humor-para-apoyar-una-iniciativa-humanitaria-en-cuba","status":"publish","type":"post","link":"https:\/\/www.ull.es\/portal\/noticias\/2026\/el-paraninfo-propone-una-noche-de-humor-para-apoyar-una-iniciativa-humanitaria-en-cuba\/","title":{"rendered":"El Paraninfo propone una noche de humor para apoyar una iniciativa humanitaria en Cuba"},"content":{"rendered":"<p>El Paraninfo de la Universidad de La Laguna acoge el pr\u00f3ximo 29 de abril, a las 19:30 horas, \u2018StandUp contra el bloqueo\u2019, una noche de comedia con car\u00e1cter ben\u00e9fico cuya recaudaci\u00f3n se destinar\u00e1 a la campa\u00f1a \u2018Rumbo a Cuba\u2019, impulsada por m\u00e1s de una veintena de organizaciones.<\/p>\n<p>Para dar visibilidad a esta acci\u00f3n solidaria y fomentar la participaci\u00f3n ciudadana, la velada contar\u00e1 con la participaci\u00f3n de Jessica Rojano, David Garc\u00eda y Gerson Ramos, tres referentes de la comedia en Canarias que alternan el humor y la cr\u00edtica social, con la presentaci\u00f3n de Carlos Castillo y la intervenci\u00f3n musical de Daniel Melo.<\/p>\n<p>Bajo el contexto de dificultades econ\u00f3micas y energ\u00e9ticas que afecta a la poblaci\u00f3n cubana tras el bloqueo comercial por parte de Estados Unidos, el objetivo de la campa\u00f1a es el env\u00edo de una flotilla humanitaria con material fotovoltaico destinado a reforzar el sistema sanitario, en concreto la Unidad de Cuidados del Hospital Pedi\u00e1trico Juan Manuel M\u00e1rquez, en La Habana.<\/p>\n<p>Las <a href=\"https:\/\/www.ecoentradas.com\/elegirsesion\/3211\" target=\"_blank\" rel=\"noopener\">entradas est\u00e1n disponibles<\/a> a un precio general desde 10 euros, con opci\u00f3n de Fila Cero solidaria para quienes deseen colaborar sin asistir. Con la adquisici\u00f3n de una entrada, se efect\u00faa un donativo a la causa a trav\u00e9s de Open Arms.<\/p>\n","protected":false},"excerpt":{"rendered":"<p>El Paraninfo de la Universidad de La Laguna acoge el pr\u00f3ximo 29 de abril, a las 19:30 horas, \u2018StandUp contra&#8230;<\/p>\n","protected":false},"author":23,"featured_media":88306,"comment_status":"closed","ping_status":"closed","sticky":false,"template":"","format":"standard","meta":{"inline_featured_image":false,"footnotes":""},"categories":[344,345,2765],"tags":[],"acf":[],"yoast_head":"<!-- This site is optimized with the Yoast SEO plugin v21.3 - https:\/\/yoast.com\/wordpress\/plugins\/seo\/ -->\n<title>El Paraninfo propone una noche de humor para apoyar una iniciativa humanitaria en Cuba - ULL - Noticias<\/title>\n<meta name=\"robots\" content=\"index, follow, max-snippet:-1, max-image-preview:large, max-video-preview:-1\" \/>\n<link rel=\"canonical\" href=\"https:\/\/www.ull.es\/portal\/noticias\/2026\/el-paraninfo-propone-una-noche-de-humor-para-apoyar-una-iniciativa-humanitaria-en-cuba\/\" \/>\n<meta property=\"og:locale\" content=\"es_ES\" \/>\n<meta property=\"og:type\" content=\"article\" \/>\n<meta property=\"og:title\" content=\"El Paraninfo propone una noche de humor para apoyar una iniciativa humanitaria en Cuba - ULL - Noticias\" \/>\n<meta property=\"og:description\" content=\"El Paraninfo de la Universidad de La Laguna acoge el pr\u00f3ximo 29 de abril, a las 19:30 horas, \u2018StandUp contra...\" \/>\n<meta property=\"og:url\" content=\"https:\/\/www.ull.es\/portal\/noticias\/2026\/el-paraninfo-propone-una-noche-de-humor-para-apoyar-una-iniciativa-humanitaria-en-cuba\/\" \/>\n<meta property=\"og:site_name\" content=\"ULL - Noticias\" \/>\n<meta property=\"article:publisher\" content=\"https:\/\/www.facebook.com\/universidaddelalaguna\/\" \/>\n<meta property=\"article:published_time\" content=\"2026-04-27T12:45:41+00:00\" \/>\n<meta property=\"og:image\" content=\"https:\/\/www.ull.es\/portal\/noticias\/wp-content\/uploads\/sites\/13\/2026\/04\/Noche-comedia-CUBA-.jpg\" \/>\n\t<meta property=\"og:image:width\" content=\"750\" \/>\n\t<meta property=\"og:image:height\" content=\"370\" \/>\n\t<meta property=\"og:image:type\" content=\"image\/jpeg\" \/>\n<meta name=\"author\" content=\"gaprsa\" \/>\n<meta name=\"twitter:card\" content=\"summary_large_image\" \/>\n<meta name=\"twitter:creator\" content=\"@CanalULL\" \/>\n<meta name=\"twitter:site\" content=\"@CanalULL\" \/>\n<meta name=\"twitter:label1\" content=\"Escrito por\" \/>\n\t<meta name=\"twitter:data1\" content=\"gaprsa\" \/>\n\t<meta name=\"twitter:label2\" content=\"Tiempo de lectura\" \/>\n\t<meta name=\"twitter:data2\" content=\"1 minuto\" \/>\n<script type=\"application\/ld+json\" class=\"yoast-schema-graph\">{\"@context\":\"https:\/\/schema.org\",\"@graph\":[{\"@type\":\"WebPage\",\"@id\":\"https:\/\/www.ull.es\/portal\/noticias\/2026\/el-paraninfo-propone-una-noche-de-humor-para-apoyar-una-iniciativa-humanitaria-en-cuba\/\",\"url\":\"https:\/\/www.ull.es\/portal\/noticias\/2026\/el-paraninfo-propone-una-noche-de-humor-para-apoyar-una-iniciativa-humanitaria-en-cuba\/\",\"name\":\"El Paraninfo propone una noche de humor para apoyar una iniciativa humanitaria en Cuba - ULL - Noticias\",\"isPartOf\":{\"@id\":\"https:\/\/www.ull.es\/portal\/noticias\/#website\"},\"datePublished\":\"2026-04-27T12:45:41+00:00\",\"dateModified\":\"2026-04-27T12:45:41+00:00\",\"author\":{\"@id\":\"https:\/\/www.ull.es\/portal\/noticias\/#\/schema\/person\/b2b1a89d43ffa609e591f7df8ef3e817\"},\"breadcrumb\":{\"@id\":\"https:\/\/www.ull.es\/portal\/noticias\/2026\/el-paraninfo-propone-una-noche-de-humor-para-apoyar-una-iniciativa-humanitaria-en-cuba\/#breadcrumb\"},\"inLanguage\":\"es\",\"potentialAction\":[{\"@type\":\"ReadAction\",\"target\":[\"https:\/\/www.ull.es\/portal\/noticias\/2026\/el-paraninfo-propone-una-noche-de-humor-para-apoyar-una-iniciativa-humanitaria-en-cuba\/\"]}]},{\"@type\":\"BreadcrumbList\",\"@id\":\"https:\/\/www.ull.es\/portal\/noticias\/2026\/el-paraninfo-propone-una-noche-de-humor-para-apoyar-una-iniciativa-humanitaria-en-cuba\/#breadcrumb\",\"itemListElement\":[{\"@type\":\"ListItem\",\"position\":1,\"name\":\"Portada\",\"item\":\"https:\/\/www.ull.es\/portal\/noticias\/\"},{\"@type\":\"ListItem\",\"position\":2,\"name\":\"El Paraninfo propone una noche de humor para apoyar una iniciativa humanitaria en Cuba\"}]},{\"@type\":\"WebSite\",\"@id\":\"https:\/\/www.ull.es\/portal\/noticias\/#website\",\"url\":\"https:\/\/www.ull.es\/portal\/noticias\/\",\"name\":\"ULL - Noticias\",\"description\":\"\",\"potentialAction\":[{\"@type\":\"SearchAction\",\"target\":{\"@type\":\"EntryPoint\",\"urlTemplate\":\"https:\/\/www.ull.es\/portal\/noticias\/?s={search_term_string}\"},\"query-input\":\"required name=search_term_string\"}],\"inLanguage\":\"es\"},{\"@type\":\"Person\",\"@id\":\"https:\/\/www.ull.es\/portal\/noticias\/#\/schema\/person\/b2b1a89d43ffa609e591f7df8ef3e817\",\"name\":\"gaprsa\",\"image\":{\"@type\":\"ImageObject\",\"inLanguage\":\"es\",\"@id\":\"https:\/\/www.ull.es\/portal\/noticias\/#\/schema\/person\/image\/\",\"url\":\"https:\/\/secure.gravatar.com\/avatar\/443820550921091458b4823867723b3d?s=96&d=mm&r=g\",\"contentUrl\":\"https:\/\/secure.gravatar.com\/avatar\/443820550921091458b4823867723b3d?s=96&d=mm&r=g\",\"caption\":\"gaprsa\"},\"url\":\"https:\/\/www.ull.es\/portal\/noticias\/author\/gaprsa\/\"}]}<\/script>\n<!-- \/ Yoast SEO plugin. -->","yoast_head_json":{"title":"El Paraninfo propone una noche de humor para apoyar una iniciativa humanitaria en Cuba - ULL - Noticias","robots":{"index":"index","follow":"follow","max-snippet":"max-snippet:-1","max-image-preview":"max-image-preview:large","max-video-preview":"max-video-preview:-1"},"canonical":"https:\/\/www.ull.es\/portal\/noticias\/2026\/el-paraninfo-propone-una-noche-de-humor-para-apoyar-una-iniciativa-humanitaria-en-cuba\/","og_locale":"es_ES","og_type":"article","og_title":"El Paraninfo propone una noche de humor para apoyar una iniciativa humanitaria en Cuba - ULL - Noticias","og_description":"El Paraninfo de la Universidad de La Laguna acoge el pr\u00f3ximo 29 de abril, a las 19:30 horas, \u2018StandUp contra...","og_url":"https:\/\/www.ull.es\/portal\/noticias\/2026\/el-paraninfo-propone-una-noche-de-humor-para-apoyar-una-iniciativa-humanitaria-en-cuba\/","og_site_name":"ULL - Noticias","article_publisher":"https:\/\/www.facebook.com\/universidaddelalaguna\/","article_published_time":"2026-04-27T12:45:41+00:00","og_image":[{"width":750,"height":370,"url":"https:\/\/www.ull.es\/portal\/noticias\/wp-content\/uploads\/sites\/13\/2026\/04\/Noche-comedia-CUBA-.jpg","type":"image\/jpeg"}],"author":"gaprsa","twitter_card":"summary_large_image","twitter_creator":"@CanalULL","twitter_site":"@CanalULL","twitter_misc":{"Escrito por":"gaprsa","Tiempo de lectura":"1 minuto"},"schema":{"@context":"https:\/\/schema.org","@graph":[{"@type":"WebPage","@id":"https:\/\/www.ull.es\/portal\/noticias\/2026\/el-paraninfo-propone-una-noche-de-humor-para-apoyar-una-iniciativa-humanitaria-en-cuba\/","url":"https:\/\/www.ull.es\/portal\/noticias\/2026\/el-paraninfo-propone-una-noche-de-humor-para-apoyar-una-iniciativa-humanitaria-en-cuba\/","name":"El Paraninfo propone una noche de humor para apoyar una iniciativa humanitaria en Cuba - ULL - Noticias","isPartOf":{"@id":"https:\/\/www.ull.es\/portal\/noticias\/#website"},"datePublished":"2026-04-27T12:45:41+00:00","dateModified":"2026-04-27T12:45:41+00:00","author":{"@id":"https:\/\/www.ull.es\/portal\/noticias\/#\/schema\/person\/b2b1a89d43ffa609e591f7df8ef3e817"},"breadcrumb":{"@id":"https:\/\/www.ull.es\/portal\/noticias\/2026\/el-paraninfo-propone-una-noche-de-humor-para-apoyar-una-iniciativa-humanitaria-en-cuba\/#breadcrumb"},"inLanguage":"es","potentialAction":[{"@type":"ReadAction","target":["https:\/\/www.ull.es\/portal\/noticias\/2026\/el-paraninfo-propone-una-noche-de-humor-para-apoyar-una-iniciativa-humanitaria-en-cuba\/"]}]},{"@type":"BreadcrumbList","@id":"https:\/\/www.ull.es\/portal\/noticias\/2026\/el-paraninfo-propone-una-noche-de-humor-para-apoyar-una-iniciativa-humanitaria-en-cuba\/#breadcrumb","itemListElement":[{"@type":"ListItem","position":1,"name":"Portada","item":"https:\/\/www.ull.es\/portal\/noticias\/"},{"@type":"ListItem","position":2,"name":"El Paraninfo propone una noche de humor para apoyar una iniciativa humanitaria en Cuba"}]},{"@type":"WebSite","@id":"https:\/\/www.ull.es\/portal\/noticias\/#website","url":"https:\/\/www.ull.es\/portal\/noticias\/","name":"ULL - Noticias","description":"","potentialAction":[{"@type":"SearchAction","target":{"@type":"EntryPoint","urlTemplate":"https:\/\/www.ull.es\/portal\/noticias\/?s={search_term_string}"},"query-input":"required name=search_term_string"}],"inLanguage":"es"},{"@type":"Person","@id":"https:\/\/www.ull.es\/portal\/noticias\/#\/schema\/person\/b2b1a89d43ffa609e591f7df8ef3e817","name":"gaprsa","image":{"@type":"ImageObject","inLanguage":"es","@id":"https:\/\/www.ull.es\/portal\/noticias\/#\/schema\/person\/image\/","url":"https:\/\/secure.gravatar.com\/avatar\/443820550921091458b4823867723b3d?s=96&d=mm&r=g","contentUrl":"https:\/\/secure.gravatar.com\/avatar\/443820550921091458b4823867723b3d?s=96&d=mm&r=g","caption":"gaprsa"},"url":"https:\/\/www.ull.es\/portal\/noticias\/author\/gaprsa\/"}]}},"primary_category":{"id":345,"name":"Destacado","slug":"destacado","link":"https:\/\/www.ull.es\/portal\/noticias\/category\/destacado\/"},"featured_image_thumbnail_url":"https:\/\/www.ull.es\/portal\/noticias\/wp-content\/uploads\/sites\/13\/2026\/04\/Noche-comedia-CUBA--300x148.jpg","_links":{"self":[{"href":"https:\/\/www.ull.es\/portal\/noticias\/wp-json\/wp\/v2\/posts\/88305"}],"collection":[{"href":"https:\/\/www.ull.es\/portal\/noticias\/wp-json\/wp\/v2\/posts"}],"about":[{"href":"https:\/\/www.ull.es\/portal\/noticias\/wp-json\/wp\/v2\/types\/post"}],"author":[{"embeddable":true,"href":"https:\/\/www.ull.es\/portal\/noticias\/wp-json\/wp\/v2\/users\/23"}],"replies":[{"embeddable":true,"href":"https:\/\/www.ull.es\/portal\/noticias\/wp-json\/wp\/v2\/comments?post=88305"}],"version-history":[{"count":1,"href":"https:\/\/www.ull.es\/portal\/noticias\/wp-json\/wp\/v2\/posts\/88305\/revisions"}],"predecessor-version":[{"id":88307,"href":"https:\/\/www.ull.es\/portal\/noticias\/wp-json\/wp\/v2\/posts\/88305\/revisions\/88307"}],"wp:featuredmedia":[{"embeddable":true,"href":"https:\/\/www.ull.es\/portal\/noticias\/wp-json\/wp\/v2\/media\/88306"}],"wp:attachment":[{"href":"https:\/\/www.ull.es\/portal\/noticias\/wp-json\/wp\/v2\/media?parent=88305"}],"wp:term":[{"taxonomy":"category","embeddable":true,"href":"https:\/\/www.ull.es\/portal\/noticias\/wp-json\/wp\/v2\/categories?post=88305"},{"taxonomy":"post_tag","embeddable":true,"href":"https:\/\/www.ull.es\/portal\/noticias\/wp-json\/wp\/v2\/tags?post=88305"}],"curies":[{"name":"wp","href":"https:\/\/api.w.org\/{rel}","templated":true}]}}