{"id":88318,"date":"2026-04-27T13:39:03","date_gmt":"2026-04-27T13:39:03","guid":{"rendered":"https:\/\/www.ull.es\/portal\/noticias\/?p=88318"},"modified":"2026-04-27T13:39:03","modified_gmt":"2026-04-27T13:39:03","slug":"el-acompanamiento-psicologico-y-el-duelo-en-los-pacientes-con-cancer-infantil-centraron-la-conferencia-de-anastasio-pablo-gonzalez-baez","status":"publish","type":"post","link":"https:\/\/www.ull.es\/portal\/noticias\/2026\/el-acompanamiento-psicologico-y-el-duelo-en-los-pacientes-con-cancer-infantil-centraron-la-conferencia-de-anastasio-pablo-gonzalez-baez\/","title":{"rendered":"El acompa\u00f1amiento psicol\u00f3gico y el duelo en los pacientes con c\u00e1ncer infantil centraron la conferencia de Anastasio Pablo Gonz\u00e1lez B\u00e1ez"},"content":{"rendered":"<p><span style=\"font-weight: 400;\">El acompa\u00f1amiento psicol\u00f3gico en el proceso final de la vida en pacientes de c\u00e1ncer infantil y juvenil centr\u00f3 una de las ponencias del<\/span> <a href=\"https:\/\/www.ull.es\/portal\/agenda\/evento\/iii-congreso-de-cancer-infantil-en-canarias\/\" target=\"_blank\" rel=\"noopener\"><span style=\"font-weight: 400;\">III Congreso de C\u00e1ncer Infantil en Canarias: Fortaleciendo Vidas<\/span><\/a><span style=\"font-weight: 400;\">, celebrado el pasado 24 de abril. La intervenci\u00f3n corri\u00f3 a cargo del doctor <\/span><a href=\"https:\/\/portalcientificocanarias.univeuropea.com\/investigadores\/1008954\/detalle\" target=\"_blank\" rel=\"noopener\"><span style=\"font-weight: 400;\">Anastasio Pablo Gonz\u00e1lez B\u00e1ez<\/span><\/a><span style=\"font-weight: 400;\">, M\u00e1ster en cuidados paliativos del final de la vida y profesor de la Universidad Europea de Canarias, quien abord\u00f3 una realidad compleja y a menudo evitada: los casos en los que la enfermedad no se supera.<\/span><\/p>\n<p><span style=\"font-weight: 400;\">Durante su exposici\u00f3n, el especialista subray\u00f3 que, pese a los avances m\u00e9dicos, sigue existiendo un porcentaje significativo de menores que no logran sobrevivir al c\u00e1ncer, lo que plantea la necesidad de reforzar el acompa\u00f1amiento emocional tanto del paciente como de su entorno. En este sentido, insisti\u00f3 en que la respuesta como sociedad debe centrarse en garantizar un final de vida digno, acompa\u00f1ado y humanizado. El ponente defendi\u00f3 un enfoque interdisciplinar en la atenci\u00f3n, destacando la importancia de que los distintos profesionales implicados trabajen de forma coordinada. Seg\u00fan explic\u00f3, la atenci\u00f3n no debe limitarse a intervenciones aisladas, sino integrar a psic\u00f3logos, personal sanitario y otros especialistas en un mismo proceso de cuidado.<\/span><\/p>\n<p><span style=\"font-weight: 400;\">A lo largo de la conferencia, Gonz\u00e1lez B\u00e1ez reflexion\u00f3 sobre la dificultad de afrontar la muerte en edades tempranas, se\u00f1alando que la p\u00e9rdida de un hijo constituye una de las crisis existenciales m\u00e1s intensas para una familia. Adem\u00e1s, plante\u00f3 c\u00f3mo este impacto no solo afecta a los progenitores, sino tambi\u00e9n a hermanos, amigos y profesionales que acompa\u00f1an el proceso. Para ilustrar estas ideas, el experto comparti\u00f3 experiencias reales de su trayectoria profesional. En uno de los casos, relat\u00f3 el acompa\u00f1amiento a una familia cuyo hijo padec\u00eda una enfermedad rara con una esperanza de vida limitada. Destac\u00f3 la implicaci\u00f3n de los padres y la importancia de permitir a la familia participar en el momento final, lo que contribuy\u00f3 a que la despedida se viviera desde la calma y la conexi\u00f3n emocional.<\/span><\/p>\n<p><span style=\"font-weight: 400;\">En otro caso, centrado en una joven con c\u00e1ncer avanzado, puso de manifiesto las dificultades de comunicaci\u00f3n dentro del entorno familiar, as\u00ed como el peso del miedo y la ansiedad ante la enfermedad. A trav\u00e9s de la intervenci\u00f3n psicol\u00f3gica, se trabajaron aspectos como la gesti\u00f3n emocional, la comunicaci\u00f3n abierta y la necesidad de afrontar la realidad de forma compartida.<\/span><\/p>\n<p><span style=\"font-weight: 400;\">Uno de los puntos clave de la ponencia fue la cr\u00edtica a la denominada \u201cconspiraci\u00f3n de silencio\u201d, una pr\u00e1ctica en la que se evita informar al paciente sobre la gravedad de su estado. Seg\u00fan el especialista, esta actitud, motivada por el temor a causar sufrimiento, puede generar mayor angustia e incertidumbre en el menor. Frente a ello, defendi\u00f3 la importancia de adaptar la comunicaci\u00f3n a la edad y nivel de comprensi\u00f3n del paciente, facilitando la expresi\u00f3n de sus miedos y necesidades. Asimismo, explic\u00f3 c\u00f3mo la percepci\u00f3n de la muerte var\u00eda seg\u00fan la etapa evolutiva: en edades tempranas no existe una comprensi\u00f3n completa de su car\u00e1cter irreversible, mientras que en la adolescencia puede aparecer una negaci\u00f3n o sensaci\u00f3n de invulnerabilidad. Estas diferencias, se\u00f1al\u00f3, deben tenerse en cuenta a la hora de intervenir psicol\u00f3gicamente.<\/span><\/p>\n<p><span style=\"font-weight: 400;\">El experto tambi\u00e9n abord\u00f3 el impacto del duelo en las familias, destacando que la p\u00e9rdida de un hijo puede generar sentimientos de culpa, fracaso y aislamiento. En algunos casos, indic\u00f3, estas situaciones pueden derivar en la ruptura de la pareja debido a la dificultad para compartir el dolor. Adem\u00e1s, advirti\u00f3 sobre las consecuencias en los hermanos, quienes pueden experimentar sentimientos de abandono o soledad al quedar en segundo plano durante el proceso. En este contexto, Gonz\u00e1lez B\u00e1ez insisti\u00f3 en la necesidad de acompa\u00f1ar a todo el entorno familiar, promoviendo espacios de comunicaci\u00f3n y apoyo que permitan elaborar el duelo de manera saludable.<\/span><\/p>\n<p><span style=\"font-weight: 400;\">Como conclusi\u00f3n, el ponente subray\u00f3 que la psicolog\u00eda desempe\u00f1a un papel fundamental en el final de la vida, no tanto para ofrecer respuestas ante la muerte, sino para ayudar a gestionar los miedos y facilitar un proceso m\u00e1s consciente y acompa\u00f1ado. La intervenci\u00f3n, afirm\u00f3, debe centrarse en mejorar la calidad de vida hasta el final y en garantizar que tanto el paciente como su familia puedan afrontar este proceso con el mayor bienestar posible.<\/span><\/p>\n<p><span style=\"font-weight: 400;\">La conferencia remarc\u00f3 la importancia de integrar el cuidado emocional dentro de la atenci\u00f3n al c\u00e1ncer infantil, destacando que, incluso en los casos en los que no es posible la curaci\u00f3n, sigue siendo esencial cuidar, acompa\u00f1ar y humanizar cada etapa del proceso.<\/span><\/p>\n","protected":false},"excerpt":{"rendered":"<p>El acompa\u00f1amiento psicol\u00f3gico en el proceso final de la vida en pacientes de c\u00e1ncer infantil y juvenil centr\u00f3 una de&#8230;<\/p>\n","protected":false},"author":117,"featured_media":88319,"comment_status":"closed","ping_status":"closed","sticky":false,"template":"","format":"standard","meta":{"inline_featured_image":false,"footnotes":""},"categories":[10954],"tags":[],"acf":[],"yoast_head":"<!-- This site is optimized with the Yoast SEO plugin v21.3 - https:\/\/yoast.com\/wordpress\/plugins\/seo\/ -->\n<title>El acompa\u00f1amiento psicol\u00f3gico y el duelo en los pacientes con c\u00e1ncer infantil centraron la conferencia de Anastasio Pablo Gonz\u00e1lez B\u00e1ez - ULL - Noticias<\/title>\n<meta name=\"robots\" content=\"index, follow, max-snippet:-1, max-image-preview:large, max-video-preview:-1\" \/>\n<link rel=\"canonical\" href=\"https:\/\/www.ull.es\/portal\/noticias\/2026\/el-acompanamiento-psicologico-y-el-duelo-en-los-pacientes-con-cancer-infantil-centraron-la-conferencia-de-anastasio-pablo-gonzalez-baez\/\" \/>\n<meta property=\"og:locale\" content=\"es_ES\" \/>\n<meta property=\"og:type\" content=\"article\" \/>\n<meta property=\"og:title\" content=\"El acompa\u00f1amiento psicol\u00f3gico y el duelo en los pacientes con c\u00e1ncer infantil centraron la conferencia de Anastasio Pablo Gonz\u00e1lez B\u00e1ez - ULL - Noticias\" \/>\n<meta property=\"og:description\" content=\"El acompa\u00f1amiento psicol\u00f3gico en el proceso final de la vida en pacientes de c\u00e1ncer infantil y juvenil centr\u00f3 una de...\" \/>\n<meta property=\"og:url\" content=\"https:\/\/www.ull.es\/portal\/noticias\/2026\/el-acompanamiento-psicologico-y-el-duelo-en-los-pacientes-con-cancer-infantil-centraron-la-conferencia-de-anastasio-pablo-gonzalez-baez\/\" \/>\n<meta property=\"og:site_name\" content=\"ULL - Noticias\" \/>\n<meta property=\"article:publisher\" content=\"https:\/\/www.facebook.com\/universidaddelalaguna\/\" \/>\n<meta property=\"article:published_time\" content=\"2026-04-27T13:39:03+00:00\" \/>\n<meta property=\"og:image\" content=\"https:\/\/www.ull.es\/portal\/noticias\/wp-content\/uploads\/sites\/13\/2026\/04\/Foto-Anastasio.jpg\" \/>\n\t<meta property=\"og:image:width\" content=\"1079\" \/>\n\t<meta property=\"og:image:height\" content=\"719\" \/>\n\t<meta property=\"og:image:type\" content=\"image\/jpeg\" \/>\n<meta name=\"author\" content=\"fgmgarciap\" \/>\n<meta name=\"twitter:card\" content=\"summary_large_image\" \/>\n<meta name=\"twitter:creator\" content=\"@CanalULL\" \/>\n<meta name=\"twitter:site\" content=\"@CanalULL\" \/>\n<meta name=\"twitter:label1\" content=\"Escrito por\" \/>\n\t<meta name=\"twitter:data1\" content=\"fgmgarciap\" \/>\n\t<meta name=\"twitter:label2\" content=\"Tiempo de lectura\" \/>\n\t<meta name=\"twitter:data2\" content=\"4 minutos\" \/>\n<script type=\"application\/ld+json\" class=\"yoast-schema-graph\">{\"@context\":\"https:\/\/schema.org\",\"@graph\":[{\"@type\":\"WebPage\",\"@id\":\"https:\/\/www.ull.es\/portal\/noticias\/2026\/el-acompanamiento-psicologico-y-el-duelo-en-los-pacientes-con-cancer-infantil-centraron-la-conferencia-de-anastasio-pablo-gonzalez-baez\/\",\"url\":\"https:\/\/www.ull.es\/portal\/noticias\/2026\/el-acompanamiento-psicologico-y-el-duelo-en-los-pacientes-con-cancer-infantil-centraron-la-conferencia-de-anastasio-pablo-gonzalez-baez\/\",\"name\":\"El acompa\u00f1amiento psicol\u00f3gico y el duelo en los pacientes con c\u00e1ncer infantil centraron la conferencia de Anastasio Pablo Gonz\u00e1lez B\u00e1ez - ULL - Noticias\",\"isPartOf\":{\"@id\":\"https:\/\/www.ull.es\/portal\/noticias\/#website\"},\"datePublished\":\"2026-04-27T13:39:03+00:00\",\"dateModified\":\"2026-04-27T13:39:03+00:00\",\"author\":{\"@id\":\"https:\/\/www.ull.es\/portal\/noticias\/#\/schema\/person\/846d89d17f66084807e31cc493c050df\"},\"breadcrumb\":{\"@id\":\"https:\/\/www.ull.es\/portal\/noticias\/2026\/el-acompanamiento-psicologico-y-el-duelo-en-los-pacientes-con-cancer-infantil-centraron-la-conferencia-de-anastasio-pablo-gonzalez-baez\/#breadcrumb\"},\"inLanguage\":\"es\",\"potentialAction\":[{\"@type\":\"ReadAction\",\"target\":[\"https:\/\/www.ull.es\/portal\/noticias\/2026\/el-acompanamiento-psicologico-y-el-duelo-en-los-pacientes-con-cancer-infantil-centraron-la-conferencia-de-anastasio-pablo-gonzalez-baez\/\"]}]},{\"@type\":\"BreadcrumbList\",\"@id\":\"https:\/\/www.ull.es\/portal\/noticias\/2026\/el-acompanamiento-psicologico-y-el-duelo-en-los-pacientes-con-cancer-infantil-centraron-la-conferencia-de-anastasio-pablo-gonzalez-baez\/#breadcrumb\",\"itemListElement\":[{\"@type\":\"ListItem\",\"position\":1,\"name\":\"Portada\",\"item\":\"https:\/\/www.ull.es\/portal\/noticias\/\"},{\"@type\":\"ListItem\",\"position\":2,\"name\":\"El acompa\u00f1amiento psicol\u00f3gico y el duelo en los pacientes con c\u00e1ncer infantil centraron la conferencia de Anastasio Pablo Gonz\u00e1lez B\u00e1ez\"}]},{\"@type\":\"WebSite\",\"@id\":\"https:\/\/www.ull.es\/portal\/noticias\/#website\",\"url\":\"https:\/\/www.ull.es\/portal\/noticias\/\",\"name\":\"ULL - Noticias\",\"description\":\"\",\"potentialAction\":[{\"@type\":\"SearchAction\",\"target\":{\"@type\":\"EntryPoint\",\"urlTemplate\":\"https:\/\/www.ull.es\/portal\/noticias\/?s={search_term_string}\"},\"query-input\":\"required name=search_term_string\"}],\"inLanguage\":\"es\"},{\"@type\":\"Person\",\"@id\":\"https:\/\/www.ull.es\/portal\/noticias\/#\/schema\/person\/846d89d17f66084807e31cc493c050df\",\"name\":\"fgmgarciap\",\"image\":{\"@type\":\"ImageObject\",\"inLanguage\":\"es\",\"@id\":\"https:\/\/www.ull.es\/portal\/noticias\/#\/schema\/person\/image\/\",\"url\":\"https:\/\/secure.gravatar.com\/avatar\/9bca052f95fc53ecf42d4bc70ce0618b?s=96&d=mm&r=g\",\"contentUrl\":\"https:\/\/secure.gravatar.com\/avatar\/9bca052f95fc53ecf42d4bc70ce0618b?s=96&d=mm&r=g\",\"caption\":\"fgmgarciap\"},\"url\":\"https:\/\/www.ull.es\/portal\/noticias\/author\/fgmgarciap\/\"}]}<\/script>\n<!-- \/ Yoast SEO plugin. -->","yoast_head_json":{"title":"El acompa\u00f1amiento psicol\u00f3gico y el duelo en los pacientes con c\u00e1ncer infantil centraron la conferencia de Anastasio Pablo Gonz\u00e1lez B\u00e1ez - ULL - Noticias","robots":{"index":"index","follow":"follow","max-snippet":"max-snippet:-1","max-image-preview":"max-image-preview:large","max-video-preview":"max-video-preview:-1"},"canonical":"https:\/\/www.ull.es\/portal\/noticias\/2026\/el-acompanamiento-psicologico-y-el-duelo-en-los-pacientes-con-cancer-infantil-centraron-la-conferencia-de-anastasio-pablo-gonzalez-baez\/","og_locale":"es_ES","og_type":"article","og_title":"El acompa\u00f1amiento psicol\u00f3gico y el duelo en los pacientes con c\u00e1ncer infantil centraron la conferencia de Anastasio Pablo Gonz\u00e1lez B\u00e1ez - ULL - Noticias","og_description":"El acompa\u00f1amiento psicol\u00f3gico en el proceso final de la vida en pacientes de c\u00e1ncer infantil y juvenil centr\u00f3 una de...","og_url":"https:\/\/www.ull.es\/portal\/noticias\/2026\/el-acompanamiento-psicologico-y-el-duelo-en-los-pacientes-con-cancer-infantil-centraron-la-conferencia-de-anastasio-pablo-gonzalez-baez\/","og_site_name":"ULL - Noticias","article_publisher":"https:\/\/www.facebook.com\/universidaddelalaguna\/","article_published_time":"2026-04-27T13:39:03+00:00","og_image":[{"width":1079,"height":719,"url":"https:\/\/www.ull.es\/portal\/noticias\/wp-content\/uploads\/sites\/13\/2026\/04\/Foto-Anastasio.jpg","type":"image\/jpeg"}],"author":"fgmgarciap","twitter_card":"summary_large_image","twitter_creator":"@CanalULL","twitter_site":"@CanalULL","twitter_misc":{"Escrito por":"fgmgarciap","Tiempo de lectura":"4 minutos"},"schema":{"@context":"https:\/\/schema.org","@graph":[{"@type":"WebPage","@id":"https:\/\/www.ull.es\/portal\/noticias\/2026\/el-acompanamiento-psicologico-y-el-duelo-en-los-pacientes-con-cancer-infantil-centraron-la-conferencia-de-anastasio-pablo-gonzalez-baez\/","url":"https:\/\/www.ull.es\/portal\/noticias\/2026\/el-acompanamiento-psicologico-y-el-duelo-en-los-pacientes-con-cancer-infantil-centraron-la-conferencia-de-anastasio-pablo-gonzalez-baez\/","name":"El acompa\u00f1amiento psicol\u00f3gico y el duelo en los pacientes con c\u00e1ncer infantil centraron la conferencia de Anastasio Pablo Gonz\u00e1lez B\u00e1ez - ULL - Noticias","isPartOf":{"@id":"https:\/\/www.ull.es\/portal\/noticias\/#website"},"datePublished":"2026-04-27T13:39:03+00:00","dateModified":"2026-04-27T13:39:03+00:00","author":{"@id":"https:\/\/www.ull.es\/portal\/noticias\/#\/schema\/person\/846d89d17f66084807e31cc493c050df"},"breadcrumb":{"@id":"https:\/\/www.ull.es\/portal\/noticias\/2026\/el-acompanamiento-psicologico-y-el-duelo-en-los-pacientes-con-cancer-infantil-centraron-la-conferencia-de-anastasio-pablo-gonzalez-baez\/#breadcrumb"},"inLanguage":"es","potentialAction":[{"@type":"ReadAction","target":["https:\/\/www.ull.es\/portal\/noticias\/2026\/el-acompanamiento-psicologico-y-el-duelo-en-los-pacientes-con-cancer-infantil-centraron-la-conferencia-de-anastasio-pablo-gonzalez-baez\/"]}]},{"@type":"BreadcrumbList","@id":"https:\/\/www.ull.es\/portal\/noticias\/2026\/el-acompanamiento-psicologico-y-el-duelo-en-los-pacientes-con-cancer-infantil-centraron-la-conferencia-de-anastasio-pablo-gonzalez-baez\/#breadcrumb","itemListElement":[{"@type":"ListItem","position":1,"name":"Portada","item":"https:\/\/www.ull.es\/portal\/noticias\/"},{"@type":"ListItem","position":2,"name":"El acompa\u00f1amiento psicol\u00f3gico y el duelo en los pacientes con c\u00e1ncer infantil centraron la conferencia de Anastasio Pablo Gonz\u00e1lez B\u00e1ez"}]},{"@type":"WebSite","@id":"https:\/\/www.ull.es\/portal\/noticias\/#website","url":"https:\/\/www.ull.es\/portal\/noticias\/","name":"ULL - Noticias","description":"","potentialAction":[{"@type":"SearchAction","target":{"@type":"EntryPoint","urlTemplate":"https:\/\/www.ull.es\/portal\/noticias\/?s={search_term_string}"},"query-input":"required name=search_term_string"}],"inLanguage":"es"},{"@type":"Person","@id":"https:\/\/www.ull.es\/portal\/noticias\/#\/schema\/person\/846d89d17f66084807e31cc493c050df","name":"fgmgarciap","image":{"@type":"ImageObject","inLanguage":"es","@id":"https:\/\/www.ull.es\/portal\/noticias\/#\/schema\/person\/image\/","url":"https:\/\/secure.gravatar.com\/avatar\/9bca052f95fc53ecf42d4bc70ce0618b?s=96&d=mm&r=g","contentUrl":"https:\/\/secure.gravatar.com\/avatar\/9bca052f95fc53ecf42d4bc70ce0618b?s=96&d=mm&r=g","caption":"fgmgarciap"},"url":"https:\/\/www.ull.es\/portal\/noticias\/author\/fgmgarciap\/"}]}},"primary_category":{"id":10954,"name":"C\u00e1tedra Infancia y Adolescencia","slug":"catedra-infancia-y-adolescencia","link":"https:\/\/www.ull.es\/portal\/noticias\/category\/catedras-institucionales-y-de-empresa\/catedra-infancia-y-adolescencia\/"},"featured_image_thumbnail_url":"https:\/\/www.ull.es\/portal\/noticias\/wp-content\/uploads\/sites\/13\/2026\/04\/Foto-Anastasio-300x200.jpg","_links":{"self":[{"href":"https:\/\/www.ull.es\/portal\/noticias\/wp-json\/wp\/v2\/posts\/88318"}],"collection":[{"href":"https:\/\/www.ull.es\/portal\/noticias\/wp-json\/wp\/v2\/posts"}],"about":[{"href":"https:\/\/www.ull.es\/portal\/noticias\/wp-json\/wp\/v2\/types\/post"}],"author":[{"embeddable":true,"href":"https:\/\/www.ull.es\/portal\/noticias\/wp-json\/wp\/v2\/users\/117"}],"replies":[{"embeddable":true,"href":"https:\/\/www.ull.es\/portal\/noticias\/wp-json\/wp\/v2\/comments?post=88318"}],"version-history":[{"count":1,"href":"https:\/\/www.ull.es\/portal\/noticias\/wp-json\/wp\/v2\/posts\/88318\/revisions"}],"predecessor-version":[{"id":88320,"href":"https:\/\/www.ull.es\/portal\/noticias\/wp-json\/wp\/v2\/posts\/88318\/revisions\/88320"}],"wp:featuredmedia":[{"embeddable":true,"href":"https:\/\/www.ull.es\/portal\/noticias\/wp-json\/wp\/v2\/media\/88319"}],"wp:attachment":[{"href":"https:\/\/www.ull.es\/portal\/noticias\/wp-json\/wp\/v2\/media?parent=88318"}],"wp:term":[{"taxonomy":"category","embeddable":true,"href":"https:\/\/www.ull.es\/portal\/noticias\/wp-json\/wp\/v2\/categories?post=88318"},{"taxonomy":"post_tag","embeddable":true,"href":"https:\/\/www.ull.es\/portal\/noticias\/wp-json\/wp\/v2\/tags?post=88318"}],"curies":[{"name":"wp","href":"https:\/\/api.w.org\/{rel}","templated":true}]}}