{"id":88321,"date":"2026-04-27T13:41:36","date_gmt":"2026-04-27T13:41:36","guid":{"rendered":"https:\/\/www.ull.es\/portal\/noticias\/?p=88321"},"modified":"2026-04-27T13:41:36","modified_gmt":"2026-04-27T13:41:36","slug":"antonio-moliner-trata-en-su-ponencia-la-necesidad-de-unidades-de-adolescente-para-el-tratamiento-del-cancer","status":"publish","type":"post","link":"https:\/\/www.ull.es\/portal\/noticias\/2026\/antonio-moliner-trata-en-su-ponencia-la-necesidad-de-unidades-de-adolescente-para-el-tratamiento-del-cancer\/","title":{"rendered":"Antonio Moliner trata en su ponencia la necesidad de unidades de adolescente para el tratamiento del c\u00e1ncer"},"content":{"rendered":"<p><span style=\"font-weight: 400;\">Los adolescentes con c\u00e1ncer han sido hist\u00f3ricamente un grupo invisibilizado dentro del sistema sanitario, una realidad que centr\u00f3 una de las ponencias del<\/span> <a href=\"https:\/\/www.ull.es\/portal\/agenda\/evento\/iii-congreso-de-cancer-infantil-en-canarias\/\" target=\"_blank\" rel=\"noopener\"><span style=\"font-weight: 400;\">III Congreso de C\u00e1ncer Infantil en Canarias: Fortaleciendo Vidas<\/span><\/a><span style=\"font-weight: 400;\">,<\/span><span style=\"font-weight: 400;\"> celebrado el pasado 24 de abril. Bajo el t\u00edtulo \u201cEspecificidades del adolescente con c\u00e1ncer: la necesidad de unidades de adolescentes\u201d, el doctor Antonio Moliner Honrubia, coordinador del congreso, expuso las principales carencias en la atenci\u00f3n a este colectivo y defendi\u00f3 la urgencia de adaptar los modelos asistenciales a sus necesidades.<\/span><\/p>\n<p><span style=\"font-weight: 400;\">Durante su intervenci\u00f3n, el especialista explic\u00f3 que los adolescentes han quedado durante a\u00f1os en un \u201cterritorio intermedio\u201d entre la oncolog\u00eda pedi\u00e1trica y la de adultos, lo que ha provocado desigualdades en el acceso a tratamientos y falta de homogeneidad en la atenci\u00f3n. Dependiendo del lugar de residencia, estos pacientes pueden ser tratados en unidades pedi\u00e1tricas o en servicios de adultos, sin que exista un criterio uniforme, lo que repercute directamente en su pron\u00f3stico.<\/span><\/p>\n<p><span style=\"font-weight: 400;\">El impacto del c\u00e1ncer en esta etapa, se\u00f1al\u00f3, es especialmente significativo, ya que coincide con un momento clave del desarrollo personal. La enfermedad irrumpe en una fase en la que se construyen la identidad, la independencia y las relaciones sociales, interrumpiendo de forma brusca este proceso vital. En el \u00e1mbito cl\u00ednico, el ponente destac\u00f3 que los tipos de c\u00e1ncer que afectan a los adolescentes difieren tanto de los de la infancia como de los de la edad adulta. Entre los m\u00e1s frecuentes se encuentran los tumores hematol\u00f3gicos, como leucemias y linfomas, aunque con el aumento de la edad comienzan a aparecer otros como los de tiroides o mama. Esta particularidad implica la necesidad de estrategias terap\u00e9uticas espec\u00edficas.<\/span><\/p>\n<p><span style=\"font-weight: 400;\">Adem\u00e1s, record\u00f3 que, de forma hist\u00f3rica, este grupo ha presentado peores tasas de supervivencia en determinados tumores, como la leucemia linfobl\u00e1stica aguda. Esta diferencia se ha relacionado tanto con factores biol\u00f3gicos, como la menor presencia de caracter\u00edsticas gen\u00e9ticas favorables, como con la aplicaci\u00f3n de protocolos de tratamiento dise\u00f1ados para adultos, menos eficaces en este perfil de pacientes.<\/span><\/p>\n<p><span style=\"font-weight: 400;\">En los \u00faltimos a\u00f1os, distintos estudios han demostrado que el uso de protocolos pedi\u00e1tricos mejora los resultados en adolescentes, lo que ha impulsado un cambio en la pr\u00e1ctica cl\u00ednica. En este sentido, el especialista subray\u00f3 la importancia de adaptar los tratamientos a las caracter\u00edsticas espec\u00edficas de este grupo. Uno de los ejes centrales de la ponencia fue la necesidad de crear unidades espec\u00edficas para adolescentes y adultos j\u00f3venes, un modelo ya implantado en varios pa\u00edses europeos. Estas unidades permiten ofrecer una atenci\u00f3n m\u00e1s especializada, integrando tanto el abordaje m\u00e9dico como el psicol\u00f3gico y social. En Espa\u00f1a, sin embargo, este modelo a\u00fan se encuentra en desarrollo y se enfrenta a limitaciones estructurales, como la divisi\u00f3n por edad entre pediatr\u00eda y medicina de adultos, con una barrera que se sit\u00faa en torno a los 18-19 a\u00f1os.<\/span><\/p>\n<p><span style=\"font-weight: 400;\">Para ilustrar estas dificultades, Moliner present\u00f3 el caso cl\u00ednico de un adolescente diagnosticado con linfoma de Hodgkin, cuyo proceso evidenci\u00f3 m\u00faltiples obst\u00e1culos dentro del sistema sanitario. El paciente experiment\u00f3 un retraso en el diagn\u00f3stico tras acudir en varias ocasiones a urgencias sin obtener una valoraci\u00f3n concluyente, una situaci\u00f3n que refleja uno de los problemas habituales en este grupo de edad: la detecci\u00f3n tard\u00eda.<\/span><\/p>\n<p><span style=\"font-weight: 400;\">A lo largo de su tratamiento, el caso mostr\u00f3 la complejidad de la atenci\u00f3n, con derivaciones entre distintos centros y la participaci\u00f3n de equipos tanto pedi\u00e1tricos como de adultos. El paciente fue sometido a diversas l\u00edneas terap\u00e9uticas, incluyendo quimioterapia, radioterapia, inmunoterapia y trasplantes, hasta lograr una remisi\u00f3n completa, lo que evidenci\u00f3 tanto la dureza del proceso como la importancia de la coordinaci\u00f3n entre profesionales.<\/span><\/p>\n<p><span style=\"font-weight: 400;\">Otro de los aspectos abordados fue la limitada participaci\u00f3n de los adolescentes en ensayos cl\u00ednicos, considerados clave para mejorar la supervivencia. Factores como las restricciones de edad, la falta de coordinaci\u00f3n entre especialistas y el desconocimiento de estudios disponibles han dificultado hist\u00f3ricamente su acceso. No obstante, iniciativas internacionales recientes han comenzado a reducir estas barreras, ampliando los criterios de inclusi\u00f3n y fomentando la colaboraci\u00f3n entre oncolog\u00eda pedi\u00e1trica y de adultos.<\/span><\/p>\n<p><span style=\"font-weight: 400;\">M\u00e1s all\u00e1 del tratamiento m\u00e9dico, la ponencia puso el foco en las necesidades psicosociales de los adolescentes con c\u00e1ncer, que difieren de las de otros grupos de edad. Entre ellas destacan la preocupaci\u00f3n por la imagen corporal, la construcci\u00f3n de la identidad, la necesidad de independencia y la importancia del entorno social. En este sentido, el especialista subray\u00f3 la necesidad de un apoyo psicol\u00f3gico espec\u00edfico y de respetar la privacidad de estos pacientes. Asimismo, se abord\u00f3 la importancia de la preservaci\u00f3n de la fertilidad, una cuesti\u00f3n especialmente relevante en esta etapa de la vida, que requiere planificaci\u00f3n e intervenci\u00f3n temprana siempre que las condiciones cl\u00ednicas lo permitan.<\/span><\/p>\n<p><span style=\"font-weight: 400;\">El experto tambi\u00e9n destac\u00f3 la necesidad de un seguimiento integral tras la superaci\u00f3n de la enfermedad, ya que muchos pacientes desarrollan secuelas derivadas de los tratamientos. Este proceso requiere la participaci\u00f3n de equipos multidisciplinares y una adecuada transici\u00f3n desde los servicios pedi\u00e1tricos a los de adultos, evitando la p\u00e9rdida de seguimiento.<\/span><\/p>\n<p><span style=\"font-weight: 400;\">Moliner defendi\u00f3 un modelo de atenci\u00f3n integral, multidisciplinar y adaptado a las caracter\u00edsticas del adolescente, que incluya espacios hospitalarios adecuados, profesionales formados espec\u00edficamente y una mayor participaci\u00f3n del paciente en la toma de decisiones. La ponencia evidenci\u00f3 que, aunque se han producido avances significativos en los \u00faltimos a\u00f1os, los adolescentes con c\u00e1ncer siguen enfrentando importantes desaf\u00edos dentro del sistema sanitario, lo que hace necesario continuar desarrollando estrategias espec\u00edficas que garanticen una atenci\u00f3n equitativa y de calidad.<\/span><\/p>\n<p><span style=\"font-weight: 400;\">La C\u00e1tedra de Infancia y Adolescencia fue entidad colaboradora de este importante<\/span> <span style=\"font-weight: 400;\">Congreso, codirigido por uno de sus miembros, el Prof. Dr. <\/span><a href=\"https:\/\/portalciencia.ull.es\/investigadores\/81831\/detalle\" target=\"_blank\" rel=\"noopener\"><span style=\"font-weight: 400;\">Sergio Hern\u00e1ndez Exp\u00f3sito<\/span><\/a><span style=\"font-weight: 400;\">.<\/span><\/p>\n<p>&nbsp;<\/p>\n","protected":false},"excerpt":{"rendered":"<p>Los adolescentes con c\u00e1ncer han sido hist\u00f3ricamente un grupo invisibilizado dentro del sistema sanitario, una realidad que centr\u00f3 una de&#8230;<\/p>\n","protected":false},"author":117,"featured_media":88322,"comment_status":"closed","ping_status":"closed","sticky":false,"template":"","format":"standard","meta":{"inline_featured_image":false,"footnotes":""},"categories":[10954],"tags":[],"acf":[],"yoast_head":"<!-- This site is optimized with the Yoast SEO plugin v21.3 - https:\/\/yoast.com\/wordpress\/plugins\/seo\/ -->\n<title>Antonio Moliner trata en su ponencia la necesidad de unidades de adolescente para el tratamiento del c\u00e1ncer - ULL - Noticias<\/title>\n<meta name=\"robots\" content=\"index, follow, max-snippet:-1, max-image-preview:large, max-video-preview:-1\" \/>\n<link rel=\"canonical\" href=\"https:\/\/www.ull.es\/portal\/noticias\/2026\/antonio-moliner-trata-en-su-ponencia-la-necesidad-de-unidades-de-adolescente-para-el-tratamiento-del-cancer\/\" \/>\n<meta property=\"og:locale\" content=\"es_ES\" \/>\n<meta property=\"og:type\" content=\"article\" \/>\n<meta property=\"og:title\" content=\"Antonio Moliner trata en su ponencia la necesidad de unidades de adolescente para el tratamiento del c\u00e1ncer - ULL - Noticias\" \/>\n<meta property=\"og:description\" content=\"Los adolescentes con c\u00e1ncer han sido hist\u00f3ricamente un grupo invisibilizado dentro del sistema sanitario, una realidad que centr\u00f3 una de...\" \/>\n<meta property=\"og:url\" content=\"https:\/\/www.ull.es\/portal\/noticias\/2026\/antonio-moliner-trata-en-su-ponencia-la-necesidad-de-unidades-de-adolescente-para-el-tratamiento-del-cancer\/\" \/>\n<meta property=\"og:site_name\" content=\"ULL - Noticias\" \/>\n<meta property=\"article:publisher\" content=\"https:\/\/www.facebook.com\/universidaddelalaguna\/\" \/>\n<meta property=\"article:published_time\" content=\"2026-04-27T13:41:36+00:00\" \/>\n<meta property=\"og:image\" content=\"https:\/\/www.ull.es\/portal\/noticias\/wp-content\/uploads\/sites\/13\/2026\/04\/Foto-Antonio-.jpg\" \/>\n\t<meta property=\"og:image:width\" content=\"1200\" \/>\n\t<meta property=\"og:image:height\" content=\"800\" \/>\n\t<meta property=\"og:image:type\" content=\"image\/jpeg\" \/>\n<meta name=\"author\" content=\"fgmgarciap\" \/>\n<meta name=\"twitter:card\" content=\"summary_large_image\" \/>\n<meta name=\"twitter:creator\" content=\"@CanalULL\" \/>\n<meta name=\"twitter:site\" content=\"@CanalULL\" \/>\n<meta name=\"twitter:label1\" content=\"Escrito por\" \/>\n\t<meta name=\"twitter:data1\" content=\"fgmgarciap\" \/>\n\t<meta name=\"twitter:label2\" content=\"Tiempo de lectura\" \/>\n\t<meta name=\"twitter:data2\" content=\"5 minutos\" \/>\n<script type=\"application\/ld+json\" class=\"yoast-schema-graph\">{\"@context\":\"https:\/\/schema.org\",\"@graph\":[{\"@type\":\"WebPage\",\"@id\":\"https:\/\/www.ull.es\/portal\/noticias\/2026\/antonio-moliner-trata-en-su-ponencia-la-necesidad-de-unidades-de-adolescente-para-el-tratamiento-del-cancer\/\",\"url\":\"https:\/\/www.ull.es\/portal\/noticias\/2026\/antonio-moliner-trata-en-su-ponencia-la-necesidad-de-unidades-de-adolescente-para-el-tratamiento-del-cancer\/\",\"name\":\"Antonio Moliner trata en su ponencia la necesidad de unidades de adolescente para el tratamiento del c\u00e1ncer - ULL - Noticias\",\"isPartOf\":{\"@id\":\"https:\/\/www.ull.es\/portal\/noticias\/#website\"},\"datePublished\":\"2026-04-27T13:41:36+00:00\",\"dateModified\":\"2026-04-27T13:41:36+00:00\",\"author\":{\"@id\":\"https:\/\/www.ull.es\/portal\/noticias\/#\/schema\/person\/846d89d17f66084807e31cc493c050df\"},\"breadcrumb\":{\"@id\":\"https:\/\/www.ull.es\/portal\/noticias\/2026\/antonio-moliner-trata-en-su-ponencia-la-necesidad-de-unidades-de-adolescente-para-el-tratamiento-del-cancer\/#breadcrumb\"},\"inLanguage\":\"es\",\"potentialAction\":[{\"@type\":\"ReadAction\",\"target\":[\"https:\/\/www.ull.es\/portal\/noticias\/2026\/antonio-moliner-trata-en-su-ponencia-la-necesidad-de-unidades-de-adolescente-para-el-tratamiento-del-cancer\/\"]}]},{\"@type\":\"BreadcrumbList\",\"@id\":\"https:\/\/www.ull.es\/portal\/noticias\/2026\/antonio-moliner-trata-en-su-ponencia-la-necesidad-de-unidades-de-adolescente-para-el-tratamiento-del-cancer\/#breadcrumb\",\"itemListElement\":[{\"@type\":\"ListItem\",\"position\":1,\"name\":\"Portada\",\"item\":\"https:\/\/www.ull.es\/portal\/noticias\/\"},{\"@type\":\"ListItem\",\"position\":2,\"name\":\"Antonio Moliner trata en su ponencia la necesidad de unidades de adolescente para el tratamiento del c\u00e1ncer\"}]},{\"@type\":\"WebSite\",\"@id\":\"https:\/\/www.ull.es\/portal\/noticias\/#website\",\"url\":\"https:\/\/www.ull.es\/portal\/noticias\/\",\"name\":\"ULL - Noticias\",\"description\":\"\",\"potentialAction\":[{\"@type\":\"SearchAction\",\"target\":{\"@type\":\"EntryPoint\",\"urlTemplate\":\"https:\/\/www.ull.es\/portal\/noticias\/?s={search_term_string}\"},\"query-input\":\"required name=search_term_string\"}],\"inLanguage\":\"es\"},{\"@type\":\"Person\",\"@id\":\"https:\/\/www.ull.es\/portal\/noticias\/#\/schema\/person\/846d89d17f66084807e31cc493c050df\",\"name\":\"fgmgarciap\",\"image\":{\"@type\":\"ImageObject\",\"inLanguage\":\"es\",\"@id\":\"https:\/\/www.ull.es\/portal\/noticias\/#\/schema\/person\/image\/\",\"url\":\"https:\/\/secure.gravatar.com\/avatar\/9bca052f95fc53ecf42d4bc70ce0618b?s=96&d=mm&r=g\",\"contentUrl\":\"https:\/\/secure.gravatar.com\/avatar\/9bca052f95fc53ecf42d4bc70ce0618b?s=96&d=mm&r=g\",\"caption\":\"fgmgarciap\"},\"url\":\"https:\/\/www.ull.es\/portal\/noticias\/author\/fgmgarciap\/\"}]}<\/script>\n<!-- \/ Yoast SEO plugin. -->","yoast_head_json":{"title":"Antonio Moliner trata en su ponencia la necesidad de unidades de adolescente para el tratamiento del c\u00e1ncer - ULL - Noticias","robots":{"index":"index","follow":"follow","max-snippet":"max-snippet:-1","max-image-preview":"max-image-preview:large","max-video-preview":"max-video-preview:-1"},"canonical":"https:\/\/www.ull.es\/portal\/noticias\/2026\/antonio-moliner-trata-en-su-ponencia-la-necesidad-de-unidades-de-adolescente-para-el-tratamiento-del-cancer\/","og_locale":"es_ES","og_type":"article","og_title":"Antonio Moliner trata en su ponencia la necesidad de unidades de adolescente para el tratamiento del c\u00e1ncer - ULL - Noticias","og_description":"Los adolescentes con c\u00e1ncer han sido hist\u00f3ricamente un grupo invisibilizado dentro del sistema sanitario, una realidad que centr\u00f3 una de...","og_url":"https:\/\/www.ull.es\/portal\/noticias\/2026\/antonio-moliner-trata-en-su-ponencia-la-necesidad-de-unidades-de-adolescente-para-el-tratamiento-del-cancer\/","og_site_name":"ULL - Noticias","article_publisher":"https:\/\/www.facebook.com\/universidaddelalaguna\/","article_published_time":"2026-04-27T13:41:36+00:00","og_image":[{"width":1200,"height":800,"url":"https:\/\/www.ull.es\/portal\/noticias\/wp-content\/uploads\/sites\/13\/2026\/04\/Foto-Antonio-.jpg","type":"image\/jpeg"}],"author":"fgmgarciap","twitter_card":"summary_large_image","twitter_creator":"@CanalULL","twitter_site":"@CanalULL","twitter_misc":{"Escrito por":"fgmgarciap","Tiempo de lectura":"5 minutos"},"schema":{"@context":"https:\/\/schema.org","@graph":[{"@type":"WebPage","@id":"https:\/\/www.ull.es\/portal\/noticias\/2026\/antonio-moliner-trata-en-su-ponencia-la-necesidad-de-unidades-de-adolescente-para-el-tratamiento-del-cancer\/","url":"https:\/\/www.ull.es\/portal\/noticias\/2026\/antonio-moliner-trata-en-su-ponencia-la-necesidad-de-unidades-de-adolescente-para-el-tratamiento-del-cancer\/","name":"Antonio Moliner trata en su ponencia la necesidad de unidades de adolescente para el tratamiento del c\u00e1ncer - ULL - Noticias","isPartOf":{"@id":"https:\/\/www.ull.es\/portal\/noticias\/#website"},"datePublished":"2026-04-27T13:41:36+00:00","dateModified":"2026-04-27T13:41:36+00:00","author":{"@id":"https:\/\/www.ull.es\/portal\/noticias\/#\/schema\/person\/846d89d17f66084807e31cc493c050df"},"breadcrumb":{"@id":"https:\/\/www.ull.es\/portal\/noticias\/2026\/antonio-moliner-trata-en-su-ponencia-la-necesidad-de-unidades-de-adolescente-para-el-tratamiento-del-cancer\/#breadcrumb"},"inLanguage":"es","potentialAction":[{"@type":"ReadAction","target":["https:\/\/www.ull.es\/portal\/noticias\/2026\/antonio-moliner-trata-en-su-ponencia-la-necesidad-de-unidades-de-adolescente-para-el-tratamiento-del-cancer\/"]}]},{"@type":"BreadcrumbList","@id":"https:\/\/www.ull.es\/portal\/noticias\/2026\/antonio-moliner-trata-en-su-ponencia-la-necesidad-de-unidades-de-adolescente-para-el-tratamiento-del-cancer\/#breadcrumb","itemListElement":[{"@type":"ListItem","position":1,"name":"Portada","item":"https:\/\/www.ull.es\/portal\/noticias\/"},{"@type":"ListItem","position":2,"name":"Antonio Moliner trata en su ponencia la necesidad de unidades de adolescente para el tratamiento del c\u00e1ncer"}]},{"@type":"WebSite","@id":"https:\/\/www.ull.es\/portal\/noticias\/#website","url":"https:\/\/www.ull.es\/portal\/noticias\/","name":"ULL - Noticias","description":"","potentialAction":[{"@type":"SearchAction","target":{"@type":"EntryPoint","urlTemplate":"https:\/\/www.ull.es\/portal\/noticias\/?s={search_term_string}"},"query-input":"required name=search_term_string"}],"inLanguage":"es"},{"@type":"Person","@id":"https:\/\/www.ull.es\/portal\/noticias\/#\/schema\/person\/846d89d17f66084807e31cc493c050df","name":"fgmgarciap","image":{"@type":"ImageObject","inLanguage":"es","@id":"https:\/\/www.ull.es\/portal\/noticias\/#\/schema\/person\/image\/","url":"https:\/\/secure.gravatar.com\/avatar\/9bca052f95fc53ecf42d4bc70ce0618b?s=96&d=mm&r=g","contentUrl":"https:\/\/secure.gravatar.com\/avatar\/9bca052f95fc53ecf42d4bc70ce0618b?s=96&d=mm&r=g","caption":"fgmgarciap"},"url":"https:\/\/www.ull.es\/portal\/noticias\/author\/fgmgarciap\/"}]}},"primary_category":{"id":10954,"name":"C\u00e1tedra Infancia y Adolescencia","slug":"catedra-infancia-y-adolescencia","link":"https:\/\/www.ull.es\/portal\/noticias\/category\/catedras-institucionales-y-de-empresa\/catedra-infancia-y-adolescencia\/"},"featured_image_thumbnail_url":"https:\/\/www.ull.es\/portal\/noticias\/wp-content\/uploads\/sites\/13\/2026\/04\/Foto-Antonio--300x200.jpg","_links":{"self":[{"href":"https:\/\/www.ull.es\/portal\/noticias\/wp-json\/wp\/v2\/posts\/88321"}],"collection":[{"href":"https:\/\/www.ull.es\/portal\/noticias\/wp-json\/wp\/v2\/posts"}],"about":[{"href":"https:\/\/www.ull.es\/portal\/noticias\/wp-json\/wp\/v2\/types\/post"}],"author":[{"embeddable":true,"href":"https:\/\/www.ull.es\/portal\/noticias\/wp-json\/wp\/v2\/users\/117"}],"replies":[{"embeddable":true,"href":"https:\/\/www.ull.es\/portal\/noticias\/wp-json\/wp\/v2\/comments?post=88321"}],"version-history":[{"count":1,"href":"https:\/\/www.ull.es\/portal\/noticias\/wp-json\/wp\/v2\/posts\/88321\/revisions"}],"predecessor-version":[{"id":88324,"href":"https:\/\/www.ull.es\/portal\/noticias\/wp-json\/wp\/v2\/posts\/88321\/revisions\/88324"}],"wp:featuredmedia":[{"embeddable":true,"href":"https:\/\/www.ull.es\/portal\/noticias\/wp-json\/wp\/v2\/media\/88322"}],"wp:attachment":[{"href":"https:\/\/www.ull.es\/portal\/noticias\/wp-json\/wp\/v2\/media?parent=88321"}],"wp:term":[{"taxonomy":"category","embeddable":true,"href":"https:\/\/www.ull.es\/portal\/noticias\/wp-json\/wp\/v2\/categories?post=88321"},{"taxonomy":"post_tag","embeddable":true,"href":"https:\/\/www.ull.es\/portal\/noticias\/wp-json\/wp\/v2\/tags?post=88321"}],"curies":[{"name":"wp","href":"https:\/\/api.w.org\/{rel}","templated":true}]}}