{"id":88323,"date":"2026-04-27T13:53:31","date_gmt":"2026-04-27T13:53:31","guid":{"rendered":"https:\/\/www.ull.es\/portal\/noticias\/?p=88323"},"modified":"2026-04-27T13:54:33","modified_gmt":"2026-04-27T13:54:33","slug":"ull-presenta-26-cursos-extension-coorganizados-11-municipios-tenerife","status":"publish","type":"post","link":"https:\/\/www.ull.es\/portal\/noticias\/2026\/ull-presenta-26-cursos-extension-coorganizados-11-municipios-tenerife\/","title":{"rendered":"La ULL presenta un programa de 26 cursos de extensi\u00f3n universitaria coorganizados con 11 municipios de Tenerife"},"content":{"rendered":"<p>La Universidad de La Laguna ha presentado hoy, lunes 27 de abril, su programa para 2026 de <a href=\"https:\/\/www.ull.es\/cultura\/cursos-extension-universitaria\/cursos-de-ayuntamientos\/\" target=\"_blank\" rel=\"noopener\" target=\"_blank\" rel=\"noopener\">cursos en el \u00e1mbito municipal de Tenerife<\/a>, una oferta formativa compuesta por 26 seminarios coorganizados con la colaboraci\u00f3n de once ayuntamientos de la isla que acoger\u00e1n estos seminarios presenciales \u2013con alguna excepci\u00f3n que \u00edntegramente online\u2013. Al acto ha acudido una nutrida representaci\u00f3n de los municipios, as\u00ed como gran parte del profesorado de la instituci\u00f3n acad\u00e9mica responsable.<\/p>\n<p>La matr\u00edcula para inscribirse ya est\u00e1 abierta en la <a href=\"https:\/\/www.ull.es\/cultura\/cursos-extension-universitaria\/cursos-de-ayuntamientos\/\" target=\"_blank\" rel=\"noopener\" target=\"_blank\" rel=\"noopener\">p\u00e1gina web<\/a> universitaria. Los cursos tienen una carga lectiva de 10 horas totales repartidas en tres d\u00edas con un coste de matr\u00edcula general de 20 euros, y solamente 10 para las personas empadronadas en el municipio que acoja el seminario. Las tem\u00e1ticas est\u00e1n consensuadas entre la instituci\u00f3n acad\u00e9mica y los ayuntamientos, y la direcci\u00f3n corre a cargo de docentes de la Universidad de La Laguna. Los municipios participantes son Arafo, Buenavista del Norte, Candelaria, Fasnia, Granadilla de Abona, La Guancha, La Orotava, Los Realejos, El Rosario, Santiago del Teide y Tegueste.<\/p>\n<p>Este programa est\u00e1 amparado bajo el concepto de \u201cextensi\u00f3n universitaria\u201d, cuyo prop\u00f3sito es sacar la formaci\u00f3n superior de sus muros y acercar la academia a la ciudadan\u00eda. Por ello, no hay requisitos acad\u00e9micos previos para poder matricularse: los seminarios est\u00e1n abiertos a cualquier persona interesada en la tem\u00e1tica, independientemente de cu\u00e1l sea su formaci\u00f3n previa, pero est\u00e1n dise\u00f1ados e impartidos con toda la rigurosidad cient\u00edfica que cabe esperar de una universidad p\u00fablica.<\/p>\n<p><strong><a href=\"https:\/\/www.ull.es\/portal\/noticias\/wp-content\/uploads\/sites\/13\/2026\/04\/Cursos-Extens-Ayuntamientos-01.jpg\" target=\"_blank\" rel=\"noopener\" target=\"_blank\" rel=\"noopener\"><img decoding=\"async\" loading=\"lazy\" class=\"alignleft wp-image-88327 size-medium\" src=\"https:\/\/www.ull.es\/portal\/noticias\/wp-content\/uploads\/sites\/13\/2026\/04\/Cursos-Extens-Ayuntamientos-01-300x200.jpg\" alt=\"\" width=\"300\" height=\"200\" srcset=\"https:\/\/www.ull.es\/portal\/noticias\/wp-content\/uploads\/sites\/13\/2026\/04\/Cursos-Extens-Ayuntamientos-01-300x200.jpg 300w, https:\/\/www.ull.es\/portal\/noticias\/wp-content\/uploads\/sites\/13\/2026\/04\/Cursos-Extens-Ayuntamientos-01-1024x683.jpg 1024w, https:\/\/www.ull.es\/portal\/noticias\/wp-content\/uploads\/sites\/13\/2026\/04\/Cursos-Extens-Ayuntamientos-01-768x512.jpg 768w, https:\/\/www.ull.es\/portal\/noticias\/wp-content\/uploads\/sites\/13\/2026\/04\/Cursos-Extens-Ayuntamientos-01-375x250.jpg 375w, https:\/\/www.ull.es\/portal\/noticias\/wp-content\/uploads\/sites\/13\/2026\/04\/Cursos-Extens-Ayuntamientos-01-750x500.jpg 750w, https:\/\/www.ull.es\/portal\/noticias\/wp-content\/uploads\/sites\/13\/2026\/04\/Cursos-Extens-Ayuntamientos-01-1140x760.jpg 1140w, https:\/\/www.ull.es\/portal\/noticias\/wp-content\/uploads\/sites\/13\/2026\/04\/Cursos-Extens-Ayuntamientos-01.jpg 1200w\" sizes=\"(max-width: 300px) 100vw, 300px\" \/><\/a>Presentaci\u00f3n<\/strong><\/p>\n<p>El acto cont\u00f3 con la participaci\u00f3n de la vicerrectora de Cultura y Extensi\u00f3n Universitaria de la Universidad de La Laguna, Isabel Karely Le\u00f3n P\u00e9rez; el alcalde del Ayuntamiento de El Rosario, Escol\u00e1stico Gil Hern\u00e1ndez; y la alcaldesa del Ayuntamiento de Buenavista del Norte, Eva Mar\u00eda Garc\u00eda Herrera; y el director de secretariado de Extensi\u00f3n Universitaria, Abel L\u00f3pez D\u00edez. Tambi\u00e9n estar\u00e1n presentes concejales y t\u00e9cnicos de los ayuntamientos implicados en esta convocatoria.<\/p>\n<p>El rector de la Universidad de La Laguna, Francisco J. Garc\u00eda Rodr\u00edguez, no pudo acudir a la presentaci\u00f3n por un compromiso de \u00faltima hora, pero dej\u00f3 un saludo en video en el cual enfatiz\u00f3 la importancia que poseen estos cursos porque permiten a la instituci\u00f3n acad\u00e9mica \u201cestar al lado de lo local, del territorio m\u00e1s pr\u00f3ximo a la ciudadan\u00eda\u201d. Resalt\u00f3 que los cursos responden a las demandas de cada municipio y que, gracias a la complicidad de estos ayuntamientos, es posible establecer una colaboraci\u00f3n que ayuda a \u201ccrear una sociedad m\u00e1s justa y equitativa\u201d.<\/p>\n<p>La vicerrectora, Isabel L\u00f3pez, hizo de conductora del acto otorgando los diferentes turnos de palabra, y tambi\u00e9n realiz\u00f3 una s\u00edntesis de esta oferta acad\u00e9mica que cubre una amplia variedad de materias y que ella estructur\u00f3 en cinco grandes \u00e1reas tem\u00e1ticas: tecnolog\u00eda, lo social, lo ambiental\/territorial, lo patrimonial\/cultural y, por \u00faltimo, lo c\u00edvico\/human\u00edstico. Una oferta interdisciplinar y, tambi\u00e9n, intergeneracional al estar abierta a todas las edades. Tambi\u00e9n quiso destacar la labor desarrollada por el personal t\u00e9cnico del Negociado de Extensi\u00f3n Universitaria, por su pasi\u00f3n para sacar esta y otras convocatorias adelante.<\/p>\n<p>El alcalde de El Rosario, Escol\u00e1stico Gil, quiso destacar que la presencia de la Universidad de La Laguna en su municipio y, en especial, la relaci\u00f3n establecida con la C\u00e1tedra Cultural Reducci\u00f3n de Riesgos de Desastres y Ciudades Resilientes, ha sido fundamental para que su corporaci\u00f3n cuente con un Plan de Emergencias actualizado, del que han derivado ordenanzas municipales para lograr la colaboraci\u00f3n de la ciudadan\u00eda en la limpieza de terrenos para prevenir la propagaci\u00f3n de incendios.<\/p>\n<p>Por su parte, la alcaldesa de Buenavista, Eva Mar\u00eda Garc\u00eda, se\u00f1al\u00f3 que el curso que acoge su municipio sobre intergeneracionalidad est\u00e1 alineado con una pol\u00edtica local que cumple ahora una d\u00e9cada, denominada \u201cBuenavista Diversa\u201d, con la se trabajan durante el a\u00f1o valores como los derechos, la inclusi\u00f3n y la diversidad y tiene su c\u00e9nit en junio, con un festival de tres d\u00edas.<\/p>\n<p>Finalmente, el director de secretariado Abel L\u00f3pez entr\u00f3 al detalle de esta programaci\u00f3n de 26 cursos que espera lograr el mismo \u00e9xito que la edici\u00f3n anterior, que registr\u00f3 en torno a las 500 inscripciones para un n\u00famero parecido de seminarios. Una demostraci\u00f3n de que \u201ceste programa cuenta con muy buena salud y sus cursos interesan a la sociedad\u201d.<\/p>\n<p><strong>Listado de cursos<\/strong><\/p>\n<p>Los cursos comenzaron a impartirse en abril y terminar\u00e1n en noviembre. Su listado completo, por orden cronol\u00f3gico, es el siguiente:<\/p>\n<ul>\n<li>Fundamentos Pr\u00e1cticos de Inteligencia Artificial. (Candelaria). 15-17 de abril.<\/li>\n<li>Verseadores: Una tradici\u00f3n con pasado, presente y futuro. (Fasnia). 23- 25 de abril.<\/li>\n<li>La reducci\u00f3n del riesgo de desastres. Aprendiendo a convivir con los riesgos de origen natural. (El Rosario). 5-7 de mayo.<\/li>\n<li>Laboratorio municipal de proyectos intergeneracionales: dise\u00f1o y puesta en marcha de acciones comunitarias. (Buenavista del Norte). 18-20 de mayo.<\/li>\n<li>Community Manager: Gesti\u00f3n, desarrollo y mantenimiento de comunidades virtuales. (Candelaria). 18-20 de mayo.<\/li>\n<li>Acoso escolar., (La Guancha) 19-21 de mayo.<\/li>\n<li>Artes esc\u00e9nicas para el desarrollo de las competencias comunicativas. (Tegueste). 21-23 de mayo.<\/li>\n<li>Herramientas pr\u00e1cticas para acompa\u00f1ar a personas autistas en \u00e1mbitos educativos. Santiago del Teide. 9-25 de septiembre.<\/li>\n<li>Curso pr\u00e1ctico de Lengua de Signos Espa\u00f1ola (LSE). (Granadilla de Abona). 21-23 de septiembre.<\/li>\n<li>Uso de drones: utilidades, aplicaciones y normativa (curso de iniciaci\u00f3n). (La Orotava). 22-24 de septiembre.<\/li>\n<li>Nutrici\u00f3n deportiva basada en la evidencia: rendimiento, composici\u00f3n corporal y salud. (La Guancha). 28-30 de septiembre.<\/li>\n<li>Uso de drones: utilidades, aplicaciones y normativa (curso de iniciaci\u00f3n). (Arafo). 5-7 de octubre.<\/li>\n<li>Programaci\u00f3n de videojuegos con Unreal Engine. (La Orotava). 6-8 de octubre.<\/li>\n<li>Competencia digital e inteligencia artificial: La Inteligencia Artificial como apoyo a la ense\u00f1anza y el aprendizaje. (Santiago del Teide). 13-16 de octubre.<\/li>\n<li>Desarrollo y promoci\u00f3n del enoturismo con identidad local. (Fasnia). 14-16 de octubre.<\/li>\n<li>Fundamentos pr\u00e1cticos de Inteligencia Artificial. (Granadilla de Abona). 20-22 de octubre.<\/li>\n<li>Curso b\u00e1sico de piloto de drones. Capacitaci\u00f3n para certificados en categor\u00eda abierta A1\/A3. (La Guancha) 27-29 de octubre.<\/li>\n<li>Reconocimiento de setas silvestres de La Esperanza (nivel avanzado). (El Rosario). 3-5 de noviembre.<\/li>\n<li>Desarrollo y promoci\u00f3n del enoturismo con identidad local. Los Realejos. 3-5 de noviembre.<\/li>\n<li>T\u00e9cnicas de comunicaci\u00f3n en p\u00fablico. (Candelaria). 3-5 de noviembre.<\/li>\n<li>Gesti\u00f3n de Residuos. Econom\u00eda Circular. (Granadilla de Abona). 3-5 de noviembre.<\/li>\n<li>Inteligencia Artificial: uso cr\u00edtico, seguro y productivo en contextos acad\u00e9micos y profesionales. (Los Realejos). 10-12 de noviembre.<\/li>\n<li>C\u00f3mo detectar y prevenir conductas suicidas. (Los Realejos). 17-19 de noviembre.<\/li>\n<li>La arqueolog\u00eda aborigen de Canarias. (Fasnia). 23-25 de noviembre.<\/li>\n<li>Curso b\u00e1sico de piloto de drones. Capacitaci\u00f3n para certificados en categor\u00eda abierta A1\/A3. (Arafo). 23-25 de noviembre.<\/li>\n<li>Oratoria, argumentaci\u00f3n y debate. (Los Realejos). 24-26 de noviembre.<\/li>\n<\/ul>\n","protected":false},"excerpt":{"rendered":"<p>La Universidad de La Laguna ha presentado hoy, lunes 27 de abril, su programa para 2026 de cursos en el&#8230;<\/p>\n","protected":false},"author":21,"featured_media":88326,"comment_status":"closed","ping_status":"closed","sticky":false,"template":"","format":"standard","meta":{"inline_featured_image":false,"footnotes":""},"categories":[345,346,2765],"tags":[960,9769,1208],"acf":[],"yoast_head":"<!-- This site is optimized with the Yoast SEO plugin v21.3 - https:\/\/yoast.com\/wordpress\/plugins\/seo\/ -->\n<title>La ULL presenta sus cursos coorganizados con municipios<\/title>\n<meta name=\"description\" content=\"La oferta formativa abarca 26 cursos en total, que ser\u00e1n impartidos hasta finales de noviembre en 11 municipios de Tenerife.\" \/>\n<meta name=\"robots\" content=\"index, follow, max-snippet:-1, max-image-preview:large, max-video-preview:-1\" \/>\n<link rel=\"canonical\" href=\"https:\/\/www.ull.es\/portal\/noticias\/2026\/ull-presenta-26-cursos-extension-coorganizados-11-municipios-tenerife\/\" \/>\n<meta property=\"og:locale\" content=\"es_ES\" \/>\n<meta property=\"og:type\" content=\"article\" \/>\n<meta property=\"og:title\" content=\"La ULL presenta sus cursos coorganizados con municipios\" \/>\n<meta property=\"og:description\" content=\"La oferta formativa abarca 26 cursos en total, que ser\u00e1n impartidos hasta finales de noviembre en 11 municipios de Tenerife.\" \/>\n<meta property=\"og:url\" content=\"https:\/\/www.ull.es\/portal\/noticias\/2026\/ull-presenta-26-cursos-extension-coorganizados-11-municipios-tenerife\/\" \/>\n<meta property=\"og:site_name\" content=\"ULL - Noticias\" \/>\n<meta property=\"article:publisher\" content=\"https:\/\/www.facebook.com\/universidaddelalaguna\/\" \/>\n<meta property=\"article:published_time\" content=\"2026-04-27T13:53:31+00:00\" \/>\n<meta property=\"article:modified_time\" content=\"2026-04-27T13:54:33+00:00\" \/>\n<meta property=\"og:image\" content=\"https:\/\/www.ull.es\/portal\/noticias\/wp-content\/uploads\/sites\/13\/2026\/04\/Cursos-Extens-Ayuntamientos-16.jpg\" \/>\n\t<meta property=\"og:image:width\" content=\"1200\" \/>\n\t<meta property=\"og:image:height\" content=\"800\" \/>\n\t<meta property=\"og:image:type\" content=\"image\/jpeg\" \/>\n<meta name=\"author\" content=\"prensa2\" \/>\n<meta name=\"twitter:card\" content=\"summary_large_image\" \/>\n<meta name=\"twitter:creator\" content=\"@CanalULL\" \/>\n<meta name=\"twitter:site\" content=\"@CanalULL\" \/>\n<meta name=\"twitter:label1\" content=\"Escrito por\" \/>\n\t<meta name=\"twitter:data1\" content=\"prensa2\" \/>\n\t<meta name=\"twitter:label2\" content=\"Tiempo de lectura\" \/>\n\t<meta name=\"twitter:data2\" content=\"6 minutos\" \/>\n<script type=\"application\/ld+json\" class=\"yoast-schema-graph\">{\"@context\":\"https:\/\/schema.org\",\"@graph\":[{\"@type\":\"WebPage\",\"@id\":\"https:\/\/www.ull.es\/portal\/noticias\/2026\/ull-presenta-26-cursos-extension-coorganizados-11-municipios-tenerife\/\",\"url\":\"https:\/\/www.ull.es\/portal\/noticias\/2026\/ull-presenta-26-cursos-extension-coorganizados-11-municipios-tenerife\/\",\"name\":\"La ULL presenta sus cursos coorganizados con municipios\",\"isPartOf\":{\"@id\":\"https:\/\/www.ull.es\/portal\/noticias\/#website\"},\"datePublished\":\"2026-04-27T13:53:31+00:00\",\"dateModified\":\"2026-04-27T13:54:33+00:00\",\"author\":{\"@id\":\"https:\/\/www.ull.es\/portal\/noticias\/#\/schema\/person\/c3b2aa857797592927a03740d6664376\"},\"description\":\"La oferta formativa abarca 26 cursos en total, que ser\u00e1n impartidos hasta finales de noviembre en 11 municipios de Tenerife.\",\"breadcrumb\":{\"@id\":\"https:\/\/www.ull.es\/portal\/noticias\/2026\/ull-presenta-26-cursos-extension-coorganizados-11-municipios-tenerife\/#breadcrumb\"},\"inLanguage\":\"es\",\"potentialAction\":[{\"@type\":\"ReadAction\",\"target\":[\"https:\/\/www.ull.es\/portal\/noticias\/2026\/ull-presenta-26-cursos-extension-coorganizados-11-municipios-tenerife\/\"]}]},{\"@type\":\"BreadcrumbList\",\"@id\":\"https:\/\/www.ull.es\/portal\/noticias\/2026\/ull-presenta-26-cursos-extension-coorganizados-11-municipios-tenerife\/#breadcrumb\",\"itemListElement\":[{\"@type\":\"ListItem\",\"position\":1,\"name\":\"Portada\",\"item\":\"https:\/\/www.ull.es\/portal\/noticias\/\"},{\"@type\":\"ListItem\",\"position\":2,\"name\":\"La ULL presenta un programa de 26 cursos de extensi\u00f3n universitaria coorganizados con 11 municipios de Tenerife\"}]},{\"@type\":\"WebSite\",\"@id\":\"https:\/\/www.ull.es\/portal\/noticias\/#website\",\"url\":\"https:\/\/www.ull.es\/portal\/noticias\/\",\"name\":\"ULL - Noticias\",\"description\":\"\",\"potentialAction\":[{\"@type\":\"SearchAction\",\"target\":{\"@type\":\"EntryPoint\",\"urlTemplate\":\"https:\/\/www.ull.es\/portal\/noticias\/?s={search_term_string}\"},\"query-input\":\"required name=search_term_string\"}],\"inLanguage\":\"es\"},{\"@type\":\"Person\",\"@id\":\"https:\/\/www.ull.es\/portal\/noticias\/#\/schema\/person\/c3b2aa857797592927a03740d6664376\",\"name\":\"prensa2\",\"image\":{\"@type\":\"ImageObject\",\"inLanguage\":\"es\",\"@id\":\"https:\/\/www.ull.es\/portal\/noticias\/#\/schema\/person\/image\/\",\"url\":\"https:\/\/secure.gravatar.com\/avatar\/b58f310a5de5feb33d1e026d2493f23c?s=96&d=mm&r=g\",\"contentUrl\":\"https:\/\/secure.gravatar.com\/avatar\/b58f310a5de5feb33d1e026d2493f23c?s=96&d=mm&r=g\",\"caption\":\"prensa2\"},\"url\":\"https:\/\/www.ull.es\/portal\/noticias\/author\/prensa2\/\"}]}<\/script>\n<!-- \/ Yoast SEO plugin. -->","yoast_head_json":{"title":"La ULL presenta sus cursos coorganizados con municipios","description":"La oferta formativa abarca 26 cursos en total, que ser\u00e1n impartidos hasta finales de noviembre en 11 municipios de Tenerife.","robots":{"index":"index","follow":"follow","max-snippet":"max-snippet:-1","max-image-preview":"max-image-preview:large","max-video-preview":"max-video-preview:-1"},"canonical":"https:\/\/www.ull.es\/portal\/noticias\/2026\/ull-presenta-26-cursos-extension-coorganizados-11-municipios-tenerife\/","og_locale":"es_ES","og_type":"article","og_title":"La ULL presenta sus cursos coorganizados con municipios","og_description":"La oferta formativa abarca 26 cursos en total, que ser\u00e1n impartidos hasta finales de noviembre en 11 municipios de Tenerife.","og_url":"https:\/\/www.ull.es\/portal\/noticias\/2026\/ull-presenta-26-cursos-extension-coorganizados-11-municipios-tenerife\/","og_site_name":"ULL - Noticias","article_publisher":"https:\/\/www.facebook.com\/universidaddelalaguna\/","article_published_time":"2026-04-27T13:53:31+00:00","article_modified_time":"2026-04-27T13:54:33+00:00","og_image":[{"width":1200,"height":800,"url":"https:\/\/www.ull.es\/portal\/noticias\/wp-content\/uploads\/sites\/13\/2026\/04\/Cursos-Extens-Ayuntamientos-16.jpg","type":"image\/jpeg"}],"author":"prensa2","twitter_card":"summary_large_image","twitter_creator":"@CanalULL","twitter_site":"@CanalULL","twitter_misc":{"Escrito por":"prensa2","Tiempo de lectura":"6 minutos"},"schema":{"@context":"https:\/\/schema.org","@graph":[{"@type":"WebPage","@id":"https:\/\/www.ull.es\/portal\/noticias\/2026\/ull-presenta-26-cursos-extension-coorganizados-11-municipios-tenerife\/","url":"https:\/\/www.ull.es\/portal\/noticias\/2026\/ull-presenta-26-cursos-extension-coorganizados-11-municipios-tenerife\/","name":"La ULL presenta sus cursos coorganizados con municipios","isPartOf":{"@id":"https:\/\/www.ull.es\/portal\/noticias\/#website"},"datePublished":"2026-04-27T13:53:31+00:00","dateModified":"2026-04-27T13:54:33+00:00","author":{"@id":"https:\/\/www.ull.es\/portal\/noticias\/#\/schema\/person\/c3b2aa857797592927a03740d6664376"},"description":"La oferta formativa abarca 26 cursos en total, que ser\u00e1n impartidos hasta finales de noviembre en 11 municipios de Tenerife.","breadcrumb":{"@id":"https:\/\/www.ull.es\/portal\/noticias\/2026\/ull-presenta-26-cursos-extension-coorganizados-11-municipios-tenerife\/#breadcrumb"},"inLanguage":"es","potentialAction":[{"@type":"ReadAction","target":["https:\/\/www.ull.es\/portal\/noticias\/2026\/ull-presenta-26-cursos-extension-coorganizados-11-municipios-tenerife\/"]}]},{"@type":"BreadcrumbList","@id":"https:\/\/www.ull.es\/portal\/noticias\/2026\/ull-presenta-26-cursos-extension-coorganizados-11-municipios-tenerife\/#breadcrumb","itemListElement":[{"@type":"ListItem","position":1,"name":"Portada","item":"https:\/\/www.ull.es\/portal\/noticias\/"},{"@type":"ListItem","position":2,"name":"La ULL presenta un programa de 26 cursos de extensi\u00f3n universitaria coorganizados con 11 municipios de Tenerife"}]},{"@type":"WebSite","@id":"https:\/\/www.ull.es\/portal\/noticias\/#website","url":"https:\/\/www.ull.es\/portal\/noticias\/","name":"ULL - Noticias","description":"","potentialAction":[{"@type":"SearchAction","target":{"@type":"EntryPoint","urlTemplate":"https:\/\/www.ull.es\/portal\/noticias\/?s={search_term_string}"},"query-input":"required name=search_term_string"}],"inLanguage":"es"},{"@type":"Person","@id":"https:\/\/www.ull.es\/portal\/noticias\/#\/schema\/person\/c3b2aa857797592927a03740d6664376","name":"prensa2","image":{"@type":"ImageObject","inLanguage":"es","@id":"https:\/\/www.ull.es\/portal\/noticias\/#\/schema\/person\/image\/","url":"https:\/\/secure.gravatar.com\/avatar\/b58f310a5de5feb33d1e026d2493f23c?s=96&d=mm&r=g","contentUrl":"https:\/\/secure.gravatar.com\/avatar\/b58f310a5de5feb33d1e026d2493f23c?s=96&d=mm&r=g","caption":"prensa2"},"url":"https:\/\/www.ull.es\/portal\/noticias\/author\/prensa2\/"}]}},"primary_category":null,"featured_image_thumbnail_url":"https:\/\/www.ull.es\/portal\/noticias\/wp-content\/uploads\/sites\/13\/2026\/04\/Cursos-Extens-Ayuntamientos-16-300x200.jpg","_links":{"self":[{"href":"https:\/\/www.ull.es\/portal\/noticias\/wp-json\/wp\/v2\/posts\/88323"}],"collection":[{"href":"https:\/\/www.ull.es\/portal\/noticias\/wp-json\/wp\/v2\/posts"}],"about":[{"href":"https:\/\/www.ull.es\/portal\/noticias\/wp-json\/wp\/v2\/types\/post"}],"author":[{"embeddable":true,"href":"https:\/\/www.ull.es\/portal\/noticias\/wp-json\/wp\/v2\/users\/21"}],"replies":[{"embeddable":true,"href":"https:\/\/www.ull.es\/portal\/noticias\/wp-json\/wp\/v2\/comments?post=88323"}],"version-history":[{"count":1,"href":"https:\/\/www.ull.es\/portal\/noticias\/wp-json\/wp\/v2\/posts\/88323\/revisions"}],"predecessor-version":[{"id":88328,"href":"https:\/\/www.ull.es\/portal\/noticias\/wp-json\/wp\/v2\/posts\/88323\/revisions\/88328"}],"wp:featuredmedia":[{"embeddable":true,"href":"https:\/\/www.ull.es\/portal\/noticias\/wp-json\/wp\/v2\/media\/88326"}],"wp:attachment":[{"href":"https:\/\/www.ull.es\/portal\/noticias\/wp-json\/wp\/v2\/media?parent=88323"}],"wp:term":[{"taxonomy":"category","embeddable":true,"href":"https:\/\/www.ull.es\/portal\/noticias\/wp-json\/wp\/v2\/categories?post=88323"},{"taxonomy":"post_tag","embeddable":true,"href":"https:\/\/www.ull.es\/portal\/noticias\/wp-json\/wp\/v2\/tags?post=88323"}],"curies":[{"name":"wp","href":"https:\/\/api.w.org\/{rel}","templated":true}]}}