{"id":88329,"date":"2026-04-27T14:30:27","date_gmt":"2026-04-27T14:30:27","guid":{"rendered":"https:\/\/www.ull.es\/portal\/noticias\/?p=88329"},"modified":"2026-04-27T14:31:41","modified_gmt":"2026-04-27T14:31:41","slug":"el-consejo-de-gobierno-de-la-ull-da-el-visto-bueno-al-doble-grado-de-nautica-transporte-maritimo-y-tecnologias-marinas","status":"publish","type":"post","link":"https:\/\/www.ull.es\/portal\/noticias\/2026\/el-consejo-de-gobierno-de-la-ull-da-el-visto-bueno-al-doble-grado-de-nautica-transporte-maritimo-y-tecnologias-marinas\/","title":{"rendered":"El Consejo de Gobierno de la ULL da el visto bueno al Doble Grado de N\u00e1utica, Transporte Mar\u00edtimo y Tecnolog\u00edas Marinas"},"content":{"rendered":"<p>La Universidad de La Laguna contin\u00faa paulatinamente renovando su cat\u00e1logo de t\u00edtulos. Hoy 27 de abril el Consejo de Gobierno del centro acad\u00e9mico ha dado su visto bueno a la impartici\u00f3n el pr\u00f3ximo curso 2026727 del Doble Grado en N\u00e1utica, Transporte Mar\u00edtimo y Tecnolog\u00edas Marinas, con un total de 330 cr\u00e9ditos y una duraci\u00f3n de cinco a\u00f1os, 20 plazas por curso y un \u00fanico Trabajo de Fin de Grado.<\/p>\n<p>Este doble grado se sumar\u00eda a la n\u00f3mina de t\u00edtulos del mismo tenor que ya se \u00a0est\u00e1n impartiendo desde este a\u00f1o, a saber: <a href=\"https:\/\/www.ull.es\/grados\/bellas-artes-y-diseno\/\" target=\"_blank\" rel=\"noopener\">Bellas Artes y Dise\u00f1o<\/a>; <a href=\"https:\/\/www.ull.es\/grados\/espanol-y-estudios-clasicos\/\" target=\"_blank\" rel=\"noopener\">Espa\u00f1ol: Lengua y Literatura y en Estudios Cl\u00e1sicos<\/a>; <a href=\"https:\/\/www.ull.es\/grados\/frances-e-ingles\/\" target=\"_blank\" rel=\"noopener\">Estudios Ingleses y Estudios Franc\u00f3fonos Aplicados<\/a>; <a href=\"https:\/\/www.ull.es\/grados\/historia-y-geografia\/\" target=\"_blank\" rel=\"noopener\">Historia y en Geograf\u00eda y Ordenaci\u00f3n del Territorio<\/a>; <a href=\"https:\/\/www.ull.es\/grados\/historia-e-historia-del-arte\/\" target=\"_blank\" rel=\"noopener\">Historia e Historia del Arte<\/a>; <a href=\"https:\/\/www.ull.es\/grados\/derecho-y-relaciones-laborales\/\" target=\"_blank\" rel=\"noopener\">Derecho y Relaciones Laborales<\/a>; <a href=\"https:\/\/www.ull.es\/grados\/historia-y-geografia\/\" target=\"_blank\" rel=\"noopener\">Historia, Geograf\u00eda y Ordenaci\u00f3n del Territorio<\/a>; <a href=\"https:\/\/www.ull.es\/grados\/sociologia-y-antropologia\/\" target=\"_blank\" rel=\"noopener\">Sociolog\u00eda y Antropolog\u00eda Social y Cultural<\/a>, adem\u00e1s de un doble m\u00e1ster, tambi\u00e9n en vigor.<\/p>\n<p>Igualmente se acord\u00f3 una leve modificaci\u00f3n del Reglamento de transferencia y reconocimiento de cr\u00e9ditos de la Universidad de La Laguna, y se confirm\u00f3 otra modificaci\u00f3n concreta del Reglamento que regula las ense\u00f1anzas oficiales de doctorado, en este caso relativa a la presentaci\u00f3n de avales.<\/p>\n<p>Tambi\u00e9n dentro del \u00e1mbito acad\u00e9mico, el vicerrector de Personal Docente e Investigador, Alfonso Ruiz, present\u00f3 una aclaraci\u00f3n a la normativa que regula el funcionamiento de la bolsa de sustituci\u00f3n del personal docente e investigador de la instituci\u00f3n docente, que fue aprobada.<\/p>\n<p>Por su parte, la gerenta de la instituci\u00f3n, Lidia Pereira, inform\u00f3 acerca del estado de liquidaci\u00f3n de las cuentas anuales de 2025, informadas la semana pasada al Claustro del centro acad\u00e9mico, para su remisi\u00f3n definitiva tras este paso al Consejo Social. Se trata de un documento elaborado en un escenario de enorme incertidumbre, a la espera de un marco financiero estable y a m\u00e1s largo plazo, aleg\u00f3 la responsable.<\/p>\n<p>Con todo, Pereira hizo hincapi\u00e9 en la mejora en la tendencia de ejecuci\u00f3n del gasto p\u00fablico, la importancia en este documento de la financiaci\u00f3n afectada, la puesta en pr\u00e1ctica de medidas de agilidad en la tramitaci\u00f3n universitaria, al tiempo que coment\u00f3 los pr\u00f3ximos pasos que pretende dar la Gerencia, y que tienen que ver con la incorporaci\u00f3n de medidas de sostenibilidad en la contabilidad y la puesta en marcha de centros de costes con automatizaci\u00f3n de la informaci\u00f3n y datos concomitantes con el desarrollo de la actividad.<\/p>\n<p>Las previsiones iniciales de ingreso del ejercicio fueron de 174.452.000 euros y las definitivas se cerraron en 281.282.137 euros. En cuanto al gasto, el cr\u00e9dito inicial era de 173.819.000, sobre los que hubo modificaciones por valor de 100.726.779, lo que ofreci\u00f3 un cr\u00e9dito final de 273.329.779 euros.<\/p>\n<p>El \u00f3rgano colegiado conoci\u00f3 los complementos retributivos destinados a profesorado, al tiempo que fue informado de la propuesta de retribuciones de los contratos derivados de la Ley de la Ciencia, que a su vez ser\u00e1 objeto de negociaci\u00f3n con la Gerencia. El Consejo de Gobierno tambi\u00e9n dio su visto bueno a algunos aspectos formales de las contrataciones plurianuales, adem\u00e1s de una puntualizaci\u00f3n a la propia relaci\u00f3n de puestos de trabajo del personal t\u00e9cnico de gesti\u00f3n funcionario.<\/p>\n","protected":false},"excerpt":{"rendered":"<p>La Universidad de La Laguna contin\u00faa paulatinamente renovando su cat\u00e1logo de t\u00edtulos. Hoy 27 de abril el Consejo de Gobierno&#8230;<\/p>\n","protected":false},"author":23,"featured_media":85452,"comment_status":"closed","ping_status":"closed","sticky":false,"template":"","format":"standard","meta":{"inline_featured_image":false,"footnotes":""},"categories":[345,3898,347,2765],"tags":[],"acf":[],"yoast_head":"<!-- This site is optimized with the Yoast SEO plugin v21.3 - https:\/\/yoast.com\/wordpress\/plugins\/seo\/ -->\n<title>El Consejo de Gobierno de la ULL da el visto bueno al Doble Grado de N\u00e1utica, Transporte Mar\u00edtimo y Tecnolog\u00edas Marinas - ULL - Noticias<\/title>\n<meta name=\"robots\" content=\"index, follow, max-snippet:-1, max-image-preview:large, max-video-preview:-1\" \/>\n<link rel=\"canonical\" href=\"https:\/\/www.ull.es\/portal\/noticias\/2026\/el-consejo-de-gobierno-de-la-ull-da-el-visto-bueno-al-doble-grado-de-nautica-transporte-maritimo-y-tecnologias-marinas\/\" \/>\n<meta property=\"og:locale\" content=\"es_ES\" \/>\n<meta property=\"og:type\" content=\"article\" \/>\n<meta property=\"og:title\" content=\"El Consejo de Gobierno de la ULL da el visto bueno al Doble Grado de N\u00e1utica, Transporte Mar\u00edtimo y Tecnolog\u00edas Marinas - ULL - Noticias\" \/>\n<meta property=\"og:description\" content=\"La Universidad de La Laguna contin\u00faa paulatinamente renovando su cat\u00e1logo de t\u00edtulos. Hoy 27 de abril el Consejo de Gobierno...\" \/>\n<meta property=\"og:url\" content=\"https:\/\/www.ull.es\/portal\/noticias\/2026\/el-consejo-de-gobierno-de-la-ull-da-el-visto-bueno-al-doble-grado-de-nautica-transporte-maritimo-y-tecnologias-marinas\/\" \/>\n<meta property=\"og:site_name\" content=\"ULL - Noticias\" \/>\n<meta property=\"article:publisher\" content=\"https:\/\/www.facebook.com\/universidaddelalaguna\/\" \/>\n<meta property=\"article:published_time\" content=\"2026-04-27T14:30:27+00:00\" \/>\n<meta property=\"article:modified_time\" content=\"2026-04-27T14:31:41+00:00\" \/>\n<meta property=\"og:image\" content=\"https:\/\/www.ull.es\/portal\/noticias\/wp-content\/uploads\/sites\/13\/2025\/11\/Cons-Gobierno-10-11-01.jpg\" \/>\n\t<meta property=\"og:image:width\" content=\"1200\" \/>\n\t<meta property=\"og:image:height\" content=\"800\" \/>\n\t<meta property=\"og:image:type\" content=\"image\/jpeg\" \/>\n<meta name=\"author\" content=\"gaprsa\" \/>\n<meta name=\"twitter:card\" content=\"summary_large_image\" \/>\n<meta name=\"twitter:creator\" content=\"@CanalULL\" \/>\n<meta name=\"twitter:site\" content=\"@CanalULL\" \/>\n<meta name=\"twitter:label1\" content=\"Escrito por\" \/>\n\t<meta name=\"twitter:data1\" content=\"gaprsa\" \/>\n\t<meta name=\"twitter:label2\" content=\"Tiempo de lectura\" \/>\n\t<meta name=\"twitter:data2\" content=\"3 minutos\" \/>\n<script type=\"application\/ld+json\" class=\"yoast-schema-graph\">{\"@context\":\"https:\/\/schema.org\",\"@graph\":[{\"@type\":\"WebPage\",\"@id\":\"https:\/\/www.ull.es\/portal\/noticias\/2026\/el-consejo-de-gobierno-de-la-ull-da-el-visto-bueno-al-doble-grado-de-nautica-transporte-maritimo-y-tecnologias-marinas\/\",\"url\":\"https:\/\/www.ull.es\/portal\/noticias\/2026\/el-consejo-de-gobierno-de-la-ull-da-el-visto-bueno-al-doble-grado-de-nautica-transporte-maritimo-y-tecnologias-marinas\/\",\"name\":\"El Consejo de Gobierno de la ULL da el visto bueno al Doble Grado de N\u00e1utica, Transporte Mar\u00edtimo y Tecnolog\u00edas Marinas - ULL - Noticias\",\"isPartOf\":{\"@id\":\"https:\/\/www.ull.es\/portal\/noticias\/#website\"},\"datePublished\":\"2026-04-27T14:30:27+00:00\",\"dateModified\":\"2026-04-27T14:31:41+00:00\",\"author\":{\"@id\":\"https:\/\/www.ull.es\/portal\/noticias\/#\/schema\/person\/b2b1a89d43ffa609e591f7df8ef3e817\"},\"breadcrumb\":{\"@id\":\"https:\/\/www.ull.es\/portal\/noticias\/2026\/el-consejo-de-gobierno-de-la-ull-da-el-visto-bueno-al-doble-grado-de-nautica-transporte-maritimo-y-tecnologias-marinas\/#breadcrumb\"},\"inLanguage\":\"es\",\"potentialAction\":[{\"@type\":\"ReadAction\",\"target\":[\"https:\/\/www.ull.es\/portal\/noticias\/2026\/el-consejo-de-gobierno-de-la-ull-da-el-visto-bueno-al-doble-grado-de-nautica-transporte-maritimo-y-tecnologias-marinas\/\"]}]},{\"@type\":\"BreadcrumbList\",\"@id\":\"https:\/\/www.ull.es\/portal\/noticias\/2026\/el-consejo-de-gobierno-de-la-ull-da-el-visto-bueno-al-doble-grado-de-nautica-transporte-maritimo-y-tecnologias-marinas\/#breadcrumb\",\"itemListElement\":[{\"@type\":\"ListItem\",\"position\":1,\"name\":\"Portada\",\"item\":\"https:\/\/www.ull.es\/portal\/noticias\/\"},{\"@type\":\"ListItem\",\"position\":2,\"name\":\"El Consejo de Gobierno de la ULL da el visto bueno al Doble Grado de N\u00e1utica, Transporte Mar\u00edtimo y Tecnolog\u00edas Marinas\"}]},{\"@type\":\"WebSite\",\"@id\":\"https:\/\/www.ull.es\/portal\/noticias\/#website\",\"url\":\"https:\/\/www.ull.es\/portal\/noticias\/\",\"name\":\"ULL - Noticias\",\"description\":\"\",\"potentialAction\":[{\"@type\":\"SearchAction\",\"target\":{\"@type\":\"EntryPoint\",\"urlTemplate\":\"https:\/\/www.ull.es\/portal\/noticias\/?s={search_term_string}\"},\"query-input\":\"required name=search_term_string\"}],\"inLanguage\":\"es\"},{\"@type\":\"Person\",\"@id\":\"https:\/\/www.ull.es\/portal\/noticias\/#\/schema\/person\/b2b1a89d43ffa609e591f7df8ef3e817\",\"name\":\"gaprsa\",\"image\":{\"@type\":\"ImageObject\",\"inLanguage\":\"es\",\"@id\":\"https:\/\/www.ull.es\/portal\/noticias\/#\/schema\/person\/image\/\",\"url\":\"https:\/\/secure.gravatar.com\/avatar\/443820550921091458b4823867723b3d?s=96&d=mm&r=g\",\"contentUrl\":\"https:\/\/secure.gravatar.com\/avatar\/443820550921091458b4823867723b3d?s=96&d=mm&r=g\",\"caption\":\"gaprsa\"},\"url\":\"https:\/\/www.ull.es\/portal\/noticias\/author\/gaprsa\/\"}]}<\/script>\n<!-- \/ Yoast SEO plugin. -->","yoast_head_json":{"title":"El Consejo de Gobierno de la ULL da el visto bueno al Doble Grado de N\u00e1utica, Transporte Mar\u00edtimo y Tecnolog\u00edas Marinas - ULL - Noticias","robots":{"index":"index","follow":"follow","max-snippet":"max-snippet:-1","max-image-preview":"max-image-preview:large","max-video-preview":"max-video-preview:-1"},"canonical":"https:\/\/www.ull.es\/portal\/noticias\/2026\/el-consejo-de-gobierno-de-la-ull-da-el-visto-bueno-al-doble-grado-de-nautica-transporte-maritimo-y-tecnologias-marinas\/","og_locale":"es_ES","og_type":"article","og_title":"El Consejo de Gobierno de la ULL da el visto bueno al Doble Grado de N\u00e1utica, Transporte Mar\u00edtimo y Tecnolog\u00edas Marinas - ULL - Noticias","og_description":"La Universidad de La Laguna contin\u00faa paulatinamente renovando su cat\u00e1logo de t\u00edtulos. Hoy 27 de abril el Consejo de Gobierno...","og_url":"https:\/\/www.ull.es\/portal\/noticias\/2026\/el-consejo-de-gobierno-de-la-ull-da-el-visto-bueno-al-doble-grado-de-nautica-transporte-maritimo-y-tecnologias-marinas\/","og_site_name":"ULL - Noticias","article_publisher":"https:\/\/www.facebook.com\/universidaddelalaguna\/","article_published_time":"2026-04-27T14:30:27+00:00","article_modified_time":"2026-04-27T14:31:41+00:00","og_image":[{"width":1200,"height":800,"url":"https:\/\/www.ull.es\/portal\/noticias\/wp-content\/uploads\/sites\/13\/2025\/11\/Cons-Gobierno-10-11-01.jpg","type":"image\/jpeg"}],"author":"gaprsa","twitter_card":"summary_large_image","twitter_creator":"@CanalULL","twitter_site":"@CanalULL","twitter_misc":{"Escrito por":"gaprsa","Tiempo de lectura":"3 minutos"},"schema":{"@context":"https:\/\/schema.org","@graph":[{"@type":"WebPage","@id":"https:\/\/www.ull.es\/portal\/noticias\/2026\/el-consejo-de-gobierno-de-la-ull-da-el-visto-bueno-al-doble-grado-de-nautica-transporte-maritimo-y-tecnologias-marinas\/","url":"https:\/\/www.ull.es\/portal\/noticias\/2026\/el-consejo-de-gobierno-de-la-ull-da-el-visto-bueno-al-doble-grado-de-nautica-transporte-maritimo-y-tecnologias-marinas\/","name":"El Consejo de Gobierno de la ULL da el visto bueno al Doble Grado de N\u00e1utica, Transporte Mar\u00edtimo y Tecnolog\u00edas Marinas - ULL - Noticias","isPartOf":{"@id":"https:\/\/www.ull.es\/portal\/noticias\/#website"},"datePublished":"2026-04-27T14:30:27+00:00","dateModified":"2026-04-27T14:31:41+00:00","author":{"@id":"https:\/\/www.ull.es\/portal\/noticias\/#\/schema\/person\/b2b1a89d43ffa609e591f7df8ef3e817"},"breadcrumb":{"@id":"https:\/\/www.ull.es\/portal\/noticias\/2026\/el-consejo-de-gobierno-de-la-ull-da-el-visto-bueno-al-doble-grado-de-nautica-transporte-maritimo-y-tecnologias-marinas\/#breadcrumb"},"inLanguage":"es","potentialAction":[{"@type":"ReadAction","target":["https:\/\/www.ull.es\/portal\/noticias\/2026\/el-consejo-de-gobierno-de-la-ull-da-el-visto-bueno-al-doble-grado-de-nautica-transporte-maritimo-y-tecnologias-marinas\/"]}]},{"@type":"BreadcrumbList","@id":"https:\/\/www.ull.es\/portal\/noticias\/2026\/el-consejo-de-gobierno-de-la-ull-da-el-visto-bueno-al-doble-grado-de-nautica-transporte-maritimo-y-tecnologias-marinas\/#breadcrumb","itemListElement":[{"@type":"ListItem","position":1,"name":"Portada","item":"https:\/\/www.ull.es\/portal\/noticias\/"},{"@type":"ListItem","position":2,"name":"El Consejo de Gobierno de la ULL da el visto bueno al Doble Grado de N\u00e1utica, Transporte Mar\u00edtimo y Tecnolog\u00edas Marinas"}]},{"@type":"WebSite","@id":"https:\/\/www.ull.es\/portal\/noticias\/#website","url":"https:\/\/www.ull.es\/portal\/noticias\/","name":"ULL - Noticias","description":"","potentialAction":[{"@type":"SearchAction","target":{"@type":"EntryPoint","urlTemplate":"https:\/\/www.ull.es\/portal\/noticias\/?s={search_term_string}"},"query-input":"required name=search_term_string"}],"inLanguage":"es"},{"@type":"Person","@id":"https:\/\/www.ull.es\/portal\/noticias\/#\/schema\/person\/b2b1a89d43ffa609e591f7df8ef3e817","name":"gaprsa","image":{"@type":"ImageObject","inLanguage":"es","@id":"https:\/\/www.ull.es\/portal\/noticias\/#\/schema\/person\/image\/","url":"https:\/\/secure.gravatar.com\/avatar\/443820550921091458b4823867723b3d?s=96&d=mm&r=g","contentUrl":"https:\/\/secure.gravatar.com\/avatar\/443820550921091458b4823867723b3d?s=96&d=mm&r=g","caption":"gaprsa"},"url":"https:\/\/www.ull.es\/portal\/noticias\/author\/gaprsa\/"}]}},"primary_category":{"id":345,"name":"Destacado","slug":"destacado","link":"https:\/\/www.ull.es\/portal\/noticias\/category\/destacado\/"},"featured_image_thumbnail_url":"https:\/\/www.ull.es\/portal\/noticias\/wp-content\/uploads\/sites\/13\/2025\/11\/Cons-Gobierno-10-11-01-300x200.jpg","_links":{"self":[{"href":"https:\/\/www.ull.es\/portal\/noticias\/wp-json\/wp\/v2\/posts\/88329"}],"collection":[{"href":"https:\/\/www.ull.es\/portal\/noticias\/wp-json\/wp\/v2\/posts"}],"about":[{"href":"https:\/\/www.ull.es\/portal\/noticias\/wp-json\/wp\/v2\/types\/post"}],"author":[{"embeddable":true,"href":"https:\/\/www.ull.es\/portal\/noticias\/wp-json\/wp\/v2\/users\/23"}],"replies":[{"embeddable":true,"href":"https:\/\/www.ull.es\/portal\/noticias\/wp-json\/wp\/v2\/comments?post=88329"}],"version-history":[{"count":1,"href":"https:\/\/www.ull.es\/portal\/noticias\/wp-json\/wp\/v2\/posts\/88329\/revisions"}],"predecessor-version":[{"id":88330,"href":"https:\/\/www.ull.es\/portal\/noticias\/wp-json\/wp\/v2\/posts\/88329\/revisions\/88330"}],"wp:featuredmedia":[{"embeddable":true,"href":"https:\/\/www.ull.es\/portal\/noticias\/wp-json\/wp\/v2\/media\/85452"}],"wp:attachment":[{"href":"https:\/\/www.ull.es\/portal\/noticias\/wp-json\/wp\/v2\/media?parent=88329"}],"wp:term":[{"taxonomy":"category","embeddable":true,"href":"https:\/\/www.ull.es\/portal\/noticias\/wp-json\/wp\/v2\/categories?post=88329"},{"taxonomy":"post_tag","embeddable":true,"href":"https:\/\/www.ull.es\/portal\/noticias\/wp-json\/wp\/v2\/tags?post=88329"}],"curies":[{"name":"wp","href":"https:\/\/api.w.org\/{rel}","templated":true}]}}