{"id":88331,"date":"2026-04-28T07:40:32","date_gmt":"2026-04-28T07:40:32","guid":{"rendered":"https:\/\/www.ull.es\/portal\/noticias\/?p=88331"},"modified":"2026-04-28T07:40:32","modified_gmt":"2026-04-28T07:40:32","slug":"la-ull-impulsa-cinco-experiencias-formativas-sobre-sostenibilidad-abiertas-a-su-estudiantado","status":"publish","type":"post","link":"https:\/\/www.ull.es\/portal\/noticias\/2026\/la-ull-impulsa-cinco-experiencias-formativas-sobre-sostenibilidad-abiertas-a-su-estudiantado\/","title":{"rendered":"La ULL impulsa cinco experiencias formativas sobre sostenibilidad abiertas a su estudiantado"},"content":{"rendered":"<p>La Universidad de La Laguna ha puesto en marcha cinco experiencias formativas y participativas dirigidas a su estudiantado en el marco del proyecto de Educaci\u00f3n para el Desarrollo Sostenible (EDS), una iniciativa que busca integrar los principios de la sostenibilidad en la formaci\u00f3n universitaria a trav\u00e9s de metodolog\u00edas activas y orientadas a la acci\u00f3n. El programa, cuyo plazo de inscripci\u00f3n ya se encuentra abierto, se desarrollar\u00e1 en una primera fase entre los meses de abril y mayo, con continuidad en septiembre.<\/p>\n<p>Estas experiencias se conciben como espacios de aprendizaje distintos a las clases habituales, en los que el alumnado podr\u00e1 trabajar sobre problemas reales vinculados a \u00e1mbitos como la sostenibilidad, el bienestar, el territorio o la propia vida universitaria. El enfoque parte de una premisa clara: no se trata solo de adquirir conocimientos te\u00f3ricos, sino de comprender contextos complejos, compartir perspectivas y generar propuestas con capacidad de transformaci\u00f3n.<\/p>\n<p>La iniciativa se alinea con los Objetivos de Desarrollo Sostenible (ODS) de la Agenda 2030, la Agenda Canaria 2030 y las l\u00edneas de Responsabilidad Social Universitaria (RSU) de la Universidad de La Laguna, reforzando el compromiso institucional con una formaci\u00f3n cr\u00edtica, comprometida y conectada con los desaf\u00edos actuales.<\/p>\n<p>Cada una de las cinco acciones formativas se estructura en dos momentos. La primera sesi\u00f3n, que tendr\u00e1 lugar entre finales de abril y mayo, permitir\u00e1 al estudiantado aproximarse a cada tem\u00e1tica desde una experiencia pr\u00e1ctica, participativa y contextualizada. La segunda sesi\u00f3n, prevista para septiembre, dar\u00e1 continuidad al trabajo iniciado, facilitando la elaboraci\u00f3n de propuestas m\u00e1s desarrolladas y su posible proyecci\u00f3n hacia el curso acad\u00e9mico 2026\/2027.<\/p>\n<p>Las experiencias abordan \u00e1mbitos diversos y complementarios. La propuesta de <a href=\"https:\/\/forms.gle\/FwHiEi6TLoMaTqWV6\" target=\"_blank\" rel=\"noopener\">Producci\u00f3n Agraria y Gastronom\u00eda Sostenible<\/a> invita a analizar el sistema alimentario desde dentro, a trav\u00e9s de din\u00e1micas que simulan su funcionamiento y de una posterior inmersi\u00f3n en experiencias reales vinculadas al territorio. El objetivo es comprender las tensiones existentes entre sostenibilidad, viabilidad econ\u00f3mica, log\u00edstica y h\u00e1bitos de consumo, as\u00ed como explorar posibles v\u00edas de transformaci\u00f3n desde el \u00e1mbito universitario.<\/p>\n<p>Por su parte, la experiencia de <a href=\"https:\/\/forms.gle\/AGjW3ZSRvSp5fZo77\" target=\"_blank\" rel=\"noopener\">Renaturalizaci\u00f3n y refugios clim\u00e1ticos<\/a> plantea repensar los espacios del campus desde una perspectiva de adaptaci\u00f3n al cambio clim\u00e1tico y mejora del bienestar. A trav\u00e9s del an\u00e1lisis de entornos concretos, el alumnado podr\u00e1 identificar problem\u00e1ticas relacionadas con el confort t\u00e9rmico, el ruido o el uso de los espacios, y dise\u00f1ar propuestas de intervenci\u00f3n que integren criterios de sostenibilidad y habitabilidad.<\/p>\n<p>En la misma l\u00ednea de trabajo aplicado, <a href=\"https:\/\/forms.gle\/STsygUz9RdqJaiPV9\" target=\"_blank\" rel=\"noopener\">Campus Vivo<\/a> propone utilizar la propia universidad como laboratorio de experimentaci\u00f3n. A partir de un diagn\u00f3stico directo en el entorno universitario, el alumnado trabajar\u00e1 en el dise\u00f1o de intervenciones orientadas a mejorar el funcionamiento y la sostenibilidad de la instituci\u00f3n, conectando an\u00e1lisis y acci\u00f3n en contextos reales.<\/p>\n<p>La iniciativa de <a href=\"https:\/\/forms.gle\/Zqq4ivWWtkVeVWHJ6\" target=\"_blank\" rel=\"noopener\">Inmersi\u00f3n en el territorio<\/a> se centra en el desarrollo comunitario y la relaci\u00f3n entre universidad y entorno. A trav\u00e9s de una experiencia directa en el barrio de San Mat\u00edas, el estudiantado podr\u00e1 conocer de primera mano las din\u00e1micas sociales, econ\u00f3micas y urbanas, interactuar con agentes locales y reflexionar sobre el papel que puede desempe\u00f1ar la universidad en los procesos de transformaci\u00f3n social.<\/p>\n<p>Finalmente, la acci\u00f3n de <a href=\"https:\/\/forms.gle\/i3A3MBoFcN37n58D9\" target=\"_blank\" rel=\"noopener\">Bienestar estudiantil<\/a> aborda la salud mental y la experiencia universitaria desde una perspectiva participativa. Esta propuesta abre un espacio de di\u00e1logo en el que el propio estudiantado podr\u00e1 compartir vivencias, analizar problem\u00e1ticas como la ansiedad o la presi\u00f3n acad\u00e9mica y comenzar a construir respuestas colectivas que contribuyan a mejorar el bienestar en el entorno universitario.<\/p>\n<p>En todos los casos, las actividades est\u00e1n dise\u00f1adas como experiencias abiertas, sin necesidad de conocimientos previos, y con un enfoque claramente orientado a la implicaci\u00f3n activa del alumnado. Adem\u00e1s, se plantea la posibilidad de dar continuidad a los trabajos desarrollados a trav\u00e9s de proyectos acad\u00e9micos, como trabajos de fin de grado o de m\u00e1ster, en el curso 2026\/2027.<\/p>\n<p>Las cinco experiencias cuentan con plazas limitadas y est\u00e1n dirigidas al conjunto del estudiantado de la Universidad de La Laguna. Para facilitar el acceso, la inscripci\u00f3n debe realizarse utilizando la cuenta institucional \u201calu\u201d.<\/p>\n<p>Las personas interesadas pueden consultar el detalle de cada una de las acciones \u2014Producci\u00f3n Agraria y Gastronom\u00eda Sostenible, Renaturalizaci\u00f3n y refugios clim\u00e1ticos, Campus Vivo, Inmersi\u00f3n en el territorio y Bienestar estudiantil\u2014 y formalizar su inscripci\u00f3n a trav\u00e9s de los formularios habilitados para cada experiencia.<\/p>\n","protected":false},"excerpt":{"rendered":"<p>La Universidad de La Laguna ha puesto en marcha cinco experiencias formativas y participativas dirigidas a su estudiantado en el&#8230;<\/p>\n","protected":false},"author":23,"featured_media":88332,"comment_status":"closed","ping_status":"closed","sticky":false,"template":"","format":"standard","meta":{"inline_featured_image":false,"footnotes":""},"categories":[343,5232,345,2765],"tags":[],"acf":[],"yoast_head":"<!-- This site is optimized with the Yoast SEO plugin v21.3 - https:\/\/yoast.com\/wordpress\/plugins\/seo\/ -->\n<title>La ULL impulsa cinco experiencias formativas sobre sostenibilidad abiertas a su estudiantado - ULL - Noticias<\/title>\n<meta name=\"robots\" content=\"index, follow, max-snippet:-1, max-image-preview:large, max-video-preview:-1\" \/>\n<link rel=\"canonical\" href=\"https:\/\/www.ull.es\/portal\/noticias\/2026\/la-ull-impulsa-cinco-experiencias-formativas-sobre-sostenibilidad-abiertas-a-su-estudiantado\/\" \/>\n<meta property=\"og:locale\" content=\"es_ES\" \/>\n<meta property=\"og:type\" content=\"article\" \/>\n<meta property=\"og:title\" content=\"La ULL impulsa cinco experiencias formativas sobre sostenibilidad abiertas a su estudiantado - ULL - Noticias\" \/>\n<meta property=\"og:description\" content=\"La Universidad de La Laguna ha puesto en marcha cinco experiencias formativas y participativas dirigidas a su estudiantado en el...\" \/>\n<meta property=\"og:url\" content=\"https:\/\/www.ull.es\/portal\/noticias\/2026\/la-ull-impulsa-cinco-experiencias-formativas-sobre-sostenibilidad-abiertas-a-su-estudiantado\/\" \/>\n<meta property=\"og:site_name\" content=\"ULL - Noticias\" \/>\n<meta property=\"article:publisher\" content=\"https:\/\/www.facebook.com\/universidaddelalaguna\/\" \/>\n<meta property=\"article:published_time\" content=\"2026-04-28T07:40:32+00:00\" \/>\n<meta property=\"og:image\" content=\"https:\/\/www.ull.es\/portal\/noticias\/wp-content\/uploads\/sites\/13\/2026\/04\/Experiencia-EDS-ULL.jpg\" \/>\n\t<meta property=\"og:image:width\" content=\"1422\" \/>\n\t<meta property=\"og:image:height\" content=\"800\" \/>\n\t<meta property=\"og:image:type\" content=\"image\/jpeg\" \/>\n<meta name=\"author\" content=\"gaprsa\" \/>\n<meta name=\"twitter:card\" content=\"summary_large_image\" \/>\n<meta name=\"twitter:creator\" content=\"@CanalULL\" \/>\n<meta name=\"twitter:site\" content=\"@CanalULL\" \/>\n<meta name=\"twitter:label1\" content=\"Escrito por\" \/>\n\t<meta name=\"twitter:data1\" content=\"gaprsa\" \/>\n\t<meta name=\"twitter:label2\" content=\"Tiempo de lectura\" \/>\n\t<meta name=\"twitter:data2\" content=\"4 minutos\" \/>\n<script type=\"application\/ld+json\" class=\"yoast-schema-graph\">{\"@context\":\"https:\/\/schema.org\",\"@graph\":[{\"@type\":\"WebPage\",\"@id\":\"https:\/\/www.ull.es\/portal\/noticias\/2026\/la-ull-impulsa-cinco-experiencias-formativas-sobre-sostenibilidad-abiertas-a-su-estudiantado\/\",\"url\":\"https:\/\/www.ull.es\/portal\/noticias\/2026\/la-ull-impulsa-cinco-experiencias-formativas-sobre-sostenibilidad-abiertas-a-su-estudiantado\/\",\"name\":\"La ULL impulsa cinco experiencias formativas sobre sostenibilidad abiertas a su estudiantado - ULL - Noticias\",\"isPartOf\":{\"@id\":\"https:\/\/www.ull.es\/portal\/noticias\/#website\"},\"datePublished\":\"2026-04-28T07:40:32+00:00\",\"dateModified\":\"2026-04-28T07:40:32+00:00\",\"author\":{\"@id\":\"https:\/\/www.ull.es\/portal\/noticias\/#\/schema\/person\/b2b1a89d43ffa609e591f7df8ef3e817\"},\"breadcrumb\":{\"@id\":\"https:\/\/www.ull.es\/portal\/noticias\/2026\/la-ull-impulsa-cinco-experiencias-formativas-sobre-sostenibilidad-abiertas-a-su-estudiantado\/#breadcrumb\"},\"inLanguage\":\"es\",\"potentialAction\":[{\"@type\":\"ReadAction\",\"target\":[\"https:\/\/www.ull.es\/portal\/noticias\/2026\/la-ull-impulsa-cinco-experiencias-formativas-sobre-sostenibilidad-abiertas-a-su-estudiantado\/\"]}]},{\"@type\":\"BreadcrumbList\",\"@id\":\"https:\/\/www.ull.es\/portal\/noticias\/2026\/la-ull-impulsa-cinco-experiencias-formativas-sobre-sostenibilidad-abiertas-a-su-estudiantado\/#breadcrumb\",\"itemListElement\":[{\"@type\":\"ListItem\",\"position\":1,\"name\":\"Portada\",\"item\":\"https:\/\/www.ull.es\/portal\/noticias\/\"},{\"@type\":\"ListItem\",\"position\":2,\"name\":\"La ULL impulsa cinco experiencias formativas sobre sostenibilidad abiertas a su estudiantado\"}]},{\"@type\":\"WebSite\",\"@id\":\"https:\/\/www.ull.es\/portal\/noticias\/#website\",\"url\":\"https:\/\/www.ull.es\/portal\/noticias\/\",\"name\":\"ULL - Noticias\",\"description\":\"\",\"potentialAction\":[{\"@type\":\"SearchAction\",\"target\":{\"@type\":\"EntryPoint\",\"urlTemplate\":\"https:\/\/www.ull.es\/portal\/noticias\/?s={search_term_string}\"},\"query-input\":\"required name=search_term_string\"}],\"inLanguage\":\"es\"},{\"@type\":\"Person\",\"@id\":\"https:\/\/www.ull.es\/portal\/noticias\/#\/schema\/person\/b2b1a89d43ffa609e591f7df8ef3e817\",\"name\":\"gaprsa\",\"image\":{\"@type\":\"ImageObject\",\"inLanguage\":\"es\",\"@id\":\"https:\/\/www.ull.es\/portal\/noticias\/#\/schema\/person\/image\/\",\"url\":\"https:\/\/secure.gravatar.com\/avatar\/443820550921091458b4823867723b3d?s=96&d=mm&r=g\",\"contentUrl\":\"https:\/\/secure.gravatar.com\/avatar\/443820550921091458b4823867723b3d?s=96&d=mm&r=g\",\"caption\":\"gaprsa\"},\"url\":\"https:\/\/www.ull.es\/portal\/noticias\/author\/gaprsa\/\"}]}<\/script>\n<!-- \/ Yoast SEO plugin. -->","yoast_head_json":{"title":"La ULL impulsa cinco experiencias formativas sobre sostenibilidad abiertas a su estudiantado - ULL - Noticias","robots":{"index":"index","follow":"follow","max-snippet":"max-snippet:-1","max-image-preview":"max-image-preview:large","max-video-preview":"max-video-preview:-1"},"canonical":"https:\/\/www.ull.es\/portal\/noticias\/2026\/la-ull-impulsa-cinco-experiencias-formativas-sobre-sostenibilidad-abiertas-a-su-estudiantado\/","og_locale":"es_ES","og_type":"article","og_title":"La ULL impulsa cinco experiencias formativas sobre sostenibilidad abiertas a su estudiantado - ULL - Noticias","og_description":"La Universidad de La Laguna ha puesto en marcha cinco experiencias formativas y participativas dirigidas a su estudiantado en el...","og_url":"https:\/\/www.ull.es\/portal\/noticias\/2026\/la-ull-impulsa-cinco-experiencias-formativas-sobre-sostenibilidad-abiertas-a-su-estudiantado\/","og_site_name":"ULL - Noticias","article_publisher":"https:\/\/www.facebook.com\/universidaddelalaguna\/","article_published_time":"2026-04-28T07:40:32+00:00","og_image":[{"width":1422,"height":800,"url":"https:\/\/www.ull.es\/portal\/noticias\/wp-content\/uploads\/sites\/13\/2026\/04\/Experiencia-EDS-ULL.jpg","type":"image\/jpeg"}],"author":"gaprsa","twitter_card":"summary_large_image","twitter_creator":"@CanalULL","twitter_site":"@CanalULL","twitter_misc":{"Escrito por":"gaprsa","Tiempo de lectura":"4 minutos"},"schema":{"@context":"https:\/\/schema.org","@graph":[{"@type":"WebPage","@id":"https:\/\/www.ull.es\/portal\/noticias\/2026\/la-ull-impulsa-cinco-experiencias-formativas-sobre-sostenibilidad-abiertas-a-su-estudiantado\/","url":"https:\/\/www.ull.es\/portal\/noticias\/2026\/la-ull-impulsa-cinco-experiencias-formativas-sobre-sostenibilidad-abiertas-a-su-estudiantado\/","name":"La ULL impulsa cinco experiencias formativas sobre sostenibilidad abiertas a su estudiantado - ULL - Noticias","isPartOf":{"@id":"https:\/\/www.ull.es\/portal\/noticias\/#website"},"datePublished":"2026-04-28T07:40:32+00:00","dateModified":"2026-04-28T07:40:32+00:00","author":{"@id":"https:\/\/www.ull.es\/portal\/noticias\/#\/schema\/person\/b2b1a89d43ffa609e591f7df8ef3e817"},"breadcrumb":{"@id":"https:\/\/www.ull.es\/portal\/noticias\/2026\/la-ull-impulsa-cinco-experiencias-formativas-sobre-sostenibilidad-abiertas-a-su-estudiantado\/#breadcrumb"},"inLanguage":"es","potentialAction":[{"@type":"ReadAction","target":["https:\/\/www.ull.es\/portal\/noticias\/2026\/la-ull-impulsa-cinco-experiencias-formativas-sobre-sostenibilidad-abiertas-a-su-estudiantado\/"]}]},{"@type":"BreadcrumbList","@id":"https:\/\/www.ull.es\/portal\/noticias\/2026\/la-ull-impulsa-cinco-experiencias-formativas-sobre-sostenibilidad-abiertas-a-su-estudiantado\/#breadcrumb","itemListElement":[{"@type":"ListItem","position":1,"name":"Portada","item":"https:\/\/www.ull.es\/portal\/noticias\/"},{"@type":"ListItem","position":2,"name":"La ULL impulsa cinco experiencias formativas sobre sostenibilidad abiertas a su estudiantado"}]},{"@type":"WebSite","@id":"https:\/\/www.ull.es\/portal\/noticias\/#website","url":"https:\/\/www.ull.es\/portal\/noticias\/","name":"ULL - Noticias","description":"","potentialAction":[{"@type":"SearchAction","target":{"@type":"EntryPoint","urlTemplate":"https:\/\/www.ull.es\/portal\/noticias\/?s={search_term_string}"},"query-input":"required name=search_term_string"}],"inLanguage":"es"},{"@type":"Person","@id":"https:\/\/www.ull.es\/portal\/noticias\/#\/schema\/person\/b2b1a89d43ffa609e591f7df8ef3e817","name":"gaprsa","image":{"@type":"ImageObject","inLanguage":"es","@id":"https:\/\/www.ull.es\/portal\/noticias\/#\/schema\/person\/image\/","url":"https:\/\/secure.gravatar.com\/avatar\/443820550921091458b4823867723b3d?s=96&d=mm&r=g","contentUrl":"https:\/\/secure.gravatar.com\/avatar\/443820550921091458b4823867723b3d?s=96&d=mm&r=g","caption":"gaprsa"},"url":"https:\/\/www.ull.es\/portal\/noticias\/author\/gaprsa\/"}]}},"primary_category":{"id":345,"name":"Destacado","slug":"destacado","link":"https:\/\/www.ull.es\/portal\/noticias\/category\/destacado\/"},"featured_image_thumbnail_url":"https:\/\/www.ull.es\/portal\/noticias\/wp-content\/uploads\/sites\/13\/2026\/04\/Experiencia-EDS-ULL-300x169.jpg","_links":{"self":[{"href":"https:\/\/www.ull.es\/portal\/noticias\/wp-json\/wp\/v2\/posts\/88331"}],"collection":[{"href":"https:\/\/www.ull.es\/portal\/noticias\/wp-json\/wp\/v2\/posts"}],"about":[{"href":"https:\/\/www.ull.es\/portal\/noticias\/wp-json\/wp\/v2\/types\/post"}],"author":[{"embeddable":true,"href":"https:\/\/www.ull.es\/portal\/noticias\/wp-json\/wp\/v2\/users\/23"}],"replies":[{"embeddable":true,"href":"https:\/\/www.ull.es\/portal\/noticias\/wp-json\/wp\/v2\/comments?post=88331"}],"version-history":[{"count":1,"href":"https:\/\/www.ull.es\/portal\/noticias\/wp-json\/wp\/v2\/posts\/88331\/revisions"}],"predecessor-version":[{"id":88333,"href":"https:\/\/www.ull.es\/portal\/noticias\/wp-json\/wp\/v2\/posts\/88331\/revisions\/88333"}],"wp:featuredmedia":[{"embeddable":true,"href":"https:\/\/www.ull.es\/portal\/noticias\/wp-json\/wp\/v2\/media\/88332"}],"wp:attachment":[{"href":"https:\/\/www.ull.es\/portal\/noticias\/wp-json\/wp\/v2\/media?parent=88331"}],"wp:term":[{"taxonomy":"category","embeddable":true,"href":"https:\/\/www.ull.es\/portal\/noticias\/wp-json\/wp\/v2\/categories?post=88331"},{"taxonomy":"post_tag","embeddable":true,"href":"https:\/\/www.ull.es\/portal\/noticias\/wp-json\/wp\/v2\/tags?post=88331"}],"curies":[{"name":"wp","href":"https:\/\/api.w.org\/{rel}","templated":true}]}}