{"id":88334,"date":"2026-04-28T09:34:31","date_gmt":"2026-04-28T09:34:31","guid":{"rendered":"https:\/\/www.ull.es\/portal\/noticias\/?p=88334"},"modified":"2026-04-28T09:34:31","modified_gmt":"2026-04-28T09:34:31","slug":"la-ull-participa-en-un-estudio-nacional-sobre-la-percepcion-del-jabali-en-la-sociedad-espanola","status":"publish","type":"post","link":"https:\/\/www.ull.es\/portal\/noticias\/2026\/la-ull-participa-en-un-estudio-nacional-sobre-la-percepcion-del-jabali-en-la-sociedad-espanola\/","title":{"rendered":"La ULL participa en un estudio nacional sobre la percepci\u00f3n del jabal\u00ed en la sociedad espa\u00f1ola"},"content":{"rendered":"<p>Un equipo de investigaci\u00f3n multidisciplinar, con participaci\u00f3n de <a href=\"https:\/\/portalciencia.ull.es\/investigadores\/1301660\/detalle\" target=\"_blank\" rel=\"noopener\">Zebensui Morales-Reyes<\/a>, investigador del Departamento de Biolog\u00eda Animal, Edafolog\u00eda y Geolog\u00eda de la Universidad de La Laguna, ha publicado un estudio sobre c\u00f3mo las crecientes poblaciones de jabal\u00ed (<em>Sus scrofa<\/em>) son percibidas por la sociedad espa\u00f1ola.<\/p>\n<p>El trabajo, publicado en la revista <em><a href=\"https:\/\/doi.org\/10.1080\/26395916.2026.2624443\" target=\"_blank\" rel=\"noopener\">Ecosystems and People<\/a>,<\/em> es fruto de la colaboraci\u00f3n entre el Instituto de Estudios Sociales Avanzados del CSIC de C\u00f3rdoba, el Instituto de Ciencias Forestales (ICIFOR-INIA-CSIC) de Madrid y la Universidad de Almer\u00eda. El equipo recurri\u00f3 al conocimiento de 1.830 agentes forestales y medioambientales distribuidos por toda la Espa\u00f1a peninsular, cuyas respuestas cubrieron m\u00e1s de 5.000 municipios y el 76% del territorio peninsular.<\/p>\n<p>Una de las aportaciones m\u00e1s novedosas del estudio es haber recurrido a los agentes forestales y medioambientales como informadores clave, en lugar de encuestar directamente a los actores implicados. Estos funcionarios p\u00fablicos tienen gran conocimiento de la fauna silvestres y mantienen contacto diario con actores presentes en el medio natural como agricultores, ganaderos o cazadores, lo que los convierte en testigos privilegiados de las interacciones entre las especies animales y las personas.<\/p>\n<p>Este trabajo se centr\u00f3 en particular en el jabal\u00ed, una especie creciente en la mayor\u00eda de los ecosistemas. Los resultados fueron adem\u00e1s validados en 20 reuniones presenciales y telem\u00e1ticas con cerca de 500 agentes y t\u00e9cnicos de toda Espa\u00f1a, lo que refuerza la solidez y representatividad de la informaci\u00f3n presentada.<\/p>\n<p>El 79% de los agentes calific\u00f3 el impacto negativo del jabal\u00ed como importante o muy importante. Por el contrario, solo el 18% otorg\u00f3 esa valoraci\u00f3n a las contribuciones positivas del jabal\u00ed. Seg\u00fan los participantes en el estudio, el da\u00f1o a los cultivos encabeza los impactos negativos (81%), y los agricultores son se\u00f1alados como el colectivo m\u00e1s perjudicado. Significativamente, estos da\u00f1os se distribuyen de forma homog\u00e9nea por todas las zonas agr\u00edcolas, con independencia del contexto socioecon\u00f3mico.<\/p>\n<p>Los beneficios identificados, que solo aparecen de forma dispersa en algunos municipios, revierten casi en exclusiva sobre el sector cineg\u00e9tico a trav\u00e9s de la caza recreativa. Esta asimetr\u00eda puede ser una fuente de tensi\u00f3n estructural entre agricultores y cazadores, agravada porque en Espa\u00f1a los titulares de los cotos son legalmente responsables de los da\u00f1os causados por las especies cineg\u00e9ticas.<\/p>\n<p><strong>Una gesti\u00f3n que necesita reorientarse<\/strong><\/p>\n<p>El estudio sugiere que la caza recreativa, orientada a la captura de trofeos, no es suficiente para frenar el crecimiento poblacional. Los investigadores proponen reorientar la gesti\u00f3n hacia el control de las poblaciones y establecer plataformas intersectoriales formales que faciliten el di\u00e1logo entre todos los actores implicados o afectados por la especie, como v\u00eda para alcanzar estrategias eficaces y socialmente aceptadas.<\/p>\n<p>Este trabajo se enmarca en el proyecto TED2021-132034B-I00 (MCIN\/AEI \u00b7 NextGenerationEU\/PRTR) y contribuye al proyecto 3022S\/2023 OA de la Red de Parques Nacionales. La participaci\u00f3n de Zebensui Morales-Reyes ha sido posible gracias a un contrato posdoctoral de la Universidad de La Laguna, la Fundaci\u00f3n Bancaria \u00abla Caixa\u00bb y la Fundaci\u00f3n Bancaria CajaCanarias.<\/p>\n","protected":false},"excerpt":{"rendered":"<p>Un equipo de investigaci\u00f3n multidisciplinar, con participaci\u00f3n de Zebensui Morales-Reyes, investigador del Departamento de Biolog\u00eda Animal, Edafolog\u00eda y Geolog\u00eda de&#8230;<\/p>\n","protected":false},"author":23,"featured_media":88343,"comment_status":"closed","ping_status":"closed","sticky":false,"template":"","format":"standard","meta":{"inline_featured_image":false,"footnotes":""},"categories":[3156,345,350,2765],"tags":[],"acf":[],"yoast_head":"<!-- This site is optimized with the Yoast SEO plugin v21.3 - https:\/\/yoast.com\/wordpress\/plugins\/seo\/ -->\n<title>La ULL participa en un estudio nacional sobre la percepci\u00f3n del jabal\u00ed en la sociedad espa\u00f1ola - ULL - Noticias<\/title>\n<meta name=\"robots\" content=\"index, follow, max-snippet:-1, max-image-preview:large, max-video-preview:-1\" \/>\n<link rel=\"canonical\" href=\"https:\/\/www.ull.es\/portal\/noticias\/2026\/la-ull-participa-en-un-estudio-nacional-sobre-la-percepcion-del-jabali-en-la-sociedad-espanola\/\" \/>\n<meta property=\"og:locale\" content=\"es_ES\" \/>\n<meta property=\"og:type\" content=\"article\" \/>\n<meta property=\"og:title\" content=\"La ULL participa en un estudio nacional sobre la percepci\u00f3n del jabal\u00ed en la sociedad espa\u00f1ola - ULL - Noticias\" \/>\n<meta property=\"og:description\" content=\"Un equipo de investigaci\u00f3n multidisciplinar, con participaci\u00f3n de Zebensui Morales-Reyes, investigador del Departamento de Biolog\u00eda Animal, Edafolog\u00eda y Geolog\u00eda de...\" \/>\n<meta property=\"og:url\" content=\"https:\/\/www.ull.es\/portal\/noticias\/2026\/la-ull-participa-en-un-estudio-nacional-sobre-la-percepcion-del-jabali-en-la-sociedad-espanola\/\" \/>\n<meta property=\"og:site_name\" content=\"ULL - Noticias\" \/>\n<meta property=\"article:publisher\" content=\"https:\/\/www.facebook.com\/universidaddelalaguna\/\" \/>\n<meta property=\"article:published_time\" content=\"2026-04-28T09:34:31+00:00\" \/>\n<meta property=\"og:image\" content=\"https:\/\/www.ull.es\/portal\/noticias\/wp-content\/uploads\/sites\/13\/2026\/04\/Proyecto-nuevo-3.jpg\" \/>\n\t<meta property=\"og:image:width\" content=\"1200\" \/>\n\t<meta property=\"og:image:height\" content=\"800\" \/>\n\t<meta property=\"og:image:type\" content=\"image\/jpeg\" \/>\n<meta name=\"author\" content=\"gaprsa\" \/>\n<meta name=\"twitter:card\" content=\"summary_large_image\" \/>\n<meta name=\"twitter:creator\" content=\"@CanalULL\" \/>\n<meta name=\"twitter:site\" content=\"@CanalULL\" \/>\n<meta name=\"twitter:label1\" content=\"Escrito por\" \/>\n\t<meta name=\"twitter:data1\" content=\"gaprsa\" \/>\n\t<meta name=\"twitter:label2\" content=\"Tiempo de lectura\" \/>\n\t<meta name=\"twitter:data2\" content=\"3 minutos\" \/>\n<script type=\"application\/ld+json\" class=\"yoast-schema-graph\">{\"@context\":\"https:\/\/schema.org\",\"@graph\":[{\"@type\":\"WebPage\",\"@id\":\"https:\/\/www.ull.es\/portal\/noticias\/2026\/la-ull-participa-en-un-estudio-nacional-sobre-la-percepcion-del-jabali-en-la-sociedad-espanola\/\",\"url\":\"https:\/\/www.ull.es\/portal\/noticias\/2026\/la-ull-participa-en-un-estudio-nacional-sobre-la-percepcion-del-jabali-en-la-sociedad-espanola\/\",\"name\":\"La ULL participa en un estudio nacional sobre la percepci\u00f3n del jabal\u00ed en la sociedad espa\u00f1ola - ULL - Noticias\",\"isPartOf\":{\"@id\":\"https:\/\/www.ull.es\/portal\/noticias\/#website\"},\"datePublished\":\"2026-04-28T09:34:31+00:00\",\"dateModified\":\"2026-04-28T09:34:31+00:00\",\"author\":{\"@id\":\"https:\/\/www.ull.es\/portal\/noticias\/#\/schema\/person\/b2b1a89d43ffa609e591f7df8ef3e817\"},\"breadcrumb\":{\"@id\":\"https:\/\/www.ull.es\/portal\/noticias\/2026\/la-ull-participa-en-un-estudio-nacional-sobre-la-percepcion-del-jabali-en-la-sociedad-espanola\/#breadcrumb\"},\"inLanguage\":\"es\",\"potentialAction\":[{\"@type\":\"ReadAction\",\"target\":[\"https:\/\/www.ull.es\/portal\/noticias\/2026\/la-ull-participa-en-un-estudio-nacional-sobre-la-percepcion-del-jabali-en-la-sociedad-espanola\/\"]}]},{\"@type\":\"BreadcrumbList\",\"@id\":\"https:\/\/www.ull.es\/portal\/noticias\/2026\/la-ull-participa-en-un-estudio-nacional-sobre-la-percepcion-del-jabali-en-la-sociedad-espanola\/#breadcrumb\",\"itemListElement\":[{\"@type\":\"ListItem\",\"position\":1,\"name\":\"Portada\",\"item\":\"https:\/\/www.ull.es\/portal\/noticias\/\"},{\"@type\":\"ListItem\",\"position\":2,\"name\":\"La ULL participa en un estudio nacional sobre la percepci\u00f3n del jabal\u00ed en la sociedad espa\u00f1ola\"}]},{\"@type\":\"WebSite\",\"@id\":\"https:\/\/www.ull.es\/portal\/noticias\/#website\",\"url\":\"https:\/\/www.ull.es\/portal\/noticias\/\",\"name\":\"ULL - Noticias\",\"description\":\"\",\"potentialAction\":[{\"@type\":\"SearchAction\",\"target\":{\"@type\":\"EntryPoint\",\"urlTemplate\":\"https:\/\/www.ull.es\/portal\/noticias\/?s={search_term_string}\"},\"query-input\":\"required name=search_term_string\"}],\"inLanguage\":\"es\"},{\"@type\":\"Person\",\"@id\":\"https:\/\/www.ull.es\/portal\/noticias\/#\/schema\/person\/b2b1a89d43ffa609e591f7df8ef3e817\",\"name\":\"gaprsa\",\"image\":{\"@type\":\"ImageObject\",\"inLanguage\":\"es\",\"@id\":\"https:\/\/www.ull.es\/portal\/noticias\/#\/schema\/person\/image\/\",\"url\":\"https:\/\/secure.gravatar.com\/avatar\/443820550921091458b4823867723b3d?s=96&d=mm&r=g\",\"contentUrl\":\"https:\/\/secure.gravatar.com\/avatar\/443820550921091458b4823867723b3d?s=96&d=mm&r=g\",\"caption\":\"gaprsa\"},\"url\":\"https:\/\/www.ull.es\/portal\/noticias\/author\/gaprsa\/\"}]}<\/script>\n<!-- \/ Yoast SEO plugin. -->","yoast_head_json":{"title":"La ULL participa en un estudio nacional sobre la percepci\u00f3n del jabal\u00ed en la sociedad espa\u00f1ola - ULL - Noticias","robots":{"index":"index","follow":"follow","max-snippet":"max-snippet:-1","max-image-preview":"max-image-preview:large","max-video-preview":"max-video-preview:-1"},"canonical":"https:\/\/www.ull.es\/portal\/noticias\/2026\/la-ull-participa-en-un-estudio-nacional-sobre-la-percepcion-del-jabali-en-la-sociedad-espanola\/","og_locale":"es_ES","og_type":"article","og_title":"La ULL participa en un estudio nacional sobre la percepci\u00f3n del jabal\u00ed en la sociedad espa\u00f1ola - ULL - Noticias","og_description":"Un equipo de investigaci\u00f3n multidisciplinar, con participaci\u00f3n de Zebensui Morales-Reyes, investigador del Departamento de Biolog\u00eda Animal, Edafolog\u00eda y Geolog\u00eda de...","og_url":"https:\/\/www.ull.es\/portal\/noticias\/2026\/la-ull-participa-en-un-estudio-nacional-sobre-la-percepcion-del-jabali-en-la-sociedad-espanola\/","og_site_name":"ULL - Noticias","article_publisher":"https:\/\/www.facebook.com\/universidaddelalaguna\/","article_published_time":"2026-04-28T09:34:31+00:00","og_image":[{"width":1200,"height":800,"url":"https:\/\/www.ull.es\/portal\/noticias\/wp-content\/uploads\/sites\/13\/2026\/04\/Proyecto-nuevo-3.jpg","type":"image\/jpeg"}],"author":"gaprsa","twitter_card":"summary_large_image","twitter_creator":"@CanalULL","twitter_site":"@CanalULL","twitter_misc":{"Escrito por":"gaprsa","Tiempo de lectura":"3 minutos"},"schema":{"@context":"https:\/\/schema.org","@graph":[{"@type":"WebPage","@id":"https:\/\/www.ull.es\/portal\/noticias\/2026\/la-ull-participa-en-un-estudio-nacional-sobre-la-percepcion-del-jabali-en-la-sociedad-espanola\/","url":"https:\/\/www.ull.es\/portal\/noticias\/2026\/la-ull-participa-en-un-estudio-nacional-sobre-la-percepcion-del-jabali-en-la-sociedad-espanola\/","name":"La ULL participa en un estudio nacional sobre la percepci\u00f3n del jabal\u00ed en la sociedad espa\u00f1ola - ULL - Noticias","isPartOf":{"@id":"https:\/\/www.ull.es\/portal\/noticias\/#website"},"datePublished":"2026-04-28T09:34:31+00:00","dateModified":"2026-04-28T09:34:31+00:00","author":{"@id":"https:\/\/www.ull.es\/portal\/noticias\/#\/schema\/person\/b2b1a89d43ffa609e591f7df8ef3e817"},"breadcrumb":{"@id":"https:\/\/www.ull.es\/portal\/noticias\/2026\/la-ull-participa-en-un-estudio-nacional-sobre-la-percepcion-del-jabali-en-la-sociedad-espanola\/#breadcrumb"},"inLanguage":"es","potentialAction":[{"@type":"ReadAction","target":["https:\/\/www.ull.es\/portal\/noticias\/2026\/la-ull-participa-en-un-estudio-nacional-sobre-la-percepcion-del-jabali-en-la-sociedad-espanola\/"]}]},{"@type":"BreadcrumbList","@id":"https:\/\/www.ull.es\/portal\/noticias\/2026\/la-ull-participa-en-un-estudio-nacional-sobre-la-percepcion-del-jabali-en-la-sociedad-espanola\/#breadcrumb","itemListElement":[{"@type":"ListItem","position":1,"name":"Portada","item":"https:\/\/www.ull.es\/portal\/noticias\/"},{"@type":"ListItem","position":2,"name":"La ULL participa en un estudio nacional sobre la percepci\u00f3n del jabal\u00ed en la sociedad espa\u00f1ola"}]},{"@type":"WebSite","@id":"https:\/\/www.ull.es\/portal\/noticias\/#website","url":"https:\/\/www.ull.es\/portal\/noticias\/","name":"ULL - Noticias","description":"","potentialAction":[{"@type":"SearchAction","target":{"@type":"EntryPoint","urlTemplate":"https:\/\/www.ull.es\/portal\/noticias\/?s={search_term_string}"},"query-input":"required name=search_term_string"}],"inLanguage":"es"},{"@type":"Person","@id":"https:\/\/www.ull.es\/portal\/noticias\/#\/schema\/person\/b2b1a89d43ffa609e591f7df8ef3e817","name":"gaprsa","image":{"@type":"ImageObject","inLanguage":"es","@id":"https:\/\/www.ull.es\/portal\/noticias\/#\/schema\/person\/image\/","url":"https:\/\/secure.gravatar.com\/avatar\/443820550921091458b4823867723b3d?s=96&d=mm&r=g","contentUrl":"https:\/\/secure.gravatar.com\/avatar\/443820550921091458b4823867723b3d?s=96&d=mm&r=g","caption":"gaprsa"},"url":"https:\/\/www.ull.es\/portal\/noticias\/author\/gaprsa\/"}]}},"primary_category":{"id":345,"name":"Destacado","slug":"destacado","link":"https:\/\/www.ull.es\/portal\/noticias\/category\/destacado\/"},"featured_image_thumbnail_url":"https:\/\/www.ull.es\/portal\/noticias\/wp-content\/uploads\/sites\/13\/2026\/04\/Proyecto-nuevo-3-300x200.jpg","_links":{"self":[{"href":"https:\/\/www.ull.es\/portal\/noticias\/wp-json\/wp\/v2\/posts\/88334"}],"collection":[{"href":"https:\/\/www.ull.es\/portal\/noticias\/wp-json\/wp\/v2\/posts"}],"about":[{"href":"https:\/\/www.ull.es\/portal\/noticias\/wp-json\/wp\/v2\/types\/post"}],"author":[{"embeddable":true,"href":"https:\/\/www.ull.es\/portal\/noticias\/wp-json\/wp\/v2\/users\/23"}],"replies":[{"embeddable":true,"href":"https:\/\/www.ull.es\/portal\/noticias\/wp-json\/wp\/v2\/comments?post=88334"}],"version-history":[{"count":1,"href":"https:\/\/www.ull.es\/portal\/noticias\/wp-json\/wp\/v2\/posts\/88334\/revisions"}],"predecessor-version":[{"id":88335,"href":"https:\/\/www.ull.es\/portal\/noticias\/wp-json\/wp\/v2\/posts\/88334\/revisions\/88335"}],"wp:featuredmedia":[{"embeddable":true,"href":"https:\/\/www.ull.es\/portal\/noticias\/wp-json\/wp\/v2\/media\/88343"}],"wp:attachment":[{"href":"https:\/\/www.ull.es\/portal\/noticias\/wp-json\/wp\/v2\/media?parent=88334"}],"wp:term":[{"taxonomy":"category","embeddable":true,"href":"https:\/\/www.ull.es\/portal\/noticias\/wp-json\/wp\/v2\/categories?post=88334"},{"taxonomy":"post_tag","embeddable":true,"href":"https:\/\/www.ull.es\/portal\/noticias\/wp-json\/wp\/v2\/tags?post=88334"}],"curies":[{"name":"wp","href":"https:\/\/api.w.org\/{rel}","templated":true}]}}