{"id":88338,"date":"2026-04-28T09:08:20","date_gmt":"2026-04-28T09:08:20","guid":{"rendered":"https:\/\/www.ull.es\/portal\/noticias\/?p=88338"},"modified":"2026-04-28T09:31:54","modified_gmt":"2026-04-28T09:31:54","slug":"la-catedra-en-discapacidad-auditiva-y-accesibilidad-de-la-ull-promove-la-convivencia-la-participacion-activa-y-el-intercambio-de-experiencias-en-un-entorno-accesible-e-inclusivo","status":"publish","type":"post","link":"https:\/\/www.ull.es\/portal\/noticias\/2026\/la-catedra-en-discapacidad-auditiva-y-accesibilidad-de-la-ull-promove-la-convivencia-la-participacion-activa-y-el-intercambio-de-experiencias-en-un-entorno-accesible-e-inclusivo\/","title":{"rendered":"La C\u00e1tedra en Discapacidad Auditiva de la ULL promove la convivencia y el intercambio de experiencias en un entorno accesible e inclusivo"},"content":{"rendered":"<p style=\"font-weight: 400;\">La C\u00e1tedra Institucional de Investigaci\u00f3n e Innovaci\u00f3n en Discapacidad Auditiva y Accesibilidad de la ULL organiz\u00f3 la Jornada de Convivencia dirigida a Personas Adultas Sordociegas de Canarias, celebrado en La Orotava (Tenerife). Este evento, financiado por la Consejer\u00eda de Acci\u00f3n Social del Cabildo de Tenerife y realizado en colaboraci\u00f3n con ASOCIDE Canarias, tuvo lugar el 25 de abril en el \u00e1rea recreativa de La Caldera, reuniendo a un total de 72 participantes, entre personas sordociegas, familiares y personal de apoyo. La jornada estuvo orientada a promover la convivencia, la participaci\u00f3n activa y el intercambio de experiencias en un entorno accesible e inclusivo.<\/p>\n<p style=\"font-weight: 400;\">Las actividades desarrolladas durante el evento fueron dise\u00f1adas y dinamizadas por alumnado de los ciclos formativos de Grado Superior en Mediaci\u00f3n Comunicativa y de Integraci\u00f3n Social del IES La Laboral. Asimismo, el encuentro cont\u00f3 con la colaboraci\u00f3n del voluntariado de ASOCIDE, cuyo papel fue clave en el acompa\u00f1amiento y apoyo a las personas sordociegas participantes, garantizando su plena participaci\u00f3n en todas las actividades programadas. En esta labor tambi\u00e9n particip\u00f3 alumnado del CIFP Los Gladiolos de Mediaci\u00f3n Comunicativa, reforzando el dispositivo de apoyo y contribuyendo al desarrollo inclusivo de la jornada.<\/p>\n<p style=\"font-weight: 400;\">Este tipo de iniciativas refuerzan el compromiso de las instituciones implicadas con la inclusi\u00f3n social, la accesibilidad universal y la mejora de la calidad de vida de las personas con discapacidad sensorial en Canarias. Asimismo, desde la C\u00e1tedra de la ULL se aboga por la transferencia del conocimiento a la sociedad, impulsando acciones que generen un impacto real y positivo en la ciudadan\u00eda.<\/p>\n","protected":false},"excerpt":{"rendered":"<p>La C\u00e1tedra Institucional de Investigaci\u00f3n e Innovaci\u00f3n en Discapacidad Auditiva y Accesibilidad de la ULL organiz\u00f3 la Jornada de Convivencia&#8230;<\/p>\n","protected":false},"author":117,"featured_media":88339,"comment_status":"closed","ping_status":"closed","sticky":false,"template":"","format":"standard","meta":{"inline_featured_image":false,"footnotes":""},"categories":[11465],"tags":[],"acf":[],"yoast_head":"<!-- This site is optimized with the Yoast SEO plugin v21.3 - https:\/\/yoast.com\/wordpress\/plugins\/seo\/ -->\n<title>La C\u00e1tedra en Discapacidad Auditiva de la ULL promove la convivencia y el intercambio de experiencias en un entorno accesible e inclusivo - ULL - Noticias<\/title>\n<meta name=\"robots\" content=\"index, follow, max-snippet:-1, max-image-preview:large, max-video-preview:-1\" \/>\n<link rel=\"canonical\" href=\"https:\/\/www.ull.es\/portal\/noticias\/2026\/la-catedra-en-discapacidad-auditiva-y-accesibilidad-de-la-ull-promove-la-convivencia-la-participacion-activa-y-el-intercambio-de-experiencias-en-un-entorno-accesible-e-inclusivo\/\" \/>\n<meta property=\"og:locale\" content=\"es_ES\" \/>\n<meta property=\"og:type\" content=\"article\" \/>\n<meta property=\"og:title\" content=\"La C\u00e1tedra en Discapacidad Auditiva de la ULL promove la convivencia y el intercambio de experiencias en un entorno accesible e inclusivo - ULL - Noticias\" \/>\n<meta property=\"og:description\" content=\"La C\u00e1tedra Institucional de Investigaci\u00f3n e Innovaci\u00f3n en Discapacidad Auditiva y Accesibilidad de la ULL organiz\u00f3 la Jornada de Convivencia...\" \/>\n<meta property=\"og:url\" content=\"https:\/\/www.ull.es\/portal\/noticias\/2026\/la-catedra-en-discapacidad-auditiva-y-accesibilidad-de-la-ull-promove-la-convivencia-la-participacion-activa-y-el-intercambio-de-experiencias-en-un-entorno-accesible-e-inclusivo\/\" \/>\n<meta property=\"og:site_name\" content=\"ULL - Noticias\" \/>\n<meta property=\"article:publisher\" content=\"https:\/\/www.facebook.com\/universidaddelalaguna\/\" \/>\n<meta property=\"article:published_time\" content=\"2026-04-28T09:08:20+00:00\" \/>\n<meta property=\"article:modified_time\" content=\"2026-04-28T09:31:54+00:00\" \/>\n<meta property=\"og:image\" content=\"https:\/\/www.ull.es\/portal\/noticias\/wp-content\/uploads\/sites\/13\/2026\/04\/54f661ac-f6bd-429b-83ec-75b8ee698d54.jpg\" \/>\n\t<meta property=\"og:image:width\" content=\"900\" \/>\n\t<meta property=\"og:image:height\" content=\"600\" \/>\n\t<meta property=\"og:image:type\" content=\"image\/jpeg\" \/>\n<meta name=\"author\" content=\"fgmgarciap\" \/>\n<meta name=\"twitter:card\" content=\"summary_large_image\" \/>\n<meta name=\"twitter:creator\" content=\"@CanalULL\" \/>\n<meta name=\"twitter:site\" content=\"@CanalULL\" \/>\n<meta name=\"twitter:label1\" content=\"Escrito por\" \/>\n\t<meta name=\"twitter:data1\" content=\"fgmgarciap\" \/>\n\t<meta name=\"twitter:label2\" content=\"Tiempo de lectura\" \/>\n\t<meta name=\"twitter:data2\" content=\"2 minutos\" \/>\n<script type=\"application\/ld+json\" class=\"yoast-schema-graph\">{\"@context\":\"https:\/\/schema.org\",\"@graph\":[{\"@type\":\"WebPage\",\"@id\":\"https:\/\/www.ull.es\/portal\/noticias\/2026\/la-catedra-en-discapacidad-auditiva-y-accesibilidad-de-la-ull-promove-la-convivencia-la-participacion-activa-y-el-intercambio-de-experiencias-en-un-entorno-accesible-e-inclusivo\/\",\"url\":\"https:\/\/www.ull.es\/portal\/noticias\/2026\/la-catedra-en-discapacidad-auditiva-y-accesibilidad-de-la-ull-promove-la-convivencia-la-participacion-activa-y-el-intercambio-de-experiencias-en-un-entorno-accesible-e-inclusivo\/\",\"name\":\"La C\u00e1tedra en Discapacidad Auditiva de la ULL promove la convivencia y el intercambio de experiencias en un entorno accesible e inclusivo - ULL - Noticias\",\"isPartOf\":{\"@id\":\"https:\/\/www.ull.es\/portal\/noticias\/#website\"},\"datePublished\":\"2026-04-28T09:08:20+00:00\",\"dateModified\":\"2026-04-28T09:31:54+00:00\",\"author\":{\"@id\":\"https:\/\/www.ull.es\/portal\/noticias\/#\/schema\/person\/846d89d17f66084807e31cc493c050df\"},\"breadcrumb\":{\"@id\":\"https:\/\/www.ull.es\/portal\/noticias\/2026\/la-catedra-en-discapacidad-auditiva-y-accesibilidad-de-la-ull-promove-la-convivencia-la-participacion-activa-y-el-intercambio-de-experiencias-en-un-entorno-accesible-e-inclusivo\/#breadcrumb\"},\"inLanguage\":\"es\",\"potentialAction\":[{\"@type\":\"ReadAction\",\"target\":[\"https:\/\/www.ull.es\/portal\/noticias\/2026\/la-catedra-en-discapacidad-auditiva-y-accesibilidad-de-la-ull-promove-la-convivencia-la-participacion-activa-y-el-intercambio-de-experiencias-en-un-entorno-accesible-e-inclusivo\/\"]}]},{\"@type\":\"BreadcrumbList\",\"@id\":\"https:\/\/www.ull.es\/portal\/noticias\/2026\/la-catedra-en-discapacidad-auditiva-y-accesibilidad-de-la-ull-promove-la-convivencia-la-participacion-activa-y-el-intercambio-de-experiencias-en-un-entorno-accesible-e-inclusivo\/#breadcrumb\",\"itemListElement\":[{\"@type\":\"ListItem\",\"position\":1,\"name\":\"Portada\",\"item\":\"https:\/\/www.ull.es\/portal\/noticias\/\"},{\"@type\":\"ListItem\",\"position\":2,\"name\":\"La C\u00e1tedra en Discapacidad Auditiva de la ULL promove la convivencia y el intercambio de experiencias en un entorno accesible e inclusivo\"}]},{\"@type\":\"WebSite\",\"@id\":\"https:\/\/www.ull.es\/portal\/noticias\/#website\",\"url\":\"https:\/\/www.ull.es\/portal\/noticias\/\",\"name\":\"ULL - Noticias\",\"description\":\"\",\"potentialAction\":[{\"@type\":\"SearchAction\",\"target\":{\"@type\":\"EntryPoint\",\"urlTemplate\":\"https:\/\/www.ull.es\/portal\/noticias\/?s={search_term_string}\"},\"query-input\":\"required name=search_term_string\"}],\"inLanguage\":\"es\"},{\"@type\":\"Person\",\"@id\":\"https:\/\/www.ull.es\/portal\/noticias\/#\/schema\/person\/846d89d17f66084807e31cc493c050df\",\"name\":\"fgmgarciap\",\"image\":{\"@type\":\"ImageObject\",\"inLanguage\":\"es\",\"@id\":\"https:\/\/www.ull.es\/portal\/noticias\/#\/schema\/person\/image\/\",\"url\":\"https:\/\/secure.gravatar.com\/avatar\/9bca052f95fc53ecf42d4bc70ce0618b?s=96&d=mm&r=g\",\"contentUrl\":\"https:\/\/secure.gravatar.com\/avatar\/9bca052f95fc53ecf42d4bc70ce0618b?s=96&d=mm&r=g\",\"caption\":\"fgmgarciap\"},\"url\":\"https:\/\/www.ull.es\/portal\/noticias\/author\/fgmgarciap\/\"}]}<\/script>\n<!-- \/ Yoast SEO plugin. -->","yoast_head_json":{"title":"La C\u00e1tedra en Discapacidad Auditiva de la ULL promove la convivencia y el intercambio de experiencias en un entorno accesible e inclusivo - ULL - Noticias","robots":{"index":"index","follow":"follow","max-snippet":"max-snippet:-1","max-image-preview":"max-image-preview:large","max-video-preview":"max-video-preview:-1"},"canonical":"https:\/\/www.ull.es\/portal\/noticias\/2026\/la-catedra-en-discapacidad-auditiva-y-accesibilidad-de-la-ull-promove-la-convivencia-la-participacion-activa-y-el-intercambio-de-experiencias-en-un-entorno-accesible-e-inclusivo\/","og_locale":"es_ES","og_type":"article","og_title":"La C\u00e1tedra en Discapacidad Auditiva de la ULL promove la convivencia y el intercambio de experiencias en un entorno accesible e inclusivo - ULL - Noticias","og_description":"La C\u00e1tedra Institucional de Investigaci\u00f3n e Innovaci\u00f3n en Discapacidad Auditiva y Accesibilidad de la ULL organiz\u00f3 la Jornada de Convivencia...","og_url":"https:\/\/www.ull.es\/portal\/noticias\/2026\/la-catedra-en-discapacidad-auditiva-y-accesibilidad-de-la-ull-promove-la-convivencia-la-participacion-activa-y-el-intercambio-de-experiencias-en-un-entorno-accesible-e-inclusivo\/","og_site_name":"ULL - Noticias","article_publisher":"https:\/\/www.facebook.com\/universidaddelalaguna\/","article_published_time":"2026-04-28T09:08:20+00:00","article_modified_time":"2026-04-28T09:31:54+00:00","og_image":[{"width":900,"height":600,"url":"https:\/\/www.ull.es\/portal\/noticias\/wp-content\/uploads\/sites\/13\/2026\/04\/54f661ac-f6bd-429b-83ec-75b8ee698d54.jpg","type":"image\/jpeg"}],"author":"fgmgarciap","twitter_card":"summary_large_image","twitter_creator":"@CanalULL","twitter_site":"@CanalULL","twitter_misc":{"Escrito por":"fgmgarciap","Tiempo de lectura":"2 minutos"},"schema":{"@context":"https:\/\/schema.org","@graph":[{"@type":"WebPage","@id":"https:\/\/www.ull.es\/portal\/noticias\/2026\/la-catedra-en-discapacidad-auditiva-y-accesibilidad-de-la-ull-promove-la-convivencia-la-participacion-activa-y-el-intercambio-de-experiencias-en-un-entorno-accesible-e-inclusivo\/","url":"https:\/\/www.ull.es\/portal\/noticias\/2026\/la-catedra-en-discapacidad-auditiva-y-accesibilidad-de-la-ull-promove-la-convivencia-la-participacion-activa-y-el-intercambio-de-experiencias-en-un-entorno-accesible-e-inclusivo\/","name":"La C\u00e1tedra en Discapacidad Auditiva de la ULL promove la convivencia y el intercambio de experiencias en un entorno accesible e inclusivo - ULL - Noticias","isPartOf":{"@id":"https:\/\/www.ull.es\/portal\/noticias\/#website"},"datePublished":"2026-04-28T09:08:20+00:00","dateModified":"2026-04-28T09:31:54+00:00","author":{"@id":"https:\/\/www.ull.es\/portal\/noticias\/#\/schema\/person\/846d89d17f66084807e31cc493c050df"},"breadcrumb":{"@id":"https:\/\/www.ull.es\/portal\/noticias\/2026\/la-catedra-en-discapacidad-auditiva-y-accesibilidad-de-la-ull-promove-la-convivencia-la-participacion-activa-y-el-intercambio-de-experiencias-en-un-entorno-accesible-e-inclusivo\/#breadcrumb"},"inLanguage":"es","potentialAction":[{"@type":"ReadAction","target":["https:\/\/www.ull.es\/portal\/noticias\/2026\/la-catedra-en-discapacidad-auditiva-y-accesibilidad-de-la-ull-promove-la-convivencia-la-participacion-activa-y-el-intercambio-de-experiencias-en-un-entorno-accesible-e-inclusivo\/"]}]},{"@type":"BreadcrumbList","@id":"https:\/\/www.ull.es\/portal\/noticias\/2026\/la-catedra-en-discapacidad-auditiva-y-accesibilidad-de-la-ull-promove-la-convivencia-la-participacion-activa-y-el-intercambio-de-experiencias-en-un-entorno-accesible-e-inclusivo\/#breadcrumb","itemListElement":[{"@type":"ListItem","position":1,"name":"Portada","item":"https:\/\/www.ull.es\/portal\/noticias\/"},{"@type":"ListItem","position":2,"name":"La C\u00e1tedra en Discapacidad Auditiva de la ULL promove la convivencia y el intercambio de experiencias en un entorno accesible e inclusivo"}]},{"@type":"WebSite","@id":"https:\/\/www.ull.es\/portal\/noticias\/#website","url":"https:\/\/www.ull.es\/portal\/noticias\/","name":"ULL - Noticias","description":"","potentialAction":[{"@type":"SearchAction","target":{"@type":"EntryPoint","urlTemplate":"https:\/\/www.ull.es\/portal\/noticias\/?s={search_term_string}"},"query-input":"required name=search_term_string"}],"inLanguage":"es"},{"@type":"Person","@id":"https:\/\/www.ull.es\/portal\/noticias\/#\/schema\/person\/846d89d17f66084807e31cc493c050df","name":"fgmgarciap","image":{"@type":"ImageObject","inLanguage":"es","@id":"https:\/\/www.ull.es\/portal\/noticias\/#\/schema\/person\/image\/","url":"https:\/\/secure.gravatar.com\/avatar\/9bca052f95fc53ecf42d4bc70ce0618b?s=96&d=mm&r=g","contentUrl":"https:\/\/secure.gravatar.com\/avatar\/9bca052f95fc53ecf42d4bc70ce0618b?s=96&d=mm&r=g","caption":"fgmgarciap"},"url":"https:\/\/www.ull.es\/portal\/noticias\/author\/fgmgarciap\/"}]}},"primary_category":{"id":11465,"name":"C\u00e1tedra discapacidad auditiva","slug":"catedra-discapacidad-auditiva","link":"https:\/\/www.ull.es\/portal\/noticias\/category\/catedras-institucionales-y-de-empresa\/catedra-discapacidad-auditiva\/"},"featured_image_thumbnail_url":"https:\/\/www.ull.es\/portal\/noticias\/wp-content\/uploads\/sites\/13\/2026\/04\/54f661ac-f6bd-429b-83ec-75b8ee698d54-300x200.jpg","_links":{"self":[{"href":"https:\/\/www.ull.es\/portal\/noticias\/wp-json\/wp\/v2\/posts\/88338"}],"collection":[{"href":"https:\/\/www.ull.es\/portal\/noticias\/wp-json\/wp\/v2\/posts"}],"about":[{"href":"https:\/\/www.ull.es\/portal\/noticias\/wp-json\/wp\/v2\/types\/post"}],"author":[{"embeddable":true,"href":"https:\/\/www.ull.es\/portal\/noticias\/wp-json\/wp\/v2\/users\/117"}],"replies":[{"embeddable":true,"href":"https:\/\/www.ull.es\/portal\/noticias\/wp-json\/wp\/v2\/comments?post=88338"}],"version-history":[{"count":3,"href":"https:\/\/www.ull.es\/portal\/noticias\/wp-json\/wp\/v2\/posts\/88338\/revisions"}],"predecessor-version":[{"id":88342,"href":"https:\/\/www.ull.es\/portal\/noticias\/wp-json\/wp\/v2\/posts\/88338\/revisions\/88342"}],"wp:featuredmedia":[{"embeddable":true,"href":"https:\/\/www.ull.es\/portal\/noticias\/wp-json\/wp\/v2\/media\/88339"}],"wp:attachment":[{"href":"https:\/\/www.ull.es\/portal\/noticias\/wp-json\/wp\/v2\/media?parent=88338"}],"wp:term":[{"taxonomy":"category","embeddable":true,"href":"https:\/\/www.ull.es\/portal\/noticias\/wp-json\/wp\/v2\/categories?post=88338"},{"taxonomy":"post_tag","embeddable":true,"href":"https:\/\/www.ull.es\/portal\/noticias\/wp-json\/wp\/v2\/tags?post=88338"}],"curies":[{"name":"wp","href":"https:\/\/api.w.org\/{rel}","templated":true}]}}